





{"id":62321,"date":"2022-01-14T17:09:19","date_gmt":"2022-01-14T16:09:19","guid":{"rendered":"https:\/\/centcols.org\/backup\/?p=62321"},"modified":"2023-12-17T07:59:58","modified_gmt":"2023-12-17T06:59:58","slug":"alpes-du-sud-collet-dancelle-samedi-27-aout","status":"publish","type":"post","link":"https:\/\/centcols.org\/backup\/alpes-du-sud-collet-dancelle-samedi-27-aout\/","title":{"rendered":"Alpes du Sud, Collet d&#8217;Ancelle, samedi 27 ao\u00fbt 2022"},"content":{"rendered":"\n<figure class=\"wp-block-image size-large\"><img loading=\"lazy\" decoding=\"async\" width=\"640\" height=\"480\" src=\"https:\/\/centcols.org\/backup\/wp-content\/uploads\/2022\/01\/collet-dancelle-2.jpg\" alt=\"\" class=\"wp-image-62322\" srcset=\"https:\/\/centcols.org\/backup\/wp-content\/uploads\/2022\/01\/collet-dancelle-2.jpg 640w, https:\/\/centcols.org\/backup\/wp-content\/uploads\/2022\/01\/collet-dancelle-2-500x375.jpg 500w, https:\/\/centcols.org\/backup\/wp-content\/uploads\/2022\/01\/collet-dancelle-2-600x450.jpg 600w\" sizes=\"(max-width: 640px) 100vw, 640px\" \/><\/figure>\n\n\n\n<p>Le rassemblement 2022 dans les Hautes-Alpes (alpes du sud) aura lieu au Collet d&#8217;Ancelle (FR-05-1425), \u00e0 proximit\u00e9 de GAP, le samedi 27 ao\u00fbt 2022. Comme d&#8217;habitude, RDV \u00e0 partir de 11h30 pour les diff\u00e9rentes interventions, puis pic-nique partag\u00e9 avec fourniture du pain, fromage et boissons. RDV coupl\u00e9 avec le rassemblement annuel des cyclotouristes des Hautes-Alpes.<br><br><\/p>\n\n\n\n\n\n\t\t\t\t<div id=\"map_ol3js_1\" class=\"map undefined\" data-map_name=\"undefined\" data-map=\"map_ol3js_1\" style=\"width:95%; max-width:100%; height:450px; display:block; overflow:hidden;border:thin solid blue; background-image: url(https:\/\/centcols.org\/backup\/wp-content\/plugins\/osm\/GDPR_bckgrnd.png); background-repeat: no-repeat; background-position: center; position: relative;\" >\n\t\t\t\t  <div id=\"map_ol3js_1_popup\" class=\"ol-popup\" >\n\t\t\t\t\t<a href=\"#\" id=\"map_ol3js_1_popup-closer\" class=\"ol-popup-closer\"><\/a>\n\t\t\t\t\t<div id=\"map_ol3js_1_popup-content\" ><\/div>\n\t\t\t\t  <\/div>\n\t\t\t\t<\/div>\n\t\t\t\n\t\t\t\t<link rel=\"stylesheet\" href=\"https:\/\/centcols.org\/backup\/wp-content\/plugins\/osm\/js\/OL\/7.1.0\/ol.css?ver=7.1.0\" type=\"text\/css\">\n\t\t\t\t<link rel=\"stylesheet\" href=\"https:\/\/centcols.org\/backup\/wp-content\/plugins\/osm\/css\/osm_map_v3.css?ver=1.0.0\" type=\"text\/css\">\n\t\t\t\t<link rel=\"stylesheet\" href=\"https:\/\/centcols.org\/backup\/wp-content\/plugins\/osm\/css\/osm_map.css?ver=1.0.0\" type=\"text\/css\">\n\t\t\t\t<!-- The line below is only needed for old environments like Internet Explorer and Android 4.x -->\n                                <script src=\"https:\/\/centcols.org\/backup\/wp-content\/plugins\/osm\/js\/polyfill\/v2\/polyfill.min.js?features=requestAnimationFrame,Element.prototype.classList,URL\"><\/script>\n\n\t\t\t\t<script src=\"https:\/\/centcols.org\/backup\/wp-content\/plugins\/osm\/js\/OL\/7.1.0\/ol.js?ver=7.1.0\" type=\"text\/javascript\"><\/script>\n\t\t\t\t<script src=\"https:\/\/centcols.org\/backup\/wp-content\/plugins\/osm\/js\/osm-v3-plugin-lib.js?ver=1.0.0\" type=\"text\/javascript\"><\/script>\n\t\t\t\t<script src=\"https:\/\/centcols.org\/backup\/wp-content\/plugins\/osm\/js\/osm-metabox-events.js?ver=1.0.0\" type=\"text\/javascript\"><\/script>\n\t\t\t\t<script src=\"https:\/\/centcols.org\/backup\/wp-content\/plugins\/osm\/js\/osm-startup-lib.js\" type=\"text\/javascript\"><\/script>\n\t\t\t\t<script type=\"text\/javascript\">\n\t\t\t\t\ttranslations['openlayer'] = \"open layer\";\n\t\t\t\t\ttranslations['openlayerAtStartup'] = \"open layer at startup\";\n\t\t\t\t\ttranslations['generateLink'] = \"link to this map with opened layers\";\n\t\t\t\t\ttranslations['shortDescription'] = \"short description\";\n\t\t\t\t\ttranslations['generatedShortCode'] = \"to get a text control link paste this code in your wordpress editor\";\n\t\t\t\t\ttranslations['closeLayer'] = \"close layer\";\n\t\t\t\t\ttranslations['cantGenerateLink'] = \"put this string in the existing map short code to control this map\";\n\t\t\t  <\/script>\n\n\n\t\t\t  <script type=\"text\/javascript\">\n\t\t\t  vectorM['map_ol3js_1'] = [];\n\t        \n        var raster = getTileLayer(\"osm\",\"NoKey\");\t\t\t\n\n\t\t\t  var map_ol3js_1 = new ol.Map({\n\t\t\t\tinteractions: ol.interaction.defaults.defaults({mouseWheelZoom:false}),\n\t\t\t\tlayers: [raster],\n\t\t\t\ttarget: \"map_ol3js_1\",\n\t\t\t\tview: new ol.View({\n\t\t\t\t  center: ol.proj.transform([6.1706,44.6063], \"EPSG:4326\", \"EPSG:3857\"),\n\t\t\t\t  zoom: 13.0\n\t\t\t\t})\n\t\t\t  });\n\t\t\t  osm_addMarkerLayer(map_ol3js_1,6.1745,44.6054,\"https:\/\/centcols.org\/backup\/wp-content\/plugins\/osm\/icons\/mic_blue_cycling_01.png\",-16,-41,\"<p><\/p>\") ; \naddControls2Map(map_ol3js_1,1,1,3,1,5,6,7,1,1);\nosm_addPopupClickhandler(map_ol3js_1,  \"map_ol3js_1\"); \nosm_addMouseHover(map_ol3js_1); <\/script>\n\n\n\n<p>Organisateur, Marie-Fran\u00e7oise NARJOUX,  Pr\u00e9sidente du CC GAP.<\/p>\n\n\n\n<h3 class=\"wp-block-heading\">Contact<\/h3>\n\n\n\n<p>Bernard Henry<br>+33 4 92 44 09 02\u00a0 &#8211;\u00a0 +33 6 08 74 29 59<br><a href=\"\/D:\/100%20Cols\/Concentrations%20r%C3%A9gionales\/2021\/bernard.henry05@orange.fr\"><a href=\"&#109;&#97;i&#108;&#116;&#111;:b&#101;&#114;&#110;&#97;&#114;&#100;.&#104;&#101;n&#114;y&#48;&#53;&#64;orang&#101;&#46;fr\">&#98;er&#110;&#97;&#114;d.&#104;en&#114;&#121;&#48;5&#64;&#111;r&#97;nge.fr<\/a><\/a><\/p>\n\n\n\n<p>Compte rendu : <a href=\"https:\/\/centcols.org\/backup\/wp-content\/uploads\/2022\/12\/Rencontre-regionale-Alpes-du-sud.pdf\">Rencontre r\u00e9gionale Alpes du sud.docx (centcols.net)<\/a><\/p>\n","protected":false},"excerpt":{"rendered":"<p>Le rassemblement 2022 dans les Hautes-Alpes (alpes du sud) aura lieu au Collet d&#8217;Ancelle (FR-05-1425), \u00e0 proximit\u00e9 de GAP, le samedi 27 ao\u00fbt 2022. Comme d&#8217;habitude, RDV \u00e0 partir de 11h30 pour les diff\u00e9rentes interventions, puis pic-nique partag\u00e9 avec fourniture du pain, fromage et boissons. RDV coupl\u00e9 avec le rassemblement annuel des cyclotouristes des Hautes-Alpes. [&hellip;]<\/p>\n","protected":false},"author":69,"featured_media":0,"comment_status":"closed","ping_status":"closed","sticky":false,"template":"","format":"standard","meta":{"_acf_changed":false,"ub_ctt_via":"","_monsterinsights_skip_tracking":false,"_monsterinsights_sitenote_active":false,"_monsterinsights_sitenote_note":"","_monsterinsights_sitenote_category":0,"footnotes":""},"categories":[526,7],"tags":[],"acf":[],"featured_image_urls":{"full":"","thumbnail":"","medium":"","medium_large":"","large":"","1536x1536":"","2048x2048":"","woocommerce_thumbnail":"","woocommerce_single":"","woocommerce_gallery_thumbnail":""},"post_excerpt_stackable":"<p>Le rassemblement 2022 dans les Hautes-Alpes (alpes du sud) aura lieu au Collet d&#8217;Ancelle (FR-05-1425), \u00e0 proximit\u00e9 de GAP, le samedi 27 ao\u00fbt 2022. Comme d&#8217;habitude, RDV \u00e0 partir de 11h30 pour les diff\u00e9rentes interventions, puis pic-nique partag\u00e9 avec fourniture du pain, fromage et boissons. RDV coupl\u00e9 avec le rassemblement annuel des cyclotouristes des Hautes-Alpes. Organisateur, Marie-Fran\u00e7oise NARJOUX, Pr\u00e9sidente du CC GAP. Contact Bernard Henry+33 4 92 44 09 02\u00a0 &#8211;\u00a0 +33 6 08 74 29 59&#98;&#101;r&#110;a&#114;d.&#104;&#101;&#110;&#114;&#121;05&#64;o&#114;a&#110;&#103;&#101;&#46;fr Compte rendu : Rencontre r\u00e9gionale Alpes du sud.docx (centcols.net)<\/p>\n","category_list":"<a href=\"https:\/\/centcols.org\/backup\/categorie\/rassemblements\/rassemblements-2022\/\" rel=\"category tag\">Les rassemblements de 2022<\/a>, <a href=\"https:\/\/centcols.org\/backup\/categorie\/rassemblements\/\" rel=\"category tag\">Rencontres r\u00e9gionales<\/a>","author_info":{"display_name":"Enrico Alberini","author_link":"https:\/\/centcols.org\/backup\/author\/5065\/"},"comments_num":"0 commentaire","featured_image_urls_v2":{"full":"","thumbnail":"","medium":"","medium_large":"","large":"","1536x1536":"","2048x2048":"","woocommerce_thumbnail":"","woocommerce_single":"","woocommerce_gallery_thumbnail":""},"post_excerpt_stackable_v2":"<p>Le rassemblement 2022 dans les Hautes-Alpes (alpes du sud) aura lieu au Collet d&#8217;Ancelle (FR-05-1425), \u00e0 proximit\u00e9 de GAP, le samedi 27 ao\u00fbt 2022. Comme d&#8217;habitude, RDV \u00e0 partir de 11h30 pour les diff\u00e9rentes interventions, puis pic-nique partag\u00e9 avec fourniture du pain, fromage et boissons. RDV coupl\u00e9 avec le rassemblement annuel des cyclotouristes des Hautes-Alpes. Organisateur, Marie-Fran\u00e7oise NARJOUX, Pr\u00e9sidente du CC GAP. Contact Bernard Henry+33 4 92 44 09 02\u00a0 &#8211;\u00a0 +33 6 08 74 29 59&#98;e&#114;&#110;ar&#100;.h&#101;nry&#48;&#53;&#64;or&#97;n&#103;e&#46;f&#114; Compte rendu : Rencontre r\u00e9gionale Alpes du sud.docx (centcols.net)<\/p>\n","category_list_v2":"<a href=\"https:\/\/centcols.org\/backup\/categorie\/rassemblements\/rassemblements-2022\/\" rel=\"category tag\">Les rassemblements de 2022<\/a>, <a href=\"https:\/\/centcols.org\/backup\/categorie\/rassemblements\/\" rel=\"category tag\">Rencontres r\u00e9gionales<\/a>","author_info_v2":{"name":"Enrico Alberini","url":"https:\/\/centcols.org\/backup\/author\/5065\/"},"comments_num_v2":"0 commentaire","featured_image_src":null,"_links":{"self":[{"href":"https:\/\/centcols.org\/backup\/wp-json\/wp\/v2\/posts\/62321"}],"collection":[{"href":"https:\/\/centcols.org\/backup\/wp-json\/wp\/v2\/posts"}],"about":[{"href":"https:\/\/centcols.org\/backup\/wp-json\/wp\/v2\/types\/post"}],"author":[{"embeddable":true,"href":"https:\/\/centcols.org\/backup\/wp-json\/wp\/v2\/users\/69"}],"replies":[{"embeddable":true,"href":"https:\/\/centcols.org\/backup\/wp-json\/wp\/v2\/comments?post=62321"}],"version-history":[{"count":0,"href":"https:\/\/centcols.org\/backup\/wp-json\/wp\/v2\/posts\/62321\/revisions"}],"wp:attachment":[{"href":"https:\/\/centcols.org\/backup\/wp-json\/wp\/v2\/media?parent=62321"}],"wp:term":[{"taxonomy":"category","embeddable":true,"href":"https:\/\/centcols.org\/backup\/wp-json\/wp\/v2\/categories?post=62321"},{"taxonomy":"post_tag","embeddable":true,"href":"https:\/\/centcols.org\/backup\/wp-json\/wp\/v2\/tags?post=62321"}],"curies":[{"name":"wp","href":"https:\/\/api.w.org\/{rel}","templated":true}]}}