





{"id":62370,"date":"2021-11-30T17:10:00","date_gmt":"2021-11-30T16:10:00","guid":{"rendered":"https:\/\/centcols.org\/backup\/?p=62370"},"modified":"2022-08-02T16:06:38","modified_gmt":"2022-08-02T14:06:38","slug":"raduno-italiano-28-29-mai-2022","status":"publish","type":"post","link":"https:\/\/centcols.org\/backup\/raduno-italiano-28-29-mai-2022\/","title":{"rendered":"Raduno italiano, 28-29 mai 2022"},"content":{"rendered":"\n<p>Le rassemblement italien aura lieu les 28 et 29 mai 2022 \u00e0 Romano Canavese &#8211; Laghi d&#8217;Ivrea (TO).<\/p>\n\n\n\n\n\n\t\t\t\t<div id=\"map_ol3js_1\" class=\"map undefined\" data-map_name=\"undefined\" data-map=\"map_ol3js_1\" style=\"width:95%; max-width:100%; height:450px; display:block; overflow:hidden;border:thin solid blue; background-image: url(https:\/\/centcols.org\/backup\/wp-content\/plugins\/osm\/GDPR_bckgrnd.png); background-repeat: no-repeat; background-position: center; position: relative;\" >\n\t\t\t\t  <div id=\"map_ol3js_1_popup\" class=\"ol-popup\" >\n\t\t\t\t\t<a href=\"#\" id=\"map_ol3js_1_popup-closer\" class=\"ol-popup-closer\"><\/a>\n\t\t\t\t\t<div id=\"map_ol3js_1_popup-content\" ><\/div>\n\t\t\t\t  <\/div>\n\t\t\t\t<\/div>\n\t\t\t\n\t\t\t\t<link rel=\"stylesheet\" href=\"https:\/\/centcols.org\/backup\/wp-content\/plugins\/osm\/js\/OL\/7.1.0\/ol.css?ver=7.1.0\" type=\"text\/css\">\n\t\t\t\t<link rel=\"stylesheet\" href=\"https:\/\/centcols.org\/backup\/wp-content\/plugins\/osm\/css\/osm_map_v3.css?ver=1.0.0\" type=\"text\/css\">\n\t\t\t\t<link rel=\"stylesheet\" href=\"https:\/\/centcols.org\/backup\/wp-content\/plugins\/osm\/css\/osm_map.css?ver=1.0.0\" type=\"text\/css\">\n\t\t\t\t<!-- The line below is only needed for old environments like Internet Explorer and Android 4.x -->\n                                <script src=\"https:\/\/centcols.org\/backup\/wp-content\/plugins\/osm\/js\/polyfill\/v2\/polyfill.min.js?features=requestAnimationFrame,Element.prototype.classList,URL\"><\/script>\n\n\t\t\t\t<script src=\"https:\/\/centcols.org\/backup\/wp-content\/plugins\/osm\/js\/OL\/7.1.0\/ol.js?ver=7.1.0\" type=\"text\/javascript\"><\/script>\n\t\t\t\t<script src=\"https:\/\/centcols.org\/backup\/wp-content\/plugins\/osm\/js\/osm-v3-plugin-lib.js?ver=1.0.0\" type=\"text\/javascript\"><\/script>\n\t\t\t\t<script src=\"https:\/\/centcols.org\/backup\/wp-content\/plugins\/osm\/js\/osm-metabox-events.js?ver=1.0.0\" type=\"text\/javascript\"><\/script>\n\t\t\t\t<script src=\"https:\/\/centcols.org\/backup\/wp-content\/plugins\/osm\/js\/osm-startup-lib.js\" type=\"text\/javascript\"><\/script>\n\t\t\t\t<script type=\"text\/javascript\">\n\t\t\t\t\ttranslations['openlayer'] = \"open layer\";\n\t\t\t\t\ttranslations['openlayerAtStartup'] = \"open layer at startup\";\n\t\t\t\t\ttranslations['generateLink'] = \"link to this map with opened layers\";\n\t\t\t\t\ttranslations['shortDescription'] = \"short description\";\n\t\t\t\t\ttranslations['generatedShortCode'] = \"to get a text control link paste this code in your wordpress editor\";\n\t\t\t\t\ttranslations['closeLayer'] = \"close layer\";\n\t\t\t\t\ttranslations['cantGenerateLink'] = \"put this string in the existing map short code to control this map\";\n\t\t\t  <\/script>\n\n\n\t\t\t  <script type=\"text\/javascript\">\n\t\t\t  vectorM['map_ol3js_1'] = [];\n\t        \n        var raster = getTileLayer(\"osm\",\"NoKey\");\t\t\t\n\n\t\t\t  var map_ol3js_1 = new ol.Map({\n\t\t\t\tinteractions: ol.interaction.defaults.defaults({mouseWheelZoom:false}),\n\t\t\t\tlayers: [raster],\n\t\t\t\ttarget: \"map_ol3js_1\",\n\t\t\t\tview: new ol.View({\n\t\t\t\t  center: ol.proj.transform([7.8821,45.4176], \"EPSG:4326\", \"EPSG:3857\"),\n\t\t\t\t  zoom: 14.0\n\t\t\t\t})\n\t\t\t  });\n\t\t\t  osm_addMarkerLayer(map_ol3js_1,7.8825,45.4184,\"https:\/\/centcols.org\/backup\/wp-content\/plugins\/osm\/icons\/mic_blue_cycling_01.png\",-16,-41,\"<p><\/p>\") ; \naddControls2Map(map_ol3js_1,1,1,3,1,5,6,7,1,1);\nosm_addPopupClickhandler(map_ol3js_1,  \"map_ol3js_1\"); \nosm_addMouseHover(map_ol3js_1); <\/script>\n\n\n\n<p>H\u00d4TEL GARDENIA SRL<br>Regione Poarello 11<br>10090 &#8211; ROMANO CANAVESE (TO)<\/p>\n\n\n\n<p>T\u00e9l. +39 0125-631095<br>mail: info@hgardenia.com<br>Sito web: https:\/\/www.hgardenia.com\/<\/p>\n\n\n\n<p>Prix :<br>Chambre double, pour 2 personnes : 70,00 \u20ac.<br>chambre double \u00e0 usage unique : 60,00\u20ac.<br>Les prix sont par chambre avec le petit-d\u00e9jeuner inclus.<\/p>\n\n\n\n<p>D\u00eener le samedi 28 mai :<br>30 euros par personne : bis d&#8217;amuse-bouches, entr\u00e9e, plat principal avec accompagnement,<br>dessert, eau, vin en bouteille, caf\u00e9.<\/p>\n\n\n\n<p>Vous pouvez r\u00e9server par courriel \u00e0 l\u2019h\u00f4tel en pr\u00e9cisant que vous \u00eates membre du club des Cent Cols.<\/p>\n\n\n\n<p><a href=\"https:\/\/centcols.org\/backup\/wp-content\/uploads\/2022\/05\/Raduno-CCC-2022-percorsi-rev-03.xlsx\">Les parcours : voir ici<\/a><\/p>\n\n\n\n<h3 class=\"wp-block-heading\">Contact <\/h3>\n\n\n\n<p>Luigi Spina +39 349 416 31 74 <br><a href=\"m&#97;&#105;&#108;&#116;o:&#108;&#117;igi&#46;s&#112;&#105;n&#97;&#64;gmx&#46;&#100;e\">l&#117;i&#103;&#105;&#46;&#115;pina&#64;&#103;mx.&#100;&#101;<\/a><\/p>\n","protected":false},"excerpt":{"rendered":"<p>Le rassemblement italien aura lieu les 28 et 29 mai 2022 \u00e0 Romano Canavese &#8211; Laghi d&#8217;Ivrea (TO). H\u00d4TEL GARDENIA SRLRegione Poarello 1110090 &#8211; ROMANO CANAVESE (TO) T\u00e9l. +39 0125-631095mail: info@hgardenia.comSito web: https:\/\/www.hgardenia.com\/ Prix :Chambre double, pour 2 personnes : 70,00 \u20ac.chambre double \u00e0 usage unique : 60,00\u20ac.Les prix sont par chambre avec le petit-d\u00e9jeuner [&hellip;]<\/p>\n","protected":false},"author":69,"featured_media":0,"comment_status":"closed","ping_status":"closed","sticky":false,"template":"","format":"standard","meta":{"_acf_changed":false,"ub_ctt_via":"","_monsterinsights_skip_tracking":false,"_monsterinsights_sitenote_active":false,"_monsterinsights_sitenote_note":"","_monsterinsights_sitenote_category":0,"footnotes":""},"categories":[526,7],"tags":[],"acf":[],"featured_image_urls":{"full":"","thumbnail":"","medium":"","medium_large":"","large":"","1536x1536":"","2048x2048":"","woocommerce_thumbnail":"","woocommerce_single":"","woocommerce_gallery_thumbnail":""},"post_excerpt_stackable":"<p>Le rassemblement italien aura lieu les 28 et 29 mai 2022 \u00e0 Romano Canavese &#8211; Laghi d&#8217;Ivrea (TO). H\u00d4TEL GARDENIA SRLRegione Poarello 1110090 &#8211; ROMANO CANAVESE (TO) T\u00e9l. +39 0125-631095mail: info@hgardenia.comSito web: https:\/\/www.hgardenia.com\/ Prix :Chambre double, pour 2 personnes : 70,00 \u20ac.chambre double \u00e0 usage unique : 60,00\u20ac.Les prix sont par chambre avec le petit-d\u00e9jeuner inclus. D\u00eener le samedi 28 mai :30 euros par personne : bis d&#8217;amuse-bouches, entr\u00e9e, plat principal avec accompagnement,dessert, eau, vin en bouteille, caf\u00e9. Vous pouvez r\u00e9server par courriel \u00e0 l\u2019h\u00f4tel en pr\u00e9cisant que vous \u00eates membre du club des Cent Cols. Les parcours : voir\u2026<\/p>\n","category_list":"<a href=\"https:\/\/centcols.org\/backup\/categorie\/rassemblements\/rassemblements-2022\/\" rel=\"category tag\">Les rassemblements de 2022<\/a>, <a href=\"https:\/\/centcols.org\/backup\/categorie\/rassemblements\/\" rel=\"category tag\">Rencontres r\u00e9gionales<\/a>","author_info":{"display_name":"Enrico Alberini","author_link":"https:\/\/centcols.org\/backup\/author\/5065\/"},"comments_num":"0 commentaire","featured_image_urls_v2":{"full":"","thumbnail":"","medium":"","medium_large":"","large":"","1536x1536":"","2048x2048":"","woocommerce_thumbnail":"","woocommerce_single":"","woocommerce_gallery_thumbnail":""},"post_excerpt_stackable_v2":"<p>Le rassemblement italien aura lieu les 28 et 29 mai 2022 \u00e0 Romano Canavese &#8211; Laghi d&#8217;Ivrea (TO). H\u00d4TEL GARDENIA SRLRegione Poarello 1110090 &#8211; ROMANO CANAVESE (TO) T\u00e9l. +39 0125-631095mail: info@hgardenia.comSito web: https:\/\/www.hgardenia.com\/ Prix :Chambre double, pour 2 personnes : 70,00 \u20ac.chambre double \u00e0 usage unique : 60,00\u20ac.Les prix sont par chambre avec le petit-d\u00e9jeuner inclus. D\u00eener le samedi 28 mai :30 euros par personne : bis d&#8217;amuse-bouches, entr\u00e9e, plat principal avec accompagnement,dessert, eau, vin en bouteille, caf\u00e9. Vous pouvez r\u00e9server par courriel \u00e0 l\u2019h\u00f4tel en pr\u00e9cisant que vous \u00eates membre du club des Cent Cols. Les parcours : voir\u2026<\/p>\n","category_list_v2":"<a href=\"https:\/\/centcols.org\/backup\/categorie\/rassemblements\/rassemblements-2022\/\" rel=\"category tag\">Les rassemblements de 2022<\/a>, <a href=\"https:\/\/centcols.org\/backup\/categorie\/rassemblements\/\" rel=\"category tag\">Rencontres r\u00e9gionales<\/a>","author_info_v2":{"name":"Enrico Alberini","url":"https:\/\/centcols.org\/backup\/author\/5065\/"},"comments_num_v2":"0 commentaire","featured_image_src":null,"_links":{"self":[{"href":"https:\/\/centcols.org\/backup\/wp-json\/wp\/v2\/posts\/62370"}],"collection":[{"href":"https:\/\/centcols.org\/backup\/wp-json\/wp\/v2\/posts"}],"about":[{"href":"https:\/\/centcols.org\/backup\/wp-json\/wp\/v2\/types\/post"}],"author":[{"embeddable":true,"href":"https:\/\/centcols.org\/backup\/wp-json\/wp\/v2\/users\/69"}],"replies":[{"embeddable":true,"href":"https:\/\/centcols.org\/backup\/wp-json\/wp\/v2\/comments?post=62370"}],"version-history":[{"count":0,"href":"https:\/\/centcols.org\/backup\/wp-json\/wp\/v2\/posts\/62370\/revisions"}],"wp:attachment":[{"href":"https:\/\/centcols.org\/backup\/wp-json\/wp\/v2\/media?parent=62370"}],"wp:term":[{"taxonomy":"category","embeddable":true,"href":"https:\/\/centcols.org\/backup\/wp-json\/wp\/v2\/categories?post=62370"},{"taxonomy":"post_tag","embeddable":true,"href":"https:\/\/centcols.org\/backup\/wp-json\/wp\/v2\/tags?post=62370"}],"curies":[{"name":"wp","href":"https:\/\/api.w.org\/{rel}","templated":true}]}}