{"id":62405,"date":"2022-01-29T11:51:00","date_gmt":"2022-01-29T10:51:00","guid":{"rendered":"https:\/\/centcols.org\/backup\/?p=62405"},"modified":"2022-08-02T16:00:25","modified_gmt":"2022-08-02T14:00:25","slug":"rassemblement-nationale-belgique-nationale-bijeenkomst-geraardsbergen-grammont-le-17-9-2022","status":"publish","type":"post","link":"https:\/\/centcols.org\/backup\/rassemblement-nationale-belgique-nationale-bijeenkomst-geraardsbergen-grammont-le-17-9-2022\/","title":{"rendered":"Rassemblement nationale Belgique\/Nationale bijeenkomst Belgi\u00eb, Geraardsbergen\/Grammont, 17\/9\/2022"},"content":{"rendered":"\n<p>Le rassemblement national du Club des Cent Cols aura lieu le samedi 17 septembre \u00e0 Grammont. Rendez-vous \u00e0 9h30 (lieu suivra) Le parcours nous emm\u00e8nera &nbsp;vers le Col de la croix Jubaru BE-WHT-0099 (Tournai). Nous passerons quelques bergs (pas de cols&nbsp;&#x2639;) qui sont renomm\u00e9s gr\u00e2ce au Tour des Flandres (Mur, Bosberg\u2026). Chaque participant recevra une bi\u00e8re locale et une tarte aux maton (sp\u00e9cialit\u00e9 Grammontoise)<\/p>\n\n\n\n<p>De nationale bijeenkomst van de Club des Cent Cols zal plaatvinden op zaterdag 17 september te Geraardsbergen.&nbsp; Afspraak om 9u30 (plaats zal later gecommuniceerd worden) .Er zal een parcours uitgetekend worden waarbij we naar de Col de la croix Jubaru BE-WHT-0099 (Doornik) rijden. Onderweg kunnen we enkele beklimmingen (geen cols &#x2639;) doen die bekend zijn van de Ronde van Vlaanderen (De muur, bosberg, \u2026.).&nbsp; Elke deelnemer krijgt een plaatselijk biertje en een mattetaart (Geraardbergse specialiteit).<\/p>\n\n\n\n<figure class=\"wp-block-gallery columns-2 is-cropped wp-block-gallery-1 is-layout-flex wp-block-gallery-is-layout-flex\"><ul class=\"blocks-gallery-grid\"><li class=\"blocks-gallery-item\"><figure><img loading=\"lazy\" decoding=\"async\" width=\"580\" height=\"433\" src=\"https:\/\/centcols.org\/backup\/wp-content\/uploads\/2022\/01\/Col-Jubaru.jpg\" alt=\"\" data-id=\"62406\" data-full-url=\"https:\/\/centcols.org\/backup\/wp-content\/uploads\/2022\/01\/Col-Jubaru.jpg\" data-link=\"https:\/\/centcols.org\/backup\/col-jubaru\/\" class=\"wp-image-62406\" srcset=\"https:\/\/centcols.org\/backup\/wp-content\/uploads\/2022\/01\/Col-Jubaru.jpg 580w, https:\/\/centcols.org\/backup\/wp-content\/uploads\/2022\/01\/Col-Jubaru-500x373.jpg 500w\" sizes=\"(max-width: 580px) 100vw, 580px\" \/><figcaption class=\"blocks-gallery-item__caption\">BE-WHT-0099 Col de la Croix Jubaru<\/figcaption><\/figure><\/li><li class=\"blocks-gallery-item\"><figure><img loading=\"lazy\" decoding=\"async\" width=\"248\" height=\"203\" src=\"https:\/\/centcols.org\/backup\/wp-content\/uploads\/2022\/01\/Mur-de-Grammont.jpg\" alt=\"\" data-id=\"62412\" data-full-url=\"https:\/\/centcols.org\/backup\/wp-content\/uploads\/2022\/01\/Mur-de-Grammont.jpg\" data-link=\"https:\/\/centcols.org\/backup\/mur-de-grammont\/\" class=\"wp-image-62412\"\/><figcaption class=\"blocks-gallery-item__caption\">Mur de Grammont<\/figcaption><\/figure><\/li><\/ul><\/figure>\n\n\n\n<h3 class=\"wp-block-heading\">Contact :<\/h3>\n\n\n\n<p>Henk Leroy<br>0032475627404<br><a href=\"&#109;ailto:&#100;t.be&#64;&#99;&#101;&#110;&#116;&#99;&#111;ls&#46;&#110;et\">&#100;&#116;.be&#64;ce&#110;&#116;c&#111;l&#115;.ne&#116;<\/a><\/p>\n\n\n\n<p><strong><em>Beste leden van de Club des Cent Cols<\/em><\/strong><\/p>\n\n\n\n<p>Zoals eerder werd aangekondigd gaat de nationale bijeenkomst van onze Club in Belgi\u00eb door op zaterdag 17\/9 te Geraardsbergen.<\/p>\n\n\n\n<p>Geraardsbergen, een in wielermiddens bekend en zelfs wat mythisch stadje met zijn beruchte \u201cMuur\u201d.<\/p>\n\n\n\n<p>Deze organisatie staat open voor zowel de leden van de Club als niet-leden. Iedereen mag dus vrienden of kennissen meebrengen<\/p>\n\n\n\n<p>We gaan samen (in 1 of 2 groepen) een fietstocht van ongeveer 110km doen. We rijden via rustige wegen richting Doornik tot aan de &nbsp;Mont Saint-Aubert (145m). We passeren de Col du Croix du Jubaru (99m), de eerste col die door de CCC werd erkend in Belgi\u00eb.<\/p>\n\n\n\n<p>Op de Mont Saint Aubert zal de bevoorrading (drankje en wat koeken) &nbsp;aangeboden worden door de wielerclub Audax Tournai. Zij vieren hun erkenning als \u201cSoci\u00e9t\u00e9 Royale\u201d omwille van hun 50-jarig bestaan. Wie zin heeft kan de zondag \u201cB\u00e9bert du Mont Saint-Aubert\u201d worden door 5 keer een parcours van 5km af te leggen.<\/p>\n\n\n\n<p>We keren via andere landelijke wegen terug naar Geraardsbergen. Wie nog zin heeft kan in schoonheid eindigen en &nbsp;de beruchte Muur nog beklimmen. Je moet dit minstens 1 keer in je leven gedaan hebben.<\/p>\n\n\n\n<p>Na de fietstocht zal er gelegenheid zijn om zich te douchen.<\/p>\n\n\n\n<p>\u2019s Avonds zouden we met degenen die zin hebben samen gaan eten in het Hemelrijk, het wielercaf\u00e9 op de muur. (Prijs voor voor \u2013 en hoofdgerecht: 30 \u00e0 40 euro)<\/p>\n\n\n\n<p><em><u>Wat praktische info:<\/u><\/em><\/p>\n\n\n\n<ul><li>Uur van samenkomst : 9u30<\/li><li>Plaats van samenkomst: Cafe \u2018t BIT op de Markt 17 in Geraardsbergen<\/li><li>Uur van vertrek : 10u<\/li><li>Plaats van vertrek: Markt van Geraadsbergen.<\/li><li>Het parcours is niet bewegwijzerd, maar een GPS-file zal aan de deelnemers doorgestuurd worden en ook op de website van de Club terug te vinden zijn.<\/li><li>Alle deelnemers krijgen bij vertrek een koffie en croissant. Bij terugkomst zal hen een echte Geraardsbergse mattentaart aangeboden worden.<\/li><li>Voor de leden van de CCC is deelname gratis, voor de niet-leden is de deelnameprijs 5 euro.<\/li><\/ul>\n\n\n\n<p>Wij zouden graag een seintje krijgen van jullie<\/p>\n\n\n\n<ul><li>met bevestiging van deelname aan deze fietstocht en met hoeveel.<\/li><li>of jullie \u2019s avonds zouden aanschuiven aan tafel in het Hemelrijk.<\/li><\/ul>\n\n\n\n<p>Alvast bedankt voor jullie antwoord<\/p>\n\n\n\n<p><strong><em>Henk Leroy<\/em><\/strong><\/p>\n\n\n\n<p><strong><em>Membre 6999<\/em><\/strong><\/p>\n\n\n\n<p><strong><em>DT Belgi\u00eb<\/em><\/strong><\/p>\n\n\n\n<p>&#8212;&#8212;&#8212;&#8212;&#8212;&#8212;&#8212;&#8212;&#8212;&#8212;&#8212;&#8212;&#8212;&#8212;&#8212;&#8212;&#8212;&#8212;&#8212;&#8212;&#8212;&#8212;&#8212;&#8212;&#8212;&#8212;&#8212;&#8212;&#8212;&#8212;&#8212;&#8212;&#8212;&#8212;&#8212;&#8212;&#8212;&#8212;&#8212;&#8212;&#8212;&#8212;&#8212;&#8212;&#8212;&#8212;&#8212;&#8212;&#8212;&#8212;&#8212;&#8212;&#8212;&#8212;&#8212;&#8212;&#8212;&#8212;&#8212;&#8212;&#8212;&#8212;&#8212;&#8212;&#8212;&#8212;&#8212;&#8212;&#8212;&#8212;&#8212;&#8212;&#8212;&#8212;&#8212;&#8212;&#8212;&#8212;&#8212;&#8212;&#8212;&#8212;&#8212;&#8212;&#8212;&#8212;&#8212;&#8212;&#8212;&#8212;&#8212;&#8212;&#8212;&#8212;&#8212;&#8212;&#8212;&#8212;&#8212;&#8212;&#8212;&#8212;&#8212;&#8212;&#8212;&#8212;&#8212;&#8212;&#8212;&#8211;<\/p>\n\n\n\n<p>&nbsp;<strong><em>Chers membres du Club des Cent Cols<\/em><\/strong><em>,<\/em><\/p>\n\n\n\n<p><em>&nbsp;<\/em>Comme annonc\u00e9 pr\u00e9c\u00e9demment, le rassemblement national de notre Club en Belgique aura lieu le samedi 17 septembre \u00e0 Grammont (Geraardsbergen).<\/p>\n\n\n\n<p>Grammont, une ville bien connue car mythique dans le milieu du cyclisme, avec son redoutable \u00ab&nbsp;Muur&nbsp;\u00bb. Cette organisation est ouverte aux membres du Club et aux non-membres. Ainsi, chacun peut venir accompagn\u00e9 d\u2019amis ou de connaissances.<\/p>\n\n\n\n<p>Nous allons faire ensemble (en 1 ou 2 groupes) une balade \u00e0 v\u00e9lo d&#8217;environ 110km sur routes tranquilles en direction de Tournai, jusqu&#8217;au Mont Saint-Aubert (145m). Avec passage au col de la Croix Jubaru (99m), le premier col reconnu par le CCC en Belgique.<\/p>\n\n\n\n<p>Au Mont Saint Aubert le club cyclo des Audax Tournai, qui f\u00eate son titre de \u00ab&nbsp;Soci\u00e9t\u00e9 Royale&nbsp; pour 50 ans d\u2019existence, offre le ravitaillement cyclo (biscuits et boissons. Ceux qui le souhaitent peuvent devenir \u00ab&nbsp;B\u00e9berts du Mont Saint Aubert&nbsp;\u00bb, en bouclant au moins 5 tours du circuit local de 5 km&nbsp;!<\/p>\n\n\n\n<p>Nous rentrons ensuite \u00e0 Grammont (Geraardsbergen) par d&#8217;autres routes rurales. Si vous en avez encore envie, vous pouvez finir en beaut\u00e9 avec l\u2019escalade du fameux&nbsp; \u00ab&nbsp;Muur&nbsp;\u00bb. Il faut l\u2019avoir fait&nbsp;!<\/p>\n\n\n\n<p>Apr\u00e8s la balade \u00e0 v\u00e9lo, il sera possible de prendre une douche.<\/p>\n\n\n\n<p>Le soir, vers 19h30 nous nous retrouverons au \u00ab&nbsp;Hemelrijk&nbsp;\u00bb, le caf\u00e9 des cyclistes sur le Muur. Avec repas pour ceux qui le souhaitent (entr\u00e9e +plat&nbsp; entre 30 et 40 euro)<\/p>\n\n\n\n<p>Quelques infos pratiques :<\/p>\n\n\n\n<ul><li>Heure de rendez-vous : 9h30h &#8211; Lieu de rendez-vous : Caf\u00e9 BIT sur le march\u00e9 de&nbsp; Grammont (Geraardsbergen)<\/li><li>Heure de d\u00e9part : 10h &#8211; Lieu de d\u00e9part : march\u00e9 de Grammont (Geraardsbergen)<\/li><li>Le parcours n&#8217;est pas balis\u00e9, mais un fichier GPS sera envoy\u00e9 aux participants et pourra&nbsp; \u00e9galement \u00eatre consult\u00e9 sur le site internet du Club.<\/li><li>Tous les participants re\u00e7oivent un caf\u00e9 et un croissant au d\u00e9part. Au retour, une vraie \u00abTarte \u00e0 matons&nbsp;\u00bb &nbsp;de Grammont sera offerte \u00e0 chacun.<\/li><li>La participation est gratuite pour les membres du CCC. Pour les non-membres, la&nbsp; participation est de 5 euros.<\/li><\/ul>\n\n\n\n<p>Nous aimerions recevoir un message de votre part<\/p>\n\n\n\n<p>1.&nbsp;&nbsp;&nbsp;&nbsp;&nbsp;&nbsp;<em>avec confirmation que vous participerez \u00e0 ce tour \u00e0 v\u00e9lo et avec combien de personnes<\/em><\/p>\n\n\n\n<p>2.&nbsp;&nbsp;&nbsp;&nbsp;&nbsp;&nbsp;<em>si vous dinez avec nous au Hemelrijk, le soir.<\/em><\/p>\n\n\n\n<p><em>Merci beaucoup pour votre r\u00e9ponse<\/em><\/p>\n\n\n\n<p><strong><em>Henk Leroy<\/em><\/strong><\/p>\n\n\n\n<p><strong><em>Membre 6999<\/em><\/strong><\/p>\n\n\n\n<p><strong><em>DT Belgique<\/em><\/strong><\/p>\n","protected":false},"excerpt":{"rendered":"<p>Le rassemblement national du Club des Cent Cols aura lieu le samedi 17 septembre \u00e0 Grammont. Rendez-vous \u00e0 9h30 (lieu suivra) Le parcours nous emm\u00e8nera &nbsp;vers le Col de la croix Jubaru BE-WHT-0099 (Tournai). Nous passerons quelques bergs (pas de cols&nbsp;&#x2639;) qui sont renomm\u00e9s gr\u00e2ce au Tour des Flandres (Mur, Bosberg\u2026). Chaque participant recevra une [&hellip;]<\/p>\n","protected":false},"author":69,"featured_media":0,"comment_status":"closed","ping_status":"closed","sticky":false,"template":"","format":"standard","meta":{"_acf_changed":false,"ub_ctt_via":"","_monsterinsights_skip_tracking":false,"_monsterinsights_sitenote_active":false,"_monsterinsights_sitenote_note":"","_monsterinsights_sitenote_category":0,"footnotes":""},"categories":[526,7],"tags":[],"acf":[],"featured_image_urls":{"full":"","thumbnail":"","medium":"","medium_large":"","large":"","1536x1536":"","2048x2048":"","woocommerce_thumbnail":"","woocommerce_single":"","woocommerce_gallery_thumbnail":""},"post_excerpt_stackable":"<p>Le rassemblement national du Club des Cent Cols aura lieu le samedi 17 septembre \u00e0 Grammont. Rendez-vous \u00e0 9h30 (lieu suivra) Le parcours nous emm\u00e8nera &nbsp;vers le Col de la croix Jubaru BE-WHT-0099 (Tournai). Nous passerons quelques bergs (pas de cols&nbsp;&#x2639;) qui sont renomm\u00e9s gr\u00e2ce au Tour des Flandres (Mur, Bosberg\u2026). Chaque participant recevra une bi\u00e8re locale et une tarte aux maton (sp\u00e9cialit\u00e9 Grammontoise) De nationale bijeenkomst van de Club des Cent Cols zal plaatvinden op zaterdag 17 september te Geraardsbergen.&nbsp; Afspraak om 9u30 (plaats zal later gecommuniceerd worden) .Er zal een parcours uitgetekend worden waarbij we naar de Col\u2026<\/p>\n","category_list":"<a href=\"https:\/\/centcols.org\/backup\/categorie\/rassemblements\/rassemblements-2022\/\" rel=\"category tag\">Les rassemblements de 2022<\/a>, <a href=\"https:\/\/centcols.org\/backup\/categorie\/rassemblements\/\" rel=\"category tag\">Rencontres r\u00e9gionales<\/a>","author_info":{"display_name":"Enrico Alberini","author_link":"https:\/\/centcols.org\/backup\/author\/5065\/"},"comments_num":"0 commentaire","featured_image_urls_v2":{"full":"","thumbnail":"","medium":"","medium_large":"","large":"","1536x1536":"","2048x2048":"","woocommerce_thumbnail":"","woocommerce_single":"","woocommerce_gallery_thumbnail":""},"post_excerpt_stackable_v2":"<p>Le rassemblement national du Club des Cent Cols aura lieu le samedi 17 septembre \u00e0 Grammont. Rendez-vous \u00e0 9h30 (lieu suivra) Le parcours nous emm\u00e8nera &nbsp;vers le Col de la croix Jubaru BE-WHT-0099 (Tournai). Nous passerons quelques bergs (pas de cols&nbsp;&#x2639;) qui sont renomm\u00e9s gr\u00e2ce au Tour des Flandres (Mur, Bosberg\u2026). Chaque participant recevra une bi\u00e8re locale et une tarte aux maton (sp\u00e9cialit\u00e9 Grammontoise) De nationale bijeenkomst van de Club des Cent Cols zal plaatvinden op zaterdag 17 september te Geraardsbergen.&nbsp; Afspraak om 9u30 (plaats zal later gecommuniceerd worden) .Er zal een parcours uitgetekend worden waarbij we naar de Col\u2026<\/p>\n","category_list_v2":"<a href=\"https:\/\/centcols.org\/backup\/categorie\/rassemblements\/rassemblements-2022\/\" rel=\"category tag\">Les rassemblements de 2022<\/a>, <a href=\"https:\/\/centcols.org\/backup\/categorie\/rassemblements\/\" rel=\"category tag\">Rencontres r\u00e9gionales<\/a>","author_info_v2":{"name":"Enrico Alberini","url":"https:\/\/centcols.org\/backup\/author\/5065\/"},"comments_num_v2":"0 commentaire","featured_image_src":null,"_links":{"self":[{"href":"https:\/\/centcols.org\/backup\/wp-json\/wp\/v2\/posts\/62405"}],"collection":[{"href":"https:\/\/centcols.org\/backup\/wp-json\/wp\/v2\/posts"}],"about":[{"href":"https:\/\/centcols.org\/backup\/wp-json\/wp\/v2\/types\/post"}],"author":[{"embeddable":true,"href":"https:\/\/centcols.org\/backup\/wp-json\/wp\/v2\/users\/69"}],"replies":[{"embeddable":true,"href":"https:\/\/centcols.org\/backup\/wp-json\/wp\/v2\/comments?post=62405"}],"version-history":[{"count":0,"href":"https:\/\/centcols.org\/backup\/wp-json\/wp\/v2\/posts\/62405\/revisions"}],"wp:attachment":[{"href":"https:\/\/centcols.org\/backup\/wp-json\/wp\/v2\/media?parent=62405"}],"wp:term":[{"taxonomy":"category","embeddable":true,"href":"https:\/\/centcols.org\/backup\/wp-json\/wp\/v2\/categories?post=62405"},{"taxonomy":"post_tag","embeddable":true,"href":"https:\/\/centcols.org\/backup\/wp-json\/wp\/v2\/tags?post=62405"}],"curies":[{"name":"wp","href":"https:\/\/api.w.org\/{rel}","templated":true}]}}