{"id":6259,"date":"2015-04-23T12:18:36","date_gmt":"2015-04-23T10:18:36","guid":{"rendered":"http:\/\/centcols.org\/backup\/?p=6259"},"modified":"2023-08-19T08:40:17","modified_gmt":"2023-08-19T06:40:17","slug":"sejour-2015-gilette","status":"publish","type":"post","link":"https:\/\/centcols.org\/backup\/sejour-2015-gilette\/","title":{"rendered":"S\u00e9jour de printemps \u00e0 Gilette (Alpes-Maritimes) du 18 au 25 avril 2015"},"content":{"rendered":"<h2>Pr\u00e9sentation<\/h2>\n<p>Le s\u00e9jour de printemps 2015 se d\u00e9roulera du 18 au 25 avril au \u00abDomaine de l&#8217;Olivaie\u00bb, centre de vacances UVLF (Union Loisirs Vacances Familles) \u00e0 Gilette, un petit village de l&#8217;arri\u00e8re-pays ni\u00e7ois perch\u00e9 sur les hauteurs (459 m) qui domine les vall\u00e9es du Var et de l&#8217;Est\u00e9ron.<br \/>\nCe village comptant 1500 \u00e2mes est situ\u00e9 \u00e0 35km de Nice et 30 km du Parc National du Mercantour cr\u00e9\u00e9 en 1979. Ce dernier faisant partie du projet \u00abAlpes de la Mer\u00bb associ\u00e9 \u00e0 d&#8217;autres espaces prot\u00e9g\u00e9s transfrontaliers est engag\u00e9 dans un processus de classement de son territoire au Patrimoine Mondial de l&#8217;Humanit\u00e9 de l&#8217;UNESCO.<br \/>\nLe village de Gilette est domin\u00e9 par le Ch\u00e2teau de l&#8217;Aiguille construit au 12\u00e8me si\u00e8cle par Alphonse 1er sur les hauteurs pour fuir les Sarrasins comme dans beaucoup de villages de la r\u00e9gion. Il fut le th\u00e9\u00e2tre d&#8217;\u00e9v\u00e9nements historiques \u00e0 l&#8217;occasion de la trahison de la famille Grimaldi de Bueil (auteur de l&#8217;acte de d\u00e9dition du Comt\u00e9 de Nice) envers la Maison de Savoie en 1526 et de la R\u00e9volution fran\u00e7aise en 1793.<\/p>\n<div id='gallery-1' class='gallery galleryid-6259 gallery-columns-3 gallery-size-thumbnail'><dl class='gallery-item'>\n\t\t\t<dt class='gallery-icon landscape'>\n\t\t\t\t<img loading=\"lazy\" decoding=\"async\" width=\"240\" height=\"160\" src=\"https:\/\/centcols.org\/backup\/wp-content\/uploads\/2015\/04\/gilette1.jpg\" class=\"attachment-thumbnail size-thumbnail\" alt=\"\" aria-describedby=\"gallery-1-20623\" \/>\n\t\t\t<\/dt>\n\t\t\t\t<dd class='wp-caption-text gallery-caption' id='gallery-1-20623'>\n\t\t\t\tGilette depuis la route de Roquest\u00e9ron\n\t\t\t\t<\/dd><\/dl><dl class='gallery-item'>\n\t\t\t<dt class='gallery-icon portrait'>\n\t\t\t\t<img loading=\"lazy\" decoding=\"async\" width=\"200\" height=\"220\" src=\"https:\/\/centcols.org\/backup\/wp-content\/uploads\/2015\/04\/gilette.png\" class=\"attachment-thumbnail size-thumbnail\" alt=\"\" aria-describedby=\"gallery-1-20625\" \/>\n\t\t\t<\/dt>\n\t\t\t\t<dd class='wp-caption-text gallery-caption' id='gallery-1-20625'>\n\t\t\t\tGilette\n\t\t\t\t<\/dd><\/dl><dl class='gallery-item'>\n\t\t\t<dt class='gallery-icon landscape'>\n\t\t\t\t<img loading=\"lazy\" decoding=\"async\" width=\"240\" height=\"160\" src=\"https:\/\/centcols.org\/backup\/wp-content\/uploads\/2015\/04\/gilette2.jpg\" class=\"attachment-thumbnail size-thumbnail\" alt=\"\" aria-describedby=\"gallery-1-20624\" \/>\n\t\t\t<\/dt>\n\t\t\t\t<dd class='wp-caption-text gallery-caption' id='gallery-1-20624'>\n\t\t\t\tGilette en venant du pont Charles-Albert\n\t\t\t\t<\/dd><\/dl><br style=\"clear: both\" \/>\n\t\t<\/div>\n\n<h2>Les circuits<\/h2>\n<p>Les <a href=\"\/membres\/cctours\/tours.php?lieu=Gilette&amp;an=2015\">parcours cyclistes<\/a> (<a href=\"\/membres\/cctours\/tours.php?lieu=Gilette&amp;an=2015&amp;genre=R\">routiers<\/a> et <a href=\"\/membres\/cctours\/tours.php?lieu=Gilette&amp;an=2015&amp;genre=V\">VTT<\/a>) permettront de passer des paysages m\u00e9diterran\u00e9ens avec oliviers, palmiers et fleurs aux paysages alpins. En effet, les massifs du Barrot et de l&#8217;Argentera datent de la m\u00eame \u00e8re g\u00e9ologique que le massif Alpin. Ainsi le Pays d&#8217;Azur d\u00e9marre au niveau de la mer pour atteindre le Pic du G\u00e9las \u00e0 3143 m et les cols de Restefond ou de la Bonette ou Tende (Route Royale du Sel). Le d\u00e9partement des Alpes-Maritimes ne compte pas moins de 644 cols, dont 213 cols \u00e0 plus de 2000 m d&#8217;altitude. La plupart sont situ\u00e9es dans le Parc National du Mercantour, mais en dehors de celui-ci il en reste bien assez sur routes, pistes ou sentiers autoris\u00e9s pour satisfaire tous les amateurs de v\u00e9lo en montagne. Plus de d\u00e9tails seront donn\u00e9s ici en temps utile.<\/p>\n<h2>Stage de pilotage<\/h2>\n<p>Un stage de pilotage VTT est propos\u00e9 aux participants. Il peut \u00eatre combin\u00e9 avec l&#8217;un des parcours pr\u00e9vus. De plus amples informations sont disponibles sur le <a class=\"iframe-fancybox\" href=\"https:\/\/centcols.org\/backup\/wp-content\/uploads\/2015\/04\/stage.pdf\">bulletin d&#8217;inscription<\/a> de ce stage.<\/p>\n<h2>H\u00e9bergement<\/h2>\n<p>Le <a class=\"iframe-fancybox\" href=\"http:\/\/www.vacances-ulvf.com\/groupes\/nos-destinations-groupes\/en-bord-de-mer\/le-domaine-de-lolivaiegilette.html\" target=\"_blank\" rel=\"noopener\">Domaine de l&#8217;Olivaie<\/a> est situ\u00e9 \u00e0 l&#8217;entr\u00e9e du village au milieu d&#8217;un parc d&#8217;oliviers \u00e2g\u00e9s de 400 ans et offre 83 chambres.<\/p>\n","protected":false},"excerpt":{"rendered":"<p>Pr\u00e9sentation Le s\u00e9jour de printemps 2015 se d\u00e9roulera du 18 au 25 avril au \u00abDomaine de l&#8217;Olivaie\u00bb, centre de vacances UVLF (Union Loisirs Vacances Familles) \u00e0 Gilette, un petit village de l&#8217;arri\u00e8re-pays ni\u00e7ois perch\u00e9 sur les hauteurs (459 m) qui domine les vall\u00e9es du Var et de l&#8217;Est\u00e9ron. Ce village comptant 1500 \u00e2mes est situ\u00e9 [&hellip;]<\/p>\n","protected":false},"author":2001,"featured_media":0,"comment_status":"closed","ping_status":"closed","sticky":false,"template":"","format":"standard","meta":{"_acf_changed":false,"ub_ctt_via":"","_monsterinsights_skip_tracking":false,"_monsterinsights_sitenote_active":false,"_monsterinsights_sitenote_note":"","_monsterinsights_sitenote_category":0,"footnotes":""},"categories":[35],"tags":[],"acf":[],"featured_image_urls":{"full":"","thumbnail":"","medium":"","medium_large":"","large":"","1536x1536":"","2048x2048":"","woocommerce_thumbnail":"","woocommerce_single":"","woocommerce_gallery_thumbnail":""},"post_excerpt_stackable":"<p>Pr\u00e9sentation Le s\u00e9jour de printemps 2015 se d\u00e9roulera du 18 au 25 avril au \u00abDomaine de l&#8217;Olivaie\u00bb, centre de vacances UVLF (Union Loisirs Vacances Familles) \u00e0 Gilette, un petit village de l&#8217;arri\u00e8re-pays ni\u00e7ois perch\u00e9 sur les hauteurs (459 m) qui domine les vall\u00e9es du Var et de l&#8217;Est\u00e9ron. Ce village comptant 1500 \u00e2mes est situ\u00e9 \u00e0 35km de Nice et 30 km du Parc National du Mercantour cr\u00e9\u00e9 en 1979. Ce dernier faisant partie du projet \u00abAlpes de la Mer\u00bb associ\u00e9 \u00e0 d&#8217;autres espaces prot\u00e9g\u00e9s transfrontaliers est engag\u00e9 dans un processus de classement de son territoire au Patrimoine Mondial de\u2026<\/p>\n","category_list":"<a href=\"https:\/\/centcols.org\/backup\/categorie\/sejours\/\" rel=\"category tag\">S\u00e9jours<\/a>","author_info":{"display_name":"Webmestre","author_link":"https:\/\/centcols.org\/backup\/author\/webmestre\/"},"comments_num":"0 commentaire","featured_image_urls_v2":{"full":"","thumbnail":"","medium":"","medium_large":"","large":"","1536x1536":"","2048x2048":"","woocommerce_thumbnail":"","woocommerce_single":"","woocommerce_gallery_thumbnail":""},"post_excerpt_stackable_v2":"<p>Pr\u00e9sentation Le s\u00e9jour de printemps 2015 se d\u00e9roulera du 18 au 25 avril au \u00abDomaine de l&#8217;Olivaie\u00bb, centre de vacances UVLF (Union Loisirs Vacances Familles) \u00e0 Gilette, un petit village de l&#8217;arri\u00e8re-pays ni\u00e7ois perch\u00e9 sur les hauteurs (459 m) qui domine les vall\u00e9es du Var et de l&#8217;Est\u00e9ron. Ce village comptant 1500 \u00e2mes est situ\u00e9 \u00e0 35km de Nice et 30 km du Parc National du Mercantour cr\u00e9\u00e9 en 1979. Ce dernier faisant partie du projet \u00abAlpes de la Mer\u00bb associ\u00e9 \u00e0 d&#8217;autres espaces prot\u00e9g\u00e9s transfrontaliers est engag\u00e9 dans un processus de classement de son territoire au Patrimoine Mondial de\u2026<\/p>\n","category_list_v2":"<a href=\"https:\/\/centcols.org\/backup\/categorie\/sejours\/\" rel=\"category tag\">S\u00e9jours<\/a>","author_info_v2":{"name":"Webmestre","url":"https:\/\/centcols.org\/backup\/author\/webmestre\/"},"comments_num_v2":"0 commentaire","featured_image_src":null,"_links":{"self":[{"href":"https:\/\/centcols.org\/backup\/wp-json\/wp\/v2\/posts\/6259"}],"collection":[{"href":"https:\/\/centcols.org\/backup\/wp-json\/wp\/v2\/posts"}],"about":[{"href":"https:\/\/centcols.org\/backup\/wp-json\/wp\/v2\/types\/post"}],"author":[{"embeddable":true,"href":"https:\/\/centcols.org\/backup\/wp-json\/wp\/v2\/users\/2001"}],"replies":[{"embeddable":true,"href":"https:\/\/centcols.org\/backup\/wp-json\/wp\/v2\/comments?post=6259"}],"version-history":[{"count":0,"href":"https:\/\/centcols.org\/backup\/wp-json\/wp\/v2\/posts\/6259\/revisions"}],"wp:attachment":[{"href":"https:\/\/centcols.org\/backup\/wp-json\/wp\/v2\/media?parent=6259"}],"wp:term":[{"taxonomy":"category","embeddable":true,"href":"https:\/\/centcols.org\/backup\/wp-json\/wp\/v2\/categories?post=6259"},{"taxonomy":"post_tag","embeddable":true,"href":"https:\/\/centcols.org\/backup\/wp-json\/wp\/v2\/tags?post=6259"}],"curies":[{"name":"wp","href":"https:\/\/api.w.org\/{rel}","templated":true}]}}