{"id":63585,"date":"2022-05-27T16:36:28","date_gmt":"2022-05-27T14:36:28","guid":{"rendered":"https:\/\/centcols.org\/backup\/?p=63585"},"modified":"2023-05-21T08:54:10","modified_gmt":"2023-05-21T06:54:10","slug":"sejour-automne-2022-annecy","status":"publish","type":"post","link":"https:\/\/centcols.org\/backup\/sejour-automne-2022-annecy\/","title":{"rendered":"S\u00e9jour d&#8217;automne et Assembl\u00e9e G\u00e9n\u00e9rale pour le 50 i\u00e8me anniversaire de la confr\u00e9rie \u00e0 Annecy (Haute Savoie), du 04 au 06 novembre 2022"},"content":{"rendered":"<div><span style=\"color: #ff0000;\">Le bulletin d&#8217;inscription pour le s\u00e9jour d&#8217;automne suivi de l&#8217;Assembl\u00e9e g\u00e9n\u00e9rale \u00e0 Annecy joint avec la revue n&#8217;est pas bon. Il manque la possibilit\u00e9 de vous inscrire \u00e0 la visite du mus\u00e9e Paccard. La bonne version se trouve sur le site.<\/span><\/div>\n<div>\u00a0<\/div>\n<div><span style=\"color: #ff0000;\">Rappel concernant l&#8217;assurance Gritchen. Quelque soit le s\u00e9jour, les conditions g\u00e9n\u00e9rales et le calcul du montant sont identiques \u00e0 savoir c&#8217;est 2,34 % du montant des prestations avec un minimum de 8 euros pour une personne seule et 16 euros pour un couple. Dans le cas d&#8217;Annecy, le montant est de 8 euros pour une personne et 16 euros pour un couple.<\/span><\/div>\n<div>\u00a0<\/div>\n<p><span style=\"color: #808080;\">Ont contribu\u00e9 \u00e0 cette page de pr\u00e9sentation du s\u00e9jour les responsables informatiques, Enrico Alberini, Jean-Luc Matte et Christophe Badonnel<\/span><\/p>\n<div id=\"lmm_79d38d26\" style=\"width:100%;\" class=\"mapsmarker markermap marker-48\">\n<div id=\"lmm_panel_79d38d26\" class=\"lmm-panel\" style=\"background:#efefef;\">\n<div id=\"lmm_panel_api_79d38d26\" class=\"lmm-panel-api\"><a href=\"https:\/\/maps.google.com\/maps?daddr=Les+Balcons+du+Lac&amp;t=m&amp;layer=1&amp;doflg=ptk&amp;om=0\" target=\"_blank\" title=\"Obtenir l&#039;itin\u00e9raire\"><img loading=\"lazy\" decoding=\"async\" alt=\"icon-car.png\" src=\"https:\/\/centcols.org\/backup\/wp-content\/plugins\/leaflet-maps-marker\/inc\/img\/icon-car.png\" width=\"14\" height=\"14\" class=\"lmm-panel-api-images\" \/><\/a><\/div><div id=\"lmm_panel_text_79d38d26\" class=\"lmm-panel-text\" style=\"font-weight:bold;color:#373737;\">Les Balcons du Lac - Sevrier<\/div><\/div>\n<div id=\"lmm_map_79d38d26\" class=\"lmm-map\" style=\"background:#f6f6f6;border:1px solid #ccc;height:480px; overflow:hidden;padding:0;\"><p style=\"font-size:80%;color:#9f9e9e;margin-left:5px;\">chargement de la carte - veuillez patienter...<noscript><br\/><strong>La carte ne peut \u00eatre charg\u00e9e - s'il vous pla\u00eet activer Javascript !<\/strong><br\/><a style=\"text-decoration:none;\" href=\"https:\/\/www.mapsmarker.com\/js-disabled\" target=\"_blank\">&rarr; plus dginformations<\/a><\/noscript><\/p><\/div>\n<div id=\"lmm_geo_tags_79d38d26\" class=\"lmm-geo-tags geo\">\n<span class=\"paneltext\">Les Balcons du Lac - Sevrier<\/span>\n<span class=\"latitude\">45.838536<\/span>, <span class=\"longitude\">6.141454<\/span>\n<span class=\"popuptext\"><\/span>\n<\/div>\n<\/div>\n<p><span style=\"color: #000000;\">Vous trouverez ci-dessous les rubriques :<\/span><\/p>\n<ul>\n<li><span style=\"color: #000000;\">Pr\u00e9sentation de la r\u00e9gion<\/span><\/li>\n<li>Le programme<\/li>\n<li><span style=\"color: #000000;\">H\u00e9bergement<\/span><\/li>\n<li><span style=\"color: #000000;\">Note du Conseil d&#8217;Administration<\/span><\/li>\n<li><span style=\"color: #000000;\">Inscriptions<\/span><\/li>\n<li><span style=\"color: #000000;\">Assembl\u00e9e g\u00e9n\u00e9rale du Club des Cent Cols<br \/><\/span><\/li>\n<li>Remise des dipl\u00f4mes et brevets<\/li>\n<\/ul>\n\n\n<p><\/p>\n","protected":false},"excerpt":{"rendered":"<p>Le bulletin d&#8217;inscription pour le s\u00e9jour d&#8217;automne suivi de l&#8217;Assembl\u00e9e g\u00e9n\u00e9rale \u00e0 Annecy joint avec la revue n&#8217;est pas bon. Il manque la possibilit\u00e9 de vous inscrire \u00e0 la visite du mus\u00e9e Paccard. La bonne version se trouve sur le site. \u00a0 Rappel concernant l&#8217;assurance Gritchen. Quelque soit le s\u00e9jour, les conditions g\u00e9n\u00e9rales et le [&hellip;]<\/p>\n","protected":false},"author":75,"featured_media":0,"comment_status":"closed","ping_status":"closed","sticky":false,"template":"","format":"standard","meta":{"_acf_changed":false,"ub_ctt_via":"","_monsterinsights_skip_tracking":false,"_monsterinsights_sitenote_active":false,"_monsterinsights_sitenote_note":"","_monsterinsights_sitenote_category":0,"footnotes":""},"categories":[35],"tags":[],"acf":[],"featured_image_urls":{"full":"","thumbnail":"","medium":"","medium_large":"","large":"","1536x1536":"","2048x2048":"","woocommerce_thumbnail":"","woocommerce_single":"","woocommerce_gallery_thumbnail":""},"post_excerpt_stackable":"<p>Le bulletin d&#8217;inscription pour le s\u00e9jour d&#8217;automne suivi de l&#8217;Assembl\u00e9e g\u00e9n\u00e9rale \u00e0 Annecy joint avec la revue n&#8217;est pas bon. Il manque la possibilit\u00e9 de vous inscrire \u00e0 la visite du mus\u00e9e Paccard. La bonne version se trouve sur le site. \u00a0 Rappel concernant l&#8217;assurance Gritchen. Quelque soit le s\u00e9jour, les conditions g\u00e9n\u00e9rales et le calcul du montant sont identiques \u00e0 savoir c&#8217;est 2,34 % du montant des prestations avec un minimum de 8 euros pour une personne seule et 16 euros pour un couple. Dans le cas d&#8217;Annecy, le montant est de 8 euros pour une personne et 16\u2026<\/p>\n","category_list":"<a href=\"https:\/\/centcols.org\/backup\/categorie\/sejours\/\" rel=\"category tag\">S\u00e9jours<\/a>","author_info":{"display_name":"Christophe Badonnel","author_link":"https:\/\/centcols.org\/backup\/author\/5799\/"},"comments_num":"0 commentaire","featured_image_urls_v2":{"full":"","thumbnail":"","medium":"","medium_large":"","large":"","1536x1536":"","2048x2048":"","woocommerce_thumbnail":"","woocommerce_single":"","woocommerce_gallery_thumbnail":""},"post_excerpt_stackable_v2":"<p>Le bulletin d&#8217;inscription pour le s\u00e9jour d&#8217;automne suivi de l&#8217;Assembl\u00e9e g\u00e9n\u00e9rale \u00e0 Annecy joint avec la revue n&#8217;est pas bon. Il manque la possibilit\u00e9 de vous inscrire \u00e0 la visite du mus\u00e9e Paccard. La bonne version se trouve sur le site. \u00a0 Rappel concernant l&#8217;assurance Gritchen. Quelque soit le s\u00e9jour, les conditions g\u00e9n\u00e9rales et le calcul du montant sont identiques \u00e0 savoir c&#8217;est 2,34 % du montant des prestations avec un minimum de 8 euros pour une personne seule et 16 euros pour un couple. Dans le cas d&#8217;Annecy, le montant est de 8 euros pour une personne et 16\u2026<\/p>\n","category_list_v2":"<a href=\"https:\/\/centcols.org\/backup\/categorie\/sejours\/\" rel=\"category tag\">S\u00e9jours<\/a>","author_info_v2":{"name":"Christophe Badonnel","url":"https:\/\/centcols.org\/backup\/author\/5799\/"},"comments_num_v2":"0 commentaire","featured_image_src":null,"_links":{"self":[{"href":"https:\/\/centcols.org\/backup\/wp-json\/wp\/v2\/posts\/63585"}],"collection":[{"href":"https:\/\/centcols.org\/backup\/wp-json\/wp\/v2\/posts"}],"about":[{"href":"https:\/\/centcols.org\/backup\/wp-json\/wp\/v2\/types\/post"}],"author":[{"embeddable":true,"href":"https:\/\/centcols.org\/backup\/wp-json\/wp\/v2\/users\/75"}],"replies":[{"embeddable":true,"href":"https:\/\/centcols.org\/backup\/wp-json\/wp\/v2\/comments?post=63585"}],"version-history":[{"count":0,"href":"https:\/\/centcols.org\/backup\/wp-json\/wp\/v2\/posts\/63585\/revisions"}],"wp:attachment":[{"href":"https:\/\/centcols.org\/backup\/wp-json\/wp\/v2\/media?parent=63585"}],"wp:term":[{"taxonomy":"category","embeddable":true,"href":"https:\/\/centcols.org\/backup\/wp-json\/wp\/v2\/categories?post=63585"},{"taxonomy":"post_tag","embeddable":true,"href":"https:\/\/centcols.org\/backup\/wp-json\/wp\/v2\/tags?post=63585"}],"curies":[{"name":"wp","href":"https:\/\/api.w.org\/{rel}","templated":true}]}}