{"id":63669,"date":"2022-06-08T11:56:34","date_gmt":"2022-06-08T09:56:34","guid":{"rendered":"https:\/\/centcols.org\/backup\/?p=63669"},"modified":"2022-12-16T09:17:17","modified_gmt":"2022-12-16T08:17:17","slug":"les-boucles-du-massif-central","status":"publish","type":"post","link":"https:\/\/centcols.org\/backup\/les-boucles-du-massif-central\/","title":{"rendered":"Les Boucles du Massif Central"},"content":{"rendered":"<h2>Pr\u00e9sentation<\/h2>\r\n<p>Circuit de 1538 km se d\u00e9veloppant sur plusieurs d\u00e9partements, comprenant 14 boucles, 109 cols et 29165 m de d\u00e9nivel\u00e9 environ.<\/p>\r\n<p>Cette randonn\u00e9e 100 cols dans le Massif Central a \u00e9t\u00e9 trac\u00e9e par Jean-Marc Cl\u00e9ment de la Confr\u00e9rie des Cent Cols.<\/p>\r\n<h2>Parcours<\/h2>\r\n<p><iframe loading=\"lazy\" src=\"\/rando_perm\/carto\/mbtrp.php?rp=mfc\" width=\"800\" height=\"600\"><\/iframe><\/p>\r\n<p><a href=\"\/rando_perm\/inscription.php?rando=mfc\" target=\"_blank\" rel=\"noreferrer noopener\">Bulletin d&#8217;inscription<\/a><\/p>\r\n<h2>Th\u00e8me<\/h2>\r\n<p>Le Club des Cent Cols, fond\u00e9 en 1972, affili\u00e9 \u00e0 la <a href=\"http:\/\/ffct.org\/\" target=\"_blank\" rel=\"noreferrer noopener\">F\u00e9d\u00e9ration Fran\u00e7aise de Cyclotourisme<\/a> sous le N\u00b06384, vous propose cette randonn\u00e9e permanente bas\u00e9e sur un th\u00e8me simple : \u00ab Cent cols \u00bb.<\/p>\r\n<p>Cent cols, soit pour vous permettre d\u2019int\u00e9grer la Confr\u00e9rie des Cent Cols, soit pour vous permettre de progresser dans le \u00ab tableau d\u2019honneur \u00bb de la Confr\u00e9rie, de toute fa\u00e7on pour vous faire d\u00e9couvrir ou red\u00e9couvrir le Massif Central si riche en sites naturels ou historiques.<\/p>\r\n<h2>Contr\u00f4les<\/h2>\r\n<p>Quatorze contr\u00f4les sont obligatoires ; ils seront effectu\u00e9s en des points de parcours choisis par le randonneur lui-m\u00eame, un contr\u00f4le \u00e9tant effectu\u00e9 dans chaque boucle (les num\u00e9ros de boucles sont \u00e0 reporter sur la carte de route).<\/p>\r\n<p>Les boucles sont les suivantes et au d\u00e9part de :<\/p>\r\n<ol>\r\n<li>Pontgibaud : 90 km, 7 cols, D+ : 1110 m<\/li>\r\n<li>Orcival : 90,5 km, 7 cols, D+ : 1915 m<\/li>\r\n<li>Cournon d\u2019Auvergne :\u00a0 121 km, 6 cols, D+ : 2150 m<\/li>\r\n<li>Thiers : 102 km, 7cols, D+ : 1920 m<\/li>\r\n<li>Chalmazel : 98.5 km, 12 cols, D+ : 2075 m<\/li>\r\n<li>Ambert 1 : 114 km, 5 cols, D+ : 2295 m<\/li>\r\n<li>Ambert 2 : 103.5 km, 8 cols, D+ : 2000 m<\/li>\r\n<li>Langeac : 118,5 km; 5 cols, D+ : 1905 m<\/li>\r\n<li>Brives-Charensac : 123 km, 7 cols, D+ : 2355 m<\/li>\r\n<li>Allanche 1 : 108 km, 6 cols, D+ : 2100 m<\/li>\r\n<li>Allanche 2 : 124 km, 13 cols, D+ : 2430 m<\/li>\r\n<li>Vic-sur-C\u00e8re : 115 km, 8 cols, D+ : 2450 m<\/li>\r\n<li>Aurillac : 118 km, 9 cols, D+ : 2475 m<\/li>\r\n<li>Ch\u00e2teauneuf de Randon : 112 km, 9 cols, D+ : 1980 m<\/li>\r\n<\/ol>\r\n<h2>Quelques cols<\/h2>\r\n\r\n<ul>\r\n<li>Col de Ceyssat (63)<\/li>\r\n<li>Col de la Croix St Robert (63)<\/li>\r\n<li>Col de Ventouse (63)<\/li>\r\n<li>Col du Pertuis (63)<\/li>\r\n<li>Col de la Chamboite (42)<\/li>\r\n<li>Col de Chansert ((63)<\/li>\r\n<li>Col des Supeyres (63)<\/li>\r\n<li>Col de la Croix de l\u2019Arbre (43)<\/li>\r\n<li>Col de Rossignol (43)<\/li>\r\n<li>Col d\u2019Eylac (15)<\/li>\r\n<li>Col de Vestizoux (63)<\/li>\r\n<li>Col de Prat de Bouc (15)<\/li>\r\n<li>Pas de Peyrol (15)<\/li>\r\n<li>Col du Cheval Mort (48)<\/li>\r\n<\/ul>\r\n\r\n\r\n\r\n<h2 class=\"wp-block-heading\">Sites BCN et BPF sur le parcours<\/h2>\r\n\r\n\r\n\r\n<ul>\r\n<li>Orcival (63)<\/li>\r\n<li>Col de Ceyssat (63)<\/li>\r\n<li>Ch\u00e2teauneuf de Randon (48)<\/li>\r\n<li>Chalmazel (42)<\/li>\r\n<li>Thi\u00e9zac (15)<\/li>\r\n<\/ul>\r\n\r\n\r\n\r\n<h2 class=\"wp-block-heading\">R\u00e8gle du jeu des randonn\u00e9es permanentes<\/h2>\r\n\r\n\r\n\r\n<p>Tout participant \u00e0 cette randonn\u00e9e permanente s&#8217;engage \u00e0 respecter la <a href=\"\/rdj-randonnees-permanentes\/\">r\u00e8gle du jeu<\/a> la r\u00e9gissant.<\/p>\r\n\r\n\r\n\r\n<h2 class=\"wp-block-heading\">Pour plus d&#8217;information<\/h2>\r\n\r\n\r\n\r\n<h3 class=\"wp-block-heading\">S&#8217;adresser au responsable des randonn\u00e9es permanentes<\/h3>\r\n\r\n\r\n\r\n<p>Jean-Marc CLEMENT<br \/>10 rue de Normandie<br \/>31120 Portet sur Garonne<br \/>FRANCE<\/p>\r\n\r\n\r\n\r\n<p>T\u00e9l : +33 (0)5 61 76 30 12<br \/>E-mail : <a href=\"m&#97;i&#108;t&#111;&#58;ra&#110;d&#111;&#115;&#64;c&#101;ntc&#111;l&#115;.n&#101;&#116;&#32;\">r&#97;&#110;do&#115;&#64;cen&#116;&#99;&#111;ls.&#110;e&#116; <\/a><\/p>\r\n\r\n\r\n\r\n<p><strong>Attention : Vous voudrez bien envoyer vos cartes de route \u00e0 homologuer ainsi que vos cartes postales et vos r\u00e9cits de voyage uniquement au responsable des randonn\u00e9es permanentes actif au moment de cet envoi\u00a0et que vous trouverez sur le site des 100 COLS !<\/strong><\/p>\r\n","protected":false},"excerpt":{"rendered":"<p>Pr\u00e9sentation Circuit de 1538 km se d\u00e9veloppant sur plusieurs d\u00e9partements, comprenant 14 boucles, 109 cols et 29165 m de d\u00e9nivel\u00e9 environ. Cette randonn\u00e9e 100 cols dans le Massif Central a \u00e9t\u00e9 trac\u00e9e par Jean-Marc Cl\u00e9ment de la Confr\u00e9rie des Cent Cols. Parcours Bulletin d&#8217;inscription Th\u00e8me Le Club des Cent Cols, fond\u00e9 en 1972, affili\u00e9 \u00e0 [&hellip;]<\/p>\n","protected":false},"author":16,"featured_media":0,"comment_status":"closed","ping_status":"closed","sticky":false,"template":"","format":"standard","meta":{"_acf_changed":false,"ub_ctt_via":"","_monsterinsights_skip_tracking":false,"_monsterinsights_sitenote_active":false,"_monsterinsights_sitenote_note":"","_monsterinsights_sitenote_category":0,"footnotes":""},"categories":[65,39],"tags":[],"acf":[],"featured_image_urls":{"full":"","thumbnail":"","medium":"","medium_large":"","large":"","1536x1536":"","2048x2048":"","woocommerce_thumbnail":"","woocommerce_single":"","woocommerce_gallery_thumbnail":""},"post_excerpt_stackable":"<p>Pr\u00e9sentation Circuit de 1538 km se d\u00e9veloppant sur plusieurs d\u00e9partements, comprenant 14 boucles, 109 cols et 29165 m de d\u00e9nivel\u00e9 environ. Cette randonn\u00e9e 100 cols dans le Massif Central a \u00e9t\u00e9 trac\u00e9e par Jean-Marc Cl\u00e9ment de la Confr\u00e9rie des Cent Cols. Parcours Bulletin d&#8217;inscription Th\u00e8me Le Club des Cent Cols, fond\u00e9 en 1972, affili\u00e9 \u00e0 la F\u00e9d\u00e9ration Fran\u00e7aise de Cyclotourisme sous le N\u00b06384, vous propose cette randonn\u00e9e permanente bas\u00e9e sur un th\u00e8me simple : \u00ab Cent cols \u00bb. Cent cols, soit pour vous permettre d\u2019int\u00e9grer la Confr\u00e9rie des Cent Cols, soit pour vous permettre de progresser dans le \u00ab tableau\u2026<\/p>\n","category_list":"<a href=\"https:\/\/centcols.org\/backup\/categorie\/noflux\/\" rel=\"category tag\">NoFlux<\/a>, <a href=\"https:\/\/centcols.org\/backup\/categorie\/randonnees-permanentes\/\" rel=\"category tag\">Randonn\u00e9es permanentes<\/a>","author_info":{"display_name":"Daniel Bossard","author_link":"https:\/\/centcols.org\/backup\/author\/6053\/"},"comments_num":"0 commentaire","featured_image_urls_v2":{"full":"","thumbnail":"","medium":"","medium_large":"","large":"","1536x1536":"","2048x2048":"","woocommerce_thumbnail":"","woocommerce_single":"","woocommerce_gallery_thumbnail":""},"post_excerpt_stackable_v2":"<p>Pr\u00e9sentation Circuit de 1538 km se d\u00e9veloppant sur plusieurs d\u00e9partements, comprenant 14 boucles, 109 cols et 29165 m de d\u00e9nivel\u00e9 environ. Cette randonn\u00e9e 100 cols dans le Massif Central a \u00e9t\u00e9 trac\u00e9e par Jean-Marc Cl\u00e9ment de la Confr\u00e9rie des Cent Cols. Parcours Bulletin d&#8217;inscription Th\u00e8me Le Club des Cent Cols, fond\u00e9 en 1972, affili\u00e9 \u00e0 la F\u00e9d\u00e9ration Fran\u00e7aise de Cyclotourisme sous le N\u00b06384, vous propose cette randonn\u00e9e permanente bas\u00e9e sur un th\u00e8me simple : \u00ab Cent cols \u00bb. Cent cols, soit pour vous permettre d\u2019int\u00e9grer la Confr\u00e9rie des Cent Cols, soit pour vous permettre de progresser dans le \u00ab tableau\u2026<\/p>\n","category_list_v2":"<a href=\"https:\/\/centcols.org\/backup\/categorie\/noflux\/\" rel=\"category tag\">NoFlux<\/a>, <a href=\"https:\/\/centcols.org\/backup\/categorie\/randonnees-permanentes\/\" rel=\"category tag\">Randonn\u00e9es permanentes<\/a>","author_info_v2":{"name":"Daniel Bossard","url":"https:\/\/centcols.org\/backup\/author\/6053\/"},"comments_num_v2":"0 commentaire","featured_image_src":null,"_links":{"self":[{"href":"https:\/\/centcols.org\/backup\/wp-json\/wp\/v2\/posts\/63669"}],"collection":[{"href":"https:\/\/centcols.org\/backup\/wp-json\/wp\/v2\/posts"}],"about":[{"href":"https:\/\/centcols.org\/backup\/wp-json\/wp\/v2\/types\/post"}],"author":[{"embeddable":true,"href":"https:\/\/centcols.org\/backup\/wp-json\/wp\/v2\/users\/16"}],"replies":[{"embeddable":true,"href":"https:\/\/centcols.org\/backup\/wp-json\/wp\/v2\/comments?post=63669"}],"version-history":[{"count":0,"href":"https:\/\/centcols.org\/backup\/wp-json\/wp\/v2\/posts\/63669\/revisions"}],"wp:attachment":[{"href":"https:\/\/centcols.org\/backup\/wp-json\/wp\/v2\/media?parent=63669"}],"wp:term":[{"taxonomy":"category","embeddable":true,"href":"https:\/\/centcols.org\/backup\/wp-json\/wp\/v2\/categories?post=63669"},{"taxonomy":"post_tag","embeddable":true,"href":"https:\/\/centcols.org\/backup\/wp-json\/wp\/v2\/tags?post=63669"}],"curies":[{"name":"wp","href":"https:\/\/api.w.org\/{rel}","templated":true}]}}