{"id":63672,"date":"2022-06-08T12:29:11","date_gmt":"2022-06-08T10:29:11","guid":{"rendered":"https:\/\/centcols.org\/backup\/?p=63672"},"modified":"2022-12-16T09:15:12","modified_gmt":"2022-12-16T08:15:12","slug":"les-boucles-de-provence","status":"publish","type":"post","link":"https:\/\/centcols.org\/backup\/les-boucles-de-provence\/","title":{"rendered":"Les Boucles de Provence"},"content":{"rendered":"<h2>Pr\u00e9sentation<\/h2>\n<p>C\u2019est une randonn\u00e9e en 12 boucles totalisant 1 160 km, 115 cols (plus 9 en option) et une d\u00e9nivellation d\u2019au moins 20 300 m.<\/p>\n<p>10 boucles sont r\u00e9alisables toute l&#8217;ann\u00e9e, 2 (Le Ventoux et la Montagne de Lure) peuvent \u00eatre soumises en hiver \u00e0 des restrictions de circulation en fonction de l&#8217;enneigement,\u00a0mais toutes (et sp\u00e9cialement la derni\u00e8re sur des routes foresti\u00e8res\u00a0dans le massif de l&#8217;Esterel) se situent en Provence o\u00f9 les feux de for\u00eats peuvent \u00eatre ravageurs et limiter les acc\u00e8s. Se renseigner au pr\u00e9alable.<\/p>\n<p>Les 12 boucles se font au d\u00e9part de 6 \u00e9tapes o\u00f9 les h\u00e9bergements (h\u00f4tels, campings, g\u00eetes, maisons d\u2019h\u00f4tes&#8230;) ne manquent pas : Malauc\u00e8ne (84), Gordes (84), Forcalquier (04), Auriol (13), Grimaud (83) et Agay (83). Chaque jour vous revenez au point de d\u00e9part\u00a0: vous n\u2019avez pas besoin de pr\u00e9voir le barda n\u00e9cessaire pour voyager en autonomie, il vous suffit de votre \u00e9quipement de la journ\u00e9e, vous roulez \u00ab\u00a0l\u00e9ger\u00a0\u00bb.<\/p>\n<p>Notre randonn\u00e9e est accessible \u00e0 tout cyclotouriste un petit peu entra\u00een\u00e9, quel que soit son niveau physique\u00a0: la boucle la plus longue fait 122 km mais seulement 1170 m de d\u00e9nivel\u00e9, la plus difficile a un d\u00e9nivel\u00e9 de 2100\u00a0m pour 114 km. En moyenne, les boucles font 95 km et 1700 m de d\u00e9nivel\u00e9. Et, comme il s\u2019agit de boucles, des raccourcis sont quasiment toujours possibles<\/p>\n<p>Cette randonn\u00e9e a \u00e9t\u00e9 trac\u00e9e par Denis Chouquet-Stringer de la Confr\u00e9rie des Cent Cols.<\/p>\n<h2>Parcours<\/h2>\n<p><iframe loading=\"lazy\" src=\"\/rando_perm\/carto\/mbtrp.php?rp=pro\" width=\"800\" height=\"600\"><\/iframe><\/p>\n<p><a href=\"\/rando_perm\/inscription.php?rando=pro\" target=\"_blank\" rel=\"noreferrer noopener\">Bulletin d&#8217;inscription<\/a><\/p>\n<h2>Th\u00e8me<\/h2>\n<p>La Provence\u00a0? C\u2019est une terre de contraste.<\/p>\n<p>Son climat est m\u00e9diterran\u00e9en avec environ 300 jours de soleil par an, les hivers sont doux, les \u00e9t\u00e9s chauds et secs, mais parfois la fraicheur du mistral peut largement compenser les ardeurs du soleil.<\/p>\n<p>Le ciel est d\u2019un bleu profond, les effluves de lavande, les champs de plantes aromatiques, la garrigue, les vignes, les oliveraies, les ch\u00e2taigneraies, les ch\u00eanes li\u00e8ges, les pins sont des atouts embl\u00e9matiques de la Provence. Mais vous pourrez \u00eatre assourdis par les chants des cigales parfois vraiment violents.<\/p>\n<p>Nos Boucles de Provence vous feront d\u00e9couvrir toutes ces images classiques de la Provence en parcourant quelques-uns des massifs les plus embl\u00e9matiques\u00a0:<\/p>\n<ul>\n<li>Les dentelles de Montmirail<\/li>\n<li>Le Mont-Ventoux<\/li>\n<li>Les Alpilles<\/li>\n<li>La Montagne de Lure<\/li>\n<li>Le Luberon<\/li>\n<li>La Montagne Ste-Victoire<\/li>\n<li>La Ste-Beaume<\/li>\n<li>Les Calanques<\/li>\n<li>Les Maures<\/li>\n<li>L\u2019Esterel<\/li>\n<\/ul>\n<h2>Contr\u00f4les<\/h2>\n<p>12 contr\u00f4les sont obligatoires \u00e0 effectuer dans chacune des boucles en des points de parcours que vous choisirez vous-m\u00eames.<\/p>\n<ol>\n<li>Malauc\u00e8ne 1 (84) : 86 km, 13 cols, D+ : 1780 m<\/li>\n<li>Malauc\u00e8ne 2 (84) : 65 km, 5 cols, D+ : 2000 m<\/li>\n<li>Gordes 1 (84) : 122 km, 8 cols, D+ : 1170 m<\/li>\n<li>Gordes 2 (84) : 95 km, 9 cols, D+ : 1950 m<\/li>\n<li>Forcalquier 1 (04) : 106 km, 3 cols, D+ : 1930 m<\/li>\n<li>Forcalquier 2 (04) : 113 km, 5 cols, D+ : 1780 m<\/li>\n<li>Auriol 1 (13) : 112 km, 7 cols, D+ : 2100 m<\/li>\n<li>Auriol 2 (13) : 110 km, 12 cols, D+ : 2050 m<\/li>\n<li>Grimaud 1 (83) : 93 km, 10 cols, D+ : 1300 m<\/li>\n<li>Grimaud 2 (83) : 83 km, 10 cols, D+ : 1500 m<\/li>\n<li>Grimaud 3 (83) : 91 km, 6 cols, D+ : 1215 m<\/li>\n<li>Agay (83) : 85 km, 27 cols, D+ : 1530 m<\/li>\n<\/ol>\n<h2>Quelques cols<\/h2>\n\n\n<ul><li>Col de Suzette<\/li><li>Col des Temp\u00eates<\/li><li>Col de la Vay\u00e8de<\/li><li>Col de Murs<\/li><li>Col de la Ligne<\/li><li>Col de N-D des Abeilles<\/li><li>Pas de la Couelle (Petit-Galibier)<\/li><li>Col du Grand Sambuc<\/li><li>Col de l&#8217;Espigoulier<\/li><li>Col de la Gineste<\/li><li>Col du Canadel<\/li><li>Col de Babaou<\/li><li>Col de Gratteloup<\/li><\/ul>\n\n\n\n<h2 class=\"wp-block-heading\">Sites BCN et BPF sur le parcours<\/h2>\n\n\n\n<ul><li>Vaison La Romaine<\/li><li>Mont Ventoux<\/li><li>Gordes<\/li><li>Les Baux de Provence<\/li><li>Forcalquier<\/li><li>Plan d&#8217;Aups &#8211; Ste Baume<\/li><li>Cassis<\/li><li>Collobri\u00e8res<\/li><li>La Garde Freinet<\/li><\/ul>\n\n\n\n<h2 class=\"wp-block-heading\">R\u00e8gle du jeu des randonn\u00e9es permanentes<\/h2>\n\n\n\n<p>Tout participant \u00e0 cette randonn\u00e9e permanente s&#8217;engage \u00e0 respecter la <a href=\"\/rdj-randonnees-permanentes\/\">r\u00e8gle du jeu<\/a> la r\u00e9gissant.<\/p>\n\n\n\n<h2 class=\"wp-block-heading\">Pour plus d&#8217;information<\/h2>\n\n\n\n<h3 class=\"wp-block-heading\">S&#8217;adresser au responsable des randonn\u00e9es permanentes<\/h3>\n\n\n\n<p>Jean-Marc CLEMENT<br>10 rue de Normandie<br>31120 Portet sur Garonne<br>FRANCE<\/p>\n\n\n\n<p>T\u00e9l : +33 (0)5 61 76 30 12<br>E-mail : <a href=\"&#109;ailt&#111;&#58;&#114;&#97;ndos&#64;&#99;e&#110;&#116;c&#111;l&#115;&#46;&#110;&#101;t \">&#114;&#97;&#110;d&#111;&#115;&#64;cen&#116;c&#111;ls&#46;&#110;et&#32;<\/a><\/p>\n\n\n\n<p><strong>Attention : Vous voudrez bien envoyer vos cartes de route \u00e0 homologuer ainsi que vos cartes postales et vos r\u00e9cits de voyage uniquement au responsable des randonn\u00e9es permanentes actif au moment de cet envoi&nbsp;et que vous trouverez sur le site des 100 COLS !<\/strong><\/p>\n","protected":false},"excerpt":{"rendered":"<p>Pr\u00e9sentation C\u2019est une randonn\u00e9e en 12 boucles totalisant 1 160 km, 115 cols (plus 9 en option) et une d\u00e9nivellation d\u2019au moins 20 300 m. 10 boucles sont r\u00e9alisables toute l&#8217;ann\u00e9e, 2 (Le Ventoux et la Montagne de Lure) peuvent \u00eatre soumises en hiver \u00e0 des restrictions de circulation en fonction de l&#8217;enneigement,\u00a0mais toutes (et [&hellip;]<\/p>\n","protected":false},"author":16,"featured_media":0,"comment_status":"closed","ping_status":"closed","sticky":false,"template":"","format":"standard","meta":{"_acf_changed":false,"ub_ctt_via":"","_monsterinsights_skip_tracking":false,"_monsterinsights_sitenote_active":false,"_monsterinsights_sitenote_note":"","_monsterinsights_sitenote_category":0,"footnotes":""},"categories":[65,39],"tags":[],"acf":[],"featured_image_urls":{"full":"","thumbnail":"","medium":"","medium_large":"","large":"","1536x1536":"","2048x2048":"","woocommerce_thumbnail":"","woocommerce_single":"","woocommerce_gallery_thumbnail":""},"post_excerpt_stackable":"<p>Pr\u00e9sentation C\u2019est une randonn\u00e9e en 12 boucles totalisant 1 160 km, 115 cols (plus 9 en option) et une d\u00e9nivellation d\u2019au moins 20 300 m. 10 boucles sont r\u00e9alisables toute l&#8217;ann\u00e9e, 2 (Le Ventoux et la Montagne de Lure) peuvent \u00eatre soumises en hiver \u00e0 des restrictions de circulation en fonction de l&#8217;enneigement,\u00a0mais toutes (et sp\u00e9cialement la derni\u00e8re sur des routes foresti\u00e8res\u00a0dans le massif de l&#8217;Esterel) se situent en Provence o\u00f9 les feux de for\u00eats peuvent \u00eatre ravageurs et limiter les acc\u00e8s. Se renseigner au pr\u00e9alable. Les 12 boucles se font au d\u00e9part de 6 \u00e9tapes o\u00f9 les h\u00e9bergements (h\u00f4tels,\u2026<\/p>\n","category_list":"<a href=\"https:\/\/centcols.org\/backup\/categorie\/noflux\/\" rel=\"category tag\">NoFlux<\/a>, <a href=\"https:\/\/centcols.org\/backup\/categorie\/randonnees-permanentes\/\" rel=\"category tag\">Randonn\u00e9es permanentes<\/a>","author_info":{"display_name":"Daniel Bossard","author_link":"https:\/\/centcols.org\/backup\/author\/6053\/"},"comments_num":"0 commentaire","featured_image_urls_v2":{"full":"","thumbnail":"","medium":"","medium_large":"","large":"","1536x1536":"","2048x2048":"","woocommerce_thumbnail":"","woocommerce_single":"","woocommerce_gallery_thumbnail":""},"post_excerpt_stackable_v2":"<p>Pr\u00e9sentation C\u2019est une randonn\u00e9e en 12 boucles totalisant 1 160 km, 115 cols (plus 9 en option) et une d\u00e9nivellation d\u2019au moins 20 300 m. 10 boucles sont r\u00e9alisables toute l&#8217;ann\u00e9e, 2 (Le Ventoux et la Montagne de Lure) peuvent \u00eatre soumises en hiver \u00e0 des restrictions de circulation en fonction de l&#8217;enneigement,\u00a0mais toutes (et sp\u00e9cialement la derni\u00e8re sur des routes foresti\u00e8res\u00a0dans le massif de l&#8217;Esterel) se situent en Provence o\u00f9 les feux de for\u00eats peuvent \u00eatre ravageurs et limiter les acc\u00e8s. Se renseigner au pr\u00e9alable. Les 12 boucles se font au d\u00e9part de 6 \u00e9tapes o\u00f9 les h\u00e9bergements (h\u00f4tels,\u2026<\/p>\n","category_list_v2":"<a href=\"https:\/\/centcols.org\/backup\/categorie\/noflux\/\" rel=\"category tag\">NoFlux<\/a>, <a href=\"https:\/\/centcols.org\/backup\/categorie\/randonnees-permanentes\/\" rel=\"category tag\">Randonn\u00e9es permanentes<\/a>","author_info_v2":{"name":"Daniel Bossard","url":"https:\/\/centcols.org\/backup\/author\/6053\/"},"comments_num_v2":"0 commentaire","featured_image_src":null,"_links":{"self":[{"href":"https:\/\/centcols.org\/backup\/wp-json\/wp\/v2\/posts\/63672"}],"collection":[{"href":"https:\/\/centcols.org\/backup\/wp-json\/wp\/v2\/posts"}],"about":[{"href":"https:\/\/centcols.org\/backup\/wp-json\/wp\/v2\/types\/post"}],"author":[{"embeddable":true,"href":"https:\/\/centcols.org\/backup\/wp-json\/wp\/v2\/users\/16"}],"replies":[{"embeddable":true,"href":"https:\/\/centcols.org\/backup\/wp-json\/wp\/v2\/comments?post=63672"}],"version-history":[{"count":0,"href":"https:\/\/centcols.org\/backup\/wp-json\/wp\/v2\/posts\/63672\/revisions"}],"wp:attachment":[{"href":"https:\/\/centcols.org\/backup\/wp-json\/wp\/v2\/media?parent=63672"}],"wp:term":[{"taxonomy":"category","embeddable":true,"href":"https:\/\/centcols.org\/backup\/wp-json\/wp\/v2\/categories?post=63672"},{"taxonomy":"post_tag","embeddable":true,"href":"https:\/\/centcols.org\/backup\/wp-json\/wp\/v2\/tags?post=63672"}],"curies":[{"name":"wp","href":"https:\/\/api.w.org\/{rel}","templated":true}]}}