





{"id":64153,"date":"2022-09-15T18:44:53","date_gmt":"2022-09-15T16:44:53","guid":{"rendered":"https:\/\/centcols.org\/backup\/?p=64153"},"modified":"2022-12-11T13:59:52","modified_gmt":"2022-12-11T12:59:52","slug":"assemblee-generale-annecy-5-novembre-2022","status":"publish","type":"post","link":"https:\/\/centcols.org\/backup\/assemblee-generale-annecy-5-novembre-2022\/","title":{"rendered":"Assembl\u00e9e G\u00e9n\u00e9rale du Club des Cent Cols, Annecy (Haute-Savoie) le 5 novembre 2022"},"content":{"rendered":"\n<h2 class=\"kt-adv-heading_56406b-a3 wp-block-kadence-advancedheading\" data-kb-block=\"kb-adv-heading_56406b-a3\">Compte-rendu <\/h2>\n\n\n\n<p><strong>Annecy, Imperial Palace, 5 novembre 2022<\/strong><\/p>\n<p>Le Pr\u00e9sident, Enrico ALBERINI, ouvre l\u2019Assembl\u00e9e G\u00e9n\u00e9rale \u00e0 14 h.<\/p>\n<p>Il remercie de leur pr\u00e9sence <br>Martine CANO, Pr\u00e9sidente de la FFCT, <br>Catherine BORGEAIS-ROUET, Pr\u00e9sidente du COREG Aura (Auvergne-Rh\u00f4ne-Alpes) et du CODEP74,<br>Antoine ARMAND, d\u00e9put\u00e9 de la circonscription d\u2019Annecy.<\/p>\n<p>Apr\u00e8s son rapport moral (voir dans l\u2019ICC d\u2019octobre 2022), il passe la parole \u00e0 Herv\u00e9 RETI\u00c8RE, le secr\u00e9taire du club, pour le rapport d\u2019activit\u00e9 du club. Rapport qui servira de base \u00e0 une pr\u00e9sentation plus compl\u00e8te qui pourra \u00eatre utilis\u00e9e notamment \u00e0 l\u2019ext\u00e9rieur du club. Elle figure ici :<\/p>\n<p><a href=\"https:\/\/centcols.org\/backup\/wp-content\/uploads\/2022\/11\/intervention-HR-AG-ccc-2022.movie_.mp4\">Pr\u00e9sentation de l\u2019activit\u00e9 du club<\/a><\/p>\n<p>S\u00e9bastien VADOT, le tr\u00e9sorier, pr\u00e9sente ensuite le rapport financier puis les comptes pr\u00e9visionnels.<\/p>\n<p><a href=\"https:\/\/centcols.org\/backup\/wp-content\/uploads\/2022\/11\/intervention-sv-ag-ccc-2022.movie_.mp4\">Pr\u00e9sentation du rapport financier<\/a><\/p>\n<p>Prennent la parole Alain LAXENAIRE et Michel MATHIEU, verificateurs aux comptes pour pr\u00e9senter leur rapport.<\/p>\n<p>Le pr\u00e9sident prend ensuite la parole pour annoncer les r\u00e9sultats des votes en soulignant l\u2019augmentation significative du nombre de votants pour l\u2019ann\u00e9e 2022&nbsp;: 899 votants. A comparer aux 466 votants de 2021, soit une augmentation de 93 %.<\/p>\n<p>Les r\u00e9sultats&nbsp;:<\/p>\n<p>Nombre d&#8217;inscrits : 1974<br>Nombre de votants : 899<br>Participation : 45,6 %<\/p>\n\n\n\n<figure class=\"wp-block-table is-style-stripes\"><table><tbody><tr><td><\/td><td class=\"has-text-align-center\" data-align=\"center\"><strong>Oui<\/strong><\/td><td class=\"has-text-align-center\" data-align=\"center\"><strong>Non<\/strong><\/td><td class=\"has-text-align-center\" data-align=\"center\"><strong>Blancs<\/strong><\/td><td class=\"has-text-align-center\" data-align=\"center\"><strong>Nuls<\/strong><\/td><\/tr><tr><td><strong>Rapport moral<\/strong><\/td><td class=\"has-text-align-center\" data-align=\"center\"><strong>871<\/strong><\/td><td class=\"has-text-align-center\" data-align=\"center\"><strong>10<\/strong><\/td><td class=\"has-text-align-center\" data-align=\"center\"><strong>13<\/strong><\/td><td class=\"has-text-align-center\" data-align=\"center\"><strong>5<\/strong><\/td><\/tr><tr><td><\/td><td class=\"has-text-align-center\" data-align=\"center\"><em>96.9 %<\/em><\/td><td class=\"has-text-align-center\" data-align=\"center\"><em>1.1 %<\/em><\/td><td class=\"has-text-align-center\" data-align=\"center\"><em>1.4 %<\/em><\/td><td class=\"has-text-align-center\" data-align=\"center\"><em>0.6 %<\/em><\/td><\/tr><tr><td><strong>Rapport d&#8217;activit\u00e9<\/strong><\/td><td class=\"has-text-align-center\" data-align=\"center\"><strong>872<\/strong><\/td><td class=\"has-text-align-center\" data-align=\"center\"><strong>8<\/strong><\/td><td class=\"has-text-align-center\" data-align=\"center\"><strong>14<\/strong><\/td><td class=\"has-text-align-center\" data-align=\"center\"><strong>5<\/strong><\/td><\/tr><tr><td><\/td><td class=\"has-text-align-center\" data-align=\"center\"><em>97.0 %<\/em><\/td><td class=\"has-text-align-center\" data-align=\"center\"><em>0.9 %<\/em><\/td><td class=\"has-text-align-center\" data-align=\"center\"><em>1.5 %<\/em><\/td><td class=\"has-text-align-center\" data-align=\"center\"><em>0.6 %<\/em><\/td><\/tr><tr><td><strong>Rapport financier<\/strong><\/td><td class=\"has-text-align-center\" data-align=\"center\"><strong>876<\/strong><\/td><td class=\"has-text-align-center\" data-align=\"center\"><strong>8<\/strong><\/td><td class=\"has-text-align-center\" data-align=\"center\"><strong>10<\/strong><\/td><td class=\"has-text-align-center\" data-align=\"center\"><strong>5<\/strong><\/td><\/tr><tr><td><\/td><td class=\"has-text-align-center\" data-align=\"center\"><em>97.4 %<\/em><\/td><td class=\"has-text-align-center\" data-align=\"center\"><em>0.9 %<\/em><\/td><td class=\"has-text-align-center\" data-align=\"center\"><em>1.1 %<\/em><\/td><td class=\"has-text-align-center\" data-align=\"center\"><em>0.6 %<\/em><\/td><\/tr><\/tbody><\/table><\/figure>\n\n\n\n<p>La partie statutaire \u00e9tant termin\u00e9e, le Pr\u00e9sident passe la parole \u00e0 Graham CUTTING qui annonce la fin d\u2019un chantier titanesque : l\u2019\u00e9laboration des catalogues de cols du monde entier.<\/p>\n<p><a href=\"https:\/\/centcols.org\/backup\/wp-content\/uploads\/2022\/11\/intervention-graham-ag-ccc-2022.movie_.mp4\">Intervention de Graham Cutting<\/a>.<\/p>\n<p>Puis, Didier R\u00c9MOND, pr\u00e9sente le futur s\u00e9jour d\u2019\u00e9t\u00e9 2023 \u00e0 Praz-sur-Arly (pr\u00e9sentation \u00e0 venir sur le site du club).<\/p>\n<p>Le Pr\u00e9sident pr\u00e9sente ensuite \u00e0 l\u2019Assembl\u00e9e Christophe MARCHAL, le 8.000\u00e8me membre du club.<\/p>\n<p><a href=\"https:\/\/centcols.org\/backup\/wp-content\/uploads\/2022\/11\/ccc-christophe-marchal-8000.movie_.mp4\">Pr\u00e9sentation de Christophe Marchal<\/a>.<\/p>\n<p>Puis il remet aux DT Pierre MAI, Didier R\u00c9MOND, G\u00e9rard FILLION-ROBIN et Alain GILLODES un dipl\u00f4me pour services rendus.<\/p>\n<p><a href=\"https:\/\/centcols.org\/backup\/wp-content\/uploads\/2022\/11\/ccc-dt-brevetes.movie_.mp4\">Remises des dipl\u00f4mes de Services Rendus aux DT.<\/a><\/p>\n<p>Jean PERDOUX, fondateur du Club et Pr\u00e9sident d\u2019honneur, prend ensuite la parole.<\/p>\n<p><a href=\"https:\/\/centcols.org\/backup\/wp-content\/uploads\/2022\/11\/ccc-jean-perdoux.movie1_-1.mp4\">Intervention de Jean Perdoux \u2013 Partie 1<\/a><\/p>\n<p><a href=\"https:\/\/centcols.org\/backup\/ccc-jean-perdoux-movie2\/\">Intervention de Jean Perdoux&nbsp; &#8211; Partie 2<\/a><\/p>\n<p>La parole est ensuite donn\u00e9e \u00e0 Henri DUSSEAU \u2013 Pr\u00e9sident Honoris Causa<\/p>\n<p><a href=\"https:\/\/centcols.org\/backup\/wp-content\/uploads\/2022\/11\/ccc-henri-dusseau.mp4\">Intervention de Henri Dusseau<\/a><\/p>\n<p>Les 3 derniers pr\u00e9sidents compl\u00e8tent alors chacun pour ce qui les concerne cet historique des 50 ans du Club.<\/p>\n<p><a href=\"https:\/\/centcols.org\/backup\/wp-content\/uploads\/2022\/11\/ccc-claude-benistrand.mp4\">Intervention de Claude B\u00e9nistrand<\/a> \u2013 Pr\u00e9sident de 2001 \u00e0 2009<\/p>\n<p><a href=\"https:\/\/centcols.org\/backup\/wp-content\/uploads\/2022\/11\/ccc-regis-paraz.movie_.mp4\">Intervention de R\u00e9gis Paraz<\/a> \u2013 Pr\u00e9sident de 2009 \u00e0 2017<\/p>\n<p><a href=\"https:\/\/centcols.org\/backup\/wp-content\/uploads\/2022\/11\/intervention-BG-AG-ccc-2022.movie_-1.mp4\">Intervention de Bernard Giraudeau<\/a> \u2013 Pr\u00e9sident de 2017 \u00e0 2021.<\/p>\n<p>&nbsp;<\/p>\n<p>Pendant la pause, projection du diaporama de Claude MABILLOT lors de la concentration Auvergne au Col de la Croix des Gardes le 17 septembre 2022.<\/p>\n<p>&nbsp;<\/p>\n<p>A la reprise, <a href=\"https:\/\/centcols.org\/backup\/wp-content\/uploads\/2022\/11\/Video-daniel-Gobert.mp4\">intervention vid\u00e9o enregistr\u00e9e de Daniel Gobert<\/a>, Pr\u00e9sident du BIG (Brevet International du Grimpeur)<\/p>\n<p>Puis successivement, prennent la parole&nbsp;:<\/p>\n<p>Eric THOUVENIN, Pr\u00e9sident et fondateur de Openrunner<\/p>\n<p>Michel ROUGERT (vice-pr\u00e9sident du Cosfic 2024, organisateur de la Semaine F\u00e9d\u00e9rale 2024 de la FFCT)<\/p>\n<p>Catherine BORGEAIS-ROUET, Pr\u00e9sidente du COREG Aura (Auvergne-Rh\u00f4ne-Alpes) et du CODEP74<\/p>\n<p>Martine CANO, Pr\u00e9sidente de la FFCT donnera son t\u00e9moignage final au cinquantenaire du club.<\/p>\n<p>Et, Enrico ALBERINI conclura enfin cette Assembl\u00e9e G\u00e9n\u00e9rale extraordinaire en conviant l\u2019assistance \u00e0 un vin d\u2019honneur.<\/p>\n<p>&nbsp;<\/p>\n<p>&nbsp;<\/p>\n\n\n\n<h2 class=\"wp-block-heading\">Le compte rendu de l&#8217;Assembl\u00e9e G\u00e9n\u00e9rale : annexes<\/h2>\n\n\n\n<p><a href=\"https:\/\/centcols.org\/backup\/wp-content\/uploads\/2022\/11\/ccc-jean-perdoux-bon-wagon.movie_.mp4\">Le Lac d&#8217;Annecy, la piste cyclable<\/a> expliqu\u00e9s par Jean PERDOUX lors de l&#8217;arr\u00eat au Bon Wagon pendant le tour du lac du dimanche matin.<\/p>\n<p><a href=\"https:\/\/centcols.org\/backup\/?page_id=66811\">Les tables au d\u00eener apr\u00e8s l&#8217;Assembl\u00e9e g\u00e9n\u00e9rale<\/a>\u00a0<\/p>\n<p><a href=\"https:\/\/centcols.org\/backup\/assemblee-generale-5-novembre-2022-lalbum-photo-de-bernard-corbet-2\/\">L&#8217;album photo de Bernard Corbet<\/a><\/p>\n<p><a href=\"https:\/\/centcols.org\/backup\/assemblee-generale-5-novembre-2022-lalbum-photo-de-pierre-mai\/\">L&#8217;album photo de Pierre Mai<\/a><\/p>\n<p><a href=\"https:\/\/love-velo.fr\/ag-du-cinquantenaire-du-club-des-cent-cols-2022\/\">L&#8217;AG sur le blog de Guy Garcin<\/a><\/p>\n\n\n\n<h2 class=\"wp-block-heading\">Assembl\u00e9e g\u00e9n\u00e9rale 2022<\/h2>\n\n\n\n<p>L&#8217;Assembl\u00e9e g\u00e9n\u00e9rale 2022 se tiendra \u00e0 Annecy (salle de l&#8217;Imp\u00e9rial Palace  le samedi 5 novembre 2022 \u00e0 14 h <\/p>\n\n\n\n<p>Pour participer au s\u00e9jour qui lui est associ\u00e9, rendez-vous sur la page <strong><a href=\"https:\/\/centcols.org\/backup\/categorie\/sejours\/\">S\u00e9jours<\/a><\/strong>&nbsp;du site<\/p>\n\n\n\n<p>Imp\u00e9rial Palace- Annecy<br>All. de l&#8217;Imp\u00e9rial, <br>74000 Annecy, Francia<br>T\u00e9l : <a href=\"https:\/\/www.google.com\/search?q=imperial+annecy&amp;oq=imperial+annecy&amp;aqs=chrome.0.0i355i512j46i175i199i512j0i22i30l8.7194j0j4&amp;sourceid=chrome&amp;ie=UTF-8#\">+33 (0) 4 50 09 30 00<\/a><br>https:\/\/www.hotel-imperial-palace.com\/<\/p>\n\n\n\n\n\n\t\t\t\t<div id=\"map_ol3js_1\" class=\"map undefined\" data-map_name=\"undefined\" data-map=\"map_ol3js_1\" style=\"width:95%; max-width:100%; height:450px; display:block; overflow:hidden;border:thin solid blue;\" >\n\t\t\t\t  <div id=\"map_ol3js_1_popup\" class=\"ol-popup\" >\n\t\t\t\t\t<a href=\"#\" id=\"map_ol3js_1_popup-closer\" class=\"ol-popup-closer\"><\/a>\n\t\t\t\t\t<div id=\"map_ol3js_1_popup-content\" ><\/div>\n\t\t\t\t  <\/div>\n\t\t\t\t<\/div>\n\t\t\t\n\t\t\t\t<link rel=\"stylesheet\" href=\"https:\/\/centcols.org\/backup\/wp-content\/plugins\/osm\/js\/OL\/7.1.0\/ol.css?ver=7.1.0\" type=\"text\/css\">\n\t\t\t\t<link rel=\"stylesheet\" href=\"https:\/\/centcols.org\/backup\/wp-content\/plugins\/osm\/css\/osm_map_v3.css?ver=1.0.0\" type=\"text\/css\">\n\t\t\t\t<link rel=\"stylesheet\" href=\"https:\/\/centcols.org\/backup\/wp-content\/plugins\/osm\/css\/osm_map.css?ver=1.0.0\" type=\"text\/css\">\n\t\t\t\t<!-- The line below is only needed for old environments like Internet Explorer and Android 4.x -->\n                                <script src=\"https:\/\/centcols.org\/backup\/wp-content\/plugins\/osm\/js\/polyfill\/v2\/polyfill.min.js?features=requestAnimationFrame,Element.prototype.classList,URL\"><\/script>\n\n\t\t\t\t<script src=\"https:\/\/centcols.org\/backup\/wp-content\/plugins\/osm\/js\/OL\/7.1.0\/ol.js?ver=7.1.0\" type=\"text\/javascript\"><\/script>\n\t\t\t\t<script src=\"https:\/\/centcols.org\/backup\/wp-content\/plugins\/osm\/js\/osm-v3-plugin-lib.js?ver=1.0.0\" type=\"text\/javascript\"><\/script>\n\t\t\t\t<script src=\"https:\/\/centcols.org\/backup\/wp-content\/plugins\/osm\/js\/osm-metabox-events.js?ver=1.0.0\" type=\"text\/javascript\"><\/script>\n\t\t\t\t<script src=\"https:\/\/centcols.org\/backup\/wp-content\/plugins\/osm\/js\/osm-startup-lib.js\" type=\"text\/javascript\"><\/script>\n\t\t\t\t<script type=\"text\/javascript\">\n\t\t\t\t\ttranslations['openlayer'] = \"open layer\";\n\t\t\t\t\ttranslations['openlayerAtStartup'] = \"open layer at startup\";\n\t\t\t\t\ttranslations['generateLink'] = \"link to this map with opened layers\";\n\t\t\t\t\ttranslations['shortDescription'] = \"short description\";\n\t\t\t\t\ttranslations['generatedShortCode'] = \"to get a text control link paste this code in your wordpress editor\";\n\t\t\t\t\ttranslations['closeLayer'] = \"close layer\";\n\t\t\t\t\ttranslations['cantGenerateLink'] = \"put this string in the existing map short code to control this map\";\n\t\t\t  <\/script>\n\n\n\t\t\t  <script type=\"text\/javascript\">\n\t\t\t  vectorM['map_ol3js_1'] = [];\n\t        \n        var raster = getTileLayer(\"osm\",\"NoKey\");\t\t\t\n\n\t\t\t  var map_ol3js_1 = new ol.Map({\n\t\t\t\tinteractions: ol.interaction.defaults.defaults({mouseWheelZoom:false}),\n\t\t\t\tlayers: [raster],\n\t\t\t\ttarget: \"map_ol3js_1\",\n\t\t\t\tview: new ol.View({\n\t\t\t\t  center: ol.proj.transform([6.1434,45.9047], \"EPSG:4326\", \"EPSG:3857\"),\n\t\t\t\t  zoom: 16.9\n\t\t\t\t})\n\t\t\t  });\n\t\t\t  osm_addMarkerLayer(map_ol3js_1,6.1433,45.9050,\"https:\/\/centcols.org\/backup\/wp-content\/plugins\/osm\/icons\/mic_black_townhall_10.png\",-16,-41,\"<p><\/p>\") ; \naddControls2Map(map_ol3js_1,1,1,3,1,5,6,7,1,1);\nosm_addPopupClickhandler(map_ol3js_1,  \"map_ol3js_1\"); \nosm_addMouseHover(map_ol3js_1); <\/script>\n\n\n\n<p><br><\/p>\n","protected":false},"excerpt":{"rendered":"<p>Annecy, Imperial Palace, 5 novembre 2022 Le Pr\u00e9sident, Enrico ALBERINI, ouvre l\u2019Assembl\u00e9e G\u00e9n\u00e9rale \u00e0 14 h. Il remercie de leur pr\u00e9sence Martine CANO, Pr\u00e9sidente de la FFCT, Catherine BORGEAIS-ROUET, Pr\u00e9sidente du COREG Aura (Auvergne-Rh\u00f4ne-Alpes) et du CODEP74,Antoine ARMAND, d\u00e9put\u00e9 de la circonscription d\u2019Annecy. Apr\u00e8s son rapport moral (voir dans l\u2019ICC d\u2019octobre 2022), il passe la [&hellip;]<\/p>\n","protected":false},"author":69,"featured_media":0,"comment_status":"closed","ping_status":"closed","sticky":false,"template":"","format":"standard","meta":{"_acf_changed":false,"ub_ctt_via":"","_monsterinsights_skip_tracking":false,"_monsterinsights_sitenote_active":false,"_monsterinsights_sitenote_note":"","_monsterinsights_sitenote_category":0,"footnotes":""},"categories":[14,1],"tags":[],"acf":[],"featured_image_urls":{"full":"","thumbnail":"","medium":"","medium_large":"","large":"","1536x1536":"","2048x2048":"","woocommerce_thumbnail":"","woocommerce_single":"","woocommerce_gallery_thumbnail":""},"post_excerpt_stackable":"<p>Compte-rendu Annecy, Imperial Palace, 5 novembre 2022 Le Pr\u00e9sident, Enrico ALBERINI, ouvre l\u2019Assembl\u00e9e G\u00e9n\u00e9rale \u00e0 14 h. Il remercie de leur pr\u00e9sence Martine CANO, Pr\u00e9sidente de la FFCT, Catherine BORGEAIS-ROUET, Pr\u00e9sidente du COREG Aura (Auvergne-Rh\u00f4ne-Alpes) et du CODEP74,Antoine ARMAND, d\u00e9put\u00e9 de la circonscription d\u2019Annecy. Apr\u00e8s son rapport moral (voir dans l\u2019ICC d\u2019octobre 2022), il passe la parole \u00e0 Herv\u00e9 RETI\u00c8RE, le secr\u00e9taire du club, pour le rapport d\u2019activit\u00e9 du club. Rapport qui servira de base \u00e0 une pr\u00e9sentation plus compl\u00e8te qui pourra \u00eatre utilis\u00e9e notamment \u00e0 l\u2019ext\u00e9rieur du club. Elle figure ici : Pr\u00e9sentation de l\u2019activit\u00e9 du club S\u00e9bastien VADOT,\u2026<\/p>\n","category_list":"<a href=\"https:\/\/centcols.org\/backup\/categorie\/assemblees-generales\/\" rel=\"category tag\">Assembl\u00e9es g\u00e9n\u00e9rales<\/a>, <a href=\"https:\/\/centcols.org\/backup\/categorie\/non-classifiee\/\" rel=\"category tag\">Non classifi\u00e9(e)<\/a>","author_info":{"display_name":"Enrico Alberini","author_link":"https:\/\/centcols.org\/backup\/author\/5065\/"},"comments_num":"0 commentaire","featured_image_urls_v2":{"full":"","thumbnail":"","medium":"","medium_large":"","large":"","1536x1536":"","2048x2048":"","woocommerce_thumbnail":"","woocommerce_single":"","woocommerce_gallery_thumbnail":""},"post_excerpt_stackable_v2":"<p>Compte-rendu Annecy, Imperial Palace, 5 novembre 2022 Le Pr\u00e9sident, Enrico ALBERINI, ouvre l\u2019Assembl\u00e9e G\u00e9n\u00e9rale \u00e0 14 h. Il remercie de leur pr\u00e9sence Martine CANO, Pr\u00e9sidente de la FFCT, Catherine BORGEAIS-ROUET, Pr\u00e9sidente du COREG Aura (Auvergne-Rh\u00f4ne-Alpes) et du CODEP74,Antoine ARMAND, d\u00e9put\u00e9 de la circonscription d\u2019Annecy. Apr\u00e8s son rapport moral (voir dans l\u2019ICC d\u2019octobre 2022), il passe la parole \u00e0 Herv\u00e9 RETI\u00c8RE, le secr\u00e9taire du club, pour le rapport d\u2019activit\u00e9 du club. Rapport qui servira de base \u00e0 une pr\u00e9sentation plus compl\u00e8te qui pourra \u00eatre utilis\u00e9e notamment \u00e0 l\u2019ext\u00e9rieur du club. Elle figure ici : Pr\u00e9sentation de l\u2019activit\u00e9 du club S\u00e9bastien VADOT,\u2026<\/p>\n","category_list_v2":"<a href=\"https:\/\/centcols.org\/backup\/categorie\/assemblees-generales\/\" rel=\"category tag\">Assembl\u00e9es g\u00e9n\u00e9rales<\/a>, <a href=\"https:\/\/centcols.org\/backup\/categorie\/non-classifiee\/\" rel=\"category tag\">Non classifi\u00e9(e)<\/a>","author_info_v2":{"name":"Enrico Alberini","url":"https:\/\/centcols.org\/backup\/author\/5065\/"},"comments_num_v2":"0 commentaire","featured_image_src":null,"_links":{"self":[{"href":"https:\/\/centcols.org\/backup\/wp-json\/wp\/v2\/posts\/64153"}],"collection":[{"href":"https:\/\/centcols.org\/backup\/wp-json\/wp\/v2\/posts"}],"about":[{"href":"https:\/\/centcols.org\/backup\/wp-json\/wp\/v2\/types\/post"}],"author":[{"embeddable":true,"href":"https:\/\/centcols.org\/backup\/wp-json\/wp\/v2\/users\/69"}],"replies":[{"embeddable":true,"href":"https:\/\/centcols.org\/backup\/wp-json\/wp\/v2\/comments?post=64153"}],"version-history":[{"count":0,"href":"https:\/\/centcols.org\/backup\/wp-json\/wp\/v2\/posts\/64153\/revisions"}],"wp:attachment":[{"href":"https:\/\/centcols.org\/backup\/wp-json\/wp\/v2\/media?parent=64153"}],"wp:term":[{"taxonomy":"category","embeddable":true,"href":"https:\/\/centcols.org\/backup\/wp-json\/wp\/v2\/categories?post=64153"},{"taxonomy":"post_tag","embeddable":true,"href":"https:\/\/centcols.org\/backup\/wp-json\/wp\/v2\/tags?post=64153"}],"curies":[{"name":"wp","href":"https:\/\/api.w.org\/{rel}","templated":true}]}}