{"id":66198,"date":"2022-10-27T23:23:25","date_gmt":"2022-10-27T21:23:25","guid":{"rendered":"https:\/\/centcols.org\/backup\/?p=66198"},"modified":"2023-12-16T18:28:52","modified_gmt":"2023-12-16T17:28:52","slug":"sejour-printemps-2023-foret-noire","status":"publish","type":"post","link":"https:\/\/centcols.org\/backup\/sejour-printemps-2023-foret-noire\/","title":{"rendered":"S\u00e9jour de printemps \u00e0 Todtmoos (For\u00eat Noire) du 19 au 26 mai 2023"},"content":{"rendered":"<p>Ont contribu\u00e9 \u00e0 cette page de pr\u00e9sentation du s\u00e9jour Enrico Alberini et les responsables informatique et s\u00e9jours.<\/p>\n<p><strong>Contraintes COVID 19<\/strong><\/p>\n<p>Les contraintes peuvent \u00e9voluer d\u2019ici le d\u00e9but du s\u00e9jour. Actuellement il n\u2019y a pas de contrainte en ce qui concerne l\u2019occupation des chambres \u00e0 deux personnes.<\/p>\n<p>Les prix n\u00e9goci\u00e9s par le Club aupr\u00e8s des h\u00e9bergeurs sont sur la base de chambre double et de deux chambres individuelles donnant lieu \u00e0 un suppl\u00e9ment.<\/p>\n<p><span style=\"color: #000000;\"><span style=\"color: #000000;\">Pour la premi\u00e8re fois, le Club organise un s\u00e9jour en Allemagne. <\/span><\/span><span style=\"color: #000000;\">Nous s\u00e9journerons \u00e0 Todtmoos, commune du Bade-Wurtenberg\u00a0 situ\u00e9e dans la For\u00eat Noire. Les circuits seront r\u00e9partis tout autour de cette base. Ils n\u00e9cessiteront quelques mises en place en voiture de quelques dizaines de minutes sauf pour l&#8217;un d&#8217;entre eux (50 minutes). <\/span><\/p>\n<p>Todtmoos est le paradis des adeptes de marche nordique, des randonneurs et des v\u00e9t\u00e9tistes gr\u00e2ce \u00e0 de nombreux sentiers de randonn\u00e9e menant \u00e0 de magnifiques points de vue.<\/p>\n<p><span style=\"color: #000000;\">Nous serons log\u00e9s dans trois \u00e9tablissements situ\u00e9s tr\u00e8s proches l&#8217;un de l&#8217;autre.<\/span><\/p>\n<div id=\"lmm_d90c9eee\" style=\"width:100%;\" class=\"mapsmarker layermap layer-4\">\n<div id=\"lmm_panel_d90c9eee\" class=\"lmm-panel\" style=\"background:#efefef;\">\n<div id=\"lmm_panel_api_d90c9eee\" class=\"lmm-panel-api\"><\/div><div id=\"lmm_panel_text_d90c9eee\" class=\"lmm-panel-text\" style=\"font-weight:bold;color:#373737;\">Todtmoos<\/div>\n<\/div>\n<div id=\"lmm_map_d90c9eee\" class=\"lmm-map\" style=\"background:#f6f6f6;border:1px solid #ccc;height:480px; overflow:hidden;padding:0;\"><p style=\"font-size:80%;color:#9f9e9e;margin-left:5px;\">chargement de la carte - veuillez patienter...<noscript><br\/><strong>La carte ne peut \u00eatre charg\u00e9e - s'il vous pla\u00eet activer Javascript !<\/strong><br\/><a style=\"text-decoration:none;\" href=\"https:\/\/www.mapsmarker.com\/js-disabled\" target=\"_blank\">&rarr; plus dginformations<\/a><\/noscript><\/p><\/div>\n<div id=\"lmm_geo_tags_d90c9eee_49\" class=\"lmm-geo-tags geo\">H\u00f4tel Maien: <span class=\"latitude\">47.741084<\/span>, <span class=\"longitude\">8.004028<\/span><\/div>\n<div id=\"lmm_geo_tags_d90c9eee_50\" class=\"lmm-geo-tags geo\">H\u00f4tel Waldwinkel: <span class=\"latitude\">47.742678<\/span>, <span class=\"longitude\">8.004044<\/span><\/div>\n<div id=\"lmm_geo_tags_d90c9eee_51\" class=\"lmm-geo-tags geo\">Gasthaus Roseneck: <span class=\"latitude\">47.740213<\/span>, <span class=\"longitude\">8.003014<\/span><\/div>\n<\/div>\n<p><span style=\"color: #000000;\">Vous trouverez ci-dessous les rubriques :<\/span><\/p>\n<ul>\n<li><span style=\"color: #000000;\">Pr\u00e9sentation de la r\u00e9gion<\/span><\/li>\n<li><span style=\"color: #000000;\">Les circuits<\/span><\/li>\n<li><span style=\"color: #000000;\">H\u00e9bergement<\/span><\/li>\n<li><span style=\"color: #000000;\">Note du Conseil d&#8217;Administration<\/span><\/li>\n<li><span style=\"color: #000000;\">Inscription, avec une carte de situation<\/span><\/li>\n<li><span style=\"color: #000000;\">Autres activit\u00e9s ou visites\u00a0 \u00a0<\/span><\/li>\n<\/ul>\n","protected":false},"excerpt":{"rendered":"<p>Pour la premi\u00e8re fois, le Club organise un s\u00e9jour en Allemagne. Nous s\u00e9journerons \u00e0 Todtmoos, commune du Bade-Wurtenberg\u00a0 situ\u00e9e dans la For\u00eat Noire. Les circuits seront r\u00e9partis tout autour de cette base. Ils n\u00e9cessiteront quelques mises en place en voiture de quelques dizaines de minutes sauf pour l&#8217;un d&#8217;entre eux (50 minutes).<\/p>\n<p>Todtmoos est le paradis des adeptes de marche nordique, des randonneurs et des v\u00e9t\u00e9tistes gr\u00e2ce \u00e0 de nombreux sentiers de randonn\u00e9e menant \u00e0 de magnifiques points de vue.<\/p>\n","protected":false},"author":75,"featured_media":0,"comment_status":"closed","ping_status":"closed","sticky":false,"template":"","format":"standard","meta":{"_acf_changed":false,"ub_ctt_via":"","_monsterinsights_skip_tracking":false,"_monsterinsights_sitenote_active":false,"_monsterinsights_sitenote_note":"","_monsterinsights_sitenote_category":0,"footnotes":""},"categories":[35],"tags":[],"acf":[],"featured_image_urls":{"full":"","thumbnail":"","medium":"","medium_large":"","large":"","1536x1536":"","2048x2048":"","woocommerce_thumbnail":"","woocommerce_single":"","woocommerce_gallery_thumbnail":""},"post_excerpt_stackable":"<p>Pour la premi\u00e8re fois, le Club organise un s\u00e9jour en Allemagne. Nous s\u00e9journerons \u00e0 Todtmoos, commune du Bade-Wurtenberg\u00a0 situ\u00e9e dans la For\u00eat Noire. Les circuits seront r\u00e9partis tout autour de cette base. Ils n\u00e9cessiteront quelques mises en place en voiture de quelques dizaines de minutes sauf pour l&#8217;un d&#8217;entre eux (50 minutes).<\/p>\n<p>Todtmoos est le paradis des adeptes de marche nordique, des randonneurs et des v\u00e9t\u00e9tistes gr\u00e2ce \u00e0 de nombreux sentiers de randonn\u00e9e menant \u00e0 de magnifiques points de vue.<\/p>\n","category_list":"<a href=\"https:\/\/centcols.org\/backup\/categorie\/sejours\/\" rel=\"category tag\">S\u00e9jours<\/a>","author_info":{"display_name":"Christophe Badonnel","author_link":"https:\/\/centcols.org\/backup\/author\/5799\/"},"comments_num":"0 commentaire","featured_image_urls_v2":{"full":"","thumbnail":"","medium":"","medium_large":"","large":"","1536x1536":"","2048x2048":"","woocommerce_thumbnail":"","woocommerce_single":"","woocommerce_gallery_thumbnail":""},"post_excerpt_stackable_v2":"<p>Pour la premi\u00e8re fois, le Club organise un s\u00e9jour en Allemagne. Nous s\u00e9journerons \u00e0 Todtmoos, commune du Bade-Wurtenberg\u00a0 situ\u00e9e dans la For\u00eat Noire. Les circuits seront r\u00e9partis tout autour de cette base. Ils n\u00e9cessiteront quelques mises en place en voiture de quelques dizaines de minutes sauf pour l&#8217;un d&#8217;entre eux (50 minutes).<\/p>\n<p>Todtmoos est le paradis des adeptes de marche nordique, des randonneurs et des v\u00e9t\u00e9tistes gr\u00e2ce \u00e0 de nombreux sentiers de randonn\u00e9e menant \u00e0 de magnifiques points de vue.<\/p>\n","category_list_v2":"<a href=\"https:\/\/centcols.org\/backup\/categorie\/sejours\/\" rel=\"category tag\">S\u00e9jours<\/a>","author_info_v2":{"name":"Christophe Badonnel","url":"https:\/\/centcols.org\/backup\/author\/5799\/"},"comments_num_v2":"0 commentaire","featured_image_src":null,"_links":{"self":[{"href":"https:\/\/centcols.org\/backup\/wp-json\/wp\/v2\/posts\/66198"}],"collection":[{"href":"https:\/\/centcols.org\/backup\/wp-json\/wp\/v2\/posts"}],"about":[{"href":"https:\/\/centcols.org\/backup\/wp-json\/wp\/v2\/types\/post"}],"author":[{"embeddable":true,"href":"https:\/\/centcols.org\/backup\/wp-json\/wp\/v2\/users\/75"}],"replies":[{"embeddable":true,"href":"https:\/\/centcols.org\/backup\/wp-json\/wp\/v2\/comments?post=66198"}],"version-history":[{"count":0,"href":"https:\/\/centcols.org\/backup\/wp-json\/wp\/v2\/posts\/66198\/revisions"}],"wp:attachment":[{"href":"https:\/\/centcols.org\/backup\/wp-json\/wp\/v2\/media?parent=66198"}],"wp:term":[{"taxonomy":"category","embeddable":true,"href":"https:\/\/centcols.org\/backup\/wp-json\/wp\/v2\/categories?post=66198"},{"taxonomy":"post_tag","embeddable":true,"href":"https:\/\/centcols.org\/backup\/wp-json\/wp\/v2\/tags?post=66198"}],"curies":[{"name":"wp","href":"https:\/\/api.w.org\/{rel}","templated":true}]}}