{"id":68089,"date":"2022-12-02T10:30:55","date_gmt":"2022-12-02T09:30:55","guid":{"rendered":"https:\/\/centcols.org\/backup\/?p=68089"},"modified":"2023-04-13T09:02:07","modified_gmt":"2023-04-13T07:02:07","slug":"suisse-sortie-vtt-dimanche-16-avril-2023","status":"publish","type":"post","link":"https:\/\/centcols.org\/backup\/suisse-sortie-vtt-dimanche-16-avril-2023\/","title":{"rendered":"Puidoux village (Vaud), Suisse, sortie VTT, dimanche 16 avril 2023 Annul\u00e9 pour cause de m\u00e9t\u00e9o d\u00e9favorable"},"content":{"rendered":"\n<p>D\u00e9part&nbsp;de Puidoux village (Vaud)<\/p>\n\n\n\n<p>Rendez-vous&nbsp;: parking du village \u00e0 9h30 pour le caf\u00e9, <strong>d\u00e9part \u00e0 10h00.<\/strong><\/p>\n\n\n\n<p>24 km, 800 m de d\u00e9nivel\u00e9, 6 cols&nbsp;: <br>La Porte de Bret CH-VD-0675, <br>Col de Gourze CH-VD-0799, <br>Le Basset CH-VD-0683, <br>Le Pas CH-VD-0963, <br>Les Craux CH-VD-0958, <br>La Golette CH-VD-0952.<\/p>\n\n\n\n<h4 class=\"has-vivid-red-color has-text-color has-large-font-size wp-block-heading\"><br>Annul\u00e9 pour cause de m\u00e9t\u00e9o d\u00e9favorable<\/h4>\n\n\n\n<figure class=\"wp-block-image size-large is-style-rounded\"><img loading=\"lazy\" decoding=\"async\" width=\"592\" height=\"387\" src=\"https:\/\/centcols.org\/backup\/wp-content\/uploads\/2022\/12\/image.png\" alt=\"\" class=\"wp-image-68090\" srcset=\"https:\/\/centcols.org\/backup\/wp-content\/uploads\/2022\/12\/image.png 592w, https:\/\/centcols.org\/backup\/wp-content\/uploads\/2022\/12\/image-500x327.png 500w\" sizes=\"(max-width: 592px) 100vw, 592px\" \/><\/figure>\n\n\n\n<p>Contact<br>Alain Besson, Ch. des Coumenets 11. 1000 Lausanne 26<br>T\u00e9l&nbsp;: +41 21 544 85 20 Natel&nbsp;: +41 79&nbsp;605 36 30&nbsp;&nbsp;&nbsp; <br>Email&nbsp;: <a href=\"&#109;&#97;&#105;l&#116;o:&#97;&#49;&#98;&#101;&#115;s&#111;n&#64;&#103;&#109;a&#105;&#108;&#46;com\">&#97;&#49;b&#101;ss&#111;&#110;&#64;&#103;&#109;ai&#108;&#46;c&#111;&#109;<\/a> <\/p>\n","protected":false},"excerpt":{"rendered":"<p>D\u00e9part&nbsp;de Puidoux village (Vaud) Rendez-vous&nbsp;: parking du village \u00e0 9h30 pour le caf\u00e9, d\u00e9part \u00e0 10h00. 24 km, 800 m de d\u00e9nivel\u00e9, 6 cols&nbsp;: La Porte de Bret CH-VD-0675, Col de Gourze CH-VD-0799, Le Basset CH-VD-0683, Le Pas CH-VD-0963, Les Craux CH-VD-0958, La Golette CH-VD-0952. Annul\u00e9 pour cause de m\u00e9t\u00e9o d\u00e9favorable ContactAlain Besson, Ch. des [&hellip;]<\/p>\n","protected":false},"author":69,"featured_media":0,"comment_status":"closed","ping_status":"closed","sticky":false,"template":"","format":"standard","meta":{"_acf_changed":false,"ub_ctt_via":"","_monsterinsights_skip_tracking":false,"_monsterinsights_sitenote_active":false,"_monsterinsights_sitenote_note":"","_monsterinsights_sitenote_category":0,"footnotes":""},"categories":[558,7],"tags":[],"acf":[],"featured_image_urls":{"full":"","thumbnail":"","medium":"","medium_large":"","large":"","1536x1536":"","2048x2048":"","woocommerce_thumbnail":"","woocommerce_single":"","woocommerce_gallery_thumbnail":""},"post_excerpt_stackable":"<p>D\u00e9part&nbsp;de Puidoux village (Vaud) Rendez-vous&nbsp;: parking du village \u00e0 9h30 pour le caf\u00e9, d\u00e9part \u00e0 10h00. 24 km, 800 m de d\u00e9nivel\u00e9, 6 cols&nbsp;: La Porte de Bret CH-VD-0675, Col de Gourze CH-VD-0799, Le Basset CH-VD-0683, Le Pas CH-VD-0963, Les Craux CH-VD-0958, La Golette CH-VD-0952. Annul\u00e9 pour cause de m\u00e9t\u00e9o d\u00e9favorable ContactAlain Besson, Ch. des Coumenets 11. 1000 Lausanne 26T\u00e9l&nbsp;: +41 21 544 85 20 Natel&nbsp;: +41 79&nbsp;605 36 30&nbsp;&nbsp;&nbsp; Email&nbsp;: &#97;&#49;&#98;es&#115;&#111;n&#64;&#103;mail.&#99;&#111;m<\/p>\n","category_list":"<a href=\"https:\/\/centcols.org\/backup\/categorie\/rassemblements\/rassemblements-2023\/\" rel=\"category tag\">Les rassemblements de 2023<\/a>, <a href=\"https:\/\/centcols.org\/backup\/categorie\/rassemblements\/\" rel=\"category tag\">Rencontres r\u00e9gionales<\/a>","author_info":{"display_name":"Enrico Alberini","author_link":"https:\/\/centcols.org\/backup\/author\/5065\/"},"comments_num":"0 commentaire","featured_image_urls_v2":{"full":"","thumbnail":"","medium":"","medium_large":"","large":"","1536x1536":"","2048x2048":"","woocommerce_thumbnail":"","woocommerce_single":"","woocommerce_gallery_thumbnail":""},"post_excerpt_stackable_v2":"<p>D\u00e9part&nbsp;de Puidoux village (Vaud) Rendez-vous&nbsp;: parking du village \u00e0 9h30 pour le caf\u00e9, d\u00e9part \u00e0 10h00. 24 km, 800 m de d\u00e9nivel\u00e9, 6 cols&nbsp;: La Porte de Bret CH-VD-0675, Col de Gourze CH-VD-0799, Le Basset CH-VD-0683, Le Pas CH-VD-0963, Les Craux CH-VD-0958, La Golette CH-VD-0952. Annul\u00e9 pour cause de m\u00e9t\u00e9o d\u00e9favorable ContactAlain Besson, Ch. des Coumenets 11. 1000 Lausanne 26T\u00e9l&nbsp;: +41 21 544 85 20 Natel&nbsp;: +41 79&nbsp;605 36 30&nbsp;&nbsp;&nbsp; Email&nbsp;: a&#49;be&#115;son&#64;&#103;mail.co&#109;<\/p>\n","category_list_v2":"<a href=\"https:\/\/centcols.org\/backup\/categorie\/rassemblements\/rassemblements-2023\/\" rel=\"category tag\">Les rassemblements de 2023<\/a>, <a href=\"https:\/\/centcols.org\/backup\/categorie\/rassemblements\/\" rel=\"category tag\">Rencontres r\u00e9gionales<\/a>","author_info_v2":{"name":"Enrico Alberini","url":"https:\/\/centcols.org\/backup\/author\/5065\/"},"comments_num_v2":"0 commentaire","featured_image_src":null,"_links":{"self":[{"href":"https:\/\/centcols.org\/backup\/wp-json\/wp\/v2\/posts\/68089"}],"collection":[{"href":"https:\/\/centcols.org\/backup\/wp-json\/wp\/v2\/posts"}],"about":[{"href":"https:\/\/centcols.org\/backup\/wp-json\/wp\/v2\/types\/post"}],"author":[{"embeddable":true,"href":"https:\/\/centcols.org\/backup\/wp-json\/wp\/v2\/users\/69"}],"replies":[{"embeddable":true,"href":"https:\/\/centcols.org\/backup\/wp-json\/wp\/v2\/comments?post=68089"}],"version-history":[{"count":0,"href":"https:\/\/centcols.org\/backup\/wp-json\/wp\/v2\/posts\/68089\/revisions"}],"wp:attachment":[{"href":"https:\/\/centcols.org\/backup\/wp-json\/wp\/v2\/media?parent=68089"}],"wp:term":[{"taxonomy":"category","embeddable":true,"href":"https:\/\/centcols.org\/backup\/wp-json\/wp\/v2\/categories?post=68089"},{"taxonomy":"post_tag","embeddable":true,"href":"https:\/\/centcols.org\/backup\/wp-json\/wp\/v2\/tags?post=68089"}],"curies":[{"name":"wp","href":"https:\/\/api.w.org\/{rel}","templated":true}]}}