{"id":68102,"date":"2022-12-01T11:15:00","date_gmt":"2022-12-01T10:15:00","guid":{"rendered":"https:\/\/centcols.org\/backup\/?p=68102"},"modified":"2023-12-16T18:32:06","modified_gmt":"2023-12-16T17:32:06","slug":"suisse-sortie-vtt-dimanche-03-juin-2023","status":"publish","type":"post","link":"https:\/\/centcols.org\/backup\/suisse-sortie-vtt-dimanche-03-juin-2023\/","title":{"rendered":"Ballens (Vaud), Suisse, sortie VTT, samedi 03 juin 2023"},"content":{"rendered":"\n<p>D\u00e9part&nbsp;de Ballens (Vaud)<\/p>\n\n\n\n<p>Rendez-vous place du village \u00e0 8h30 pour le caf\u00e9, <strong>d\u00e9part \u00e0 9h00.<\/strong><\/p>\n\n\n\n<p>36 km, 1100 m de d\u00e9nivel\u00e9,&nbsp; 4 cols&nbsp;: <br>Col de Mondis\u00e9 CH-VD-1461, <br>Col du Sorcier CH-VD-1563,<br>Col des Combes CH-VD-1569, <br>Col du Marchairuz CH-VD-1447.<\/p>\n\n\n\n<h4 class=\"wp-block-heading\">La sortie n\u2019a lieu que par beau temps.<\/h4>\n\n\n\n<figure class=\"wp-block-image size-large is-style-rounded\"><img loading=\"lazy\" decoding=\"async\" width=\"534\" height=\"299\" src=\"https:\/\/centcols.org\/backup\/wp-content\/uploads\/2022\/12\/image-1.png\" alt=\"\" class=\"wp-image-68103\" srcset=\"https:\/\/centcols.org\/backup\/wp-content\/uploads\/2022\/12\/image-1.png 534w, https:\/\/centcols.org\/backup\/wp-content\/uploads\/2022\/12\/image-1-500x280.png 500w\" sizes=\"(max-width: 534px) 100vw, 534px\" \/><\/figure>\n\n\n\n<h4 class=\"wp-block-heading\">Contact<\/h4>\n\n\n\n<p>Pierre Mai<br>Vy de Bi\u00e8re 8<br>CH-1144 Ballens<br>T\u00e9l : +41 21 807 34 17, mobile: +41 76 498 58 73<br><a href=\"mai&#108;&#116;o&#58;&#112;&#109;&#97;&#105;&#64;b&#108;u&#101;&#119;in&#46;&#99;&#104;\">&#112;&#109;&#97;i&#64;b&#108;uew&#105;&#110;&#46;c&#104;<\/a><\/p>\n\n\n\n<h2 class=\"wp-block-heading\">Compte rendu<\/h2>\n\n\n\n<p class=\"has-medium-font-size\">18 participants dont 5 fran\u00e7ais au d\u00e9part sous un magnifique ciel bleu. Arriv\u00e9s sur la cr\u00eate les nuages annonc\u00e9s sont arriv\u00e9s tr\u00e8s rapidement depuis l\u2019ouest, nous avons heureusement pu nous mettre \u00e0 l\u2019abri de l\u2019averse de gr\u00eale \u00e0 l\u2019alpage des Monts de Bi\u00e8re. Au bout d\u2019heure une petite accalmie nous a permis de descendre au sec sur Bi\u00e8re en laissant de c\u00f4t\u00e9 le col du Marchairuz.<\/p>\n\n\n\n<p class=\"has-medium-font-size\">\u00ab&nbsp;D\u00e9briefing&nbsp;\u00bb dans le jardin accompagn\u00e9 de pain, fromage, (Rosette de Lyon offert par notre ami Fran\u00e7ais) le tout arros\u00e9 de Clairette de Die.<\/p>\n\n\n\n<p class=\"has-medium-font-size\">Convivialit\u00e9 et bonne humeur pour cette sympathique journ\u00e9e sur le Jura.<\/p>\n\n\n\n<p class=\"has-medium-font-size\">Pierre Mai<\/p>\n\n\n\n<p class=\"has-medium-font-size\">Photos de Guy Garcin&nbsp;: &nbsp;<a href=\"https:\/\/photos.app.goo.gl\/UsSv3yv7hafv5ocb8\" target=\"_blank\" rel=\"noreferrer noopener\">https:\/\/photos.app.goo.gl\/UsSv3yv7hafv5ocb8<\/a><\/p>\n\n\n\n<p class=\"has-medium-font-size\">Photos de Michel Boni&nbsp;:&nbsp;&nbsp;<a href=\"https:\/\/photos.app.goo.gl\/7inaD7nbzzZCfj8y6\" target=\"_blank\" rel=\"noreferrer noopener\">https:\/\/photos.app.goo.gl\/7inaD7nbzzZCfj8y6<\/a><\/p>\n\n\n\n<p class=\"has-medium-font-size\">Photos de Pierre Mai&nbsp;:&nbsp;<a href=\"https:\/\/photos.app.goo.gl\/z4AS9wYQteJDg9Dp7\" target=\"_blank\" rel=\"noreferrer noopener\">https:\/\/photos.app.goo.gl\/z4AS9wYQteJDg9Dp7<\/a><\/p>\n\n\n\n<p class=\"has-medium-font-size\">Photos de Christian Binggeli&nbsp;:&nbsp;<a href=\"https:\/\/photos.app.goo.gl\/mKjhH95kaFeV7Pka9\" target=\"_blank\" rel=\"noreferrer noopener\">https:\/\/photos.app.goo.gl\/mKjhH95kaFeV7Pka9<\/a><\/p>\n","protected":false},"excerpt":{"rendered":"<p>D\u00e9part&nbsp;de Ballens (Vaud) Rendez-vous place du village \u00e0 8h30 pour le caf\u00e9, d\u00e9part \u00e0 9h00. 36 km, 1100 m de d\u00e9nivel\u00e9,&nbsp; 4 cols&nbsp;: Col de Mondis\u00e9 CH-VD-1461, Col du Sorcier CH-VD-1563,Col des Combes CH-VD-1569, Col du Marchairuz CH-VD-1447. La sortie n\u2019a lieu que par beau temps. Contact Pierre MaiVy de Bi\u00e8re 8CH-1144 BallensT\u00e9l : +41 [&hellip;]<\/p>\n","protected":false},"author":69,"featured_media":0,"comment_status":"closed","ping_status":"closed","sticky":false,"template":"","format":"standard","meta":{"_acf_changed":false,"ub_ctt_via":"","_monsterinsights_skip_tracking":false,"_monsterinsights_sitenote_active":false,"_monsterinsights_sitenote_note":"","_monsterinsights_sitenote_category":0,"footnotes":""},"categories":[558],"tags":[],"acf":[],"featured_image_urls":{"full":"","thumbnail":"","medium":"","medium_large":"","large":"","1536x1536":"","2048x2048":"","woocommerce_thumbnail":"","woocommerce_single":"","woocommerce_gallery_thumbnail":""},"post_excerpt_stackable":"<p>D\u00e9part&nbsp;de Ballens (Vaud) Rendez-vous place du village \u00e0 8h30 pour le caf\u00e9, d\u00e9part \u00e0 9h00. 36 km, 1100 m de d\u00e9nivel\u00e9,&nbsp; 4 cols&nbsp;: Col de Mondis\u00e9 CH-VD-1461, Col du Sorcier CH-VD-1563,Col des Combes CH-VD-1569, Col du Marchairuz CH-VD-1447. La sortie n\u2019a lieu que par beau temps. Contact Pierre MaiVy de Bi\u00e8re 8CH-1144 BallensT\u00e9l : +41 21 807 34 17, mobile: +41 76 498 58 73pm&#97;i&#64;b&#108;u&#101;wi&#110;.&#99;&#104; Compte rendu 18 participants dont 5 fran\u00e7ais au d\u00e9part sous un magnifique ciel bleu. Arriv\u00e9s sur la cr\u00eate les nuages annonc\u00e9s sont arriv\u00e9s tr\u00e8s rapidement depuis l\u2019ouest, nous avons heureusement pu nous mettre \u00e0 l\u2019abri\u2026<\/p>\n","category_list":"<a href=\"https:\/\/centcols.org\/backup\/categorie\/rassemblements\/rassemblements-2023\/\" rel=\"category tag\">Les rassemblements de 2023<\/a>","author_info":{"display_name":"Enrico Alberini","author_link":"https:\/\/centcols.org\/backup\/author\/5065\/"},"comments_num":"0 commentaire","featured_image_urls_v2":{"full":"","thumbnail":"","medium":"","medium_large":"","large":"","1536x1536":"","2048x2048":"","woocommerce_thumbnail":"","woocommerce_single":"","woocommerce_gallery_thumbnail":""},"post_excerpt_stackable_v2":"<p>D\u00e9part&nbsp;de Ballens (Vaud) Rendez-vous place du village \u00e0 8h30 pour le caf\u00e9, d\u00e9part \u00e0 9h00. 36 km, 1100 m de d\u00e9nivel\u00e9,&nbsp; 4 cols&nbsp;: Col de Mondis\u00e9 CH-VD-1461, Col du Sorcier CH-VD-1563,Col des Combes CH-VD-1569, Col du Marchairuz CH-VD-1447. La sortie n\u2019a lieu que par beau temps. Contact Pierre MaiVy de Bi\u00e8re 8CH-1144 BallensT\u00e9l : +41 21 807 34 17, mobile: +41 76 498 58 73&#112;&#109;&#97;i&#64;b&#108;u&#101;&#119;i&#110;.ch Compte rendu 18 participants dont 5 fran\u00e7ais au d\u00e9part sous un magnifique ciel bleu. Arriv\u00e9s sur la cr\u00eate les nuages annonc\u00e9s sont arriv\u00e9s tr\u00e8s rapidement depuis l\u2019ouest, nous avons heureusement pu nous mettre \u00e0 l\u2019abri\u2026<\/p>\n","category_list_v2":"<a href=\"https:\/\/centcols.org\/backup\/categorie\/rassemblements\/rassemblements-2023\/\" rel=\"category tag\">Les rassemblements de 2023<\/a>","author_info_v2":{"name":"Enrico Alberini","url":"https:\/\/centcols.org\/backup\/author\/5065\/"},"comments_num_v2":"0 commentaire","featured_image_src":null,"_links":{"self":[{"href":"https:\/\/centcols.org\/backup\/wp-json\/wp\/v2\/posts\/68102"}],"collection":[{"href":"https:\/\/centcols.org\/backup\/wp-json\/wp\/v2\/posts"}],"about":[{"href":"https:\/\/centcols.org\/backup\/wp-json\/wp\/v2\/types\/post"}],"author":[{"embeddable":true,"href":"https:\/\/centcols.org\/backup\/wp-json\/wp\/v2\/users\/69"}],"replies":[{"embeddable":true,"href":"https:\/\/centcols.org\/backup\/wp-json\/wp\/v2\/comments?post=68102"}],"version-history":[{"count":0,"href":"https:\/\/centcols.org\/backup\/wp-json\/wp\/v2\/posts\/68102\/revisions"}],"wp:attachment":[{"href":"https:\/\/centcols.org\/backup\/wp-json\/wp\/v2\/media?parent=68102"}],"wp:term":[{"taxonomy":"category","embeddable":true,"href":"https:\/\/centcols.org\/backup\/wp-json\/wp\/v2\/categories?post=68102"},{"taxonomy":"post_tag","embeddable":true,"href":"https:\/\/centcols.org\/backup\/wp-json\/wp\/v2\/tags?post=68102"}],"curies":[{"name":"wp","href":"https:\/\/api.w.org\/{rel}","templated":true}]}}