{"id":68117,"date":"2022-11-22T15:02:00","date_gmt":"2022-11-22T14:02:00","guid":{"rendered":"https:\/\/centcols.org\/backup\/?p=68117"},"modified":"2023-12-16T18:22:59","modified_gmt":"2023-12-16T17:22:59","slug":"sortie-route-samedi-15-juillet","status":"publish","type":"post","link":"https:\/\/centcols.org\/backup\/sortie-route-samedi-15-juillet\/","title":{"rendered":"Montbenoit (France), sortie route, samedi 15 juillet 2023"},"content":{"rendered":"\n<p>D\u00e9part&nbsp;de Montbenoit (France)<\/p>\n\n\n\n<p>Rendez-vous&nbsp;: parking de l\u2019\u00e9glise \u00e0 9h30 pour le caf\u00e9, <strong>d\u00e9part \u00e0 10h00.<\/strong><\/p>\n\n\n\n<p>57 km, 1100 de d\u00e9nivel\u00e9, 4 cols&nbsp;: <br>Col du Tonet FR-25-0960, <br>Col des Ages FFR-25-0787,<br>Col d\u2019Abondance FR-25-0891a, <br>Col sur le Mont FR-25-0963.<\/p>\n\n\n\n<h4 class=\"wp-block-heading\">La sortie n\u2019a lieu que par beau temps.<br><\/h4>\n\n\n\n<figure class=\"wp-block-image size-large is-style-rounded\"><img loading=\"lazy\" decoding=\"async\" width=\"463\" height=\"350\" src=\"https:\/\/centcols.org\/backup\/wp-content\/uploads\/2022\/12\/image-2.png\" alt=\"\" class=\"wp-image-68118\"\/><\/figure>\n\n\n\n<h4 class=\"wp-block-heading\">Contact<\/h4>\n\n\n\n<p>Christian Binggeli, Chemin du Jura 1. 1135 Denens.<\/p>\n\n\n\n<p>T\u00e9l&nbsp;: (0041) 021 801 01 75&nbsp;&nbsp;&nbsp; Natel&nbsp;: 0041 078&nbsp;723 11 33&nbsp;&nbsp;&nbsp; <\/p>\n\n\n\n<p>Email : c&amp;tbinggeli@bluewin.ch<\/p>\n\n\n\n<h2 class=\"wp-block-heading\">Compte rendu<\/h2>\n\n\n\n<p class=\"has-medium-font-size\">18 participants dont 5 Fran\u00e7ais. <\/p>\n\n\n\n<p class=\"has-medium-font-size\">Soleil et chaleur pour un petit caf\u00e9 avant le d\u00e9part sous l\u2019imposant clocher de l\u2019Abbaye de Montbenoit. <\/p>\n\n\n\n<p class=\"has-medium-font-size\">57 km, 4 cols sur de jolies routes sans circulation mais tr\u00e8s vallonn\u00e9es. <\/p>\n\n\n\n<p class=\"has-medium-font-size\">Au retour pain fromage, petites saucisses offert par Christine et Jean-Yves Morard, Clairette offert par Claude et excellent breuvage (Porte de Novembre) offert par Jean-Marc Bittel qui f\u00eatait son d\u00e9part \u00e0 la retraite.<\/p>\n\n\n\n<p class=\"has-text-align-right has-medium-font-size\"><strong><span style=\"color:#0693e3\" class=\"tadv-color\">Pierre Mai<\/span><\/strong><\/p>\n\n\n\n<p class=\"has-medium-font-size\">Photos de Michel Boni<\/p>\n\n\n\n<p class=\"has-medium-font-size\"><a href=\"https:\/\/photos.app.goo.gl\/pzgxSS8grkHNYVUV8\" target=\"_blank\" rel=\"noopener\" title=\"\">https:\/\/photos.app.goo.gl\/pzgxSS8grkHNYVUV8<\/a><\/p>\n\n\n\n<p class=\"has-medium-font-size\">Photos de Pierre Mai<\/p>\n\n\n\n<p class=\"has-medium-font-size\"><a href=\"https:\/\/photos.app.goo.gl\/yQZrt6fUyN31xVrQ6\" target=\"_blank\" rel=\"noopener\" title=\"\">https:\/\/photos.app.goo.gl\/yQZrt6fUyN31xVrQ6<\/a><\/p>\n\n\n\n<p class=\"has-medium-font-size\">Photos de Christian Binggeli<\/p>\n\n\n\n<p class=\"has-medium-font-size\"><a href=\"https:\/\/photos.app.goo.gl\/neQsXLqAr6e8DfH18\" target=\"_blank\" rel=\"noopener\" title=\"\">https:\/\/photos.app.goo.gl\/neQsXLqAr6e8DfH18<\/a><\/p>\n","protected":false},"excerpt":{"rendered":"<p>D\u00e9part&nbsp;de Montbenoit (France) Rendez-vous&nbsp;: parking de l\u2019\u00e9glise \u00e0 9h30 pour le caf\u00e9, d\u00e9part \u00e0 10h00. 57 km, 1100 de d\u00e9nivel\u00e9, 4 cols&nbsp;: Col du Tonet FR-25-0960, Col des Ages FFR-25-0787,Col d\u2019Abondance FR-25-0891a, Col sur le Mont FR-25-0963. La sortie n\u2019a lieu que par beau temps. Contact Christian Binggeli, Chemin du Jura 1. 1135 Denens. T\u00e9l&nbsp;: [&hellip;]<\/p>\n","protected":false},"author":69,"featured_media":0,"comment_status":"closed","ping_status":"closed","sticky":false,"template":"","format":"standard","meta":{"_acf_changed":false,"ub_ctt_via":"","_monsterinsights_skip_tracking":false,"_monsterinsights_sitenote_active":false,"_monsterinsights_sitenote_note":"","_monsterinsights_sitenote_category":0,"footnotes":""},"categories":[558,7],"tags":[],"acf":[],"featured_image_urls":{"full":"","thumbnail":"","medium":"","medium_large":"","large":"","1536x1536":"","2048x2048":"","woocommerce_thumbnail":"","woocommerce_single":"","woocommerce_gallery_thumbnail":""},"post_excerpt_stackable":"<p>D\u00e9part&nbsp;de Montbenoit (France) Rendez-vous&nbsp;: parking de l\u2019\u00e9glise \u00e0 9h30 pour le caf\u00e9, d\u00e9part \u00e0 10h00. 57 km, 1100 de d\u00e9nivel\u00e9, 4 cols&nbsp;: Col du Tonet FR-25-0960, Col des Ages FFR-25-0787,Col d\u2019Abondance FR-25-0891a, Col sur le Mont FR-25-0963. La sortie n\u2019a lieu que par beau temps. Contact Christian Binggeli, Chemin du Jura 1. 1135 Denens. T\u00e9l&nbsp;: (0041) 021 801 01 75&nbsp;&nbsp;&nbsp; Natel&nbsp;: 0041 078&nbsp;723 11 33&nbsp;&nbsp;&nbsp; Email : c&amp;tbinggeli@bluewin.ch Compte rendu 18 participants dont 5 Fran\u00e7ais. Soleil et chaleur pour un petit caf\u00e9 avant le d\u00e9part sous l\u2019imposant clocher de l\u2019Abbaye de Montbenoit. 57 km, 4 cols sur de jolies routes\u2026<\/p>\n","category_list":"<a href=\"https:\/\/centcols.org\/backup\/categorie\/rassemblements\/rassemblements-2023\/\" rel=\"category tag\">Les rassemblements de 2023<\/a>, <a href=\"https:\/\/centcols.org\/backup\/categorie\/rassemblements\/\" rel=\"category tag\">Rencontres r\u00e9gionales<\/a>","author_info":{"display_name":"Enrico Alberini","author_link":"https:\/\/centcols.org\/backup\/author\/5065\/"},"comments_num":"0 commentaire","featured_image_urls_v2":{"full":"","thumbnail":"","medium":"","medium_large":"","large":"","1536x1536":"","2048x2048":"","woocommerce_thumbnail":"","woocommerce_single":"","woocommerce_gallery_thumbnail":""},"post_excerpt_stackable_v2":"<p>D\u00e9part&nbsp;de Montbenoit (France) Rendez-vous&nbsp;: parking de l\u2019\u00e9glise \u00e0 9h30 pour le caf\u00e9, d\u00e9part \u00e0 10h00. 57 km, 1100 de d\u00e9nivel\u00e9, 4 cols&nbsp;: Col du Tonet FR-25-0960, Col des Ages FFR-25-0787,Col d\u2019Abondance FR-25-0891a, Col sur le Mont FR-25-0963. La sortie n\u2019a lieu que par beau temps. Contact Christian Binggeli, Chemin du Jura 1. 1135 Denens. T\u00e9l&nbsp;: (0041) 021 801 01 75&nbsp;&nbsp;&nbsp; Natel&nbsp;: 0041 078&nbsp;723 11 33&nbsp;&nbsp;&nbsp; Email : c&amp;tbinggeli@bluewin.ch Compte rendu 18 participants dont 5 Fran\u00e7ais. Soleil et chaleur pour un petit caf\u00e9 avant le d\u00e9part sous l\u2019imposant clocher de l\u2019Abbaye de Montbenoit. 57 km, 4 cols sur de jolies routes\u2026<\/p>\n","category_list_v2":"<a href=\"https:\/\/centcols.org\/backup\/categorie\/rassemblements\/rassemblements-2023\/\" rel=\"category tag\">Les rassemblements de 2023<\/a>, <a href=\"https:\/\/centcols.org\/backup\/categorie\/rassemblements\/\" rel=\"category tag\">Rencontres r\u00e9gionales<\/a>","author_info_v2":{"name":"Enrico Alberini","url":"https:\/\/centcols.org\/backup\/author\/5065\/"},"comments_num_v2":"0 commentaire","featured_image_src":null,"_links":{"self":[{"href":"https:\/\/centcols.org\/backup\/wp-json\/wp\/v2\/posts\/68117"}],"collection":[{"href":"https:\/\/centcols.org\/backup\/wp-json\/wp\/v2\/posts"}],"about":[{"href":"https:\/\/centcols.org\/backup\/wp-json\/wp\/v2\/types\/post"}],"author":[{"embeddable":true,"href":"https:\/\/centcols.org\/backup\/wp-json\/wp\/v2\/users\/69"}],"replies":[{"embeddable":true,"href":"https:\/\/centcols.org\/backup\/wp-json\/wp\/v2\/comments?post=68117"}],"version-history":[{"count":0,"href":"https:\/\/centcols.org\/backup\/wp-json\/wp\/v2\/posts\/68117\/revisions"}],"wp:attachment":[{"href":"https:\/\/centcols.org\/backup\/wp-json\/wp\/v2\/media?parent=68117"}],"wp:term":[{"taxonomy":"category","embeddable":true,"href":"https:\/\/centcols.org\/backup\/wp-json\/wp\/v2\/categories?post=68117"},{"taxonomy":"post_tag","embeddable":true,"href":"https:\/\/centcols.org\/backup\/wp-json\/wp\/v2\/tags?post=68117"}],"curies":[{"name":"wp","href":"https:\/\/api.w.org\/{rel}","templated":true}]}}