{"id":68129,"date":"2022-11-02T15:29:00","date_gmt":"2022-11-02T14:29:00","guid":{"rendered":"https:\/\/centcols.org\/backup\/?p=68129"},"modified":"2022-12-02T15:34:43","modified_gmt":"2022-12-02T14:34:43","slug":"20e-reunion-de-fin-dannee-des-cc-suisse-samedi-11-novembre-2023","status":"publish","type":"post","link":"https:\/\/centcols.org\/backup\/20e-reunion-de-fin-dannee-des-cc-suisse-samedi-11-novembre-2023\/","title":{"rendered":"20e r\u00e9union de fin d\u2019ann\u00e9e des CC Suisse, samedi 11 novembre 2023"},"content":{"rendered":"\n<figure class=\"wp-block-image size-large\"><img loading=\"lazy\" decoding=\"async\" width=\"133\" height=\"123\" src=\"https:\/\/centcols.org\/backup\/wp-content\/uploads\/2022\/12\/image-4.png\" alt=\"\" class=\"wp-image-68136\"\/><\/figure>\n\n\n\n<p>Foyer de la grande salle de Ballens<\/p>\n\n\n\n<p>Rendez-vous 11 heures. D\u00e9but de la r\u00e9union 12 heures. Repas, 13h30 sur r\u00e9servation.<\/p>\n\n\n\n<figure class=\"wp-block-image size-large is-style-rounded\"><img loading=\"lazy\" decoding=\"async\" width=\"620\" height=\"444\" src=\"https:\/\/centcols.org\/backup\/wp-content\/uploads\/2022\/12\/image-3.png\" alt=\"\" class=\"wp-image-68130\" srcset=\"https:\/\/centcols.org\/backup\/wp-content\/uploads\/2022\/12\/image-3.png 620w, https:\/\/centcols.org\/backup\/wp-content\/uploads\/2022\/12\/image-3-500x358.png 500w, https:\/\/centcols.org\/backup\/wp-content\/uploads\/2022\/12\/image-3-600x430.png 600w\" sizes=\"(max-width: 620px) 100vw, 620px\" \/><\/figure>\n\n\n\n<h4 class=\"wp-block-heading\">Contact<\/h4>\n\n\n\n<p>Pierre Mai<br>Vy de Bi\u00e8re 8<br>CH-1144 Ballens<br>T\u00e9l : +41 21 807 34 17, mobile: +41 76 498 58 73<br><a href=\"&#109;&#97;i&#108;&#116;o&#58;&#112;mai&#64;bl&#117;e&#119;i&#110;.&#99;h\">pma&#105;&#64;&#98;lu&#101;&#119;in.&#99;&#104;<\/a><\/p>\n","protected":false},"excerpt":{"rendered":"<p>Foyer de la grande salle de Ballens Rendez-vous 11 heures. D\u00e9but de la r\u00e9union 12 heures. Repas, 13h30 sur r\u00e9servation. Contact Pierre MaiVy de Bi\u00e8re 8CH-1144 BallensT\u00e9l : +41 21 807 34 17, mobile: +41 76 498 58 73<\/p>\n","protected":false},"author":69,"featured_media":0,"comment_status":"closed","ping_status":"closed","sticky":false,"template":"","format":"standard","meta":{"_acf_changed":false,"ub_ctt_via":"","_monsterinsights_skip_tracking":false,"_monsterinsights_sitenote_active":false,"_monsterinsights_sitenote_note":"","_monsterinsights_sitenote_category":0,"footnotes":""},"categories":[558,7],"tags":[],"acf":[],"featured_image_urls":{"full":"","thumbnail":"","medium":"","medium_large":"","large":"","1536x1536":"","2048x2048":"","woocommerce_thumbnail":"","woocommerce_single":"","woocommerce_gallery_thumbnail":""},"post_excerpt_stackable":"<p>Foyer de la grande salle de Ballens Rendez-vous 11 heures. D\u00e9but de la r\u00e9union 12 heures. Repas, 13h30 sur r\u00e9servation. Contact Pierre MaiVy de Bi\u00e8re 8CH-1144 BallensT\u00e9l : +41 21 807 34 17, mobile: +41 76 498 58 73&#112;&#109;&#97;i&#64;bl&#117;ew&#105;&#110;&#46;ch<\/p>\n","category_list":"<a href=\"https:\/\/centcols.org\/backup\/categorie\/rassemblements\/rassemblements-2023\/\" rel=\"category tag\">Les rassemblements de 2023<\/a>, <a href=\"https:\/\/centcols.org\/backup\/categorie\/rassemblements\/\" rel=\"category tag\">Rencontres r\u00e9gionales<\/a>","author_info":{"display_name":"Enrico Alberini","author_link":"https:\/\/centcols.org\/backup\/author\/5065\/"},"comments_num":"0 commentaire","featured_image_urls_v2":{"full":"","thumbnail":"","medium":"","medium_large":"","large":"","1536x1536":"","2048x2048":"","woocommerce_thumbnail":"","woocommerce_single":"","woocommerce_gallery_thumbnail":""},"post_excerpt_stackable_v2":"<p>Foyer de la grande salle de Ballens Rendez-vous 11 heures. D\u00e9but de la r\u00e9union 12 heures. Repas, 13h30 sur r\u00e9servation. Contact Pierre MaiVy de Bi\u00e8re 8CH-1144 BallensT\u00e9l : +41 21 807 34 17, mobile: +41 76 498 58 73pm&#97;&#105;&#64;&#98;l&#117;ewi&#110;&#46;&#99;h<\/p>\n","category_list_v2":"<a href=\"https:\/\/centcols.org\/backup\/categorie\/rassemblements\/rassemblements-2023\/\" rel=\"category tag\">Les rassemblements de 2023<\/a>, <a href=\"https:\/\/centcols.org\/backup\/categorie\/rassemblements\/\" rel=\"category tag\">Rencontres r\u00e9gionales<\/a>","author_info_v2":{"name":"Enrico Alberini","url":"https:\/\/centcols.org\/backup\/author\/5065\/"},"comments_num_v2":"0 commentaire","featured_image_src":null,"_links":{"self":[{"href":"https:\/\/centcols.org\/backup\/wp-json\/wp\/v2\/posts\/68129"}],"collection":[{"href":"https:\/\/centcols.org\/backup\/wp-json\/wp\/v2\/posts"}],"about":[{"href":"https:\/\/centcols.org\/backup\/wp-json\/wp\/v2\/types\/post"}],"author":[{"embeddable":true,"href":"https:\/\/centcols.org\/backup\/wp-json\/wp\/v2\/users\/69"}],"replies":[{"embeddable":true,"href":"https:\/\/centcols.org\/backup\/wp-json\/wp\/v2\/comments?post=68129"}],"version-history":[{"count":0,"href":"https:\/\/centcols.org\/backup\/wp-json\/wp\/v2\/posts\/68129\/revisions"}],"wp:attachment":[{"href":"https:\/\/centcols.org\/backup\/wp-json\/wp\/v2\/media?parent=68129"}],"wp:term":[{"taxonomy":"category","embeddable":true,"href":"https:\/\/centcols.org\/backup\/wp-json\/wp\/v2\/categories?post=68129"},{"taxonomy":"post_tag","embeddable":true,"href":"https:\/\/centcols.org\/backup\/wp-json\/wp\/v2\/tags?post=68129"}],"curies":[{"name":"wp","href":"https:\/\/api.w.org\/{rel}","templated":true}]}}