{"id":69238,"date":"2022-12-21T09:39:09","date_gmt":"2022-12-21T08:39:09","guid":{"rendered":"https:\/\/centcols.org\/backup\/?page_id=69238"},"modified":"2023-11-20T02:58:29","modified_gmt":"2023-11-20T01:58:29","slug":"deces-michel-minard","status":"publish","type":"post","link":"https:\/\/centcols.org\/backup\/deces-michel-minard\/","title":{"rendered":"Michel Minard"},"content":{"rendered":"\n<p id=\"block-b1046b76-0cd5-4d51-a3d9-d92b537dcfbd\">Avant de conna\u00eetre Michel (N.1361), nous avions souvent roul\u00e9 en compagnie de son fils Philippe dans les ann\u00e9es 90. Ce dernier \u00e9tait \u00e9galement \u00e0 l\u2019\u00e9poque un membre actif aux Cent Cols.<\/p>\n\n\n\n<p id=\"block-9f1afa02-14e2-458c-bd6d-0d1e1d8aaa27\">La premi\u00e8re rencontre avec Michel se fit au cours du s\u00e9jour de Gilette en avril 2015. Comptant \u00e0 peine plus de 1300 cols \u00e0 l\u2019\u00e9poque, il nous avait confi\u00e9 que son but \u00e9tait d\u2019atteindre les 1500. Cet objectif nous avait paru tr\u00e8s ambitieux, compte-tenu de la morphologie imposante et l\u2019\u00e2ge de l\u2019individu.<\/p>\n\n\n\n<p id=\"block-4e0b2f08-12ee-4675-bd9b-7dde50c05090\">C\u2019\u00e9tait sans compter sur son obstination et sa pers\u00e9v\u00e9rance, car il allait largement d\u00e9passer cet objectif. Il incarnait <em>la force tranquille<\/em>, et nous l\u2019avons retrouv\u00e9 par la suite \u00e0 chacun de nos s\u00e9jours avec le CCC. Refusant cat\u00e9goriquement de passer au VAE, il nous r\u00e9p\u00e9tait r\u00e9guli\u00e8rement&nbsp;: \u00ab&nbsp;C\u2019est ma derni\u00e8re participation\u2026&nbsp;\u00bb<\/p>\n\n\n\n<p id=\"block-777925d0-2b48-4740-9350-2fbd50742ff3\">La perte de son \u00e9pouse Colette en 2008 l\u2019avait beaucoup affect\u00e9, et il \u00e9voquait souvent sa m\u00e9moire.<\/p>\n\n\n\n<p id=\"block-5f9eaa21-2959-468a-ac31-b31d3e812061\">\u00c0 85 ans, il est parti discr\u00e8tement, comme il a toujours v\u00e9cu, et aux prochaines rencontres, nous ne verrons plus arriver le petit camping-car qui \u00e9tait son unique v\u00e9hicule.<\/p>\n\n\n\n<h4 class=\"has-vivid-cyan-blue-color has-text-color has-medium-font-size wp-block-heading\">Claude et Michel RABUTEAU<\/h4>\n\n\n\n<hr class=\"wp-block-separator\" id=\"block-1ea2c44e-7c28-43bf-b7d1-97344c6277a9\"\/>\n\n\n\n<p id=\"block-69210167-fc25-414a-b492-941afe0fb013\">Michel \u00e9tait un homme tr\u00e8s attachant en particulier du fait des p\u00e9pins qu&#8217;il avait durant les s\u00e9jours, j&#8217;en citerai 2.<\/p>\n\n\n\n<p id=\"block-2527cb47-1f9f-4135-b452-cf8a11a3ba40\">En 2014 lors du s\u00e9jour de Bussang il \u00e9tait all\u00e9&nbsp; voir le Tour dans l&#8217;ascension du col des Croix. Un gendarme lui a interdit de retraverser pour prendre son pic nique laiss\u00e9 sur le v\u00e9lo de l&#8217;aute c\u00f4t\u00e9 de la route,le laissant affam\u00e9.<\/p>\n\n\n\n<p id=\"block-bb6df826-7445-4b9d-80f9-a933bdf2d745\">A Gilette Guy Moreau et Laurent Cornet lui avaient concoct\u00e9 un parcours plus court et l&#8217;avaient emmen\u00e9 au point de d\u00e9part du circuit avec consigne de se retrouver au m\u00eame endroit. Au retour pas de Michel, dans l&#8217;impossibilit\u00e9 de le joindre, (il n&#8217;avait pas de portable) apr\u00e8s une longue attente ils ont d\u00e9cid\u00e9 de rentrer au centre pensant qu&#8217;il y \u00e9tait retourn\u00e9 par ses propres moyens.<\/p>\n\n\n\n<p id=\"block-15bd0152-dbca-4e9b-89d4-d0911c91c900\">Au moment du repas du soir toujours pas de Michel, branle-bas de combat, R\u00e9gis doit s&#8217;en souvenir. Appel \u00e0 la gendarmerie, \u00e0 sa s\u0153ur&#8230; mais quel soulagement quand nous l&#8217;avons vu arriver au centre.<\/p>\n\n\n\n<p id=\"block-b57c75b8-eb1d-4c99-ac98-34856ac477d7\">C&#8217;\u00e9tait Michel toujours un peu perdu, mais tellement sympathique.<\/p>\n\n\n\n<h4 class=\"has-vivid-cyan-blue-color has-text-color has-medium-font-size wp-block-heading\">Alain Brault<\/h4>\n\n\n\n<hr class=\"wp-block-separator\" id=\"block-d309d582-4a22-480b-b13d-c6e314ee2c5b\"\/>\n\n\n\n<p id=\"block-ea6e9b43-d884-4b42-8b06-cfc16c80f60d\">Alain, tu oublies de dire qu&#8217;\u00e0 Gillette c\u2019est la marchande de pizzas qui l&#8217;a remont\u00e9 au centre, le veinard !<\/p>\n\n\n\n<h4 class=\"has-vivid-cyan-blue-color has-text-color has-medium-font-size wp-block-heading\">Guy&nbsp;Harl\u00e9<\/h4>\n\n\n\n<hr class=\"wp-block-separator\" id=\"block-a19bdfb8-b4f7-4f17-a4b9-351e33a5653a\"\/>\n\n\n\n<p id=\"block-82002d06-7773-42a6-b21d-149739d3db32\">Michel ne laissait personne indiff\u00e9rent. On avait pour lui une sympathie naturelle&nbsp;\u00e0 son endroit car il \u00e9tait souvent en d\u00e9calage avec nos emplois du temps lors de nos s\u00e9jours. Ses parcours \u00e9taient souvent improvis\u00e9s. A Lozari, en 2013, m\u00e9saventure : il part avec son v\u00e9lo chercher de l&#8217;argent \u00e0 un distributeur. Une fois revenu \u00e0 son camping-car, il avait perdu son portefeuille&nbsp;et tous ses papiers&#8230;ainsi que l&#8217;argent fra\u00eechement&nbsp;retir\u00e9. Les uns et les autres membres se sont cotis\u00e9s pour lui assurer son retour en m\u00e9tropole. La perte de son \u00e9pouse l&#8217;avait beaucoup affect\u00e9. C&#8217;\u00e9tait un bon copain.<\/p>\n\n\n\n<h4 class=\"has-vivid-cyan-blue-color has-text-color has-medium-font-size wp-block-heading\">Max Tissot<\/h4>\n\n\n\n<hr class=\"wp-block-separator\" id=\"block-3401b557-b182-4541-8ed6-11135a0f538b\"\/>\n\n\n\n<p id=\"block-cd2f0cbf-2d58-4beb-8789-a235448ec1c0\">Michel Minard c&#8217;est mon enfance et ma jeunesse scolaire,<br>Tous les matins, quand j&#8217;allais \u00e0 l&#8217;\u00e9cole, je le voyais \u00e0 Dijon, sur son v\u00e9lo, boulevard Kennedy se rendant \u00e0 son travail&#8230;<br>Puis, quand je me suis mis au cyclotourisme, il \u00e9tait au club TCF de Dijon.<br>Puis, quand on se rencontrait dans un rassemblement&#8230;j&#8217;\u00e9tais le fils FEE.<br>Beaucoup de chagrin et d&#8217;\u00e9motions&#8230;<\/p>\n\n\n\n<h4 class=\"has-vivid-cyan-blue-color has-text-color has-medium-font-size wp-block-heading\">Philippe Fee<\/h4>\n\n\n\n<hr class=\"wp-block-separator\" id=\"block-4f6256f3-0dd1-44d4-aa84-a6d0a1c5b654\"\/>\n\n\n\n<p id=\"block-0e4d49c1-a5d3-4292-b337-25788703a5dd\">Comme vous tous, j&#8217;ai crois\u00e9 Michel sur diff\u00e9rents s\u00e9jours et mesur\u00e9 sa volont\u00e9 sur, o\u00f9 \u00e0 c\u00f4t\u00e9 de son v\u00e9lo. J&#8217;avais appr\u00e9ci\u00e9 sa zenitude \u00e0 Ghysonnaccia o\u00f9 nous partagions un bungalow.<\/p>\n\n\n\n<h4 class=\"has-vivid-cyan-blue-color has-text-color has-medium-font-size wp-block-heading\">Guy Chaurin<\/h4>\n\n\n\n<hr class=\"wp-block-separator\" id=\"block-4eb02aa6-84d6-43de-872a-af0ebf98fdbf\"\/>\n\n\n\n<p id=\"block-61b9b76a-d519-47af-9748-29e682689082\">Je le revoie chercher les cols avec une carte Michelin au 200.000\u00e8me , pers\u00e9v\u00e9rant jusqu&#8217;au bout ! !<br>Et tant pis pour le retard au souper &#8230;<\/p>\n\n\n\n<h4 class=\"has-vivid-cyan-blue-color has-text-color has-medium-font-size wp-block-heading\">Bernard Chinal<\/h4>\n\n\n\n<hr class=\"wp-block-separator\" id=\"block-24330a19-19ed-467c-b2b8-558d7d65b14e\"\/>\n\n\n\n<p id=\"block-073b2542-8065-47b0-aaa4-26169821dd6b\">J\u2019aimais discuter avec lui. Je l\u2019ai fait encore lors de l\u2019AG. Sa disparition ne me laisse de la tristesse, quand on est en bonne sant\u00e9 et encore alerte, on pense \u00eatre \u00e9ternel, que tout va continuer, de voir ses proches et amis nous quitter, nous fait prendre conscience de notre simple passage.<\/p>\n\n\n\n<h4 class=\"has-vivid-cyan-blue-color has-text-color has-medium-font-size wp-block-heading\">Alain Schoebel<\/h4>\n\n\n\n<hr class=\"wp-block-separator\" id=\"block-35c4a003-4a3f-4d49-bf70-cc564ff57aa1\"\/>\n\n\n\n<p id=\"block-95409a9e-9fe9-493c-b8ca-6fc5ebae9cc3\">Une pens\u00e9e pour sa famille. Nous l&#8217;avions quelquefois accompagn\u00e9 avec Maurice lors des randonn\u00e9es. J&#8217;ai beaucoup de peine de sa disparition, il \u00e9tait tellement gentil.<\/p>\n\n\n\n<h4 class=\"has-vivid-cyan-blue-color has-text-color has-medium-font-size wp-block-heading\">Marie-Th\u00e9r\u00e8se Frumy<\/h4>\n","protected":false},"excerpt":{"rendered":"<p>Avant de conna\u00eetre Michel (N.1361), nous avions souvent roul\u00e9 en compagnie de son fils Philippe dans les ann\u00e9es 90. Ce dernier \u00e9tait \u00e9galement \u00e0 l\u2019\u00e9poque un membre actif aux Cent Cols. La premi\u00e8re rencontre avec Michel se fit au cours du s\u00e9jour de Gilette en avril 2015. Comptant \u00e0 peine plus de 1300 cols \u00e0 [&hellip;]<\/p>\n","protected":false},"author":69,"featured_media":0,"comment_status":"closed","ping_status":"closed","sticky":false,"template":"","format":"standard","meta":{"_acf_changed":false,"ub_ctt_via":"","_monsterinsights_skip_tracking":false,"_monsterinsights_sitenote_active":false,"_monsterinsights_sitenote_note":"","_monsterinsights_sitenote_category":0,"footnotes":""},"categories":[620],"tags":[],"acf":[],"featured_image_urls":{"full":"","thumbnail":"","medium":"","medium_large":"","large":"","1536x1536":"","2048x2048":"","woocommerce_thumbnail":"","woocommerce_single":"","woocommerce_gallery_thumbnail":""},"post_excerpt_stackable":"<p>Avant de conna\u00eetre Michel (N.1361), nous avions souvent roul\u00e9 en compagnie de son fils Philippe dans les ann\u00e9es 90. Ce dernier \u00e9tait \u00e9galement \u00e0 l\u2019\u00e9poque un membre actif aux Cent Cols. La premi\u00e8re rencontre avec Michel se fit au cours du s\u00e9jour de Gilette en avril 2015. Comptant \u00e0 peine plus de 1300 cols \u00e0 l\u2019\u00e9poque, il nous avait confi\u00e9 que son but \u00e9tait d\u2019atteindre les 1500. Cet objectif nous avait paru tr\u00e8s ambitieux, compte-tenu de la morphologie imposante et l\u2019\u00e2ge de l\u2019individu. C\u2019\u00e9tait sans compter sur son obstination et sa pers\u00e9v\u00e9rance, car il allait largement d\u00e9passer cet objectif. Il\u2026<\/p>\n","category_list":"<a href=\"https:\/\/centcols.org\/backup\/categorie\/gazette\/carnet-noir\/\" rel=\"category tag\">Carnet noir<\/a>","author_info":{"display_name":"Enrico Alberini","author_link":"https:\/\/centcols.org\/backup\/author\/5065\/"},"comments_num":"0 commentaire","featured_image_urls_v2":{"full":"","thumbnail":"","medium":"","medium_large":"","large":"","1536x1536":"","2048x2048":"","woocommerce_thumbnail":"","woocommerce_single":"","woocommerce_gallery_thumbnail":""},"post_excerpt_stackable_v2":"<p>Avant de conna\u00eetre Michel (N.1361), nous avions souvent roul\u00e9 en compagnie de son fils Philippe dans les ann\u00e9es 90. Ce dernier \u00e9tait \u00e9galement \u00e0 l\u2019\u00e9poque un membre actif aux Cent Cols. La premi\u00e8re rencontre avec Michel se fit au cours du s\u00e9jour de Gilette en avril 2015. Comptant \u00e0 peine plus de 1300 cols \u00e0 l\u2019\u00e9poque, il nous avait confi\u00e9 que son but \u00e9tait d\u2019atteindre les 1500. Cet objectif nous avait paru tr\u00e8s ambitieux, compte-tenu de la morphologie imposante et l\u2019\u00e2ge de l\u2019individu. C\u2019\u00e9tait sans compter sur son obstination et sa pers\u00e9v\u00e9rance, car il allait largement d\u00e9passer cet objectif. Il\u2026<\/p>\n","category_list_v2":"<a href=\"https:\/\/centcols.org\/backup\/categorie\/gazette\/carnet-noir\/\" rel=\"category tag\">Carnet noir<\/a>","author_info_v2":{"name":"Enrico Alberini","url":"https:\/\/centcols.org\/backup\/author\/5065\/"},"comments_num_v2":"0 commentaire","featured_image_src":null,"_links":{"self":[{"href":"https:\/\/centcols.org\/backup\/wp-json\/wp\/v2\/posts\/69238"}],"collection":[{"href":"https:\/\/centcols.org\/backup\/wp-json\/wp\/v2\/posts"}],"about":[{"href":"https:\/\/centcols.org\/backup\/wp-json\/wp\/v2\/types\/post"}],"author":[{"embeddable":true,"href":"https:\/\/centcols.org\/backup\/wp-json\/wp\/v2\/users\/69"}],"replies":[{"embeddable":true,"href":"https:\/\/centcols.org\/backup\/wp-json\/wp\/v2\/comments?post=69238"}],"version-history":[{"count":0,"href":"https:\/\/centcols.org\/backup\/wp-json\/wp\/v2\/posts\/69238\/revisions"}],"wp:attachment":[{"href":"https:\/\/centcols.org\/backup\/wp-json\/wp\/v2\/media?parent=69238"}],"wp:term":[{"taxonomy":"category","embeddable":true,"href":"https:\/\/centcols.org\/backup\/wp-json\/wp\/v2\/categories?post=69238"},{"taxonomy":"post_tag","embeddable":true,"href":"https:\/\/centcols.org\/backup\/wp-json\/wp\/v2\/tags?post=69238"}],"curies":[{"name":"wp","href":"https:\/\/api.w.org\/{rel}","templated":true}]}}