{"id":69256,"date":"2022-12-21T15:04:11","date_gmt":"2022-12-21T14:04:11","guid":{"rendered":"https:\/\/centcols.org\/backup\/?page_id=69256"},"modified":"2023-12-08T18:30:36","modified_gmt":"2023-12-08T17:30:36","slug":"deces-constant-van-waterschoot","status":"publish","type":"post","link":"https:\/\/centcols.org\/backup\/deces-constant-van-waterschoot\/","title":{"rendered":"Constant Van Waterschoot"},"content":{"rendered":"\n\n\n<p>Constant a \u00e9t\u00e9 le premier DT des Pays-Bas, nomm\u00e9 depuis la cr\u00e9ation de cette fonction en 2003. Il a continu\u00e9 \u00e0 servir jusqu&#8217;en 2021, date \u00e0 laquelle, pour des raisons de sant\u00e9, il a d\u00e9cid\u00e9 de renoncer \u00e0 son poste. Pour ces pr\u00e9cieux et longs services, il a re\u00e7u un dipl\u00f4me \u00e0 l&#8217;AG d&#8217;Annecy 2022. Je tiens \u00e0 pr\u00e9senter mes condol\u00e9ances \u00e0 sa famille.<\/p>\n\n\n\n<h4 class=\"kt-adv-heading69256_003829-20 wp-block-kadence-advancedheading has-vivid-cyan-blue-color has-text-color\" data-kb-block=\"kb-adv-heading69256_003829-20\">Enrico Alberini, Pr\u00e9sident du CCC<\/h4>\n\n\n\n<hr class=\"wp-block-separator has-css-opacity\"\/>\n\n\n\n<p>Bien triste nouvelle, en effet, quelques jours \u00e0 peine apr\u00e8s le d\u00e9c\u00e8s de notre ami Michel. Lorsque j\u2019\u00e9tais Secr\u00e9taire G\u00e9n\u00e9ral, j\u2019avais occasionnellement \u00e9t\u00e9 en contact avec lui, et cela avait toujours \u00e9t\u00e9 tr\u00e8s sympathique\u2026 Et puis, une fois il \u00e9tait venu lors d\u2019un s\u00e9jour (je ne me souviens absolument plus lequel) et nous nous \u00e9tions retrouv\u00e9s en vrai\u2026 et tout aussi sympathique.<\/p>\n\n\n\n<h4 class=\"kt-adv-heading69256_c9fe71-4e wp-block-kadence-advancedheading has-vivid-cyan-blue-color has-text-color\" data-kb-block=\"kb-adv-heading69256_c9fe71-4e\">Thierry Labour<\/h4>\n\n\n\n<hr class=\"wp-block-separator has-css-opacity\"\/>\n\n\n\n<p><\/p>\n","protected":false},"excerpt":{"rendered":"<p>Constant a \u00e9t\u00e9 le premier DT des Pays-Bas, nomm\u00e9 depuis la cr\u00e9ation de cette fonction en 2003. Il a continu\u00e9 \u00e0 servir jusqu&#8217;en 2021, date \u00e0 laquelle, pour des raisons de sant\u00e9, il a d\u00e9cid\u00e9 de renoncer \u00e0 son poste. Pour ces pr\u00e9cieux et longs services, il a re\u00e7u un dipl\u00f4me \u00e0 l&#8217;AG d&#8217;Annecy 2022. [&hellip;]<\/p>\n","protected":false},"author":397,"featured_media":69257,"comment_status":"closed","ping_status":"closed","sticky":false,"template":"","format":"standard","meta":{"_acf_changed":false,"ub_ctt_via":"","_monsterinsights_skip_tracking":false,"_monsterinsights_sitenote_active":false,"_monsterinsights_sitenote_note":"","_monsterinsights_sitenote_category":0,"footnotes":""},"categories":[620],"tags":[],"acf":[],"featured_image_urls":{"full":["https:\/\/centcols.org\/backup\/wp-content\/uploads\/2022\/12\/Capture-decran-2022-12-21-144002.jpg",189,240,false],"thumbnail":["https:\/\/centcols.org\/backup\/wp-content\/uploads\/2022\/12\/Capture-decran-2022-12-21-144002.jpg",189,240,false],"medium":["https:\/\/centcols.org\/backup\/wp-content\/uploads\/2022\/12\/Capture-decran-2022-12-21-144002.jpg",189,240,false],"medium_large":["https:\/\/centcols.org\/backup\/wp-content\/uploads\/2022\/12\/Capture-decran-2022-12-21-144002.jpg",189,240,false],"large":["https:\/\/centcols.org\/backup\/wp-content\/uploads\/2022\/12\/Capture-decran-2022-12-21-144002.jpg",189,240,false],"1536x1536":["https:\/\/centcols.org\/backup\/wp-content\/uploads\/2022\/12\/Capture-decran-2022-12-21-144002.jpg",189,240,false],"2048x2048":["https:\/\/centcols.org\/backup\/wp-content\/uploads\/2022\/12\/Capture-decran-2022-12-21-144002.jpg",189,240,false],"woocommerce_thumbnail":["https:\/\/centcols.org\/backup\/wp-content\/uploads\/2022\/12\/Capture-decran-2022-12-21-144002.jpg",189,240,false],"woocommerce_single":["https:\/\/centcols.org\/backup\/wp-content\/uploads\/2022\/12\/Capture-decran-2022-12-21-144002.jpg",189,240,false],"woocommerce_gallery_thumbnail":["https:\/\/centcols.org\/backup\/wp-content\/uploads\/2022\/12\/Capture-decran-2022-12-21-144002-100x100.jpg",100,100,true]},"post_excerpt_stackable":"<p>Constant a \u00e9t\u00e9 le premier DT des Pays-Bas, nomm\u00e9 depuis la cr\u00e9ation de cette fonction en 2003. Il a continu\u00e9 \u00e0 servir jusqu&#8217;en 2021, date \u00e0 laquelle, pour des raisons de sant\u00e9, il a d\u00e9cid\u00e9 de renoncer \u00e0 son poste. Pour ces pr\u00e9cieux et longs services, il a re\u00e7u un dipl\u00f4me \u00e0 l&#8217;AG d&#8217;Annecy 2022. Je tiens \u00e0 pr\u00e9senter mes condol\u00e9ances \u00e0 sa famille. Enrico Alberini, Pr\u00e9sident du CCC Bien triste nouvelle, en effet, quelques jours \u00e0 peine apr\u00e8s le d\u00e9c\u00e8s de notre ami Michel. Lorsque j\u2019\u00e9tais Secr\u00e9taire G\u00e9n\u00e9ral, j\u2019avais occasionnellement \u00e9t\u00e9 en contact avec lui, et cela avait toujours\u2026<\/p>\n","category_list":"<a href=\"https:\/\/centcols.org\/backup\/categorie\/gazette\/carnet-noir\/\" rel=\"category tag\">Carnet noir<\/a>","author_info":{"display_name":"Denis Chouquet-Stringer","author_link":"https:\/\/centcols.org\/backup\/author\/6183\/"},"comments_num":"0 commentaire","featured_image_urls_v2":{"full":["https:\/\/centcols.org\/backup\/wp-content\/uploads\/2022\/12\/Capture-decran-2022-12-21-144002.jpg",189,240,false],"thumbnail":["https:\/\/centcols.org\/backup\/wp-content\/uploads\/2022\/12\/Capture-decran-2022-12-21-144002.jpg",189,240,false],"medium":["https:\/\/centcols.org\/backup\/wp-content\/uploads\/2022\/12\/Capture-decran-2022-12-21-144002.jpg",189,240,false],"medium_large":["https:\/\/centcols.org\/backup\/wp-content\/uploads\/2022\/12\/Capture-decran-2022-12-21-144002.jpg",189,240,false],"large":["https:\/\/centcols.org\/backup\/wp-content\/uploads\/2022\/12\/Capture-decran-2022-12-21-144002.jpg",189,240,false],"1536x1536":["https:\/\/centcols.org\/backup\/wp-content\/uploads\/2022\/12\/Capture-decran-2022-12-21-144002.jpg",189,240,false],"2048x2048":["https:\/\/centcols.org\/backup\/wp-content\/uploads\/2022\/12\/Capture-decran-2022-12-21-144002.jpg",189,240,false],"woocommerce_thumbnail":["https:\/\/centcols.org\/backup\/wp-content\/uploads\/2022\/12\/Capture-decran-2022-12-21-144002.jpg",189,240,false],"woocommerce_single":["https:\/\/centcols.org\/backup\/wp-content\/uploads\/2022\/12\/Capture-decran-2022-12-21-144002.jpg",189,240,false],"woocommerce_gallery_thumbnail":["https:\/\/centcols.org\/backup\/wp-content\/uploads\/2022\/12\/Capture-decran-2022-12-21-144002-100x100.jpg",100,100,true]},"post_excerpt_stackable_v2":"<p>Constant a \u00e9t\u00e9 le premier DT des Pays-Bas, nomm\u00e9 depuis la cr\u00e9ation de cette fonction en 2003. Il a continu\u00e9 \u00e0 servir jusqu&#8217;en 2021, date \u00e0 laquelle, pour des raisons de sant\u00e9, il a d\u00e9cid\u00e9 de renoncer \u00e0 son poste. Pour ces pr\u00e9cieux et longs services, il a re\u00e7u un dipl\u00f4me \u00e0 l&#8217;AG d&#8217;Annecy 2022. Je tiens \u00e0 pr\u00e9senter mes condol\u00e9ances \u00e0 sa famille. Enrico Alberini, Pr\u00e9sident du CCC Bien triste nouvelle, en effet, quelques jours \u00e0 peine apr\u00e8s le d\u00e9c\u00e8s de notre ami Michel. Lorsque j\u2019\u00e9tais Secr\u00e9taire G\u00e9n\u00e9ral, j\u2019avais occasionnellement \u00e9t\u00e9 en contact avec lui, et cela avait toujours\u2026<\/p>\n","category_list_v2":"<a href=\"https:\/\/centcols.org\/backup\/categorie\/gazette\/carnet-noir\/\" rel=\"category tag\">Carnet noir<\/a>","author_info_v2":{"name":"Denis Chouquet-Stringer","url":"https:\/\/centcols.org\/backup\/author\/6183\/"},"comments_num_v2":"0 commentaire","featured_image_src":"https:\/\/centcols.org\/backup\/wp-content\/uploads\/2022\/12\/Capture-decran-2022-12-21-144002.jpg","_links":{"self":[{"href":"https:\/\/centcols.org\/backup\/wp-json\/wp\/v2\/posts\/69256"}],"collection":[{"href":"https:\/\/centcols.org\/backup\/wp-json\/wp\/v2\/posts"}],"about":[{"href":"https:\/\/centcols.org\/backup\/wp-json\/wp\/v2\/types\/post"}],"author":[{"embeddable":true,"href":"https:\/\/centcols.org\/backup\/wp-json\/wp\/v2\/users\/397"}],"replies":[{"embeddable":true,"href":"https:\/\/centcols.org\/backup\/wp-json\/wp\/v2\/comments?post=69256"}],"version-history":[{"count":0,"href":"https:\/\/centcols.org\/backup\/wp-json\/wp\/v2\/posts\/69256\/revisions"}],"wp:featuredmedia":[{"embeddable":true,"href":"https:\/\/centcols.org\/backup\/wp-json\/wp\/v2\/media\/69257"}],"wp:attachment":[{"href":"https:\/\/centcols.org\/backup\/wp-json\/wp\/v2\/media?parent=69256"}],"wp:term":[{"taxonomy":"category","embeddable":true,"href":"https:\/\/centcols.org\/backup\/wp-json\/wp\/v2\/categories?post=69256"},{"taxonomy":"post_tag","embeddable":true,"href":"https:\/\/centcols.org\/backup\/wp-json\/wp\/v2\/tags?post=69256"}],"curies":[{"name":"wp","href":"https:\/\/api.w.org\/{rel}","templated":true}]}}