{"id":69307,"date":"2022-12-26T10:18:20","date_gmt":"2022-12-26T09:18:20","guid":{"rendered":"https:\/\/centcols.org\/backup\/?p=69307"},"modified":"2024-03-28T17:06:34","modified_gmt":"2024-03-28T16:06:34","slug":"sejour-ete-2023-praz-sur-arly","status":"publish","type":"post","link":"https:\/\/centcols.org\/backup\/sejour-ete-2023-praz-sur-arly\/","title":{"rendered":"S\u00e9jour d&#8217;\u00e9t\u00e9 \u00e0 Praz-sur-Arly, 26 ao\u00fbt au 02 septembre 2023"},"content":{"rendered":"<p style=\"text-align: left;\"><span style=\"color: #808080;\">Ont contribu\u00e9 \u00e0 cette page de pr\u00e9sentation du s\u00e9jour Enrico Alberini, Jean Luc Matte, Christophe Badonnel et les responsables informatiques.<\/span><\/p>\n<p><span style=\"color: #000000;\">Le s\u00e9jour d\u2019\u00e9t\u00e9 2023 se d\u00e9roulera du 26 ao\u00fbt au 02 septembre 2023 dans le d\u00e9partement de Haute-Savoie au coeur du Pays du Mont-Blanc. Il a \u00e9t\u00e9 pr\u00e9par\u00e9 par une petite \u00e9quipe locale : Sylvie R\u00e9mond, Didier R\u00e9mond et S\u00e9bastien Vadot.<\/span><\/p>\n<p><a href=\"https:\/\/photos.google.com\/share\/AF1QipMV6lSVuLWkdfolxu-LK54r4_aKLN6dCgHazxXXZFlSz7BT-qIFEHl68xWcETVYCw\/photo\/AF1QipP21G4DKb2p9PLM7AyoH_UHrP2nmQRhK-hok3v-?key=SUw2ZC1mcFhFMlhJV2k3cTJEelYzR1F4TnA3SmN3\" target=\"_blank\" rel=\"noopener\">Album photos de Didier R\u00e9mond<\/a><\/p>\n<div id=\"attachment_69447\" style=\"width: 310px\" class=\"wp-caption aligncenter\"><img loading=\"lazy\" decoding=\"async\" aria-describedby=\"caption-attachment-69447\" class=\"size-thumbnail wp-image-69447\" src=\"https:\/\/centcols.org\/backup\/wp-content\/uploads\/2022\/12\/vue-sur-le-Mont-Blanc-300x300.jpg\" alt=\"\" width=\"300\" height=\"300\" srcset=\"https:\/\/centcols.org\/backup\/wp-content\/uploads\/2022\/12\/vue-sur-le-Mont-Blanc-300x300.jpg 300w, https:\/\/centcols.org\/backup\/wp-content\/uploads\/2022\/12\/vue-sur-le-Mont-Blanc-100x100.jpg 100w\" sizes=\"(max-width: 300px) 100vw, 300px\" \/><p id=\"caption-attachment-69447\" class=\"wp-caption-text\">vue sur le Mont Blanc \u00a9 Didier R\u00e9mond<\/p><\/div>\n<p><span style=\"color: #000000;\">Nous s\u00e9journerons dans le village vacances Belambra &#8220;l&#8217;Alisier&#8221;<br \/>\n<\/span><\/p>\n<p><div class=\"leaflet-map WPLeafletMap\" style=\"height:600px; width:100%;\"><\/div><script>\nwindow.WPLeafletMapPlugin = window.WPLeafletMapPlugin || [];\nwindow.WPLeafletMapPlugin.push(function WPLeafletMapShortcode() {\/*<script>*\/\nvar baseUrl = atob('aHR0cHM6Ly97c30udGlsZS5vcGVuc3RyZWV0bWFwLm9yZy97en0ve3h9L3t5fS5wbmc=');\nvar base = (!baseUrl && window.MQ) ?\n    window.MQ.mapLayer() : L.tileLayer(baseUrl,\n        L.Util.extend({}, {\n            detectRetina: 0,\n        },\n        {\"subdomains\":\"abc\",\"noWrap\":false,\"maxZoom\":18}        )\n    );\n    var options = L.Util.extend({}, {\n        layers: [base],\n        attributionControl: false\n    },\n    {\"zoomControl\":true,\"scrollWheelZoom\":true,\"doubleClickZoom\":false,\"fitBounds\":false,\"minZoom\":0,\"maxZoom\":18,\"maxBounds\":null,\"attribution\":\"<a href=\\\"http:\\\/\\\/leafletjs.com\\\">Leaflet<\\\/a>; \\u00a9 <a href=\\\"http:\\\/\\\/www.openstreetmap.org\\\/copyright\\\">OpenStreetMap<\\\/a> contributors\"},\n    {});\nwindow.WPLeafletMapPlugin.createMap(options).setView([45.836,6.566],14);});<\/script><br \/>\n<script>\nwindow.WPLeafletMapPlugin = window.WPLeafletMapPlugin || [];\nwindow.WPLeafletMapPlugin.push(function WPLeafletMarkerShortcode() {\/*<script>*\/\nvar map = window.WPLeafletMapPlugin.getCurrentMap();\nvar group = window.WPLeafletMapPlugin.getCurrentGroup();\nvar marker_options = window.WPLeafletMapPlugin.getIconOptions({\"iconUrl\":\"\\\/res\\\/lib\\\/leaflet\\\/images\\\/hotel.png\",\"iconSize\":\"24,72\",\"popupAnchor\":\"0,-32\"});\nvar marker = L.marker(\n    [45.836,6.566],\n    marker_options\n);\nvar is_image = map.is_image_map;\nif (marker_options.draggable) {\n    marker.on('dragend', function () {\n        var latlng = this.getLatLng();\n        var lat = latlng.lat;\n        var lng = latlng.lng;\n        if (is_image) {\n            console.log('leaflet-marker y=' + lat + ' x=' + lng);\n        } else {\n            console.log('leaflet-marker lat=' + lat + ' lng=' + lng);\n        }\n    });\n}\nmarker.addTo( group );\nmarker.bindPopup(window.WPLeafletMapPlugin.unescape('Club Belambra L&amp;#8217;Alisier'));window.WPLeafletMapPlugin.markers.push( marker );\n        });<\/script><\/p>\n<p><span style=\"color: #000000;\">Vous trouverez ci-dessous les rubriques :<\/span><\/p>\n<ul>\n<li><span style=\"color: #000000;\">Pr\u00e9sentation de la r\u00e9gion<\/span><\/li>\n<li>Les circuits, routiers et VTT<\/li>\n<li><span style=\"color: #000000;\">H\u00e9bergement<\/span><\/li>\n<li><span style=\"color: #000000;\">Note du Conseil d&#8217;Administration<\/span><\/li>\n<li><span style=\"color: #000000;\">Inscriptions<\/span><\/li>\n<li><span style=\"color: #000000;\">Autres activit\u00e9s ou visites\u00a0 \u00a0<\/span><\/li>\n<\/ul>\n<p><strong><u>V\u00e9locistes :<br \/>\n<\/u><\/strong><\/p>\n","protected":false},"excerpt":{"rendered":"<p>Ont contribu\u00e9 \u00e0 cette page de pr\u00e9sentation du s\u00e9jour Enrico Alberini, Jean Luc Matte, Christophe Badonnel et les responsables informatiques. Le s\u00e9jour d\u2019\u00e9t\u00e9 2023 se d\u00e9roulera du 26 ao\u00fbt au 02 septembre 2023 dans le d\u00e9partement de Haute-Savoie au coeur du Pays du Mont-Blanc. Il a \u00e9t\u00e9 pr\u00e9par\u00e9 par une petite \u00e9quipe locale : Sylvie [&hellip;]<\/p>\n","protected":false},"author":75,"featured_media":0,"comment_status":"closed","ping_status":"closed","sticky":false,"template":"","format":"standard","meta":{"_acf_changed":false,"ub_ctt_via":"","_monsterinsights_skip_tracking":false,"_monsterinsights_sitenote_active":false,"_monsterinsights_sitenote_note":"","_monsterinsights_sitenote_category":0,"footnotes":""},"categories":[35],"tags":[],"acf":[],"featured_image_urls":{"full":"","thumbnail":"","medium":"","medium_large":"","large":"","1536x1536":"","2048x2048":"","woocommerce_thumbnail":"","woocommerce_single":"","woocommerce_gallery_thumbnail":""},"post_excerpt_stackable":"<p>Ont contribu\u00e9 \u00e0 cette page de pr\u00e9sentation du s\u00e9jour Enrico Alberini, Jean Luc Matte, Christophe Badonnel et les responsables informatiques. Le s\u00e9jour d\u2019\u00e9t\u00e9 2023 se d\u00e9roulera du 26 ao\u00fbt au 02 septembre 2023 dans le d\u00e9partement de Haute-Savoie au coeur du Pays du Mont-Blanc. Il a \u00e9t\u00e9 pr\u00e9par\u00e9 par une petite \u00e9quipe locale : Sylvie R\u00e9mond, Didier R\u00e9mond et S\u00e9bastien Vadot. Album photos de Didier R\u00e9mond vue sur le Mont Blanc \u00a9 Didier R\u00e9mond Nous s\u00e9journerons dans le village vacances Belambra &#8220;l&#8217;Alisier&#8221; Vous trouverez ci-dessous les rubriques : Pr\u00e9sentation de la r\u00e9gion Les circuits, routiers et VTT H\u00e9bergement Note du\u2026<\/p>\n","category_list":"<a href=\"https:\/\/centcols.org\/backup\/categorie\/sejours\/\" rel=\"category tag\">S\u00e9jours<\/a>","author_info":{"display_name":"Christophe Badonnel","author_link":"https:\/\/centcols.org\/backup\/author\/5799\/"},"comments_num":"0 commentaire","featured_image_urls_v2":{"full":"","thumbnail":"","medium":"","medium_large":"","large":"","1536x1536":"","2048x2048":"","woocommerce_thumbnail":"","woocommerce_single":"","woocommerce_gallery_thumbnail":""},"post_excerpt_stackable_v2":"<p>Ont contribu\u00e9 \u00e0 cette page de pr\u00e9sentation du s\u00e9jour Enrico Alberini, Jean Luc Matte, Christophe Badonnel et les responsables informatiques. Le s\u00e9jour d\u2019\u00e9t\u00e9 2023 se d\u00e9roulera du 26 ao\u00fbt au 02 septembre 2023 dans le d\u00e9partement de Haute-Savoie au coeur du Pays du Mont-Blanc. Il a \u00e9t\u00e9 pr\u00e9par\u00e9 par une petite \u00e9quipe locale : Sylvie R\u00e9mond, Didier R\u00e9mond et S\u00e9bastien Vadot. Album photos de Didier R\u00e9mond vue sur le Mont Blanc \u00a9 Didier R\u00e9mond Nous s\u00e9journerons dans le village vacances Belambra &#8220;l&#8217;Alisier&#8221; Vous trouverez ci-dessous les rubriques : Pr\u00e9sentation de la r\u00e9gion Les circuits, routiers et VTT H\u00e9bergement Note du\u2026<\/p>\n","category_list_v2":"<a href=\"https:\/\/centcols.org\/backup\/categorie\/sejours\/\" rel=\"category tag\">S\u00e9jours<\/a>","author_info_v2":{"name":"Christophe Badonnel","url":"https:\/\/centcols.org\/backup\/author\/5799\/"},"comments_num_v2":"0 commentaire","featured_image_src":null,"_links":{"self":[{"href":"https:\/\/centcols.org\/backup\/wp-json\/wp\/v2\/posts\/69307"}],"collection":[{"href":"https:\/\/centcols.org\/backup\/wp-json\/wp\/v2\/posts"}],"about":[{"href":"https:\/\/centcols.org\/backup\/wp-json\/wp\/v2\/types\/post"}],"author":[{"embeddable":true,"href":"https:\/\/centcols.org\/backup\/wp-json\/wp\/v2\/users\/75"}],"replies":[{"embeddable":true,"href":"https:\/\/centcols.org\/backup\/wp-json\/wp\/v2\/comments?post=69307"}],"version-history":[{"count":0,"href":"https:\/\/centcols.org\/backup\/wp-json\/wp\/v2\/posts\/69307\/revisions"}],"wp:attachment":[{"href":"https:\/\/centcols.org\/backup\/wp-json\/wp\/v2\/media?parent=69307"}],"wp:term":[{"taxonomy":"category","embeddable":true,"href":"https:\/\/centcols.org\/backup\/wp-json\/wp\/v2\/categories?post=69307"},{"taxonomy":"post_tag","embeddable":true,"href":"https:\/\/centcols.org\/backup\/wp-json\/wp\/v2\/tags?post=69307"}],"curies":[{"name":"wp","href":"https:\/\/api.w.org\/{rel}","templated":true}]}}