{"id":69803,"date":"2023-01-15T11:00:18","date_gmt":"2023-01-15T10:00:18","guid":{"rendered":"https:\/\/centcols.org\/backup\/?page_id=69803"},"modified":"2023-11-20T02:55:50","modified_gmt":"2023-11-20T01:55:50","slug":"deces-paul-fabre","status":"publish","type":"post","link":"https:\/\/centcols.org\/backup\/deces-paul-fabre\/","title":{"rendered":"Paul Fabre"},"content":{"rendered":"\n<p>J\u2019ai appris hier la triste nouvelle de la disparition de Paul Fabre, Tr\u00e8s connu au sein de la FFCT,&nbsp; grand Randonneur \u00e0 V\u00e9lo mais surtout grand \u00e9crivain, il nous laisse une \u0153uvre consid\u00e9rable\u2026<br>Je ne sais pas s\u2019il \u00e9tait membre du club des cent cols ?<br>Eddius, comme aimait le surnomm\u00e9 ses nombreux Amis !&nbsp; est d\u00e9c\u00e9d\u00e9 hier 12 janvier.<br>Je suis en train de lire un de ces derniers livre : \u00ab Une ivresse continue ou saga d\u2019un Cycliste ordinaire \u00bb il aura d\u00e9sormais une autre saveur\u2026<\/p>\n\n\n\n<h4 class=\"kt-adv-heading_aeff33-cf wp-block-kadence-advancedheading has-vivid-cyan-blue-color has-text-color\" data-kb-block=\"kb-adv-heading_aeff33-cf\">Jean-Marc Lef\u00e8vre<\/h4>\n\n\n\n<hr class=\"wp-block-separator\"\/>\n\n\n\n<p>Triste nouvelle en effet.&nbsp; On perd une grand randonneur et une belle plume.&nbsp; Bien entendu Eddius \u00e9tait rentr\u00e9 en 1982 au CCC, comme l&#8217;avait fait&nbsp; ses 3 comparses du \u2019 Chemins \u00e0 trois voies\u2019 qui \u00e9taient partis sur le Chemin de St Jacques dont Henri Bosc qui reste donc le dernier de la bande.<br>Paix \u00e0&nbsp; son \u00e2me et condol\u00e9ances \u00e0 toute sa famille.&nbsp;<\/p>\n\n\n\n<h4 class=\"kt-adv-heading_0cf096-84 wp-block-kadence-advancedheading has-vivid-cyan-blue-color has-text-color\" data-kb-block=\"kb-adv-heading_0cf096-84\">Didier R\u00e9mond<\/h4>\n\n\n\n<hr class=\"wp-block-separator\"\/>\n\n\n\n<p>E\u200cn effet le grand d\u00e9part de notre ami Eddius, est pour les cyclotouristes, un chagrin de plus, nos amis Pyr\u00e9n\u00e9ens, nous quittent un a un.Il nous reste un autre Henri.<br>Tristement&nbsp;<\/p>\n\n\n\n<h4 class=\"kt-adv-heading_2b3884-cb wp-block-kadence-advancedheading has-vivid-cyan-blue-color has-text-color\" data-kb-block=\"kb-adv-heading_2b3884-cb\">Henri Dusseau<\/h4>\n\n\n\n<hr class=\"wp-block-separator\"\/>\n\n\n\n<p>Parmi les souvenirs de p\u00e9dalage avec Paul Fabre alias Eddius, je retiens cette concentration du 25e anniversaire Cent-Cols au Mas de la Barque le 17 ao\u00fbt 1997 et notamment la mont\u00e9e depuis Concoules puis Genolhac qui l\u2019avait pr\u00e9c\u00e9d\u00e9e. Une longue mont\u00e9e foresti\u00e8re au pourcentage irr\u00e9gulier pendant laquelle Eddius, lui sur le v\u00e9lo et nous sur le tandem, nous avait livr\u00e9 un cours sur l\u2019origine des noms de cols r\u00e9gionaux tels que Canteperdrix, Lancise, Banl\u00e8ve ou Malpertus.<\/p>\n\n\n\n<p>Henri Bosc et quelques-uns \u00e9taient de la partie et tout en p\u00e9dalant, arriv\u00e9s \u00e0 proximit\u00e9 de la pancarte du col du Pr\u00e9 de la Dame (FR-30-1474), nous avions retenu Henri par le porte-bagages arri\u00e8re ce qui avait permis \u00e0 Eddius de franchir ce passage en t\u00eate, tenant ainsi haut son rang de pr\u00e9sident de l\u2019Amicale des Diagonalistes !<\/p>\n\n\n\n<p>Henri avait \u00e9videmment fait mine de s\u2019offusquer de la victoire vol\u00e9e par son comp\u00e8re, alimentant ainsi la l\u00e9gende de leurs rivalit\u00e9s oratoires, auxquelles se m\u00ealaient \u00e9galement leurs amis du Massif Central Jean Fournol et Jean Barri\u00e9 pr\u00e9sents eux-aussi \u00e0 Concoules ce week-end l\u00e0, et que l&#8217;on retrouvait dans leurs r\u00e9cits aux pseudonymes aristocratiques ou m\u00e9di\u00e9vaux &#8230;<\/p>\n\n\n\n<p>Paul Fabre savait mettre \u00e0 notre port\u00e9e son \u00e9rudition, cf. son \u00ab&nbsp;Que sais-je&nbsp;\u00bb sur les noms de personnes en France, et parmi tous ses \u00e9crits, on retient notamment son brillant \u00e9loge de tout ce qui est petit, paru \u00e0 l&#8217;\u00e9poque de sa prise en mains du Petit Diagonaliste, dans le num\u00e9ro 25 de novembre 1994. J\u2019ai (temporairement&nbsp;?) \u00e9gar\u00e9 ce num\u00e9ro que Jean-Philippe Battu avait mis en ligne il y a quelques ann\u00e9es. Si quelqu\u2019un en dispose, je suis preneur du scan de cet article.<\/p>\n\n\n\n<p>Nous n&#8217;oublierons pas Eddius de sit\u00f4t et j&#8217;en profite pour adresser un bravo \u00e0 ceux qui font vivre notre confr\u00e9rie tellement active \u00e0 en lire le contenu des nombreux messages parus en cette nouvelle ann\u00e9e et qui ne sont qu\u2019une partie visible de l\u2019iceberg.<\/p>\n\n\n\n<h4 class=\"kt-adv-heading_67ddc2-6f wp-block-kadence-advancedheading has-vivid-cyan-blue-color has-text-color\" data-kb-block=\"kb-adv-heading_67ddc2-6f\">Marc Liaudon<\/h4>\n\n\n\n<hr class=\"wp-block-separator\"\/>\n\n\n\n<p><\/p>\n","protected":false},"excerpt":{"rendered":"<p>J\u2019ai appris hier la triste nouvelle de la disparition de Paul Fabre, Tr\u00e8s connu au sein de la FFCT,&nbsp; grand Randonneur \u00e0 V\u00e9lo mais surtout grand \u00e9crivain, il nous laisse une \u0153uvre consid\u00e9rable\u2026Je ne sais pas s\u2019il \u00e9tait membre du club des cent cols ?Eddius, comme aimait le surnomm\u00e9 ses nombreux Amis !&nbsp; est d\u00e9c\u00e9d\u00e9 [&hellip;]<\/p>\n","protected":false},"author":397,"featured_media":0,"comment_status":"closed","ping_status":"closed","sticky":false,"template":"","format":"standard","meta":{"_acf_changed":false,"ub_ctt_via":"","_monsterinsights_skip_tracking":false,"_monsterinsights_sitenote_active":false,"_monsterinsights_sitenote_note":"","_monsterinsights_sitenote_category":0,"footnotes":""},"categories":[620],"tags":[],"acf":[],"featured_image_urls":{"full":"","thumbnail":"","medium":"","medium_large":"","large":"","1536x1536":"","2048x2048":"","woocommerce_thumbnail":"","woocommerce_single":"","woocommerce_gallery_thumbnail":""},"post_excerpt_stackable":"<p>J\u2019ai appris hier la triste nouvelle de la disparition de Paul Fabre, Tr\u00e8s connu au sein de la FFCT,&nbsp; grand Randonneur \u00e0 V\u00e9lo mais surtout grand \u00e9crivain, il nous laisse une \u0153uvre consid\u00e9rable\u2026Je ne sais pas s\u2019il \u00e9tait membre du club des cent cols ?Eddius, comme aimait le surnomm\u00e9 ses nombreux Amis !&nbsp; est d\u00e9c\u00e9d\u00e9 hier 12 janvier.Je suis en train de lire un de ces derniers livre : \u00ab Une ivresse continue ou saga d\u2019un Cycliste ordinaire \u00bb il aura d\u00e9sormais une autre saveur\u2026 Jean-Marc Lef\u00e8vre Triste nouvelle en effet.&nbsp; On perd une grand randonneur et une belle plume.&nbsp;\u2026<\/p>\n","category_list":"<a href=\"https:\/\/centcols.org\/backup\/categorie\/gazette\/carnet-noir\/\" rel=\"category tag\">Carnet noir<\/a>","author_info":{"display_name":"Denis Chouquet-Stringer","author_link":"https:\/\/centcols.org\/backup\/author\/6183\/"},"comments_num":"0 commentaire","featured_image_urls_v2":{"full":"","thumbnail":"","medium":"","medium_large":"","large":"","1536x1536":"","2048x2048":"","woocommerce_thumbnail":"","woocommerce_single":"","woocommerce_gallery_thumbnail":""},"post_excerpt_stackable_v2":"<p>J\u2019ai appris hier la triste nouvelle de la disparition de Paul Fabre, Tr\u00e8s connu au sein de la FFCT,&nbsp; grand Randonneur \u00e0 V\u00e9lo mais surtout grand \u00e9crivain, il nous laisse une \u0153uvre consid\u00e9rable\u2026Je ne sais pas s\u2019il \u00e9tait membre du club des cent cols ?Eddius, comme aimait le surnomm\u00e9 ses nombreux Amis !&nbsp; est d\u00e9c\u00e9d\u00e9 hier 12 janvier.Je suis en train de lire un de ces derniers livre : \u00ab Une ivresse continue ou saga d\u2019un Cycliste ordinaire \u00bb il aura d\u00e9sormais une autre saveur\u2026 Jean-Marc Lef\u00e8vre Triste nouvelle en effet.&nbsp; On perd une grand randonneur et une belle plume.&nbsp;\u2026<\/p>\n","category_list_v2":"<a href=\"https:\/\/centcols.org\/backup\/categorie\/gazette\/carnet-noir\/\" rel=\"category tag\">Carnet noir<\/a>","author_info_v2":{"name":"Denis Chouquet-Stringer","url":"https:\/\/centcols.org\/backup\/author\/6183\/"},"comments_num_v2":"0 commentaire","featured_image_src":null,"_links":{"self":[{"href":"https:\/\/centcols.org\/backup\/wp-json\/wp\/v2\/posts\/69803"}],"collection":[{"href":"https:\/\/centcols.org\/backup\/wp-json\/wp\/v2\/posts"}],"about":[{"href":"https:\/\/centcols.org\/backup\/wp-json\/wp\/v2\/types\/post"}],"author":[{"embeddable":true,"href":"https:\/\/centcols.org\/backup\/wp-json\/wp\/v2\/users\/397"}],"replies":[{"embeddable":true,"href":"https:\/\/centcols.org\/backup\/wp-json\/wp\/v2\/comments?post=69803"}],"version-history":[{"count":0,"href":"https:\/\/centcols.org\/backup\/wp-json\/wp\/v2\/posts\/69803\/revisions"}],"wp:attachment":[{"href":"https:\/\/centcols.org\/backup\/wp-json\/wp\/v2\/media?parent=69803"}],"wp:term":[{"taxonomy":"category","embeddable":true,"href":"https:\/\/centcols.org\/backup\/wp-json\/wp\/v2\/categories?post=69803"},{"taxonomy":"post_tag","embeddable":true,"href":"https:\/\/centcols.org\/backup\/wp-json\/wp\/v2\/tags?post=69803"}],"curies":[{"name":"wp","href":"https:\/\/api.w.org\/{rel}","templated":true}]}}