{"id":69805,"date":"2023-01-15T11:20:29","date_gmt":"2023-01-15T10:20:29","guid":{"rendered":"https:\/\/centcols.org\/backup\/?page_id=69805"},"modified":"2023-12-08T18:28:02","modified_gmt":"2023-12-08T17:28:02","slug":"deces-christian-gerard","status":"publish","type":"post","link":"https:\/\/centcols.org\/backup\/deces-christian-gerard\/","title":{"rendered":"Christian G\u00e9rard"},"content":{"rendered":"\n<div class=\"wp-block-columns are-vertically-aligned-center is-layout-flex wp-container-core-columns-is-layout-1 wp-block-columns-is-layout-flex\">\n<div class=\"wp-block-column is-vertically-aligned-center is-layout-flow wp-block-column-is-layout-flow\" style=\"flex-basis:33.33%\"><div class=\"wp-block-image\">\n<figure class=\"aligncenter size-large is-resized\"><img loading=\"lazy\" decoding=\"async\" width=\"251\" height=\"539\" src=\"https:\/\/centcols.org\/backup\/wp-content\/uploads\/2023\/01\/christian.jpg\" alt=\"\" class=\"wp-image-69806\" style=\"width:211px;height:453px\" srcset=\"https:\/\/centcols.org\/backup\/wp-content\/uploads\/2023\/01\/christian.jpg 251w, https:\/\/centcols.org\/backup\/wp-content\/uploads\/2023\/01\/christian-233x500.jpg 233w\" sizes=\"(max-width: 251px) 100vw, 251px\" \/><\/figure><\/div><\/div>\n\n\n\n<div class=\"wp-block-column is-vertically-aligned-center is-layout-flow wp-block-column-is-layout-flow\" style=\"flex-basis:66.66%\">\n<p class=\"has-medium-font-size\"><strong>Les C\u00e9vennes pleurent<\/strong><\/p>\n\n\n\n<p>Christian&nbsp;!&#8230; Tu es l\u00e0&nbsp;?&#8230; Plus de r\u00e9ponse&nbsp;!<\/p>\n\n\n\n<p>\u00c0 Al\u00e8s, dans la rue des P\u00e2querettes, ces petites fleurs blanches baissent la t\u00eate. Le ciel est triste\u2026<\/p>\n\n\n\n<p>Il est s\u00fbrement all\u00e9 faire un petit tour de v\u00e9lo, comme \u00e0 son habitude&nbsp;!<\/p>\n\n\n\n<p>Non&nbsp;! Christian G\u00e9rard, notre ami, n\u2019est plus&nbsp;!<\/p>\n\n\n\n<p>Fatigu\u00e9, depuis plusieurs jours, ce mercredi 23 novembre, il ne se sentait vraiment pas bien, on lui conseille d\u2019aller \u00e0 l\u2019h\u00f4pital d\u2019Al\u00e8s. En plus de la douleur, on le diagnostique positif au COVID et dans la nuit suivante, Christian s\u2019\u00e9teint, il avait 84 ans.<\/p>\n\n\n\n<p>Je le connaissais bien et depuis tr\u00e8s longtemps&nbsp;; n\u00e9 en 1938, il avait 8 semaines de plus que moi. Notre rencontre datait des ann\u00e9es 1970, o\u00f9 il adh\u00e9ra au GMC (Groupe Montagnard C\u00e9venol). Calme, discret, m\u00e9thodique, de bons conseils, tout le monde l\u2019aimait. De sa vie professionnelle (professeur de chimie) il n\u2019en parlait que tr\u00e8s rarement. De sa vie priv\u00e9e, encore moins&nbsp;!<\/p>\n<\/div>\n<\/div>\n\n\n\n<p>Authentique cyclotouriste, il \u00e9tait membre du Club des Cent Cols (N\u00b03185), dont il portait souvent le maillot et avoisinait les 1000 cols franchis&nbsp;; il \u00e9tait aussi un fid\u00e8le chez les Amis du Randonneur.<\/p>\n\n\n\n<p>C\u2019\u00e9tait un amoureux des montagnes rebelles et sauvages mais douces de l\u2019Aubrac et des C\u00e9vennes, pays du ch\u00e2taignier, des foug\u00e8res, de la bruy\u00e8re et du gen\u00eat. Je n\u2019oublierai pas nos retrouvailles annuelles \u00e0 Chasserad\u00e8s&nbsp;; et devant les cuisses de grenouilles et la t\u00eate de veau, Christian va nous manquer.<\/p>\n\n\n\n<p>Il est parti sur la pointe des pieds avec la discr\u00e9tion qui \u00e9tait la sienne&nbsp;; salut l\u2019ami, tes copains cyclos ne t\u2019oublierons pas.<\/p>\n\n\n\n<h4 class=\"kt-adv-heading69805_45affe-33 wp-block-kadence-advancedheading has-vivid-cyan-blue-color has-text-color\" data-kb-block=\"kb-adv-heading69805_45affe-33\">Reine et Jean Llacer (cent-colistes 3989 et 3990 retir\u00e9s des affaires&nbsp;!)&nbsp;&nbsp;<\/h4>\n\n\n\n<hr class=\"wp-block-separator has-css-opacity\"\/>\n","protected":false},"excerpt":{"rendered":"<p>Les C\u00e9vennes pleurent Christian&nbsp;!&#8230; Tu es l\u00e0&nbsp;?&#8230; Plus de r\u00e9ponse&nbsp;! \u00c0 Al\u00e8s, dans la rue des P\u00e2querettes, ces petites fleurs blanches baissent la t\u00eate. Le ciel est triste\u2026 Il est s\u00fbrement all\u00e9 faire un petit tour de v\u00e9lo, comme \u00e0 son habitude&nbsp;! Non&nbsp;! Christian G\u00e9rard, notre ami, n\u2019est plus&nbsp;! Fatigu\u00e9, depuis plusieurs jours, ce mercredi [&hellip;]<\/p>\n","protected":false},"author":397,"featured_media":69806,"comment_status":"closed","ping_status":"closed","sticky":false,"template":"","format":"standard","meta":{"_acf_changed":false,"ub_ctt_via":"","_monsterinsights_skip_tracking":false,"_monsterinsights_sitenote_active":false,"_monsterinsights_sitenote_note":"","_monsterinsights_sitenote_category":0,"footnotes":""},"categories":[620],"tags":[],"acf":[],"featured_image_urls":{"full":["https:\/\/centcols.org\/backup\/wp-content\/uploads\/2023\/01\/christian.jpg",251,539,false],"thumbnail":["https:\/\/centcols.org\/backup\/wp-content\/uploads\/2023\/01\/christian-251x300.jpg",251,300,true],"medium":["https:\/\/centcols.org\/backup\/wp-content\/uploads\/2023\/01\/christian-233x500.jpg",233,500,true],"medium_large":["https:\/\/centcols.org\/backup\/wp-content\/uploads\/2023\/01\/christian.jpg",251,539,false],"large":["https:\/\/centcols.org\/backup\/wp-content\/uploads\/2023\/01\/christian.jpg",251,539,false],"1536x1536":["https:\/\/centcols.org\/backup\/wp-content\/uploads\/2023\/01\/christian.jpg",251,539,false],"2048x2048":["https:\/\/centcols.org\/backup\/wp-content\/uploads\/2023\/01\/christian.jpg",251,539,false],"woocommerce_thumbnail":["https:\/\/centcols.org\/backup\/wp-content\/uploads\/2023\/01\/christian-251x300.jpg",251,300,true],"woocommerce_single":["https:\/\/centcols.org\/backup\/wp-content\/uploads\/2023\/01\/christian.jpg",251,539,false],"woocommerce_gallery_thumbnail":["https:\/\/centcols.org\/backup\/wp-content\/uploads\/2023\/01\/christian-100x100.jpg",100,100,true]},"post_excerpt_stackable":"<p>Les C\u00e9vennes pleurent Christian&nbsp;!&#8230; Tu es l\u00e0&nbsp;?&#8230; Plus de r\u00e9ponse&nbsp;! \u00c0 Al\u00e8s, dans la rue des P\u00e2querettes, ces petites fleurs blanches baissent la t\u00eate. Le ciel est triste\u2026 Il est s\u00fbrement all\u00e9 faire un petit tour de v\u00e9lo, comme \u00e0 son habitude&nbsp;! Non&nbsp;! Christian G\u00e9rard, notre ami, n\u2019est plus&nbsp;! Fatigu\u00e9, depuis plusieurs jours, ce mercredi 23 novembre, il ne se sentait vraiment pas bien, on lui conseille d\u2019aller \u00e0 l\u2019h\u00f4pital d\u2019Al\u00e8s. En plus de la douleur, on le diagnostique positif au COVID et dans la nuit suivante, Christian s\u2019\u00e9teint, il avait 84 ans. Je le connaissais bien et depuis tr\u00e8s\u2026<\/p>\n","category_list":"<a href=\"https:\/\/centcols.org\/backup\/categorie\/gazette\/carnet-noir\/\" rel=\"category tag\">Carnet noir<\/a>","author_info":{"display_name":"Denis Chouquet-Stringer","author_link":"https:\/\/centcols.org\/backup\/author\/6183\/"},"comments_num":"0 commentaire","featured_image_urls_v2":{"full":["https:\/\/centcols.org\/backup\/wp-content\/uploads\/2023\/01\/christian.jpg",251,539,false],"thumbnail":["https:\/\/centcols.org\/backup\/wp-content\/uploads\/2023\/01\/christian-251x300.jpg",251,300,true],"medium":["https:\/\/centcols.org\/backup\/wp-content\/uploads\/2023\/01\/christian-233x500.jpg",233,500,true],"medium_large":["https:\/\/centcols.org\/backup\/wp-content\/uploads\/2023\/01\/christian.jpg",251,539,false],"large":["https:\/\/centcols.org\/backup\/wp-content\/uploads\/2023\/01\/christian.jpg",251,539,false],"1536x1536":["https:\/\/centcols.org\/backup\/wp-content\/uploads\/2023\/01\/christian.jpg",251,539,false],"2048x2048":["https:\/\/centcols.org\/backup\/wp-content\/uploads\/2023\/01\/christian.jpg",251,539,false],"woocommerce_thumbnail":["https:\/\/centcols.org\/backup\/wp-content\/uploads\/2023\/01\/christian-251x300.jpg",251,300,true],"woocommerce_single":["https:\/\/centcols.org\/backup\/wp-content\/uploads\/2023\/01\/christian.jpg",251,539,false],"woocommerce_gallery_thumbnail":["https:\/\/centcols.org\/backup\/wp-content\/uploads\/2023\/01\/christian-100x100.jpg",100,100,true]},"post_excerpt_stackable_v2":"<p>Les C\u00e9vennes pleurent Christian&nbsp;!&#8230; Tu es l\u00e0&nbsp;?&#8230; Plus de r\u00e9ponse&nbsp;! \u00c0 Al\u00e8s, dans la rue des P\u00e2querettes, ces petites fleurs blanches baissent la t\u00eate. Le ciel est triste\u2026 Il est s\u00fbrement all\u00e9 faire un petit tour de v\u00e9lo, comme \u00e0 son habitude&nbsp;! Non&nbsp;! Christian G\u00e9rard, notre ami, n\u2019est plus&nbsp;! Fatigu\u00e9, depuis plusieurs jours, ce mercredi 23 novembre, il ne se sentait vraiment pas bien, on lui conseille d\u2019aller \u00e0 l\u2019h\u00f4pital d\u2019Al\u00e8s. En plus de la douleur, on le diagnostique positif au COVID et dans la nuit suivante, Christian s\u2019\u00e9teint, il avait 84 ans. Je le connaissais bien et depuis tr\u00e8s\u2026<\/p>\n","category_list_v2":"<a href=\"https:\/\/centcols.org\/backup\/categorie\/gazette\/carnet-noir\/\" rel=\"category tag\">Carnet noir<\/a>","author_info_v2":{"name":"Denis Chouquet-Stringer","url":"https:\/\/centcols.org\/backup\/author\/6183\/"},"comments_num_v2":"0 commentaire","featured_image_src":"https:\/\/centcols.org\/backup\/wp-content\/uploads\/2023\/01\/christian.jpg","_links":{"self":[{"href":"https:\/\/centcols.org\/backup\/wp-json\/wp\/v2\/posts\/69805"}],"collection":[{"href":"https:\/\/centcols.org\/backup\/wp-json\/wp\/v2\/posts"}],"about":[{"href":"https:\/\/centcols.org\/backup\/wp-json\/wp\/v2\/types\/post"}],"author":[{"embeddable":true,"href":"https:\/\/centcols.org\/backup\/wp-json\/wp\/v2\/users\/397"}],"replies":[{"embeddable":true,"href":"https:\/\/centcols.org\/backup\/wp-json\/wp\/v2\/comments?post=69805"}],"version-history":[{"count":0,"href":"https:\/\/centcols.org\/backup\/wp-json\/wp\/v2\/posts\/69805\/revisions"}],"wp:featuredmedia":[{"embeddable":true,"href":"https:\/\/centcols.org\/backup\/wp-json\/wp\/v2\/media\/69806"}],"wp:attachment":[{"href":"https:\/\/centcols.org\/backup\/wp-json\/wp\/v2\/media?parent=69805"}],"wp:term":[{"taxonomy":"category","embeddable":true,"href":"https:\/\/centcols.org\/backup\/wp-json\/wp\/v2\/categories?post=69805"},{"taxonomy":"post_tag","embeddable":true,"href":"https:\/\/centcols.org\/backup\/wp-json\/wp\/v2\/tags?post=69805"}],"curies":[{"name":"wp","href":"https:\/\/api.w.org\/{rel}","templated":true}]}}