





{"id":69925,"date":"2022-11-21T10:35:00","date_gmt":"2022-11-21T09:35:00","guid":{"rendered":"https:\/\/centcols.org\/backup\/?p=69925"},"modified":"2023-08-12T23:08:06","modified_gmt":"2023-08-12T21:08:06","slug":"alpes-du-sud-2023","status":"publish","type":"post","link":"https:\/\/centcols.org\/backup\/alpes-du-sud-2023\/","title":{"rendered":"Alpes du Sud, col des Sagnes (FR-04-1182b), samedi 19 ao\u00fbt 2023."},"content":{"rendered":"\n<p>Le rassemblement 2023 aura lieu dans les Alpes de Haute-Provence au col des Sagnes (FR-04-1182b), pr\u00e8s de Turriers, le samedi 19 ao\u00fbt 2023.<\/p>\n\n\n\n<div class=\"wp-block-kadence-advancedgallery kb-gallery-wrap-id-_a31e3e-23\"><div class=\"kb-gallery-ul kb-gallery-type-carousel kb-gallery-id-_a31e3e-23 kb-gallery-caption-style-bottom-hover kb-gallery-filter-none\" data-image-filter=\"none\" data-lightbox-caption=\"true\"><div class=\"kt-blocks-carousel kt-carousel-container-dotstyle-dark\"><div class=\"kt-blocks-carousel-init kb-gallery-carousel kt-carousel-arrowstyle-whiteondark kt-carousel-dotstyle-dark\" data-columns-xxl=\"2\" data-columns-xl=\"2\" data-columns-md=\"2\" data-columns-sm=\"2\" data-columns-xs=\"1\" data-columns-ss=\"1\" data-slider-anim-speed=\"400\" data-slider-scroll=\"1\" data-slider-arrows=\"true\" data-slider-dots=\"true\" data-slider-hover-pause=\"false\" data-slider-auto=\"false\" data-slider-speed=\"7000\"><div class=\"kb-slide-item kb-gallery-carousel-item\"><div class=\"kadence-blocks-gallery-item\"><div class=\"kadence-blocks-gallery-item-inner\"><figure class=\"kb-gallery-figure kadence-blocks-gallery-item-hide-caption kb-has-image-ratio-land32\"><div class=\"kb-gal-image-radius\"><div class=\"kb-gallery-image-contain kadence-blocks-gallery-intrinsic kb-gallery-image-ratio-land32\"><img loading=\"lazy\" decoding=\"async\" src=\"https:\/\/centcols.org\/backup\/wp-content\/uploads\/2023\/01\/1-col-des-Sagnes-1200x900.jpg\" width=\"1200\" height=\"900\" alt=\"\" data-full-image=\"https:\/\/centcols.org\/backup\/wp-content\/uploads\/2023\/01\/1-col-des-Sagnes-scaled.jpg\" data-light-image=\"https:\/\/centcols.org\/backup\/wp-content\/uploads\/2023\/01\/1-col-des-Sagnes-scaled.jpg\" data-id=\"69926\" data-link=\"https:\/\/centcols.org\/backup\/1-col-des-sagnes\/\" class=\"wp-image-69926 skip-lazy\" srcset=\"https:\/\/centcols.org\/backup\/wp-content\/uploads\/2023\/01\/1-col-des-Sagnes-1200x900.jpg 1200w, https:\/\/centcols.org\/backup\/wp-content\/uploads\/2023\/01\/1-col-des-Sagnes-500x375.jpg 500w, https:\/\/centcols.org\/backup\/wp-content\/uploads\/2023\/01\/1-col-des-Sagnes-768x576.jpg 768w, https:\/\/centcols.org\/backup\/wp-content\/uploads\/2023\/01\/1-col-des-Sagnes-1536x1152.jpg 1536w, https:\/\/centcols.org\/backup\/wp-content\/uploads\/2023\/01\/1-col-des-Sagnes-2048x1536.jpg 2048w, https:\/\/centcols.org\/backup\/wp-content\/uploads\/2023\/01\/1-col-des-Sagnes-600x450.jpg 600w, https:\/\/centcols.org\/backup\/wp-content\/uploads\/2023\/01\/1-col-des-Sagnes-scaled.jpg 1365w\" sizes=\"(max-width: 1200px) 100vw, 1200px\" \/><\/div><\/div><\/figure><\/div><\/div><\/div><div class=\"kb-slide-item kb-gallery-carousel-item\"><div class=\"kadence-blocks-gallery-item\"><div class=\"kadence-blocks-gallery-item-inner\"><figure class=\"kb-gallery-figure kadence-blocks-gallery-item-hide-caption kb-has-image-ratio-land32\"><div class=\"kb-gal-image-radius\"><div class=\"kb-gallery-image-contain kadence-blocks-gallery-intrinsic kb-gallery-image-ratio-land32\"><img loading=\"lazy\" decoding=\"async\" src=\"https:\/\/centcols.org\/backup\/wp-content\/uploads\/2023\/01\/2-Les-Tourniquets-1200x900.jpg\" width=\"1200\" height=\"900\" alt=\"\" data-full-image=\"https:\/\/centcols.org\/backup\/wp-content\/uploads\/2023\/01\/2-Les-Tourniquets-scaled.jpg\" data-light-image=\"https:\/\/centcols.org\/backup\/wp-content\/uploads\/2023\/01\/2-Les-Tourniquets-scaled.jpg\" data-id=\"69932\" data-link=\"https:\/\/centcols.org\/backup\/2-les-tourniquets\/\" class=\"wp-image-69932 skip-lazy\" srcset=\"https:\/\/centcols.org\/backup\/wp-content\/uploads\/2023\/01\/2-Les-Tourniquets-1200x900.jpg 1200w, https:\/\/centcols.org\/backup\/wp-content\/uploads\/2023\/01\/2-Les-Tourniquets-500x375.jpg 500w, https:\/\/centcols.org\/backup\/wp-content\/uploads\/2023\/01\/2-Les-Tourniquets-768x576.jpg 768w, https:\/\/centcols.org\/backup\/wp-content\/uploads\/2023\/01\/2-Les-Tourniquets-1536x1152.jpg 1536w, https:\/\/centcols.org\/backup\/wp-content\/uploads\/2023\/01\/2-Les-Tourniquets-2048x1536.jpg 2048w, https:\/\/centcols.org\/backup\/wp-content\/uploads\/2023\/01\/2-Les-Tourniquets-600x450.jpg 600w, https:\/\/centcols.org\/backup\/wp-content\/uploads\/2023\/01\/2-Les-Tourniquets-scaled.jpg 1365w\" sizes=\"(max-width: 1200px) 100vw, 1200px\" \/><\/div><\/div><\/figure><\/div><\/div><\/div><\/div><\/div><\/div><\/div>\n\n\n\n<p>Accueil-caf\u00e9 au col \u00e0 8 h.<\/p>\n\n\n\n<p>. Le circuit routier proposera la descente vers la Motte-du-Caire, un petit \u00e9cart pour accrocher quelques cols proches, avant la remont\u00e9e de la vall\u00e9e du Sasse et des r\u00e9put\u00e9s \u00ab&nbsp;Tourniquets&nbsp;\u00bb. 5 cols pour 57 km.<\/p>\n\n\n\n<p><strong>. <\/strong>Le circuit VTT fera parcourir le site de la Grande Gauti\u00e8re<strong>. <\/strong>4 cols pour 18 km. En option 1 col situ\u00e9 \u00e0 l\u2019oppos\u00e9 en aller-retour de 13 km.<\/p>\n\n\n\n<p>. Un circuit de rando p\u00e9destre (parcours de 2 heures environ) sera propos\u00e9 aux accompagnants(tes).<\/p>\n\n\n\n<p>Puis \u00e0 11h30 rendez-vous \u00e0 4 km au c\u0153ur du village de Turriers (accueil par la municipalit\u00e9) pour les traditionnels \u00e9changes, produits locaux et pique-niques\u2026<\/p>\n\n\n\n\n\n\t\t\t\t<div id=\"map_ol3js_1\" class=\"map undefined\" data-map_name=\"undefined\" data-map=\"map_ol3js_1\" style=\"width:95%; max-width:100%; height:450px; display:block; overflow:hidden;border:thin solid blue; background-image: url(https:\/\/centcols.org\/backup\/wp-content\/plugins\/osm\/GDPR_bckgrnd.png); background-repeat: no-repeat; background-position: center; position: relative;\" >\n\t\t\t\t  <div id=\"map_ol3js_1_popup\" class=\"ol-popup\" >\n\t\t\t\t\t<a href=\"#\" id=\"map_ol3js_1_popup-closer\" class=\"ol-popup-closer\"><\/a>\n\t\t\t\t\t<div id=\"map_ol3js_1_popup-content\" ><\/div>\n\t\t\t\t  <\/div>\n\t\t\t\t<\/div>\n\t\t\t\n\t\t\t\t<link rel=\"stylesheet\" href=\"https:\/\/centcols.org\/backup\/wp-content\/plugins\/osm\/js\/OL\/7.1.0\/ol.css?ver=7.1.0\" type=\"text\/css\">\n\t\t\t\t<link rel=\"stylesheet\" href=\"https:\/\/centcols.org\/backup\/wp-content\/plugins\/osm\/css\/osm_map_v3.css?ver=1.0.0\" type=\"text\/css\">\n\t\t\t\t<link rel=\"stylesheet\" href=\"https:\/\/centcols.org\/backup\/wp-content\/plugins\/osm\/css\/osm_map.css?ver=1.0.0\" type=\"text\/css\">\n\t\t\t\t<!-- The line below is only needed for old environments like Internet Explorer and Android 4.x -->\n                                <script src=\"https:\/\/centcols.org\/backup\/wp-content\/plugins\/osm\/js\/polyfill\/v2\/polyfill.min.js?features=requestAnimationFrame,Element.prototype.classList,URL\"><\/script>\n\n\t\t\t\t<script src=\"https:\/\/centcols.org\/backup\/wp-content\/plugins\/osm\/js\/OL\/7.1.0\/ol.js?ver=7.1.0\" type=\"text\/javascript\"><\/script>\n\t\t\t\t<script src=\"https:\/\/centcols.org\/backup\/wp-content\/plugins\/osm\/js\/osm-v3-plugin-lib.js?ver=1.0.0\" type=\"text\/javascript\"><\/script>\n\t\t\t\t<script src=\"https:\/\/centcols.org\/backup\/wp-content\/plugins\/osm\/js\/osm-metabox-events.js?ver=1.0.0\" type=\"text\/javascript\"><\/script>\n\t\t\t\t<script src=\"https:\/\/centcols.org\/backup\/wp-content\/plugins\/osm\/js\/osm-startup-lib.js\" type=\"text\/javascript\"><\/script>\n\t\t\t\t<script type=\"text\/javascript\">\n\t\t\t\t\ttranslations['openlayer'] = \"open layer\";\n\t\t\t\t\ttranslations['openlayerAtStartup'] = \"open layer at startup\";\n\t\t\t\t\ttranslations['generateLink'] = \"link to this map with opened layers\";\n\t\t\t\t\ttranslations['shortDescription'] = \"short description\";\n\t\t\t\t\ttranslations['generatedShortCode'] = \"to get a text control link paste this code in your wordpress editor\";\n\t\t\t\t\ttranslations['closeLayer'] = \"close layer\";\n\t\t\t\t\ttranslations['cantGenerateLink'] = \"put this string in the existing map short code to control this map\";\n\t\t\t  <\/script>\n\n\n\t\t\t  <script type=\"text\/javascript\">\n\t\t\t  vectorM['map_ol3js_1'] = [];\n\t        \n        var raster = getTileLayer(\"osm\",\"NoKey\");\t\t\t\n\n\t\t\t  var map_ol3js_1 = new ol.Map({\n\t\t\t\tinteractions: ol.interaction.defaults.defaults({mouseWheelZoom:false}),\n\t\t\t\tlayers: [raster],\n\t\t\t\ttarget: \"map_ol3js_1\",\n\t\t\t\tview: new ol.View({\n\t\t\t\t  center: ol.proj.transform([6.1591,44.3753], \"EPSG:4326\", \"EPSG:3857\"),\n\t\t\t\t  zoom: 13.0\n\t\t\t\t})\n\t\t\t  });\n\t\t\t  osm_addMarkerLayer(map_ol3js_1,6.1641,44.3747,\"https:\/\/centcols.org\/backup\/wp-content\/plugins\/osm\/icons\/mic_blue_cycling_01.png\",-16,-41,\"<p><\/p>\") ; \naddControls2Map(map_ol3js_1,1,1,3,1,5,6,7,1,1);\nosm_addPopupClickhandler(map_ol3js_1,  \"map_ol3js_1\"); \nosm_addMouseHover(map_ol3js_1); <\/script>\n\n\n\n<h3 class=\"wp-block-heading\">Contact<\/h3>\n\n\n\n<p>Robert Yonnet<br>T\u00e9l :  +33 6 81 85 54 71<br><a href=\"&#109;&#97;i&#108;&#116;&#111;&#58;&#114;&#111;ber&#116;&#121;o&#110;&#110;e&#116;&#48;4&#64;&#103;mail.&#99;&#111;&#109;\">&#114;o&#98;e&#114;&#116;&#121;&#111;&#110;&#110;e&#116;04&#64;g&#109;ai&#108;&#46;com<\/a><\/p>\n","protected":false},"excerpt":{"rendered":"<p>Le rassemblement 2023 aura lieu dans les Alpes de Haute-Provence au col des Sagnes (FR-04-1182b), pr\u00e8s de Turriers, le samedi 19 ao\u00fbt 2023. Accueil-caf\u00e9 au col \u00e0 8 h. . Le circuit routier proposera la descente vers la Motte-du-Caire, un petit \u00e9cart pour accrocher quelques cols proches, avant la remont\u00e9e de la vall\u00e9e du Sasse [&hellip;]<\/p>\n","protected":false},"author":69,"featured_media":0,"comment_status":"closed","ping_status":"closed","sticky":false,"template":"","format":"standard","meta":{"_acf_changed":false,"ub_ctt_via":"","_monsterinsights_skip_tracking":false,"_monsterinsights_sitenote_active":false,"_monsterinsights_sitenote_note":"","_monsterinsights_sitenote_category":0,"footnotes":""},"categories":[558],"tags":[],"acf":[],"featured_image_urls":{"full":"","thumbnail":"","medium":"","medium_large":"","large":"","1536x1536":"","2048x2048":"","woocommerce_thumbnail":"","woocommerce_single":"","woocommerce_gallery_thumbnail":""},"post_excerpt_stackable":"<p>Le rassemblement 2023 aura lieu dans les Alpes de Haute-Provence au col des Sagnes (FR-04-1182b), pr\u00e8s de Turriers, le samedi 19 ao\u00fbt 2023. Accueil-caf\u00e9 au col \u00e0 8 h. . Le circuit routier proposera la descente vers la Motte-du-Caire, un petit \u00e9cart pour accrocher quelques cols proches, avant la remont\u00e9e de la vall\u00e9e du Sasse et des r\u00e9put\u00e9s \u00ab&nbsp;Tourniquets&nbsp;\u00bb. 5 cols pour 57 km. . Le circuit VTT fera parcourir le site de la Grande Gauti\u00e8re. 4 cols pour 18 km. En option 1 col situ\u00e9 \u00e0 l\u2019oppos\u00e9 en aller-retour de 13 km. . Un circuit de rando p\u00e9destre (parcours\u2026<\/p>\n","category_list":"<a href=\"https:\/\/centcols.org\/backup\/categorie\/rassemblements\/rassemblements-2023\/\" rel=\"category tag\">Les rassemblements de 2023<\/a>","author_info":{"display_name":"Enrico Alberini","author_link":"https:\/\/centcols.org\/backup\/author\/5065\/"},"comments_num":"0 commentaire","featured_image_urls_v2":{"full":"","thumbnail":"","medium":"","medium_large":"","large":"","1536x1536":"","2048x2048":"","woocommerce_thumbnail":"","woocommerce_single":"","woocommerce_gallery_thumbnail":""},"post_excerpt_stackable_v2":"<p>Le rassemblement 2023 aura lieu dans les Alpes de Haute-Provence au col des Sagnes (FR-04-1182b), pr\u00e8s de Turriers, le samedi 19 ao\u00fbt 2023. Accueil-caf\u00e9 au col \u00e0 8 h. . Le circuit routier proposera la descente vers la Motte-du-Caire, un petit \u00e9cart pour accrocher quelques cols proches, avant la remont\u00e9e de la vall\u00e9e du Sasse et des r\u00e9put\u00e9s \u00ab&nbsp;Tourniquets&nbsp;\u00bb. 5 cols pour 57 km. . Le circuit VTT fera parcourir le site de la Grande Gauti\u00e8re. 4 cols pour 18 km. En option 1 col situ\u00e9 \u00e0 l\u2019oppos\u00e9 en aller-retour de 13 km. . Un circuit de rando p\u00e9destre (parcours\u2026<\/p>\n","category_list_v2":"<a href=\"https:\/\/centcols.org\/backup\/categorie\/rassemblements\/rassemblements-2023\/\" rel=\"category tag\">Les rassemblements de 2023<\/a>","author_info_v2":{"name":"Enrico Alberini","url":"https:\/\/centcols.org\/backup\/author\/5065\/"},"comments_num_v2":"0 commentaire","featured_image_src":null,"_links":{"self":[{"href":"https:\/\/centcols.org\/backup\/wp-json\/wp\/v2\/posts\/69925"}],"collection":[{"href":"https:\/\/centcols.org\/backup\/wp-json\/wp\/v2\/posts"}],"about":[{"href":"https:\/\/centcols.org\/backup\/wp-json\/wp\/v2\/types\/post"}],"author":[{"embeddable":true,"href":"https:\/\/centcols.org\/backup\/wp-json\/wp\/v2\/users\/69"}],"replies":[{"embeddable":true,"href":"https:\/\/centcols.org\/backup\/wp-json\/wp\/v2\/comments?post=69925"}],"version-history":[{"count":0,"href":"https:\/\/centcols.org\/backup\/wp-json\/wp\/v2\/posts\/69925\/revisions"}],"wp:attachment":[{"href":"https:\/\/centcols.org\/backup\/wp-json\/wp\/v2\/media?parent=69925"}],"wp:term":[{"taxonomy":"category","embeddable":true,"href":"https:\/\/centcols.org\/backup\/wp-json\/wp\/v2\/categories?post=69925"},{"taxonomy":"post_tag","embeddable":true,"href":"https:\/\/centcols.org\/backup\/wp-json\/wp\/v2\/tags?post=69925"}],"curies":[{"name":"wp","href":"https:\/\/api.w.org\/{rel}","templated":true}]}}