{"id":70022,"date":"2023-01-22T12:57:16","date_gmt":"2023-01-22T11:57:16","guid":{"rendered":"https:\/\/centcols.org\/backup\/?page_id=70022"},"modified":"2023-12-08T18:26:44","modified_gmt":"2023-12-08T17:26:44","slug":"deces-luigi-capellani","status":"publish","type":"post","link":"https:\/\/centcols.org\/backup\/deces-luigi-capellani\/","title":{"rendered":"Luigi Capellani"},"content":{"rendered":"\n<div class=\"wp-block-columns is-layout-flex wp-container-core-columns-is-layout-1 wp-block-columns-is-layout-flex\">\n<div class=\"wp-block-column is-layout-flow wp-block-column-is-layout-flow\" style=\"flex-basis:50%\">\n<div class=\"x78zum5 xdt5ytf xz62fqu x16ldp7u\">\n<div class=\"xu06os2 x1ok221b\">\n<div class=\"x11i5rnm xat24cr x1mh8g0r x1vvkbs xdj266r x126k92a\">\n<div dir=\"auto\"><img loading=\"lazy\" decoding=\"async\" class=\"alignnone size-medium wp-image-70029\" src=\"https:\/\/centcols.org\/backup\/wp-content\/uploads\/2023\/01\/Capture-decran-2023-01-22-122403-500x275.jpg\" alt=\"\" width=\"500\" height=\"275\" srcset=\"https:\/\/centcols.org\/backup\/wp-content\/uploads\/2023\/01\/Capture-decran-2023-01-22-122403-500x275.jpg 500w, https:\/\/centcols.org\/backup\/wp-content\/uploads\/2023\/01\/Capture-decran-2023-01-22-122403.jpg 581w\" sizes=\"(max-width: 500px) 100vw, 500px\" \/><\/div>\n<\/div>\n<\/div>\n<\/div>\n<div class=\"x78zum5 xdt5ytf xz62fqu x16ldp7u\">\n<div class=\"xu06os2 x1ok221b\">\n<div class=\"x1i10hfl xjbqb8w x6umtig x1b1mbwd xaqea5y xav7gou x9f619 x1ypdohk xt0psk2 xe8uvvx xdj266r x11i5rnm xat24cr x1mh8g0r xexx8yu x4uap5 x18d9i69 xkhd6sd x16tdsg8 x1hl2dhg xggy1nq x1o1ewxj x3x9cwd x1e5q0jg x13rtm0m x1n2onr6 x87ps6o x1a2a7pz xt0b8zv\" tabindex=\"0\" role=\"button\" aria-label=\"Pr\u00e9f\u00e9rences de traduction\">&nbsp;<\/div>\n<\/div>\n<\/div>\n<\/div>\n\n\n\n<div class=\"wp-block-column is-layout-flow wp-block-column-is-layout-flow\" style=\"flex-basis:50%\">\n<p>Bon voyage \u00e0 notre ami Cent cols Luigi Capellani, tu\u00e9 hier par un camion roulant sur sa bicyclette ador\u00e9e. Apr\u00e8s 2904 cols, il nous verra de l&#8217;univers.<\/p>\n\n\n\n<p>Repose en paix Luigi !<\/p>\n\n\n\n<h4 class=\"kt-adv-heading70022_0843b0-c4 wp-block-kadence-advancedheading has-vivid-cyan-blue-color has-text-color\" data-kb-block=\"kb-adv-heading70022_0843b0-c4\">Luigi Spina<\/h4>\n<\/div>\n<\/div>\n\n\n\n<hr class=\"wp-block-separator has-css-opacity\"\/>\n\n\n\n<div class=\"wp-block-columns is-layout-flex wp-container-core-columns-is-layout-2 wp-block-columns-is-layout-flex\">\n<div class=\"wp-block-column is-layout-flow wp-block-column-is-layout-flow\" style=\"flex-basis:50%\">\n<p>C&#8217;est avec une grande \u00e9motion que je vous annonce le d\u00e9c\u00e8s d&#8217;un ami, d&#8217;un grand cycliste, d&#8217;un membre de longue date du Club.<\/p>\n<p>Luigi Capellani, n\u00b0 4223, \u00e2g\u00e9 de 75 ans, est d\u00e9c\u00e9d\u00e9 vendredi \u00e0 la suite d&#8217;un accident survenu lors d&#8217;un entra\u00eenement en v\u00e9lo, il a \u00e9t\u00e9 \u00e9cras\u00e9 par un camion alors qu&#8217;il se trouvait pr\u00e8s de son domicile.<\/p>\n<p>Luigi \u00e9tait un cycliste exp\u00e9riment\u00e9 qui avait particip\u00e9 six fois au Paris-Brest-Paris et aussi au Boston-Montreal-Boston.<\/p>\n<p>Son objectif en 2023 \u00e9tait de franchir le 3000e col. Je pr\u00e9sente mes condol\u00e9ances et celles du Club des Cent Cols \u00e0 sa famille.<\/p>\n\n\n\n<h4 class=\"kt-adv-heading70022_f99422-64 wp-block-kadence-advancedheading has-vivid-cyan-blue-color has-text-color\" data-kb-block=\"kb-adv-heading70022_f99422-64\">Enrico Alberini &#8211; Pr\u00e9sident du Club des Cent Cols<\/h4>\n<\/div>\n\n\n\n<div class=\"wp-block-column is-layout-flow wp-block-column-is-layout-flow\" style=\"flex-basis:50%\">\n<figure class=\"wp-block-image size-large is-resized\"><img loading=\"lazy\" decoding=\"async\" width=\"693\" height=\"960\" src=\"https:\/\/centcols.org\/backup\/wp-content\/uploads\/2023\/01\/326779189_5759261167520299_4231838769352744542_n.jpg\" alt=\"\" class=\"wp-image-70023\" style=\"width:360px;height:500px\" srcset=\"https:\/\/centcols.org\/backup\/wp-content\/uploads\/2023\/01\/326779189_5759261167520299_4231838769352744542_n.jpg 693w, https:\/\/centcols.org\/backup\/wp-content\/uploads\/2023\/01\/326779189_5759261167520299_4231838769352744542_n-361x500.jpg 361w, https:\/\/centcols.org\/backup\/wp-content\/uploads\/2023\/01\/326779189_5759261167520299_4231838769352744542_n-600x831.jpg 600w\" sizes=\"(max-width: 693px) 100vw, 693px\" \/><\/figure>\n<\/div>\n<\/div>\n\n\n\n<hr class=\"wp-block-separator has-css-opacity\"\/>\n\n\n\n<p>Bonne balade o\u00f9 que tu sois<\/p>\n\n\n\n<h4 class=\"kt-adv-heading70022_c79853-d6 wp-block-kadence-advancedheading has-vivid-cyan-blue-color has-text-color\" data-kb-block=\"kb-adv-heading70022_c79853-d6\">Oscar Crimella<\/h4>\n\n\n\n<hr class=\"wp-block-separator has-css-opacity\"\/>\n\n\n\n<p>Je ne connais pas les circonstances de ce tragique accident mais je suis toujours agac\u00e9 par cette formulation que le cycliste a \u00e9t\u00e9 tu\u00e9 par un camion. Non il a \u00e9t\u00e9 tu\u00e9 par le chauffeur d\u2019un camion.<\/p>\n\n\n\n<h4 class=\"kt-adv-heading70022_804c0e-69 wp-block-kadence-advancedheading has-vivid-cyan-blue-color has-text-color\" data-kb-block=\"kb-adv-heading70022_804c0e-69\">Robert Ducret<\/h4>\n\n\n\n<hr class=\"wp-block-separator has-css-opacity\"\/>\n\n\n\n<p>&nbsp;<\/p>\n","protected":false},"excerpt":{"rendered":"<p>&nbsp; Bon voyage \u00e0 notre ami Cent cols Luigi Capellani, tu\u00e9 hier par un camion roulant sur sa bicyclette ador\u00e9e. Apr\u00e8s 2904 cols, il nous verra de l&#8217;univers. Repose en paix Luigi ! C&#8217;est avec une grande \u00e9motion que je vous annonce le d\u00e9c\u00e8s d&#8217;un ami, d&#8217;un grand cycliste, d&#8217;un membre de longue date du [&hellip;]<\/p>\n","protected":false},"author":397,"featured_media":70029,"comment_status":"closed","ping_status":"closed","sticky":false,"template":"","format":"standard","meta":{"_acf_changed":false,"ub_ctt_via":"","_monsterinsights_skip_tracking":false,"_monsterinsights_sitenote_active":false,"_monsterinsights_sitenote_note":"","_monsterinsights_sitenote_category":0,"footnotes":""},"categories":[620],"tags":[],"acf":[],"featured_image_urls":{"full":["https:\/\/centcols.org\/backup\/wp-content\/uploads\/2023\/01\/Capture-decran-2023-01-22-122403.jpg",581,319,false],"thumbnail":["https:\/\/centcols.org\/backup\/wp-content\/uploads\/2023\/01\/Capture-decran-2023-01-22-122403-300x300.jpg",300,300,true],"medium":["https:\/\/centcols.org\/backup\/wp-content\/uploads\/2023\/01\/Capture-decran-2023-01-22-122403-500x275.jpg",500,275,true],"medium_large":["https:\/\/centcols.org\/backup\/wp-content\/uploads\/2023\/01\/Capture-decran-2023-01-22-122403.jpg",581,319,false],"large":["https:\/\/centcols.org\/backup\/wp-content\/uploads\/2023\/01\/Capture-decran-2023-01-22-122403.jpg",581,319,false],"1536x1536":["https:\/\/centcols.org\/backup\/wp-content\/uploads\/2023\/01\/Capture-decran-2023-01-22-122403.jpg",581,319,false],"2048x2048":["https:\/\/centcols.org\/backup\/wp-content\/uploads\/2023\/01\/Capture-decran-2023-01-22-122403.jpg",581,319,false],"woocommerce_thumbnail":["https:\/\/centcols.org\/backup\/wp-content\/uploads\/2023\/01\/Capture-decran-2023-01-22-122403-300x300.jpg",300,300,true],"woocommerce_single":["https:\/\/centcols.org\/backup\/wp-content\/uploads\/2023\/01\/Capture-decran-2023-01-22-122403.jpg",581,319,false],"woocommerce_gallery_thumbnail":["https:\/\/centcols.org\/backup\/wp-content\/uploads\/2023\/01\/Capture-decran-2023-01-22-122403-100x100.jpg",100,100,true]},"post_excerpt_stackable":"<p>&nbsp; Bon voyage \u00e0 notre ami Cent cols Luigi Capellani, tu\u00e9 hier par un camion roulant sur sa bicyclette ador\u00e9e. Apr\u00e8s 2904 cols, il nous verra de l&#8217;univers. Repose en paix Luigi ! Luigi Spina C&#8217;est avec une grande \u00e9motion que je vous annonce le d\u00e9c\u00e8s d&#8217;un ami, d&#8217;un grand cycliste, d&#8217;un membre de longue date du Club. Luigi Capellani, n\u00b0 4223, \u00e2g\u00e9 de 75 ans, est d\u00e9c\u00e9d\u00e9 vendredi \u00e0 la suite d&#8217;un accident survenu lors d&#8217;un entra\u00eenement en v\u00e9lo, il a \u00e9t\u00e9 \u00e9cras\u00e9 par un camion alors qu&#8217;il se trouvait pr\u00e8s de son domicile. Luigi \u00e9tait un cycliste exp\u00e9riment\u00e9\u2026<\/p>\n","category_list":"<a href=\"https:\/\/centcols.org\/backup\/categorie\/gazette\/carnet-noir\/\" rel=\"category tag\">Carnet noir<\/a>","author_info":{"display_name":"Denis Chouquet-Stringer","author_link":"https:\/\/centcols.org\/backup\/author\/6183\/"},"comments_num":"0 commentaire","featured_image_urls_v2":{"full":["https:\/\/centcols.org\/backup\/wp-content\/uploads\/2023\/01\/Capture-decran-2023-01-22-122403.jpg",581,319,false],"thumbnail":["https:\/\/centcols.org\/backup\/wp-content\/uploads\/2023\/01\/Capture-decran-2023-01-22-122403-300x300.jpg",300,300,true],"medium":["https:\/\/centcols.org\/backup\/wp-content\/uploads\/2023\/01\/Capture-decran-2023-01-22-122403-500x275.jpg",500,275,true],"medium_large":["https:\/\/centcols.org\/backup\/wp-content\/uploads\/2023\/01\/Capture-decran-2023-01-22-122403.jpg",581,319,false],"large":["https:\/\/centcols.org\/backup\/wp-content\/uploads\/2023\/01\/Capture-decran-2023-01-22-122403.jpg",581,319,false],"1536x1536":["https:\/\/centcols.org\/backup\/wp-content\/uploads\/2023\/01\/Capture-decran-2023-01-22-122403.jpg",581,319,false],"2048x2048":["https:\/\/centcols.org\/backup\/wp-content\/uploads\/2023\/01\/Capture-decran-2023-01-22-122403.jpg",581,319,false],"woocommerce_thumbnail":["https:\/\/centcols.org\/backup\/wp-content\/uploads\/2023\/01\/Capture-decran-2023-01-22-122403-300x300.jpg",300,300,true],"woocommerce_single":["https:\/\/centcols.org\/backup\/wp-content\/uploads\/2023\/01\/Capture-decran-2023-01-22-122403.jpg",581,319,false],"woocommerce_gallery_thumbnail":["https:\/\/centcols.org\/backup\/wp-content\/uploads\/2023\/01\/Capture-decran-2023-01-22-122403-100x100.jpg",100,100,true]},"post_excerpt_stackable_v2":"<p>&nbsp; Bon voyage \u00e0 notre ami Cent cols Luigi Capellani, tu\u00e9 hier par un camion roulant sur sa bicyclette ador\u00e9e. Apr\u00e8s 2904 cols, il nous verra de l&#8217;univers. Repose en paix Luigi ! Luigi Spina C&#8217;est avec une grande \u00e9motion que je vous annonce le d\u00e9c\u00e8s d&#8217;un ami, d&#8217;un grand cycliste, d&#8217;un membre de longue date du Club. Luigi Capellani, n\u00b0 4223, \u00e2g\u00e9 de 75 ans, est d\u00e9c\u00e9d\u00e9 vendredi \u00e0 la suite d&#8217;un accident survenu lors d&#8217;un entra\u00eenement en v\u00e9lo, il a \u00e9t\u00e9 \u00e9cras\u00e9 par un camion alors qu&#8217;il se trouvait pr\u00e8s de son domicile. Luigi \u00e9tait un cycliste exp\u00e9riment\u00e9\u2026<\/p>\n","category_list_v2":"<a href=\"https:\/\/centcols.org\/backup\/categorie\/gazette\/carnet-noir\/\" rel=\"category tag\">Carnet noir<\/a>","author_info_v2":{"name":"Denis Chouquet-Stringer","url":"https:\/\/centcols.org\/backup\/author\/6183\/"},"comments_num_v2":"0 commentaire","featured_image_src":"https:\/\/centcols.org\/backup\/wp-content\/uploads\/2023\/01\/Capture-decran-2023-01-22-122403.jpg","_links":{"self":[{"href":"https:\/\/centcols.org\/backup\/wp-json\/wp\/v2\/posts\/70022"}],"collection":[{"href":"https:\/\/centcols.org\/backup\/wp-json\/wp\/v2\/posts"}],"about":[{"href":"https:\/\/centcols.org\/backup\/wp-json\/wp\/v2\/types\/post"}],"author":[{"embeddable":true,"href":"https:\/\/centcols.org\/backup\/wp-json\/wp\/v2\/users\/397"}],"replies":[{"embeddable":true,"href":"https:\/\/centcols.org\/backup\/wp-json\/wp\/v2\/comments?post=70022"}],"version-history":[{"count":0,"href":"https:\/\/centcols.org\/backup\/wp-json\/wp\/v2\/posts\/70022\/revisions"}],"wp:featuredmedia":[{"embeddable":true,"href":"https:\/\/centcols.org\/backup\/wp-json\/wp\/v2\/media\/70029"}],"wp:attachment":[{"href":"https:\/\/centcols.org\/backup\/wp-json\/wp\/v2\/media?parent=70022"}],"wp:term":[{"taxonomy":"category","embeddable":true,"href":"https:\/\/centcols.org\/backup\/wp-json\/wp\/v2\/categories?post=70022"},{"taxonomy":"post_tag","embeddable":true,"href":"https:\/\/centcols.org\/backup\/wp-json\/wp\/v2\/tags?post=70022"}],"curies":[{"name":"wp","href":"https:\/\/api.w.org\/{rel}","templated":true}]}}