{"id":70266,"date":"2023-01-29T16:05:37","date_gmt":"2023-01-29T15:05:37","guid":{"rendered":"https:\/\/centcols.org\/backup\/?page_id=70266"},"modified":"2023-12-08T18:22:34","modified_gmt":"2023-12-08T17:22:34","slug":"deces-maurice-metral","status":"publish","type":"post","link":"https:\/\/centcols.org\/backup\/deces-maurice-metral\/","title":{"rendered":"MAURICE METRAL"},"content":{"rendered":"\n<figure class=\"wp-block-image size-large\"><img loading=\"lazy\" decoding=\"async\" width=\"136\" height=\"178\" src=\"https:\/\/centcols.org\/backup\/wp-content\/uploads\/2023\/01\/Maurice-Metral.jpg\" alt=\"\" class=\"wp-image-70267\"\/><\/figure>\n\n\n\n\n\n<p><span style=\"font-size: 14pt;\">C\u2019est avec une grande tristesse que je viens d\u2019apprendre le d\u00e9c\u00e8s de notre ami<\/span> <img loading=\"lazy\" decoding=\"async\" class=\"size-medium wp-image-70273 alignright\" src=\"https:\/\/centcols.org\/backup\/wp-content\/uploads\/2023\/01\/Maurice-Metral3-210x500.jpg\" alt=\"\" width=\"210\" height=\"500\" srcset=\"https:\/\/centcols.org\/backup\/wp-content\/uploads\/2023\/01\/Maurice-Metral3-210x500.jpg 210w, https:\/\/centcols.org\/backup\/wp-content\/uploads\/2023\/01\/Maurice-Metral3-504x1200.jpg 504w, https:\/\/centcols.org\/backup\/wp-content\/uploads\/2023\/01\/Maurice-Metral3-768x1829.jpg 768w, https:\/\/centcols.org\/backup\/wp-content\/uploads\/2023\/01\/Maurice-Metral3-645x1536.jpg 645w, https:\/\/centcols.org\/backup\/wp-content\/uploads\/2023\/01\/Maurice-Metral3-860x2048.jpg 860w, https:\/\/centcols.org\/backup\/wp-content\/uploads\/2023\/01\/Maurice-Metral3-600x1429.jpg 600w, https:\/\/centcols.org\/backup\/wp-content\/uploads\/2023\/01\/Maurice-Metral3.jpg 1002w\" sizes=\"(max-width: 210px) 100vw, 210px\" \/><span style=\"font-size: 14pt;\">Maurice M\u00e9tral ccc 3210. Momo \u00e9tait un tr\u00e8s agr\u00e9able compagnon de randonn\u00e9es lors des s\u00e9jours Cent Cols. Ces derni\u00e8res ann\u00e9es il n\u2019a pas \u00e9t\u00e9 \u00e9pargn\u00e9 par deux accidents qui ont ralenti sa pratique. Lors de l\u2019AG du cinquantenaire, il m\u2019avait confi\u00e9 \u00eatre heureux d\u2019avoir pu refaire de belles randos \u00e0 v\u00e9lo. Il avait de nouveaux projets en perspective.<\/span><\/p>\n\n\n\n<p><span style=\"font-size: 14pt;\">Roger Colombo vient de mettre en ligne une photo prise lors du s\u00e9jour d\u2019Argel\u00e8s-sur-Mer.<\/span><\/p>\n\n\n\n<p><span style=\"font-size: 14pt;\">Outre son attitude enthousiaste et toujours tr\u00e8s positive lors des activit\u00e9s CCC (concentrations r\u00e9gionales, s\u00e9jours, AG), il \u00e9tait aussi tr\u00e8s impliqu\u00e9 dans la randonn\u00e9e du diab\u00e8te&nbsp;<a href=\"https:\/\/cyclodiabete.com\/\" target=\"_blank\" rel=\"noreferrer noopener\">https:\/\/cyclodiabete.com\/<\/a>. Momo va nous manquer&nbsp;!<\/span><\/p>\n\n\n\n<p><span style=\"font-size: 14pt;\">Un dernier hommage lui sera rendu le mercredi 1er&nbsp;f\u00e9vrier, \u00e0 15 heures, au cr\u00e9matorium des Iles \u00e0 Annecy, suivi de la cr\u00e9mation.<\/span><\/p>\n\n\n\n<h4 class=\"kt-adv-heading70266_5d21df-ca wp-block-kadence-advancedheading has-vivid-cyan-blue-color has-text-color\" data-kb-block=\"kb-adv-heading70266_5d21df-ca\"><span style=\"font-size: 14pt;\">R\u00e9gis Paraz &#8211; Past Pr\u00e9sident du Club des Cent Cols<\/span><\/h4>\n\n\n\n<hr class=\"wp-block-separator has-css-opacity\"\/>\n\n\n\n<p><span style=\"font-size: 14pt;\">Une bien triste nouvelle que la disparition de Maurice M\u00e9tral. Il est vrai qu&#8217;on le voyait moins dans les s\u00e9jours ces derni\u00e8res ann\u00e9es, et j&#8217;ai \u00e9t\u00e9 heureux de le revoir \u00e0 l&#8217;AG du cinquantenaire o\u00f9 nous avons \u00e9chang\u00e9 quelques souvenirs.<\/span><\/p>\r\n<p><span style=\"font-size: 14pt;\">\n\n\n\n<\/span><\/p>\r\n<p><span style=\"font-size: 14pt;\">Maurice a fait partie des membres des Cent Cols qui ont manifest\u00e9 un soutien discret mais appuy\u00e9 lorsque j&#8217;ai eu la charge de pr\u00e9sider le Club. Il amenait par ex un fromage ou quelques bouteilles \u00e0 l&#8217;intention des organisateurs lors des concentrations, des gestes et des mots simples qui faisaient chaud au coeur.<\/span><\/p>\r\n<p><span style=\"font-size: 14pt;\">\n\n\n\n<\/span><\/p>\r\n<p><span style=\"font-size: 14pt;\">Toutes mes condol\u00e9ances \u00e0 sa famille et ma sympathie \u00e0 ses copains d&#8217;Annecy.<\/span><\/p>\n\n\n\n<h4 class=\"kt-adv-heading70266_c496bb-25 wp-block-kadence-advancedheading has-vivid-cyan-blue-color has-text-color\" data-kb-block=\"kb-adv-heading70266_c496bb-25\">Claude B\u00e9nistrand &#8211; Pr\u00e9sident Honoraire du Club des Cent Cols<\/h4>\n\n\n\n<hr class=\"wp-block-separator has-css-opacity\"\/>\n","protected":false},"excerpt":{"rendered":"<p>C\u2019est avec une grande tristesse que je viens d\u2019apprendre le d\u00e9c\u00e8s de notre ami Maurice M\u00e9tral ccc 3210. Momo \u00e9tait un tr\u00e8s agr\u00e9able compagnon de randonn\u00e9es lors des s\u00e9jours Cent Cols. Ces derni\u00e8res ann\u00e9es il n\u2019a pas \u00e9t\u00e9 \u00e9pargn\u00e9 par deux accidents qui ont ralenti sa pratique. Lors de l\u2019AG du cinquantenaire, il m\u2019avait confi\u00e9 [&hellip;]<\/p>\n","protected":false},"author":397,"featured_media":70273,"comment_status":"closed","ping_status":"closed","sticky":false,"template":"","format":"standard","meta":{"_acf_changed":false,"ub_ctt_via":"","_monsterinsights_skip_tracking":false,"_monsterinsights_sitenote_active":false,"_monsterinsights_sitenote_note":"","_monsterinsights_sitenote_category":0,"footnotes":""},"categories":[620],"tags":[],"acf":[],"featured_image_urls":{"full":["https:\/\/centcols.org\/backup\/wp-content\/uploads\/2023\/01\/Maurice-Metral3.jpg",1002,2386,false],"thumbnail":["https:\/\/centcols.org\/backup\/wp-content\/uploads\/2023\/01\/Maurice-Metral3-300x300.jpg",300,300,true],"medium":["https:\/\/centcols.org\/backup\/wp-content\/uploads\/2023\/01\/Maurice-Metral3-210x500.jpg",210,500,true],"medium_large":["https:\/\/centcols.org\/backup\/wp-content\/uploads\/2023\/01\/Maurice-Metral3-768x1829.jpg",768,1829,true],"large":["https:\/\/centcols.org\/backup\/wp-content\/uploads\/2023\/01\/Maurice-Metral3-504x1200.jpg",504,1200,true],"1536x1536":["https:\/\/centcols.org\/backup\/wp-content\/uploads\/2023\/01\/Maurice-Metral3-645x1536.jpg",645,1536,true],"2048x2048":["https:\/\/centcols.org\/backup\/wp-content\/uploads\/2023\/01\/Maurice-Metral3-860x2048.jpg",860,2048,true],"woocommerce_thumbnail":["https:\/\/centcols.org\/backup\/wp-content\/uploads\/2023\/01\/Maurice-Metral3-300x300.jpg",300,300,true],"woocommerce_single":["https:\/\/centcols.org\/backup\/wp-content\/uploads\/2023\/01\/Maurice-Metral3-600x1429.jpg",600,1429,true],"woocommerce_gallery_thumbnail":["https:\/\/centcols.org\/backup\/wp-content\/uploads\/2023\/01\/Maurice-Metral3-100x100.jpg",100,100,true]},"post_excerpt_stackable":"<p>C\u2019est avec une grande tristesse que je viens d\u2019apprendre le d\u00e9c\u00e8s de notre ami Maurice M\u00e9tral ccc 3210. Momo \u00e9tait un tr\u00e8s agr\u00e9able compagnon de randonn\u00e9es lors des s\u00e9jours Cent Cols. Ces derni\u00e8res ann\u00e9es il n\u2019a pas \u00e9t\u00e9 \u00e9pargn\u00e9 par deux accidents qui ont ralenti sa pratique. Lors de l\u2019AG du cinquantenaire, il m\u2019avait confi\u00e9 \u00eatre heureux d\u2019avoir pu refaire de belles randos \u00e0 v\u00e9lo. Il avait de nouveaux projets en perspective. Roger Colombo vient de mettre en ligne une photo prise lors du s\u00e9jour d\u2019Argel\u00e8s-sur-Mer. Outre son attitude enthousiaste et toujours tr\u00e8s positive lors des activit\u00e9s CCC (concentrations r\u00e9gionales,\u2026<\/p>\n","category_list":"<a href=\"https:\/\/centcols.org\/backup\/categorie\/gazette\/carnet-noir\/\" rel=\"category tag\">Carnet noir<\/a>","author_info":{"display_name":"Denis Chouquet-Stringer","author_link":"https:\/\/centcols.org\/backup\/author\/6183\/"},"comments_num":"0 commentaire","featured_image_urls_v2":{"full":["https:\/\/centcols.org\/backup\/wp-content\/uploads\/2023\/01\/Maurice-Metral3.jpg",1002,2386,false],"thumbnail":["https:\/\/centcols.org\/backup\/wp-content\/uploads\/2023\/01\/Maurice-Metral3-300x300.jpg",300,300,true],"medium":["https:\/\/centcols.org\/backup\/wp-content\/uploads\/2023\/01\/Maurice-Metral3-210x500.jpg",210,500,true],"medium_large":["https:\/\/centcols.org\/backup\/wp-content\/uploads\/2023\/01\/Maurice-Metral3-768x1829.jpg",768,1829,true],"large":["https:\/\/centcols.org\/backup\/wp-content\/uploads\/2023\/01\/Maurice-Metral3-504x1200.jpg",504,1200,true],"1536x1536":["https:\/\/centcols.org\/backup\/wp-content\/uploads\/2023\/01\/Maurice-Metral3-645x1536.jpg",645,1536,true],"2048x2048":["https:\/\/centcols.org\/backup\/wp-content\/uploads\/2023\/01\/Maurice-Metral3-860x2048.jpg",860,2048,true],"woocommerce_thumbnail":["https:\/\/centcols.org\/backup\/wp-content\/uploads\/2023\/01\/Maurice-Metral3-300x300.jpg",300,300,true],"woocommerce_single":["https:\/\/centcols.org\/backup\/wp-content\/uploads\/2023\/01\/Maurice-Metral3-600x1429.jpg",600,1429,true],"woocommerce_gallery_thumbnail":["https:\/\/centcols.org\/backup\/wp-content\/uploads\/2023\/01\/Maurice-Metral3-100x100.jpg",100,100,true]},"post_excerpt_stackable_v2":"<p>C\u2019est avec une grande tristesse que je viens d\u2019apprendre le d\u00e9c\u00e8s de notre ami Maurice M\u00e9tral ccc 3210. Momo \u00e9tait un tr\u00e8s agr\u00e9able compagnon de randonn\u00e9es lors des s\u00e9jours Cent Cols. Ces derni\u00e8res ann\u00e9es il n\u2019a pas \u00e9t\u00e9 \u00e9pargn\u00e9 par deux accidents qui ont ralenti sa pratique. Lors de l\u2019AG du cinquantenaire, il m\u2019avait confi\u00e9 \u00eatre heureux d\u2019avoir pu refaire de belles randos \u00e0 v\u00e9lo. Il avait de nouveaux projets en perspective. Roger Colombo vient de mettre en ligne une photo prise lors du s\u00e9jour d\u2019Argel\u00e8s-sur-Mer. Outre son attitude enthousiaste et toujours tr\u00e8s positive lors des activit\u00e9s CCC (concentrations r\u00e9gionales,\u2026<\/p>\n","category_list_v2":"<a href=\"https:\/\/centcols.org\/backup\/categorie\/gazette\/carnet-noir\/\" rel=\"category tag\">Carnet noir<\/a>","author_info_v2":{"name":"Denis Chouquet-Stringer","url":"https:\/\/centcols.org\/backup\/author\/6183\/"},"comments_num_v2":"0 commentaire","featured_image_src":"https:\/\/centcols.org\/backup\/wp-content\/uploads\/2023\/01\/Maurice-Metral3.jpg","_links":{"self":[{"href":"https:\/\/centcols.org\/backup\/wp-json\/wp\/v2\/posts\/70266"}],"collection":[{"href":"https:\/\/centcols.org\/backup\/wp-json\/wp\/v2\/posts"}],"about":[{"href":"https:\/\/centcols.org\/backup\/wp-json\/wp\/v2\/types\/post"}],"author":[{"embeddable":true,"href":"https:\/\/centcols.org\/backup\/wp-json\/wp\/v2\/users\/397"}],"replies":[{"embeddable":true,"href":"https:\/\/centcols.org\/backup\/wp-json\/wp\/v2\/comments?post=70266"}],"version-history":[{"count":0,"href":"https:\/\/centcols.org\/backup\/wp-json\/wp\/v2\/posts\/70266\/revisions"}],"wp:featuredmedia":[{"embeddable":true,"href":"https:\/\/centcols.org\/backup\/wp-json\/wp\/v2\/media\/70273"}],"wp:attachment":[{"href":"https:\/\/centcols.org\/backup\/wp-json\/wp\/v2\/media?parent=70266"}],"wp:term":[{"taxonomy":"category","embeddable":true,"href":"https:\/\/centcols.org\/backup\/wp-json\/wp\/v2\/categories?post=70266"},{"taxonomy":"post_tag","embeddable":true,"href":"https:\/\/centcols.org\/backup\/wp-json\/wp\/v2\/tags?post=70266"}],"curies":[{"name":"wp","href":"https:\/\/api.w.org\/{rel}","templated":true}]}}