{"id":70304,"date":"2023-01-29T17:34:39","date_gmt":"2023-01-29T16:34:39","guid":{"rendered":"https:\/\/centcols.org\/backup\/?p=70304"},"modified":"2023-12-16T18:42:16","modified_gmt":"2023-12-16T17:42:16","slug":"suisse-fondue-2023","status":"publish","type":"post","link":"https:\/\/centcols.org\/backup\/suisse-fondue-2023\/","title":{"rendered":"Suisse, Fondue, vendredi 24 mars 2023"},"content":{"rendered":"\n<p class=\"has-medium-font-size\">Fondue au caf\u00e9 des 3 sifflets \u00e0 Vevey. Rendez-vous \u00e0 19 heures<\/p>\n\n\n\n<p class=\"has-medium-font-size\">Traditionnelle fondue de d\u00e9but de saison organis\u00e9e par Jacques Bezzola<\/p>\n\n\n\n<p class=\"has-medium-font-size\">R\u00e9servation : Jacques Bezzola<\/p>\n\n\n\n<h3 class=\"wp-block-heading\">Contact<\/h3>\n\n\n\n<p class=\"has-medium-font-size\">Jacques Bezzola<br><a href=\"ma&#105;lto:&#98;ou&#115;&#115;&#111;le&#64;b&#108;u&#101;w&#105;&#110;&#46;c&#104;\">b&#111;&#117;&#115;s&#111;&#108;e&#64;bl&#117;ewin.c&#104;<\/a><br>T\u00e9l : +41 26 411 36 30<br>Natel : +41 79 598 92 20&nbsp;<\/p>\n\n\n\n<h2 class=\"wp-block-heading\">petit r\u00e9sum\u00e9 <\/h2>\n\n\n\n<p class=\"has-medium-font-size\">C&#8217;est Pierre Mai qui fait un petit r\u00e9sum\u00e9 de la r\u00e9union fondue organis\u00e9e ce vendredi 24 mars par Jacques Bezzola.<\/p>\n\n\n\n<p class=\"has-medium-font-size\">Nous sommes actuellement 86 membres suisses \u00e0 jour de cotisation. <br>4 membres n&#8217;ont pas cotis\u00e9 malgr\u00e9 plusieurs relances, dont 2 membres qui sont depuis plus de dix ans au club, et 2 membres entr\u00e9s l\u2019ann\u00e9e derni\u00e8re.<\/p>\n\n\n\n<p class=\"has-medium-font-size\">Prochainement le catalogue CH va pouvoir&nbsp; \u00eatre mis \u00e0 jour comme \u00e0 chaque fois que je re\u00e7ois des informations&nbsp;de modifications d\u2019acc\u00e8s sur un col. L\u2019insertion des nouveaux cols est faite par Daniel, un de nos informaticiens, au rythme de 2 \u00e0 3 fois par ann\u00e9e suivant le nombre de cols valid\u00e9s par le GT.<\/p>\n\n\n\n<p class=\"has-medium-font-size\">Je vous rappelle que pour valider vos cols il faut le faire dans&nbsp;<strong>d\u00e9claration officielle<\/strong>&nbsp;mais pas dans enregistrement autres cols, ce qui met \u00e0 jour instantan\u00e9ment vos brevets routiers si vous vous \u00eates inscrits, mais \u00e9galement ccWay.<\/p>\n\n\n\n<p class=\"has-medium-font-size\"><strong>Sorties 2023<\/strong>&nbsp;: <\/p>\n\n\n\n<ul>\n<li><span style=\"font-size: 20px;\">le <span style=\"text-decoration: underline;\">16 avril \u00e0 Puidoux<\/span>&nbsp; (<strong>VTT<\/strong>), organisation Alain Besson,<\/span><\/li>\n<li><span style=\"font-size: 20px;\">le <span style=\"text-decoration: underline;\">03 juin \u00e0 Ballens<\/span> (<strong>VTT<\/strong>) organisation Pierre Mai,<\/span><\/li>\n<li><span style=\"font-size: 20px;\">et le <span style=\"text-decoration: underline;\">15 juillet \u00e0 Montbenoit<\/span> (<strong>v\u00e9lo de route<\/strong>), organisation Christian Binggeli.<\/span><\/li>\n<\/ul>\n\n\n\n<p class=\"has-medium-font-size\">Pour 2024, je cherche un ou deux volontaires pour organiser une sortie, vtt ou route.<\/p>\n\n\n\n<p class=\"has-medium-font-size\">Photos et une vid\u00e9o de Michel Boni et Pierre Mai.&nbsp;&nbsp;<a href=\"https:\/\/photos.app.goo.gl\/5CYAgPu5hKSX31pn8\" target=\"_blank\" rel=\"noreferrer noopener\">https:\/\/photos.app.goo.gl\/5CYAgPu5hKSX31pn8<\/a><\/p>\n\n\n\n<p class=\"has-medium-font-size\"><strong>19 Membres pr\u00e9sents \u00e0 la fondue&nbsp;:<\/strong><\/p>\n\n\n\n<div class=\"wp-block-columns is-layout-flex wp-container-core-columns-is-layout-1 wp-block-columns-is-layout-flex\">\n<div class=\"wp-block-column is-layout-flow wp-block-column-is-layout-flow\">\n<p class=\"has-medium-font-size\">Diener Martin et Pascale&nbsp;&nbsp;&nbsp;&nbsp;&nbsp;&nbsp;&nbsp;&nbsp;&nbsp;&nbsp;&nbsp;&nbsp;<\/p>\n\n\n\n<p class=\"has-medium-font-size\">Bittel Jean-Marc<\/p>\n\n\n\n<p class=\"has-medium-font-size\">Bovet Jean-Claude<\/p>\n\n\n\n<p class=\"has-medium-font-size\">Gottofrey Bernard<\/p>\n\n\n\n<p class=\"has-medium-font-size\">Mai Pierre et Catherine<\/p>\n\n\n\n<p class=\"has-medium-font-size\">Bolomey G\u00e9rald<\/p>\n\n\n\n<p class=\"has-medium-font-size\">Besson Alain et Ursula<\/p>\n<\/div>\n\n\n\n<div class=\"wp-block-column is-layout-flow wp-block-column-is-layout-flow\">\n<p class=\"has-medium-font-size\">Paquin C\u00e9line<\/p>\n\n\n\n<p class=\"has-medium-font-size\">Biderbost Jean-Daniel<\/p>\n\n\n\n<p class=\"has-medium-font-size\">Besson Bernard<\/p>\n\n\n\n<p class=\"has-medium-font-size\">Bertholet Jean-Pierre<\/p>\n\n\n\n<p class=\"has-medium-font-size\">Logean Claude<\/p>\n\n\n\n<p class=\"has-medium-font-size\">Boni Michel<\/p>\n\n\n\n<p class=\"has-medium-font-size\">Morard Christine et Jean-Yves<\/p>\n\n\n\n<p class=\"has-medium-font-size\">Bezzola Jacques<\/p>\n<\/div>\n<\/div>\n","protected":false},"excerpt":{"rendered":"<p>Fondue au caf\u00e9 des 3 sifflets \u00e0 Vevey. Rendez-vous \u00e0 19 heures Traditionnelle fondue de d\u00e9but de saison organis\u00e9e par Jacques Bezzola R\u00e9servation : Jacques Bezzola Contact Jacques Bezzola T\u00e9l : +41 26 411 36 30Natel : +41 79 598 92 20&nbsp; petit r\u00e9sum\u00e9 C&#8217;est Pierre Mai qui fait un petit r\u00e9sum\u00e9 de la r\u00e9union [&hellip;]<\/p>\n","protected":false},"author":69,"featured_media":0,"comment_status":"closed","ping_status":"closed","sticky":false,"template":"","format":"standard","meta":{"_acf_changed":false,"ub_ctt_via":"","_monsterinsights_skip_tracking":false,"_monsterinsights_sitenote_active":false,"_monsterinsights_sitenote_note":"","_monsterinsights_sitenote_category":0,"footnotes":""},"categories":[558],"tags":[],"acf":[],"featured_image_urls":{"full":"","thumbnail":"","medium":"","medium_large":"","large":"","1536x1536":"","2048x2048":"","woocommerce_thumbnail":"","woocommerce_single":"","woocommerce_gallery_thumbnail":""},"post_excerpt_stackable":"<p>Fondue au caf\u00e9 des 3 sifflets \u00e0 Vevey. Rendez-vous \u00e0 19 heures Traditionnelle fondue de d\u00e9but de saison organis\u00e9e par Jacques Bezzola R\u00e9servation : Jacques Bezzola Contact Jacques Bezzola&#98;&#111;&#117;ssol&#101;&#64;bl&#117;&#101;&#119;&#105;n.chT\u00e9l : +41 26 411 36 30Natel : +41 79 598 92 20&nbsp; petit r\u00e9sum\u00e9 C&#8217;est Pierre Mai qui fait un petit r\u00e9sum\u00e9 de la r\u00e9union fondue organis\u00e9e ce vendredi 24 mars par Jacques Bezzola. Nous sommes actuellement 86 membres suisses \u00e0 jour de cotisation. 4 membres n&#8217;ont pas cotis\u00e9 malgr\u00e9 plusieurs relances, dont 2 membres qui sont depuis plus de dix ans au club, et 2 membres entr\u00e9s l\u2019ann\u00e9e derni\u00e8re. Prochainement\u2026<\/p>\n","category_list":"<a href=\"https:\/\/centcols.org\/backup\/categorie\/rassemblements\/rassemblements-2023\/\" rel=\"category tag\">Les rassemblements de 2023<\/a>","author_info":{"display_name":"Enrico Alberini","author_link":"https:\/\/centcols.org\/backup\/author\/5065\/"},"comments_num":"0 commentaire","featured_image_urls_v2":{"full":"","thumbnail":"","medium":"","medium_large":"","large":"","1536x1536":"","2048x2048":"","woocommerce_thumbnail":"","woocommerce_single":"","woocommerce_gallery_thumbnail":""},"post_excerpt_stackable_v2":"<p>Fondue au caf\u00e9 des 3 sifflets \u00e0 Vevey. Rendez-vous \u00e0 19 heures Traditionnelle fondue de d\u00e9but de saison organis\u00e9e par Jacques Bezzola R\u00e9servation : Jacques Bezzola Contact Jacques Bezzola&#98;ousso&#108;&#101;&#64;&#98;&#108;&#117;&#101;w&#105;&#110;&#46;&#99;hT\u00e9l : +41 26 411 36 30Natel : +41 79 598 92 20&nbsp; petit r\u00e9sum\u00e9 C&#8217;est Pierre Mai qui fait un petit r\u00e9sum\u00e9 de la r\u00e9union fondue organis\u00e9e ce vendredi 24 mars par Jacques Bezzola. Nous sommes actuellement 86 membres suisses \u00e0 jour de cotisation. 4 membres n&#8217;ont pas cotis\u00e9 malgr\u00e9 plusieurs relances, dont 2 membres qui sont depuis plus de dix ans au club, et 2 membres entr\u00e9s l\u2019ann\u00e9e derni\u00e8re. Prochainement\u2026<\/p>\n","category_list_v2":"<a href=\"https:\/\/centcols.org\/backup\/categorie\/rassemblements\/rassemblements-2023\/\" rel=\"category tag\">Les rassemblements de 2023<\/a>","author_info_v2":{"name":"Enrico Alberini","url":"https:\/\/centcols.org\/backup\/author\/5065\/"},"comments_num_v2":"0 commentaire","featured_image_src":null,"_links":{"self":[{"href":"https:\/\/centcols.org\/backup\/wp-json\/wp\/v2\/posts\/70304"}],"collection":[{"href":"https:\/\/centcols.org\/backup\/wp-json\/wp\/v2\/posts"}],"about":[{"href":"https:\/\/centcols.org\/backup\/wp-json\/wp\/v2\/types\/post"}],"author":[{"embeddable":true,"href":"https:\/\/centcols.org\/backup\/wp-json\/wp\/v2\/users\/69"}],"replies":[{"embeddable":true,"href":"https:\/\/centcols.org\/backup\/wp-json\/wp\/v2\/comments?post=70304"}],"version-history":[{"count":0,"href":"https:\/\/centcols.org\/backup\/wp-json\/wp\/v2\/posts\/70304\/revisions"}],"wp:attachment":[{"href":"https:\/\/centcols.org\/backup\/wp-json\/wp\/v2\/media?parent=70304"}],"wp:term":[{"taxonomy":"category","embeddable":true,"href":"https:\/\/centcols.org\/backup\/wp-json\/wp\/v2\/categories?post=70304"},{"taxonomy":"post_tag","embeddable":true,"href":"https:\/\/centcols.org\/backup\/wp-json\/wp\/v2\/tags?post=70304"}],"curies":[{"name":"wp","href":"https:\/\/api.w.org\/{rel}","templated":true}]}}