{"id":71388,"date":"2023-03-07T08:44:32","date_gmt":"2023-03-07T07:44:32","guid":{"rendered":"https:\/\/centcols.org\/backup\/?page_id=71388"},"modified":"2023-11-20T02:51:30","modified_gmt":"2023-11-20T01:51:30","slug":"deces-jean-louis-portaz","status":"publish","type":"post","link":"https:\/\/centcols.org\/backup\/deces-jean-louis-portaz\/","title":{"rendered":"Jean-Louis  Portaz"},"content":{"rendered":"\n<p class=\"has-medium-font-size\">Jean-Louis Portaz \u00e9tait le n\u00b01209, entr\u00e9&nbsp;au club en 1980. Il \u00e9tait alors aux cyclos de la Vall\u00e9e de Th\u00f6nes. Ces derni\u00e8res d\u00e9cennies, outre son m\u00e9tier de professeur d&#8217;arts plastiques, il \u00e9tait parti sur de nouvelles aventures, comme maire&nbsp;de sa commune mauriennaise de La Chapelle, de 2001 \u00e0 2020, et conseiller g\u00e9n\u00e9ral du canton de La Chambre, de 2011 \u00e0 2015. Nous avions alors si\u00e9g\u00e9 ensemble, \u00e9voquant quelques souvenirs de v\u00e9lo entre deux dossiers savoyards&#8230;<\/p>\n\n\n\n<h4 class=\"kt-adv-heading_5fe64f-fd wp-block-kadence-advancedheading has-vivid-cyan-blue-color has-text-color\" data-kb-block=\"kb-adv-heading_5fe64f-fd\">Fran\u00e7ois Rieu &#8211; Redac chef<\/h4>\n","protected":false},"excerpt":{"rendered":"<p>Jean-Louis Portaz \u00e9tait le n\u00b01209, entr\u00e9&nbsp;au club en 1980. Il \u00e9tait alors aux cyclos de la Vall\u00e9e de Th\u00f6nes. Ces derni\u00e8res d\u00e9cennies, outre son m\u00e9tier de professeur d&#8217;arts plastiques, il \u00e9tait parti sur de nouvelles aventures, comme maire&nbsp;de sa commune mauriennaise de La Chapelle, de 2001 \u00e0 2020, et conseiller g\u00e9n\u00e9ral du canton de La [&hellip;]<\/p>\n","protected":false},"author":397,"featured_media":0,"comment_status":"closed","ping_status":"closed","sticky":false,"template":"","format":"standard","meta":{"_acf_changed":false,"ub_ctt_via":"","_monsterinsights_skip_tracking":false,"_monsterinsights_sitenote_active":false,"_monsterinsights_sitenote_note":"","_monsterinsights_sitenote_category":0,"footnotes":""},"categories":[620],"tags":[],"acf":[],"featured_image_urls":{"full":"","thumbnail":"","medium":"","medium_large":"","large":"","1536x1536":"","2048x2048":"","woocommerce_thumbnail":"","woocommerce_single":"","woocommerce_gallery_thumbnail":""},"post_excerpt_stackable":"<p>Jean-Louis Portaz \u00e9tait le n\u00b01209, entr\u00e9&nbsp;au club en 1980. Il \u00e9tait alors aux cyclos de la Vall\u00e9e de Th\u00f6nes. Ces derni\u00e8res d\u00e9cennies, outre son m\u00e9tier de professeur d&#8217;arts plastiques, il \u00e9tait parti sur de nouvelles aventures, comme maire&nbsp;de sa commune mauriennaise de La Chapelle, de 2001 \u00e0 2020, et conseiller g\u00e9n\u00e9ral du canton de La Chambre, de 2011 \u00e0 2015. Nous avions alors si\u00e9g\u00e9 ensemble, \u00e9voquant quelques souvenirs de v\u00e9lo entre deux dossiers savoyards&#8230; Fran\u00e7ois Rieu &#8211; Redac chef<\/p>\n","category_list":"<a href=\"https:\/\/centcols.org\/backup\/categorie\/gazette\/carnet-noir\/\" rel=\"category tag\">Carnet noir<\/a>","author_info":{"display_name":"Denis Chouquet-Stringer","author_link":"https:\/\/centcols.org\/backup\/author\/6183\/"},"comments_num":"0 commentaire","featured_image_urls_v2":{"full":"","thumbnail":"","medium":"","medium_large":"","large":"","1536x1536":"","2048x2048":"","woocommerce_thumbnail":"","woocommerce_single":"","woocommerce_gallery_thumbnail":""},"post_excerpt_stackable_v2":"<p>Jean-Louis Portaz \u00e9tait le n\u00b01209, entr\u00e9&nbsp;au club en 1980. Il \u00e9tait alors aux cyclos de la Vall\u00e9e de Th\u00f6nes. Ces derni\u00e8res d\u00e9cennies, outre son m\u00e9tier de professeur d&#8217;arts plastiques, il \u00e9tait parti sur de nouvelles aventures, comme maire&nbsp;de sa commune mauriennaise de La Chapelle, de 2001 \u00e0 2020, et conseiller g\u00e9n\u00e9ral du canton de La Chambre, de 2011 \u00e0 2015. Nous avions alors si\u00e9g\u00e9 ensemble, \u00e9voquant quelques souvenirs de v\u00e9lo entre deux dossiers savoyards&#8230; Fran\u00e7ois Rieu &#8211; Redac chef<\/p>\n","category_list_v2":"<a href=\"https:\/\/centcols.org\/backup\/categorie\/gazette\/carnet-noir\/\" rel=\"category tag\">Carnet noir<\/a>","author_info_v2":{"name":"Denis Chouquet-Stringer","url":"https:\/\/centcols.org\/backup\/author\/6183\/"},"comments_num_v2":"0 commentaire","featured_image_src":null,"_links":{"self":[{"href":"https:\/\/centcols.org\/backup\/wp-json\/wp\/v2\/posts\/71388"}],"collection":[{"href":"https:\/\/centcols.org\/backup\/wp-json\/wp\/v2\/posts"}],"about":[{"href":"https:\/\/centcols.org\/backup\/wp-json\/wp\/v2\/types\/post"}],"author":[{"embeddable":true,"href":"https:\/\/centcols.org\/backup\/wp-json\/wp\/v2\/users\/397"}],"replies":[{"embeddable":true,"href":"https:\/\/centcols.org\/backup\/wp-json\/wp\/v2\/comments?post=71388"}],"version-history":[{"count":0,"href":"https:\/\/centcols.org\/backup\/wp-json\/wp\/v2\/posts\/71388\/revisions"}],"wp:attachment":[{"href":"https:\/\/centcols.org\/backup\/wp-json\/wp\/v2\/media?parent=71388"}],"wp:term":[{"taxonomy":"category","embeddable":true,"href":"https:\/\/centcols.org\/backup\/wp-json\/wp\/v2\/categories?post=71388"},{"taxonomy":"post_tag","embeddable":true,"href":"https:\/\/centcols.org\/backup\/wp-json\/wp\/v2\/tags?post=71388"}],"curies":[{"name":"wp","href":"https:\/\/api.w.org\/{rel}","templated":true}]}}