{"id":72064,"date":"2023-04-26T11:50:12","date_gmt":"2023-04-26T09:50:12","guid":{"rendered":"https:\/\/centcols.org\/backup\/?page_id=72064"},"modified":"2023-12-08T18:12:06","modified_gmt":"2023-12-08T17:12:06","slug":"deces-jean-paul-cuffolo","status":"publish","type":"post","link":"https:\/\/centcols.org\/backup\/deces-jean-paul-cuffolo\/","title":{"rendered":"Jean-Paul Cuffolo"},"content":{"rendered":"\n<div class=\"wp-block-columns is-layout-flex wp-container-core-columns-is-layout-1 wp-block-columns-is-layout-flex\">\n<div class=\"wp-block-column is-layout-flow wp-block-column-is-layout-flow\" style=\"flex-basis:33.33%\">\n<figure class=\"wp-block-image size-large\"><img loading=\"lazy\" decoding=\"async\" width=\"301\" height=\"521\" src=\"https:\/\/centcols.org\/backup\/wp-content\/uploads\/2023\/04\/JP-Cuffolo-1.png\" alt=\"\" class=\"wp-image-72065\" srcset=\"https:\/\/centcols.org\/backup\/wp-content\/uploads\/2023\/04\/JP-Cuffolo-1.png 301w, https:\/\/centcols.org\/backup\/wp-content\/uploads\/2023\/04\/JP-Cuffolo-1-289x500.png 289w\" sizes=\"(max-width: 301px) 100vw, 301px\" \/><\/figure>\n<\/div>\n\n\n\n<div class=\"wp-block-column is-layout-flow wp-block-column-is-layout-flow\" style=\"flex-basis:66.66%\">\n<p class=\"has-medium-font-size\"><strong>Jean-Paul Cuffolo<\/strong>, cent cols n\u00b01899 nous a quitt\u00e9s la veille de P\u00e2ques juste apr\u00e8s ses septante ans. <\/p>\n\n\n\n<p class=\"has-medium-font-size\">Malade depuis plus d&#8217;un an, il m&#8217;avait dit dans un dernier message vouloir tenir jusqu&#8217;\u00e0 une derni\u00e8re fl\u00e8che pascale.&nbsp;Adh\u00e9rent des CT Albertvillois depuis plus de quarante ans, Jean-Paul avait v\u00e9cu l&#8217;aventure de plusieurs fl\u00e8ches, et de Paris Brest. <\/p>\n\n\n\n<p class=\"has-medium-font-size\">Mais surtout, il \u00e9tait un centcoliste acharn\u00e9. M\u00eame malade, il avait l&#8217;an dernier \u00e9pluch\u00e9 les additifs pour se trouver deux cols fauteuils, et pr\u00e9senter une liste, h\u00e9las finale, de 3587 cols, dont 321 2000. Cela t\u00e9moigne d&#8217;une belle pers\u00e9v\u00e9rance, et de nombreuses sorties VTT, o\u00f9 sa l\u00e9gendaire prudence \u00e9tait souvent malmen\u00e9e !&nbsp;<\/p>\n\n\n\n<p class=\"has-medium-font-size\">Jean-Paul \u00e9tait aussi un guitariste et un chanteur \u00e9m\u00e9rite. Il fut aussi prof de comptabilit\u00e9, la rigueur de sa liste de cols tenant d&#8217;une l\u00e9g\u00e8re d\u00e9formation professionnelle !&nbsp;<\/p>\n\n\n\n<h4 class=\"kt-adv-heading72064_14b8e3-70 wp-block-kadence-advancedheading has-vivid-cyan-blue-color has-text-color\" data-kb-block=\"kb-adv-heading72064_14b8e3-70\">Fran\u00e7ois Rieu &#8211; Redac chef<\/h4>\n<\/div>\n<\/div>\n\n\n\n<p class=\"has-medium-font-size\">&nbsp;<\/p>\n","protected":false},"excerpt":{"rendered":"<p>Jean-Paul Cuffolo, cent cols n\u00b01899 nous a quitt\u00e9s la veille de P\u00e2ques juste apr\u00e8s ses septante ans. Malade depuis plus d&#8217;un an, il m&#8217;avait dit dans un dernier message vouloir tenir jusqu&#8217;\u00e0 une derni\u00e8re fl\u00e8che pascale.&nbsp;Adh\u00e9rent des CT Albertvillois depuis plus de quarante ans, Jean-Paul avait v\u00e9cu l&#8217;aventure de plusieurs fl\u00e8ches, et de Paris Brest. [&hellip;]<\/p>\n","protected":false},"author":397,"featured_media":72058,"comment_status":"closed","ping_status":"closed","sticky":false,"template":"","format":"standard","meta":{"_acf_changed":false,"ub_ctt_via":"","_monsterinsights_skip_tracking":false,"_monsterinsights_sitenote_active":false,"_monsterinsights_sitenote_note":"","_monsterinsights_sitenote_category":0,"footnotes":""},"categories":[620],"tags":[],"acf":[],"featured_image_urls":{"full":["https:\/\/centcols.org\/backup\/wp-content\/uploads\/2023\/04\/JP-Cuffolo.png",301,521,false],"thumbnail":["https:\/\/centcols.org\/backup\/wp-content\/uploads\/2023\/04\/JP-Cuffolo-300x300.png",300,300,true],"medium":["https:\/\/centcols.org\/backup\/wp-content\/uploads\/2023\/04\/JP-Cuffolo-289x500.png",289,500,true],"medium_large":["https:\/\/centcols.org\/backup\/wp-content\/uploads\/2023\/04\/JP-Cuffolo.png",301,521,false],"large":["https:\/\/centcols.org\/backup\/wp-content\/uploads\/2023\/04\/JP-Cuffolo.png",301,521,false],"1536x1536":["https:\/\/centcols.org\/backup\/wp-content\/uploads\/2023\/04\/JP-Cuffolo.png",301,521,false],"2048x2048":["https:\/\/centcols.org\/backup\/wp-content\/uploads\/2023\/04\/JP-Cuffolo.png",301,521,false],"woocommerce_thumbnail":["https:\/\/centcols.org\/backup\/wp-content\/uploads\/2023\/04\/JP-Cuffolo-300x300.png",300,300,true],"woocommerce_single":["https:\/\/centcols.org\/backup\/wp-content\/uploads\/2023\/04\/JP-Cuffolo.png",301,521,false],"woocommerce_gallery_thumbnail":["https:\/\/centcols.org\/backup\/wp-content\/uploads\/2023\/04\/JP-Cuffolo-100x100.png",100,100,true]},"post_excerpt_stackable":"<p>Jean-Paul Cuffolo, cent cols n\u00b01899 nous a quitt\u00e9s la veille de P\u00e2ques juste apr\u00e8s ses septante ans. Malade depuis plus d&#8217;un an, il m&#8217;avait dit dans un dernier message vouloir tenir jusqu&#8217;\u00e0 une derni\u00e8re fl\u00e8che pascale.&nbsp;Adh\u00e9rent des CT Albertvillois depuis plus de quarante ans, Jean-Paul avait v\u00e9cu l&#8217;aventure de plusieurs fl\u00e8ches, et de Paris Brest. Mais surtout, il \u00e9tait un centcoliste acharn\u00e9. M\u00eame malade, il avait l&#8217;an dernier \u00e9pluch\u00e9 les additifs pour se trouver deux cols fauteuils, et pr\u00e9senter une liste, h\u00e9las finale, de 3587 cols, dont 321 2000. Cela t\u00e9moigne d&#8217;une belle pers\u00e9v\u00e9rance, et de nombreuses sorties VTT, o\u00f9\u2026<\/p>\n","category_list":"<a href=\"https:\/\/centcols.org\/backup\/categorie\/gazette\/carnet-noir\/\" rel=\"category tag\">Carnet noir<\/a>","author_info":{"display_name":"Denis Chouquet-Stringer","author_link":"https:\/\/centcols.org\/backup\/author\/6183\/"},"comments_num":"0 commentaire","featured_image_urls_v2":{"full":["https:\/\/centcols.org\/backup\/wp-content\/uploads\/2023\/04\/JP-Cuffolo.png",301,521,false],"thumbnail":["https:\/\/centcols.org\/backup\/wp-content\/uploads\/2023\/04\/JP-Cuffolo-300x300.png",300,300,true],"medium":["https:\/\/centcols.org\/backup\/wp-content\/uploads\/2023\/04\/JP-Cuffolo-289x500.png",289,500,true],"medium_large":["https:\/\/centcols.org\/backup\/wp-content\/uploads\/2023\/04\/JP-Cuffolo.png",301,521,false],"large":["https:\/\/centcols.org\/backup\/wp-content\/uploads\/2023\/04\/JP-Cuffolo.png",301,521,false],"1536x1536":["https:\/\/centcols.org\/backup\/wp-content\/uploads\/2023\/04\/JP-Cuffolo.png",301,521,false],"2048x2048":["https:\/\/centcols.org\/backup\/wp-content\/uploads\/2023\/04\/JP-Cuffolo.png",301,521,false],"woocommerce_thumbnail":["https:\/\/centcols.org\/backup\/wp-content\/uploads\/2023\/04\/JP-Cuffolo-300x300.png",300,300,true],"woocommerce_single":["https:\/\/centcols.org\/backup\/wp-content\/uploads\/2023\/04\/JP-Cuffolo.png",301,521,false],"woocommerce_gallery_thumbnail":["https:\/\/centcols.org\/backup\/wp-content\/uploads\/2023\/04\/JP-Cuffolo-100x100.png",100,100,true]},"post_excerpt_stackable_v2":"<p>Jean-Paul Cuffolo, cent cols n\u00b01899 nous a quitt\u00e9s la veille de P\u00e2ques juste apr\u00e8s ses septante ans. Malade depuis plus d&#8217;un an, il m&#8217;avait dit dans un dernier message vouloir tenir jusqu&#8217;\u00e0 une derni\u00e8re fl\u00e8che pascale.&nbsp;Adh\u00e9rent des CT Albertvillois depuis plus de quarante ans, Jean-Paul avait v\u00e9cu l&#8217;aventure de plusieurs fl\u00e8ches, et de Paris Brest. Mais surtout, il \u00e9tait un centcoliste acharn\u00e9. M\u00eame malade, il avait l&#8217;an dernier \u00e9pluch\u00e9 les additifs pour se trouver deux cols fauteuils, et pr\u00e9senter une liste, h\u00e9las finale, de 3587 cols, dont 321 2000. Cela t\u00e9moigne d&#8217;une belle pers\u00e9v\u00e9rance, et de nombreuses sorties VTT, o\u00f9\u2026<\/p>\n","category_list_v2":"<a href=\"https:\/\/centcols.org\/backup\/categorie\/gazette\/carnet-noir\/\" rel=\"category tag\">Carnet noir<\/a>","author_info_v2":{"name":"Denis Chouquet-Stringer","url":"https:\/\/centcols.org\/backup\/author\/6183\/"},"comments_num_v2":"0 commentaire","featured_image_src":"https:\/\/centcols.org\/backup\/wp-content\/uploads\/2023\/04\/JP-Cuffolo.png","_links":{"self":[{"href":"https:\/\/centcols.org\/backup\/wp-json\/wp\/v2\/posts\/72064"}],"collection":[{"href":"https:\/\/centcols.org\/backup\/wp-json\/wp\/v2\/posts"}],"about":[{"href":"https:\/\/centcols.org\/backup\/wp-json\/wp\/v2\/types\/post"}],"author":[{"embeddable":true,"href":"https:\/\/centcols.org\/backup\/wp-json\/wp\/v2\/users\/397"}],"replies":[{"embeddable":true,"href":"https:\/\/centcols.org\/backup\/wp-json\/wp\/v2\/comments?post=72064"}],"version-history":[{"count":0,"href":"https:\/\/centcols.org\/backup\/wp-json\/wp\/v2\/posts\/72064\/revisions"}],"wp:featuredmedia":[{"embeddable":true,"href":"https:\/\/centcols.org\/backup\/wp-json\/wp\/v2\/media\/72058"}],"wp:attachment":[{"href":"https:\/\/centcols.org\/backup\/wp-json\/wp\/v2\/media?parent=72064"}],"wp:term":[{"taxonomy":"category","embeddable":true,"href":"https:\/\/centcols.org\/backup\/wp-json\/wp\/v2\/categories?post=72064"},{"taxonomy":"post_tag","embeddable":true,"href":"https:\/\/centcols.org\/backup\/wp-json\/wp\/v2\/tags?post=72064"}],"curies":[{"name":"wp","href":"https:\/\/api.w.org\/{rel}","templated":true}]}}