{"id":72161,"date":"2023-05-01T11:29:47","date_gmt":"2023-05-01T09:29:47","guid":{"rendered":"https:\/\/centcols.org\/backup\/?page_id=72161"},"modified":"2023-12-08T18:08:47","modified_gmt":"2023-12-08T17:08:47","slug":"deces-alain-balalas","status":"publish","type":"post","link":"https:\/\/centcols.org\/backup\/deces-alain-balalas\/","title":{"rendered":"Alain Balalas"},"content":{"rendered":"\n<p class=\"has-medium-font-size\">Notre confr\u00e8re <strong>Alain Balalas <\/strong>nous a quitt\u00e9 le 20 avril, \u00e0 l\u2019\u00e2ge de 86 ans.<\/p>\n\n\n\n<p class=\"has-medium-font-size\">Alain \u00e9tait \u00e0 l\u2019origine instituteur et directeur d\u2019\u00e9cole, passionn\u00e9 par son m\u00e9tier&nbsp;; mais il \u00e9tait aussi, et encore plus depuis sa retraite, un grand \u00e9rudit, f\u00e9ru d\u2019histoire (avec un ouvrage sur l\u2019histoire de l\u2019Ukraine) et un sp\u00e9cialiste du patrimoine proven\u00e7al. Auteur de nombreux articles et ouvrages sur son village, il animait des exp\u00e9ditions de d\u00e9couvertes, des conf\u00e9rences et des expositions arch\u00e9ologiques et historiques. M\u00e9daill\u00e9 de la ville de Peyrolles, il \u00e9tait aussi Commandeur des Palmes Acad\u00e9miques et Correspondant de l\u2019Acad\u00e9mie des Sciences, Arts &amp; Lettres de Marseille.<\/p>\n\n\n\n<p class=\"has-medium-font-size\">Il \u00e9tait une r\u00e9f\u00e9rence r\u00e9gionale, et avait en particulier particip\u00e9 \u00e0 une \u00e9mission de Midi M\u00e9diterran\u00e9e sur sa commune, Peyrolles, dans les ann\u00e9es 1990&nbsp;:&nbsp;<a href=\"https:\/\/youtu.be\/_h0z0c5EIos\" target=\"_blank\" rel=\"noreferrer noopener\">https:\/\/youtu.be\/_h0z0c5EIos<\/a><\/p>\n\n\n\n<p class=\"has-medium-font-size\">Mais il \u00e9tait aussi un grand cycliste, un randonneur au long cours, un grimpeur de cols et un membre de notre confr\u00e9rie depuis plus de 40 ans. Bien que ne passant plus de nouveaux cols depuis 4 ans, il continuait \u00e0 nous \u00eatre fid\u00e8le.<\/p>\n\n\n\n<p class=\"has-medium-font-size\">Titulaire de plus de 300 cols diff\u00e9rents, il avait parcouru plus de 500&nbsp;000 kms de randonn\u00e9es, en 650.<\/p>\n\n\n\n<p class=\"has-medium-font-size\">En 2001, il avait effectu\u00e9 un \u00ab&nbsp;tour de la France&nbsp;\u00bb (et non un \u00ab&nbsp;Tour de France&nbsp;\u00bb comme il se plaisait \u00e0 le pr\u00e9ciser) en totale autonomie sur un v\u00e9lo randonneur en 650, avec 15 kg de bagages&nbsp;: 4546 km en un mois et huit jours, 45 d\u00e9partements, 16 r\u00e9gions, 56 cours d&#8217;eau franchis, 880 communes travers\u00e9es. Il avait aussi particip\u00e9 \u00e0 Paris-Brest-Paris 1979, \u00e0 de nombreux brevets randonneurs et FFCT, au randonneur 5000 de la F\u00e9d\u00e9ration, et \u00e0 des brevets cyclo-montagnards.<\/p>\n\n\n\n<p class=\"has-medium-font-size\">Ses obs\u00e8ques ont eu lieu le 26 avril.<\/p>\n\n\n\n<h4 class=\"kt-adv-heading72161_f95ade-91 wp-block-kadence-advancedheading has-vivid-cyan-blue-color has-text-color\" data-kb-block=\"kb-adv-heading72161_f95ade-91\">Jean-Yves Jamin &#8211; DT 04S<\/h4>\n\n\n\n<hr class=\"wp-block-separator has-css-opacity\"\/>\n\n\n\n<figure class=\"wp-block-gallery aligncenter has-nested-images columns-default is-cropped wp-block-gallery-1 is-layout-flex wp-block-gallery-is-layout-flex\">\n<figure class=\"wp-block-image size-large\"><img loading=\"lazy\" decoding=\"async\" width=\"1024\" height=\"768\" data-id=\"72162\" src=\"https:\/\/centcols.org\/backup\/wp-content\/uploads\/2023\/05\/Alain-Balalas3.jpg\" alt=\"\" class=\"wp-image-72162\" srcset=\"https:\/\/centcols.org\/backup\/wp-content\/uploads\/2023\/05\/Alain-Balalas3.jpg 1024w, https:\/\/centcols.org\/backup\/wp-content\/uploads\/2023\/05\/Alain-Balalas3-500x375.jpg 500w, https:\/\/centcols.org\/backup\/wp-content\/uploads\/2023\/05\/Alain-Balalas3-768x576.jpg 768w, https:\/\/centcols.org\/backup\/wp-content\/uploads\/2023\/05\/Alain-Balalas3-600x450.jpg 600w\" sizes=\"(max-width: 1024px) 100vw, 1024px\" \/><\/figure>\n<\/figure>\n\n\n\n<figure class=\"wp-block-gallery aligncenter has-nested-images columns-default is-cropped wp-block-gallery-2 is-layout-flex wp-block-gallery-is-layout-flex\">\n<figure class=\"wp-block-image size-large\"><img loading=\"lazy\" decoding=\"async\" width=\"820\" height=\"1200\" data-id=\"72168\" src=\"https:\/\/centcols.org\/backup\/wp-content\/uploads\/2023\/05\/Alain-Balalas1-820x1200.jpg\" alt=\"\" class=\"wp-image-72168\" srcset=\"https:\/\/centcols.org\/backup\/wp-content\/uploads\/2023\/05\/Alain-Balalas1-820x1200.jpg 820w, https:\/\/centcols.org\/backup\/wp-content\/uploads\/2023\/05\/Alain-Balalas1-342x500.jpg 342w, https:\/\/centcols.org\/backup\/wp-content\/uploads\/2023\/05\/Alain-Balalas1-768x1124.jpg 768w, https:\/\/centcols.org\/backup\/wp-content\/uploads\/2023\/05\/Alain-Balalas1-1050x1536.jpg 1050w, https:\/\/centcols.org\/backup\/wp-content\/uploads\/2023\/05\/Alain-Balalas1-scaled.jpg 1280w, https:\/\/centcols.org\/backup\/wp-content\/uploads\/2023\/05\/Alain-Balalas1-600x878.jpg 600w\" sizes=\"(max-width: 820px) 100vw, 820px\" \/><\/figure>\n\n\n\n<figure class=\"wp-block-image size-large\"><img loading=\"lazy\" decoding=\"async\" width=\"1200\" height=\"900\" data-id=\"72174\" src=\"https:\/\/centcols.org\/backup\/wp-content\/uploads\/2023\/05\/Alain-Balalas2-1200x900.jpg\" alt=\"\" class=\"wp-image-72174\" srcset=\"https:\/\/centcols.org\/backup\/wp-content\/uploads\/2023\/05\/Alain-Balalas2-1200x900.jpg 1200w, https:\/\/centcols.org\/backup\/wp-content\/uploads\/2023\/05\/Alain-Balalas2-500x375.jpg 500w, https:\/\/centcols.org\/backup\/wp-content\/uploads\/2023\/05\/Alain-Balalas2-768x576.jpg 768w, https:\/\/centcols.org\/backup\/wp-content\/uploads\/2023\/05\/Alain-Balalas2-scaled.jpg 1365w, https:\/\/centcols.org\/backup\/wp-content\/uploads\/2023\/05\/Alain-Balalas2-600x450.jpg 600w\" sizes=\"(max-width: 1200px) 100vw, 1200px\" \/><\/figure>\n<\/figure>\n\n\n\n<hr class=\"wp-block-separator has-css-opacity\"\/>\n\n\n\n<p class=\"has-medium-font-size\">Bonjour Jean-Yves,<\/p>\n\n\n\n<p class=\"has-medium-font-size\">Nous avons appris le d\u00e9c\u00e8s d&#8217;Alain hier par un coup de fil de G\u00e9rard Fillon qui le connaissait bien.<\/p>\n\n\n\n<p class=\"has-medium-font-size\">Ton texte est un&nbsp; excellent r\u00e9sum\u00e9 de ce personnage hors du commun. Tout est dit. Il \u00e9tait un fervent d\u00e9fenseur de l&#8217;Ukraine et nous en avions longuement discut\u00e9&nbsp; au t\u00e9l\u00e9phone, lors du d\u00e9clenchement de la guerre .&nbsp;<\/p>\n\n\n\n<p class=\"has-medium-font-size\">Il avait aussi \u00e9voqu\u00e9 ses soucis de sant\u00e9, mais refusait d&#8217;admettre le diagnostic.&nbsp;Il \u00e9tait abordable,&nbsp; accueillant et &#8230; fier de se mettre en valeur en \u00e9voquant toute sa carri\u00e8re et sa &#8220;panoplie&#8221; de dipl\u00f4mes.<\/p>\n\n\n\n<p class=\"has-medium-font-size\">Il ne passait pas inaper\u00e7u, ce qui nous a s\u00fbrement aid\u00e9 \u00e0 engager la conversation lors de nos randonn\u00e9es proven\u00e7ales dans les ann\u00e9es 90.<\/p>\n\n\n\n<p class=\"has-medium-font-size\">On&nbsp; ne l&#8217;oubliera pas. C&#8217;est s\u00fbr.&nbsp;<\/p>\n\n\n\n<p class=\"has-medium-font-size\">Un article sur lui&nbsp; \u00e9tait d\u00e9j\u00e0&nbsp; paru dans la revue, et cela l&#8217;avait &#8220;rassur\u00e9 &#8221; ! Il avait besoin de reconnaissance.<\/p>\n\n\n\n<p class=\"has-medium-font-size\">Amicalement,&nbsp;<\/p>\n\n\n\n<h4 class=\"kt-adv-heading72161_aa4dce-20 wp-block-kadence-advancedheading has-vivid-cyan-blue-color has-text-color\" data-kb-block=\"kb-adv-heading72161_aa4dce-20\">Martine et Michel&nbsp; Medina&nbsp;<\/h4>\n\n\n\n<hr class=\"wp-block-separator has-css-opacity\"\/>\n\n\n\n<figure class=\"wp-block-image size-large\"><img loading=\"lazy\" decoding=\"async\" width=\"1128\" height=\"747\" src=\"https:\/\/centcols.org\/backup\/wp-content\/uploads\/2023\/05\/Alain-Balalas4.jpg\" alt=\"\" class=\"wp-image-72182\" srcset=\"https:\/\/centcols.org\/backup\/wp-content\/uploads\/2023\/05\/Alain-Balalas4.jpg 1128w, https:\/\/centcols.org\/backup\/wp-content\/uploads\/2023\/05\/Alain-Balalas4-500x331.jpg 500w, https:\/\/centcols.org\/backup\/wp-content\/uploads\/2023\/05\/Alain-Balalas4-768x509.jpg 768w, https:\/\/centcols.org\/backup\/wp-content\/uploads\/2023\/05\/Alain-Balalas4-600x397.jpg 600w\" sizes=\"(max-width: 1128px) 100vw, 1128px\" \/><figcaption class=\"wp-element-caption\"><strong>Extrait de la Revue 2019 &#8211; n\u00b047<\/strong><\/figcaption><\/figure>\n\n\n\n<hr class=\"wp-block-separator has-css-opacity\"\/>\n","protected":false},"excerpt":{"rendered":"<p>Notre confr\u00e8re Alain Balalas nous a quitt\u00e9 le 20 avril, \u00e0 l\u2019\u00e2ge de 86 ans. Alain \u00e9tait \u00e0 l\u2019origine instituteur et directeur d\u2019\u00e9cole, passionn\u00e9 par son m\u00e9tier&nbsp;; mais il \u00e9tait aussi, et encore plus depuis sa retraite, un grand \u00e9rudit, f\u00e9ru d\u2019histoire (avec un ouvrage sur l\u2019histoire de l\u2019Ukraine) et un sp\u00e9cialiste du patrimoine proven\u00e7al. [&hellip;]<\/p>\n","protected":false},"author":397,"featured_media":72162,"comment_status":"closed","ping_status":"closed","sticky":false,"template":"","format":"standard","meta":{"_acf_changed":false,"ub_ctt_via":"","_monsterinsights_skip_tracking":false,"_monsterinsights_sitenote_active":false,"_monsterinsights_sitenote_note":"","_monsterinsights_sitenote_category":0,"footnotes":""},"categories":[620],"tags":[],"acf":[],"featured_image_urls":{"full":["https:\/\/centcols.org\/backup\/wp-content\/uploads\/2023\/05\/Alain-Balalas3.jpg",1024,768,false],"thumbnail":["https:\/\/centcols.org\/backup\/wp-content\/uploads\/2023\/05\/Alain-Balalas3-300x300.jpg",300,300,true],"medium":["https:\/\/centcols.org\/backup\/wp-content\/uploads\/2023\/05\/Alain-Balalas3-500x375.jpg",500,375,true],"medium_large":["https:\/\/centcols.org\/backup\/wp-content\/uploads\/2023\/05\/Alain-Balalas3-768x576.jpg",768,576,true],"large":["https:\/\/centcols.org\/backup\/wp-content\/uploads\/2023\/05\/Alain-Balalas3.jpg",1024,768,false],"1536x1536":["https:\/\/centcols.org\/backup\/wp-content\/uploads\/2023\/05\/Alain-Balalas3.jpg",1024,768,false],"2048x2048":["https:\/\/centcols.org\/backup\/wp-content\/uploads\/2023\/05\/Alain-Balalas3.jpg",1024,768,false],"woocommerce_thumbnail":["https:\/\/centcols.org\/backup\/wp-content\/uploads\/2023\/05\/Alain-Balalas3-300x300.jpg",300,300,true],"woocommerce_single":["https:\/\/centcols.org\/backup\/wp-content\/uploads\/2023\/05\/Alain-Balalas3-600x450.jpg",600,450,true],"woocommerce_gallery_thumbnail":["https:\/\/centcols.org\/backup\/wp-content\/uploads\/2023\/05\/Alain-Balalas3-100x100.jpg",100,100,true]},"post_excerpt_stackable":"<p>Notre confr\u00e8re Alain Balalas nous a quitt\u00e9 le 20 avril, \u00e0 l\u2019\u00e2ge de 86 ans. Alain \u00e9tait \u00e0 l\u2019origine instituteur et directeur d\u2019\u00e9cole, passionn\u00e9 par son m\u00e9tier&nbsp;; mais il \u00e9tait aussi, et encore plus depuis sa retraite, un grand \u00e9rudit, f\u00e9ru d\u2019histoire (avec un ouvrage sur l\u2019histoire de l\u2019Ukraine) et un sp\u00e9cialiste du patrimoine proven\u00e7al. Auteur de nombreux articles et ouvrages sur son village, il animait des exp\u00e9ditions de d\u00e9couvertes, des conf\u00e9rences et des expositions arch\u00e9ologiques et historiques. M\u00e9daill\u00e9 de la ville de Peyrolles, il \u00e9tait aussi Commandeur des Palmes Acad\u00e9miques et Correspondant de l\u2019Acad\u00e9mie des Sciences, Arts &amp; Lettres\u2026<\/p>\n","category_list":"<a href=\"https:\/\/centcols.org\/backup\/categorie\/gazette\/carnet-noir\/\" rel=\"category tag\">Carnet noir<\/a>","author_info":{"display_name":"Denis Chouquet-Stringer","author_link":"https:\/\/centcols.org\/backup\/author\/6183\/"},"comments_num":"0 commentaire","featured_image_urls_v2":{"full":["https:\/\/centcols.org\/backup\/wp-content\/uploads\/2023\/05\/Alain-Balalas3.jpg",1024,768,false],"thumbnail":["https:\/\/centcols.org\/backup\/wp-content\/uploads\/2023\/05\/Alain-Balalas3-300x300.jpg",300,300,true],"medium":["https:\/\/centcols.org\/backup\/wp-content\/uploads\/2023\/05\/Alain-Balalas3-500x375.jpg",500,375,true],"medium_large":["https:\/\/centcols.org\/backup\/wp-content\/uploads\/2023\/05\/Alain-Balalas3-768x576.jpg",768,576,true],"large":["https:\/\/centcols.org\/backup\/wp-content\/uploads\/2023\/05\/Alain-Balalas3.jpg",1024,768,false],"1536x1536":["https:\/\/centcols.org\/backup\/wp-content\/uploads\/2023\/05\/Alain-Balalas3.jpg",1024,768,false],"2048x2048":["https:\/\/centcols.org\/backup\/wp-content\/uploads\/2023\/05\/Alain-Balalas3.jpg",1024,768,false],"woocommerce_thumbnail":["https:\/\/centcols.org\/backup\/wp-content\/uploads\/2023\/05\/Alain-Balalas3-300x300.jpg",300,300,true],"woocommerce_single":["https:\/\/centcols.org\/backup\/wp-content\/uploads\/2023\/05\/Alain-Balalas3-600x450.jpg",600,450,true],"woocommerce_gallery_thumbnail":["https:\/\/centcols.org\/backup\/wp-content\/uploads\/2023\/05\/Alain-Balalas3-100x100.jpg",100,100,true]},"post_excerpt_stackable_v2":"<p>Notre confr\u00e8re Alain Balalas nous a quitt\u00e9 le 20 avril, \u00e0 l\u2019\u00e2ge de 86 ans. Alain \u00e9tait \u00e0 l\u2019origine instituteur et directeur d\u2019\u00e9cole, passionn\u00e9 par son m\u00e9tier&nbsp;; mais il \u00e9tait aussi, et encore plus depuis sa retraite, un grand \u00e9rudit, f\u00e9ru d\u2019histoire (avec un ouvrage sur l\u2019histoire de l\u2019Ukraine) et un sp\u00e9cialiste du patrimoine proven\u00e7al. Auteur de nombreux articles et ouvrages sur son village, il animait des exp\u00e9ditions de d\u00e9couvertes, des conf\u00e9rences et des expositions arch\u00e9ologiques et historiques. M\u00e9daill\u00e9 de la ville de Peyrolles, il \u00e9tait aussi Commandeur des Palmes Acad\u00e9miques et Correspondant de l\u2019Acad\u00e9mie des Sciences, Arts &amp; Lettres\u2026<\/p>\n","category_list_v2":"<a href=\"https:\/\/centcols.org\/backup\/categorie\/gazette\/carnet-noir\/\" rel=\"category tag\">Carnet noir<\/a>","author_info_v2":{"name":"Denis Chouquet-Stringer","url":"https:\/\/centcols.org\/backup\/author\/6183\/"},"comments_num_v2":"0 commentaire","featured_image_src":"https:\/\/centcols.org\/backup\/wp-content\/uploads\/2023\/05\/Alain-Balalas3.jpg","_links":{"self":[{"href":"https:\/\/centcols.org\/backup\/wp-json\/wp\/v2\/posts\/72161"}],"collection":[{"href":"https:\/\/centcols.org\/backup\/wp-json\/wp\/v2\/posts"}],"about":[{"href":"https:\/\/centcols.org\/backup\/wp-json\/wp\/v2\/types\/post"}],"author":[{"embeddable":true,"href":"https:\/\/centcols.org\/backup\/wp-json\/wp\/v2\/users\/397"}],"replies":[{"embeddable":true,"href":"https:\/\/centcols.org\/backup\/wp-json\/wp\/v2\/comments?post=72161"}],"version-history":[{"count":0,"href":"https:\/\/centcols.org\/backup\/wp-json\/wp\/v2\/posts\/72161\/revisions"}],"wp:featuredmedia":[{"embeddable":true,"href":"https:\/\/centcols.org\/backup\/wp-json\/wp\/v2\/media\/72162"}],"wp:attachment":[{"href":"https:\/\/centcols.org\/backup\/wp-json\/wp\/v2\/media?parent=72161"}],"wp:term":[{"taxonomy":"category","embeddable":true,"href":"https:\/\/centcols.org\/backup\/wp-json\/wp\/v2\/categories?post=72161"},{"taxonomy":"post_tag","embeddable":true,"href":"https:\/\/centcols.org\/backup\/wp-json\/wp\/v2\/tags?post=72161"}],"curies":[{"name":"wp","href":"https:\/\/api.w.org\/{rel}","templated":true}]}}