{"id":72221,"date":"2023-08-24T23:12:08","date_gmt":"2023-08-24T21:12:08","guid":{"rendered":"https:\/\/centcols.org\/backup\/?page_id=72221"},"modified":"2023-11-17T20:42:12","modified_gmt":"2023-11-17T19:42:12","slug":"de-bw-biberach-est-foret-noire","status":"publish","type":"post","link":"https:\/\/centcols.org\/backup\/de-bw-biberach-est-foret-noire\/","title":{"rendered":"DE-BW For\u00eat Noire Biberach Est &#8211; Gravel 41 km, D+ 1250 m, 11 cols"},"content":{"rendered":"\n<figure class=\"wp-block-image size-large\"><img loading=\"lazy\" decoding=\"async\" width=\"906\" height=\"544\" src=\"https:\/\/centcols.org\/backup\/wp-content\/uploads\/2023\/05\/Capture-decran-2023-05-08-100404.jpg\" alt=\"\" class=\"wp-image-72571\" srcset=\"https:\/\/centcols.org\/backup\/wp-content\/uploads\/2023\/05\/Capture-decran-2023-05-08-100404.jpg 906w, https:\/\/centcols.org\/backup\/wp-content\/uploads\/2023\/05\/Capture-decran-2023-05-08-100404-500x300.jpg 500w, https:\/\/centcols.org\/backup\/wp-content\/uploads\/2023\/05\/Capture-decran-2023-05-08-100404-768x461.jpg 768w, https:\/\/centcols.org\/backup\/wp-content\/uploads\/2023\/05\/Capture-decran-2023-05-08-100404-600x360.jpg 600w\" sizes=\"(max-width: 906px) 100vw, 906px\" \/><\/figure>\n\n\n\n<figure class=\"wp-block-image size-large\"><img loading=\"lazy\" decoding=\"async\" width=\"1200\" height=\"320\" src=\"https:\/\/centcols.org\/backup\/wp-content\/uploads\/2023\/05\/DE-BW-Foret-Noire-Biberach-est-1200x320.jpeg\" alt=\"\" class=\"wp-image-72240\" srcset=\"https:\/\/centcols.org\/backup\/wp-content\/uploads\/2023\/05\/DE-BW-Foret-Noire-Biberach-est-1200x320.jpeg 1200w, https:\/\/centcols.org\/backup\/wp-content\/uploads\/2023\/05\/DE-BW-Foret-Noire-Biberach-est-500x133.jpeg 500w, https:\/\/centcols.org\/backup\/wp-content\/uploads\/2023\/05\/DE-BW-Foret-Noire-Biberach-est-768x205.jpeg 768w, https:\/\/centcols.org\/backup\/wp-content\/uploads\/2023\/05\/DE-BW-Foret-Noire-Biberach-est-1536x410.jpeg 1536w, https:\/\/centcols.org\/backup\/wp-content\/uploads\/2023\/05\/DE-BW-Foret-Noire-Biberach-est-2048x546.jpeg 2048w, https:\/\/centcols.org\/backup\/wp-content\/uploads\/2023\/05\/DE-BW-Foret-Noire-Biberach-est-600x160.jpeg 600w\" sizes=\"(max-width: 1200px) 100vw, 1200px\" \/><\/figure>\n\n\n\n<h2 class=\"wp-block-heading\">Description de l&#8217;auteur<\/h2>\n\n\n\n<p><span style=\"font-size: 20px; font-family: arial, helvetica, sans-serif;\"><strong>Auteur <\/strong>: Jean-Luc Ceccato<\/span><\/p>\n\n\n\n<p><span style=\"font-family: arial, helvetica, sans-serif; font-size: 20px;\"><strong>Parcours<\/strong> : effectu\u00e9 le 04 septembre 2020<\/span><\/p>\n\n\n\n<p><span style=\"font-size: 20px; font-family: arial, helvetica, sans-serif;\"><strong>D\u00e9part<\/strong> : Biberach. Alt : 240 m<\/span><br><span style=\"font-size: 20px; font-family: arial, helvetica, sans-serif;\">Possibilit\u00e9 de stationnement le long de la Hauptstrasse sur le parking de l\u2019office du tourisme<\/span><\/p>\n\n\n\n<p><strong><span style=\"font-size: 20px; font-family: arial, helvetica, sans-serif;\">Descriptif touristique<\/span><\/strong><br><span style=\"font-size: 20px;\">Ce parcours explore le versant est de la rivi\u00e8re Kinzig au dessus de Biberach et le pourtour de la petite vall\u00e9e du Nordrach au travers de paysages typiques de la For\u00eat Noire<\/span><\/p>\n\n\n\n<p class=\"has-medium-font-size\"><strong><span style=\"font-size: 20px; font-family: arial, helvetica, sans-serif;\">11 cols <\/span><\/strong><br><span style=\"font-family: arial, helvetica, sans-serif;\">1 Rebeck <a href=\"https:\/\/centcols.org\/backup\/util\/geo\/visu.php?code=DE-BW-0288\" target=\"_blank\" rel=\"noopener\" title=\"\">DE-BW-0288<\/a><\/span><br><span style=\"font-family: arial, helvetica, sans-serif;\">2 Badeck <a href=\"https:\/\/centcols.org\/backup\/util\/geo\/visu.php?code=DE-BW-0360b\" target=\"_blank\" rel=\"noopener\" title=\"\">DE-BW-0360b<\/a><\/span><br><span style=\"font-family: arial, helvetica, sans-serif;\">3 Herzenbachsattel <a href=\"https:\/\/centcols.org\/backup\/util\/geo\/visu.php?code=DE-BW-0437\" target=\"_blank\" rel=\"noopener\" title=\"\">DE-BW-0437<\/a><\/span><br><span style=\"font-family: arial, helvetica, sans-serif;\">4 Eck <a href=\"https:\/\/centcols.org\/backup\/util\/geo\/visu.php?code=DE-BW-0345\" target=\"_blank\" rel=\"noopener\" title=\"\">DE-BW-0345<\/a><\/span><br><span style=\"font-family: arial, helvetica, sans-serif;\">5 Heugrabeneck <a href=\"https:\/\/centcols.org\/backup\/util\/geo\/visu.php?code=DE-BW-0442\" target=\"_blank\" rel=\"noopener\" title=\"\">DE-BW-0442<\/a><\/span><br><span style=\"font-family: arial, helvetica, sans-serif;\">6 Muhlsteineck <a href=\"https:\/\/centcols.org\/backup\/util\/geo\/visu.php?code=DE-BW-0560\" target=\"_blank\" rel=\"noopener\" title=\"\">DE-BW-0560<\/a><\/span><br><span style=\"font-family: arial, helvetica, sans-serif;\">7 Baierseck <a href=\"https:\/\/centcols.org\/backup\/util\/geo\/visu.php?code=DE-BW-0639a\" target=\"_blank\" rel=\"noopener\" title=\"\">DE-BW-0639a<\/a><\/span><br><span style=\"font-family: arial, helvetica, sans-serif;\">8 Haldeneck <a href=\"https:\/\/centcols.org\/backup\/util\/geo\/visu.php?code=DE-BW-0609\" target=\"_blank\" rel=\"noopener\" title=\"\">DE-BW-0609<\/a><\/span><br><span style=\"font-family: arial, helvetica, sans-serif;\">9 Simmesebene <a href=\"https:\/\/centcols.org\/backup\/util\/geo\/visu.php?code=DE-BW-0602\" target=\"_blank\" rel=\"noopener\" title=\"\">DE-BW-0602<\/a><\/span><br><span style=\"font-family: arial, helvetica, sans-serif;\">10 Maileseckle <a href=\"https:\/\/centcols.org\/backup\/util\/geo\/visu.php?code=DE-BW-0415\" target=\"_blank\" rel=\"noopener\" title=\"\">DE-BW-0415<\/a><\/span><br><span style=\"font-family: arial, helvetica, sans-serif;\">11 Schwaibacher <a href=\"https:\/\/centcols.org\/backup\/util\/geo\/visu.php?code=DE-BW-0474\" target=\"_blank\" rel=\"noopener\" title=\"\">Eck DE-BW-0474<\/a><\/span><br><\/p>\n\n\n\n<p><strong><span style=\"font-size: 20px; font-family: arial, helvetica, sans-serif;\">Descriptif technique<\/span><\/strong><\/p>\n\n\n\n<p><span style=\"font-size: 20px; font-family: arial, helvetica, sans-serif;\">Ce parcours ne pr\u00e9sente pas de difficult\u00e9 et a \u00e9t\u00e9 effectu\u00e9 avec un VTT \u00e9quip\u00e9 de pneus Gravel de 40, sans aucun souci. Donc il peut \u00eatre fait \u00e9galement en Gravel. C\u2019est un parcours d\u2019environ 50% de belles all\u00e9es roulantes et le reste sur routes asphalt\u00e9es L\u2019acc\u00e8s au premier col DE-BW-0469a pr\u00e9sente une pente assez s\u00e9v\u00e8re jusqu\u2019\u00e0 environ 18%. Les 200 derniers m\u00e8tres d\u2019acc\u00e8s au col DE-BW-0288 se font en poussage tr\u00e8s l\u00e9ger. Il y a peut-\u00eatre la possibilit\u00e9 au pied de cette petite mont\u00e9e, de continuer tout droit sur environ 300m et revenir au col par une autre piste sur 300m<\/span>.<\/p>\n\n\n\n<p class=\"has-medium-font-size\">En fonction des capacit\u00e9s de chacun, ce parcours peut \u00eatre fusionn\u00e9 avec le parcours&nbsp;<a href=\"https:\/\/centcols.org\/backup\/de-bw-foret-noire-biberach-ouest\/\" target=\"_blank\" rel=\"noreferrer noopener\">DE-BW For\u00eat Noire Biberach Ouest<\/a><\/p>\n\n\n\n<p><span style=\"font-size: 20px; font-family: arial, helvetica, sans-serif;\"><strong>Mots-cl\u00e9s<\/strong> : Foret Noire, Gengenbach, Biberach, centcols<\/span><\/p>\n\n\n\n<p><span style=\"font-size: 20px; font-family: arial, helvetica, sans-serif;\"><strong>Lien openrunner, carte interactive, profil, trace gpx<\/strong> : <a href=\"https:\/\/www.openrunner.com\/route-details\/16536584\" target=\"_blank\" rel=\"noreferrer noopener\">https:\/\/www.openrunner.com\/route-details\/16536584<\/a><\/span><\/p>\n\n\n\n<p><span style=\"font-size: 20px; font-family: arial, helvetica, sans-serif;\">Cet itin\u00e9raire est propos\u00e9 \u00e0 titre indicatif. L&#8217;auteur d\u00e9gage sa responsabilit\u00e9 et celle du Club des Cent Cols en vertu des impond\u00e9rables dus au cycliste lui-m\u00eame, au mat\u00e9riel utilis\u00e9 et tout ce qui concerne la route, les pistes et sentiers, leurs abords et les autres utilisateurs de ceux-ci.<\/span><\/p>\n\n\n\n<p><span style=\"font-size: 20px;\">Ici, une <a href=\"https:\/\/centcols.org\/backup\/liste-parcours-cent-cols-sur-or-2\/\" target=\"_blank\" rel=\"noopener\">vue exhaustive des parcours membres<\/a> du Club des Cent Cols<\/span><\/p>\n\n\n\n<h2 class=\"kt-adv-heading72221_3defa8-eb wp-block-kadence-advancedheading\" data-kb-block=\"kb-adv-heading72221_3defa8-eb\">Photos<\/h2>\n\n\n<div class=\"wp-block-image\">\n<figure class=\"aligncenter size-large\"><img loading=\"lazy\" decoding=\"async\" width=\"1000\" height=\"750\" src=\"https:\/\/centcols.org\/backup\/wp-content\/uploads\/2023\/05\/Photo1Biberach-Est.jpg\" alt=\"\" class=\"wp-image-72246\" srcset=\"https:\/\/centcols.org\/backup\/wp-content\/uploads\/2023\/05\/Photo1Biberach-Est.jpg 1000w, https:\/\/centcols.org\/backup\/wp-content\/uploads\/2023\/05\/Photo1Biberach-Est-500x375.jpg 500w, https:\/\/centcols.org\/backup\/wp-content\/uploads\/2023\/05\/Photo1Biberach-Est-768x576.jpg 768w, https:\/\/centcols.org\/backup\/wp-content\/uploads\/2023\/05\/Photo1Biberach-Est-600x450.jpg 600w\" sizes=\"(max-width: 1000px) 100vw, 1000px\" \/><\/figure><\/div>\n\n\n<p><\/p>\n\n\n<div class=\"wp-block-image\">\n<figure class=\"aligncenter size-large\"><img loading=\"lazy\" decoding=\"async\" width=\"1000\" height=\"750\" src=\"https:\/\/centcols.org\/backup\/wp-content\/uploads\/2023\/05\/Photo2Biberach-Est.jpg\" alt=\"\" class=\"wp-image-72252\" srcset=\"https:\/\/centcols.org\/backup\/wp-content\/uploads\/2023\/05\/Photo2Biberach-Est.jpg 1000w, https:\/\/centcols.org\/backup\/wp-content\/uploads\/2023\/05\/Photo2Biberach-Est-500x375.jpg 500w, https:\/\/centcols.org\/backup\/wp-content\/uploads\/2023\/05\/Photo2Biberach-Est-768x576.jpg 768w, https:\/\/centcols.org\/backup\/wp-content\/uploads\/2023\/05\/Photo2Biberach-Est-600x450.jpg 600w\" sizes=\"(max-width: 1000px) 100vw, 1000px\" \/><\/figure><\/div>\n\n\n<p><\/p>\n\n\n<div class=\"wp-block-image\">\n<figure class=\"aligncenter size-large\"><img loading=\"lazy\" decoding=\"async\" width=\"1000\" height=\"750\" src=\"https:\/\/centcols.org\/backup\/wp-content\/uploads\/2023\/05\/Photo3Biberach-Est.jpg\" alt=\"\" class=\"wp-image-72258\" srcset=\"https:\/\/centcols.org\/backup\/wp-content\/uploads\/2023\/05\/Photo3Biberach-Est.jpg 1000w, https:\/\/centcols.org\/backup\/wp-content\/uploads\/2023\/05\/Photo3Biberach-Est-500x375.jpg 500w, https:\/\/centcols.org\/backup\/wp-content\/uploads\/2023\/05\/Photo3Biberach-Est-768x576.jpg 768w, https:\/\/centcols.org\/backup\/wp-content\/uploads\/2023\/05\/Photo3Biberach-Est-600x450.jpg 600w\" sizes=\"(max-width: 1000px) 100vw, 1000px\" \/><\/figure><\/div>\n\n\n<figure class=\"wp-block-image\" id=\"block-095edc4e-a213-45dc-a1fe-0c6a117c8950\"><img decoding=\"async\" src=\"https:\/\/centcols.org\/backup\/wp-content\/uploads\/2023\/05\/Statue-900x1200.jpg\" alt=\"L\u2019attribut alt de cette image est vide, son nom de fichier est Statue-900x1200.jpg.\"\/><\/figure>\n\n\n\n<figure class=\"wp-block-image\" id=\"block-6246cb20-20bc-4421-8008-945e081f00b9\"><img decoding=\"async\" src=\"https:\/\/centcols.org\/backup\/wp-content\/uploads\/2023\/05\/Biberach-Vue-generale--1200x780.jpg\" alt=\"L\u2019attribut alt de cette image est vide, son nom de fichier est Biberach-Vue-generale--1200x780.jpg.\"\/><\/figure>\n\n\n<div class=\"wp-block-image\">\n<figure class=\"aligncenter size-large\"><img decoding=\"async\" src=\"https:\/\/centcols.org\/backup\/util\/geo\/visu\/DE\/img\/1093\/6102.jpg\" alt=\"\"\/><figcaption class=\"wp-element-caption\"><strong>Badeck<\/strong><\/figcaption><\/figure><\/div>\n\n<div class=\"wp-block-image\">\n<figure class=\"aligncenter size-large\"><img decoding=\"async\" src=\"https:\/\/centcols.org\/backup\/util\/geo\/visu\/DE\/img\/1093\/9200.jpg\" alt=\"\"\/><figcaption class=\"wp-element-caption\"><strong>Maileseckle<\/strong><\/figcaption><\/figure><\/div>\n\n<div class=\"wp-block-image\">\n<figure class=\"aligncenter size-large\"><img decoding=\"async\" src=\"https:\/\/centcols.org\/backup\/util\/geo\/visu\/DE\/img\/1094\/3300.jpg\" alt=\"\"\/><figcaption class=\"wp-element-caption\"><strong>Schwaibacher Eck<\/strong><\/figcaption><\/figure><\/div>","protected":false},"excerpt":{"rendered":"<p>Description de l&#8217;auteur Auteur : Jean-Luc Ceccato Parcours : effectu\u00e9 le 04 septembre 2020 D\u00e9part : Biberach. Alt : 240 mPossibilit\u00e9 de stationnement le long de la Hauptstrasse sur le parking de l\u2019office du tourisme Descriptif touristiqueCe parcours explore le versant est de la rivi\u00e8re Kinzig au dessus de Biberach et le pourtour de la [&hellip;]<\/p>\n","protected":false},"author":397,"featured_media":0,"comment_status":"closed","ping_status":"closed","sticky":false,"template":"","format":"standard","meta":{"_acf_changed":false,"ub_ctt_via":"","_monsterinsights_skip_tracking":false,"_monsterinsights_sitenote_active":false,"_monsterinsights_sitenote_note":"","_monsterinsights_sitenote_category":0,"footnotes":""},"categories":[601,600],"tags":[],"acf":[],"featured_image_urls":{"full":"","thumbnail":"","medium":"","medium_large":"","large":"","1536x1536":"","2048x2048":"","woocommerce_thumbnail":"","woocommerce_single":"","woocommerce_gallery_thumbnail":""},"post_excerpt_stackable":"<p>Description de l&#8217;auteur Auteur : Jean-Luc Ceccato Parcours : effectu\u00e9 le 04 septembre 2020 D\u00e9part : Biberach. Alt : 240 mPossibilit\u00e9 de stationnement le long de la Hauptstrasse sur le parking de l\u2019office du tourisme Descriptif touristiqueCe parcours explore le versant est de la rivi\u00e8re Kinzig au dessus de Biberach et le pourtour de la petite vall\u00e9e du Nordrach au travers de paysages typiques de la For\u00eat Noire 11 cols 1 Rebeck DE-BW-02882 Badeck DE-BW-0360b3 Herzenbachsattel DE-BW-04374 Eck DE-BW-03455 Heugrabeneck DE-BW-04426 Muhlsteineck DE-BW-05607 Baierseck DE-BW-0639a8 Haldeneck DE-BW-06099 Simmesebene DE-BW-060210 Maileseckle DE-BW-041511 Schwaibacher Eck DE-BW-0474 Descriptif technique Ce parcours ne pr\u00e9sente\u2026<\/p>\n","category_list":"<a href=\"https:\/\/centcols.org\/backup\/categorie\/parcours-des-membres\/parcours-allemagne\/\" rel=\"category tag\">Parcours Allemagne<\/a>, <a href=\"https:\/\/centcols.org\/backup\/categorie\/parcours-des-membres\/\" rel=\"category tag\">Parcours des membres<\/a>","author_info":{"display_name":"Denis Chouquet-Stringer","author_link":"https:\/\/centcols.org\/backup\/author\/6183\/"},"comments_num":"0 commentaire","featured_image_urls_v2":{"full":"","thumbnail":"","medium":"","medium_large":"","large":"","1536x1536":"","2048x2048":"","woocommerce_thumbnail":"","woocommerce_single":"","woocommerce_gallery_thumbnail":""},"post_excerpt_stackable_v2":"<p>Description de l&#8217;auteur Auteur : Jean-Luc Ceccato Parcours : effectu\u00e9 le 04 septembre 2020 D\u00e9part : Biberach. Alt : 240 mPossibilit\u00e9 de stationnement le long de la Hauptstrasse sur le parking de l\u2019office du tourisme Descriptif touristiqueCe parcours explore le versant est de la rivi\u00e8re Kinzig au dessus de Biberach et le pourtour de la petite vall\u00e9e du Nordrach au travers de paysages typiques de la For\u00eat Noire 11 cols 1 Rebeck DE-BW-02882 Badeck DE-BW-0360b3 Herzenbachsattel DE-BW-04374 Eck DE-BW-03455 Heugrabeneck DE-BW-04426 Muhlsteineck DE-BW-05607 Baierseck DE-BW-0639a8 Haldeneck DE-BW-06099 Simmesebene DE-BW-060210 Maileseckle DE-BW-041511 Schwaibacher Eck DE-BW-0474 Descriptif technique Ce parcours ne pr\u00e9sente\u2026<\/p>\n","category_list_v2":"<a href=\"https:\/\/centcols.org\/backup\/categorie\/parcours-des-membres\/parcours-allemagne\/\" rel=\"category tag\">Parcours Allemagne<\/a>, <a href=\"https:\/\/centcols.org\/backup\/categorie\/parcours-des-membres\/\" rel=\"category tag\">Parcours des membres<\/a>","author_info_v2":{"name":"Denis Chouquet-Stringer","url":"https:\/\/centcols.org\/backup\/author\/6183\/"},"comments_num_v2":"0 commentaire","featured_image_src":null,"_links":{"self":[{"href":"https:\/\/centcols.org\/backup\/wp-json\/wp\/v2\/posts\/72221"}],"collection":[{"href":"https:\/\/centcols.org\/backup\/wp-json\/wp\/v2\/posts"}],"about":[{"href":"https:\/\/centcols.org\/backup\/wp-json\/wp\/v2\/types\/post"}],"author":[{"embeddable":true,"href":"https:\/\/centcols.org\/backup\/wp-json\/wp\/v2\/users\/397"}],"replies":[{"embeddable":true,"href":"https:\/\/centcols.org\/backup\/wp-json\/wp\/v2\/comments?post=72221"}],"version-history":[{"count":0,"href":"https:\/\/centcols.org\/backup\/wp-json\/wp\/v2\/posts\/72221\/revisions"}],"wp:attachment":[{"href":"https:\/\/centcols.org\/backup\/wp-json\/wp\/v2\/media?parent=72221"}],"wp:term":[{"taxonomy":"category","embeddable":true,"href":"https:\/\/centcols.org\/backup\/wp-json\/wp\/v2\/categories?post=72221"},{"taxonomy":"post_tag","embeddable":true,"href":"https:\/\/centcols.org\/backup\/wp-json\/wp\/v2\/tags?post=72221"}],"curies":[{"name":"wp","href":"https:\/\/api.w.org\/{rel}","templated":true}]}}