{"id":72301,"date":"2023-08-23T15:14:34","date_gmt":"2023-08-23T13:14:34","guid":{"rendered":"https:\/\/centcols.org\/backup\/?page_id=72301"},"modified":"2023-11-17T20:41:52","modified_gmt":"2023-11-17T19:41:52","slug":"de-bw-biberach-ouest-foret-noire","status":"publish","type":"post","link":"https:\/\/centcols.org\/backup\/de-bw-biberach-ouest-foret-noire\/","title":{"rendered":"DE-BW For\u00eat Noire Biberach Ouest &#8211; Gravel 50 km, D+ 1250 m, 6 cols"},"content":{"rendered":"<div class=\"wp-block-image\">\n<figure class=\"aligncenter size-large\"><img loading=\"lazy\" decoding=\"async\" width=\"904\" height=\"544\" src=\"https:\/\/centcols.org\/backup\/wp-content\/uploads\/2023\/05\/Capture-decran-2023-05-08-102305.jpg\" alt=\"\" class=\"wp-image-72599\" srcset=\"https:\/\/centcols.org\/backup\/wp-content\/uploads\/2023\/05\/Capture-decran-2023-05-08-102305.jpg 904w, https:\/\/centcols.org\/backup\/wp-content\/uploads\/2023\/05\/Capture-decran-2023-05-08-102305-500x301.jpg 500w, https:\/\/centcols.org\/backup\/wp-content\/uploads\/2023\/05\/Capture-decran-2023-05-08-102305-768x462.jpg 768w, https:\/\/centcols.org\/backup\/wp-content\/uploads\/2023\/05\/Capture-decran-2023-05-08-102305-600x361.jpg 600w\" sizes=\"(max-width: 904px) 100vw, 904px\" \/><\/figure><\/div>\n\n\n<figure class=\"wp-block-image size-large\"><img loading=\"lazy\" decoding=\"async\" width=\"1200\" height=\"320\" src=\"https:\/\/centcols.org\/backup\/wp-content\/uploads\/2023\/05\/DE-BW-Foret-Noire-Biberach-ouest-1200x320.jpeg\" alt=\"\" class=\"wp-image-72310\" srcset=\"https:\/\/centcols.org\/backup\/wp-content\/uploads\/2023\/05\/DE-BW-Foret-Noire-Biberach-ouest-1200x320.jpeg 1200w, https:\/\/centcols.org\/backup\/wp-content\/uploads\/2023\/05\/DE-BW-Foret-Noire-Biberach-ouest-500x133.jpeg 500w, https:\/\/centcols.org\/backup\/wp-content\/uploads\/2023\/05\/DE-BW-Foret-Noire-Biberach-ouest-768x205.jpeg 768w, https:\/\/centcols.org\/backup\/wp-content\/uploads\/2023\/05\/DE-BW-Foret-Noire-Biberach-ouest-1536x410.jpeg 1536w, https:\/\/centcols.org\/backup\/wp-content\/uploads\/2023\/05\/DE-BW-Foret-Noire-Biberach-ouest-2048x546.jpeg 2048w, https:\/\/centcols.org\/backup\/wp-content\/uploads\/2023\/05\/DE-BW-Foret-Noire-Biberach-ouest-600x160.jpeg 600w\" sizes=\"(max-width: 1200px) 100vw, 1200px\" \/><\/figure>\n\n\n\n<h2 class=\"wp-block-heading\">Description de l&#8217;auteur<\/h2>\n\n\n\n<p><span style=\"font-size: 20px; font-family: arial, helvetica, sans-serif;\"><strong>Auteur <\/strong>: Jean-Luc Ceccato<\/span><\/p>\n\n\n\n<p><span style=\"font-family: arial, helvetica, sans-serif; font-size: 20px;\"><strong>Parcours<\/strong> : effectu\u00e9 le 04 septembre 2020<\/span><\/p>\n\n\n\n<p class=\"has-medium-font-size\"><span style=\"font-size: 20px; font-family: arial, helvetica, sans-serif;\"><strong>D\u00e9part<\/strong> : Biberach. Alt : 240 m<\/span><br><span style=\"font-size: 20px; font-family: arial, helvetica, sans-serif;\">Possibilit\u00e9 de stationnement le long de la Hauptstrasse sur le parking de l\u2019office du tourisme<\/span><\/p>\n\n\n\n<p><strong><span style=\"font-size: 20px; font-family: arial, helvetica, sans-serif;\">Descriptif touristique<\/span><\/strong><\/p>\n\n\n\n<p class=\"has-medium-font-size\">Ce parcours s&#8217;insinue dans les premiers contreforts ouest du massif de la For\u00eat Noire, surplombant de sorte le foss\u00e9 rh\u00e9nan creus\u00e9 par le Rhin<\/p>\n\n\n\n<p class=\"has-medium-font-size\"><strong><span style=\"font-size: 20px; font-family: arial, helvetica, sans-serif;\">6 cols <\/span><\/strong><\/p>\n\n\n\n<p><span style=\"font-size: 20px; font-family: arial, helvetica, sans-serif;\">1 Holdereck <a href=\"https:\/\/centcols.org\/backup\/util\/geo\/visu.php?code=DE-BW-0469a\" target=\"_blank\" rel=\"noopener\">DE-BW-0469a<\/a><br>2 R\u00e4pples Eck <a href=\"https:\/\/centcols.org\/backup\/util\/geo\/visu.php?code=DE-BW-0374\" target=\"_blank\" rel=\"noopener\">DE-BW-0374<\/a> <br>3 S\u00e4gereck <a href=\"https:\/\/centcols.org\/backup\/util\/geo\/visu.php?code=DE-BW-0360a\" target=\"_blank\" rel=\"noopener\">DE-BW-0360a<\/a> <br>4 Brudertaler Eck <a href=\"https:\/\/centcols.org\/backup\/util\/geo\/visu.php?code=DE-BW-0420\" target=\"_blank\" rel=\"noopener\">DE-BW-0420<\/a> <br>5 Maienpfad Eck <a href=\"https:\/\/centcols.org\/backup\/util\/geo\/visu.php?code=DE-BW-0408a\" target=\"_blank\" rel=\"noopener\">DE-BW-0408a<\/a> <br>6 Geroldseck <\/span><a href=\"https:\/\/centcols.org\/backup\/util\/geo\/visu.php?code=DE-BW-0439a\" target=\"_blank\" rel=\"noopener\"><span style=\"font-size: 20px; font-family: arial, helvetica, sans-serif;\">DE-BW-0439a<\/span><\/a><\/p>\n\n\n\n<p><strong><span style=\"font-size: 20px; font-family: arial, helvetica, sans-serif;\">Descriptif technique<\/span><\/strong><\/p>\n\n\n\n<p class=\"has-medium-font-size\">C\u2019est un parcours d\u2019environ 50% de belles all\u00e9es roulantes et le reste sur routes asphalt\u00e9es. Ce parcours peut \u00eatre fait en Gravel.<br>L\u2019acc\u00e8s au premier col DE-BW-0469a pr\u00e9sente une pente assez s\u00e9v\u00e8re jusqu\u2019\u00e0 environ 18%.<\/p>\n\n\n\n<p class=\"has-medium-font-size\">En fonction des capacit\u00e9s de chacun, ce parcours peut \u00eatre fusionn\u00e9 avec le parcours <a href=\"https:\/\/centcols.org\/backup\/de-bw-foret-noire-biberach-est\/\" target=\"_blank\" rel=\"noreferrer noopener\">DE-BW For\u00eat Noire Biberach Est<\/a><\/p>\n\n\n\n<p class=\"has-medium-font-size\"><span style=\"font-size: 20px; font-family: arial, helvetica, sans-serif;\"><strong>Mots-cl\u00e9s<\/strong> : Biberach, Gengenbach, Lahr, For\u00eat Noire, centcols<\/span><\/p>\n\n\n\n<p><span style=\"font-size: 20px; font-family: arial, helvetica, sans-serif;\"><strong>Lien openrunner, carte interactive, profil, trace gpx<\/strong> : <a href=\"https:\/\/www.openrunner.com\/route-details\/16536576\" target=\"_blank\" rel=\"noreferrer noopener\">https:\/\/www.openrunner.com\/route-details\/16518242<\/a><\/span><\/p>\n\n\n\n<p><span style=\"font-size: 20px; font-family: arial, helvetica, sans-serif;\">Cet itin\u00e9raire est propos\u00e9 \u00e0 titre indicatif. L&#8217;auteur d\u00e9gage sa responsabilit\u00e9 et celle du Club des Cent Cols en vertu des impond\u00e9rables dus au cycliste lui-m\u00eame, au mat\u00e9riel utilis\u00e9 et tout ce qui concerne la route, les pistes et sentiers, leurs abords et les autres utilisateurs de ceux-ci.<\/span><\/p>\n\n\n\n<p><span style=\"font-size: 20px;\">Ici, une <a href=\"https:\/\/centcols.org\/backup\/liste-parcours-cent-cols-sur-or-2\/\" target=\"_blank\" rel=\"noopener\">vue exhaustive des parcours membres<\/a> du Club des Cent Cols<\/span><\/p>\n\n\n\n<h2 class=\"kt-adv-heading72301_fa920b-71 wp-block-kadence-advancedheading\" data-kb-block=\"kb-adv-heading72301_fa920b-71\">Photos<\/h2>\n\n\n<div class=\"wp-block-image\">\n<figure class=\"aligncenter size-large\"><img loading=\"lazy\" decoding=\"async\" width=\"1200\" height=\"900\" src=\"https:\/\/centcols.org\/backup\/wp-content\/uploads\/2023\/05\/Vue-generale-3-1200x900.jpg\" alt=\"\" class=\"wp-image-72322\" srcset=\"https:\/\/centcols.org\/backup\/wp-content\/uploads\/2023\/05\/Vue-generale-3-1200x900.jpg 1200w, https:\/\/centcols.org\/backup\/wp-content\/uploads\/2023\/05\/Vue-generale-3-500x375.jpg 500w, https:\/\/centcols.org\/backup\/wp-content\/uploads\/2023\/05\/Vue-generale-3-768x576.jpg 768w, https:\/\/centcols.org\/backup\/wp-content\/uploads\/2023\/05\/Vue-generale-3-1536x1152.jpg 1536w, https:\/\/centcols.org\/backup\/wp-content\/uploads\/2023\/05\/Vue-generale-3-2048x1536.jpg 2048w, https:\/\/centcols.org\/backup\/wp-content\/uploads\/2023\/05\/Vue-generale-3-600x450.jpg 600w\" sizes=\"(max-width: 1200px) 100vw, 1200px\" \/><\/figure><\/div>\n\n<div class=\"wp-block-image\">\n<figure class=\"aligncenter size-large\"><img loading=\"lazy\" decoding=\"async\" width=\"900\" height=\"1200\" src=\"https:\/\/centcols.org\/backup\/wp-content\/uploads\/2023\/05\/Statue-900x1200.jpg\" alt=\"\" class=\"wp-image-72316\" srcset=\"https:\/\/centcols.org\/backup\/wp-content\/uploads\/2023\/05\/Statue-900x1200.jpg 900w, https:\/\/centcols.org\/backup\/wp-content\/uploads\/2023\/05\/Statue-375x500.jpg 375w, https:\/\/centcols.org\/backup\/wp-content\/uploads\/2023\/05\/Statue-768x1024.jpg 768w, https:\/\/centcols.org\/backup\/wp-content\/uploads\/2023\/05\/Statue-1152x1536.jpg 1152w, https:\/\/centcols.org\/backup\/wp-content\/uploads\/2023\/05\/Statue-1536x2048.jpg 1536w, https:\/\/centcols.org\/backup\/wp-content\/uploads\/2023\/05\/Statue-600x800.jpg 600w, https:\/\/centcols.org\/backup\/wp-content\/uploads\/2023\/05\/Statue-rotated.jpg 1773w\" sizes=\"(max-width: 900px) 100vw, 900px\" \/><\/figure><\/div>\n\n<div class=\"wp-block-image\">\n<figure class=\"aligncenter size-large\"><img loading=\"lazy\" decoding=\"async\" width=\"1200\" height=\"780\" src=\"https:\/\/centcols.org\/backup\/wp-content\/uploads\/2023\/05\/Biberach-Vue-generale--1200x780.jpg\" alt=\"\" class=\"wp-image-72304\" srcset=\"https:\/\/centcols.org\/backup\/wp-content\/uploads\/2023\/05\/Biberach-Vue-generale--1200x780.jpg 1200w, https:\/\/centcols.org\/backup\/wp-content\/uploads\/2023\/05\/Biberach-Vue-generale--500x325.jpg 500w, https:\/\/centcols.org\/backup\/wp-content\/uploads\/2023\/05\/Biberach-Vue-generale--768x499.jpg 768w, https:\/\/centcols.org\/backup\/wp-content\/uploads\/2023\/05\/Biberach-Vue-generale--1536x998.jpg 1536w, https:\/\/centcols.org\/backup\/wp-content\/uploads\/2023\/05\/Biberach-Vue-generale-.jpg 1576w, https:\/\/centcols.org\/backup\/wp-content\/uploads\/2023\/05\/Biberach-Vue-generale--600x390.jpg 600w\" sizes=\"(max-width: 1200px) 100vw, 1200px\" \/><\/figure><\/div>\n\n\n<p class=\"has-text-align-center has-medium-font-size\">Biberach : vues g\u00e9n\u00e9rales<\/p>\n","protected":false},"excerpt":{"rendered":"<p>Description de l&#8217;auteur Auteur : Jean-Luc Ceccato Parcours : effectu\u00e9 le 04 septembre 2020 D\u00e9part : Biberach. Alt : 240 mPossibilit\u00e9 de stationnement le long de la Hauptstrasse sur le parking de l\u2019office du tourisme Descriptif touristique Ce parcours s&#8217;insinue dans les premiers contreforts ouest du massif de la For\u00eat Noire, surplombant de sorte le [&hellip;]<\/p>\n","protected":false},"author":397,"featured_media":0,"comment_status":"closed","ping_status":"closed","sticky":false,"template":"","format":"standard","meta":{"_acf_changed":false,"ub_ctt_via":"","_monsterinsights_skip_tracking":false,"_monsterinsights_sitenote_active":false,"_monsterinsights_sitenote_note":"","_monsterinsights_sitenote_category":0,"footnotes":""},"categories":[601,600],"tags":[],"acf":[],"featured_image_urls":{"full":"","thumbnail":"","medium":"","medium_large":"","large":"","1536x1536":"","2048x2048":"","woocommerce_thumbnail":"","woocommerce_single":"","woocommerce_gallery_thumbnail":""},"post_excerpt_stackable":"<p>Description de l&#8217;auteur Auteur : Jean-Luc Ceccato Parcours : effectu\u00e9 le 04 septembre 2020 D\u00e9part : Biberach. Alt : 240 mPossibilit\u00e9 de stationnement le long de la Hauptstrasse sur le parking de l\u2019office du tourisme Descriptif touristique Ce parcours s&#8217;insinue dans les premiers contreforts ouest du massif de la For\u00eat Noire, surplombant de sorte le foss\u00e9 rh\u00e9nan creus\u00e9 par le Rhin 6 cols 1 Holdereck DE-BW-0469a2 R\u00e4pples Eck DE-BW-0374 3 S\u00e4gereck DE-BW-0360a 4 Brudertaler Eck DE-BW-0420 5 Maienpfad Eck DE-BW-0408a 6 Geroldseck DE-BW-0439a Descriptif technique C\u2019est un parcours d\u2019environ 50% de belles all\u00e9es roulantes et le reste sur routes asphalt\u00e9es.\u2026<\/p>\n","category_list":"<a href=\"https:\/\/centcols.org\/backup\/categorie\/parcours-des-membres\/parcours-allemagne\/\" rel=\"category tag\">Parcours Allemagne<\/a>, <a href=\"https:\/\/centcols.org\/backup\/categorie\/parcours-des-membres\/\" rel=\"category tag\">Parcours des membres<\/a>","author_info":{"display_name":"Denis Chouquet-Stringer","author_link":"https:\/\/centcols.org\/backup\/author\/6183\/"},"comments_num":"0 commentaire","featured_image_urls_v2":{"full":"","thumbnail":"","medium":"","medium_large":"","large":"","1536x1536":"","2048x2048":"","woocommerce_thumbnail":"","woocommerce_single":"","woocommerce_gallery_thumbnail":""},"post_excerpt_stackable_v2":"<p>Description de l&#8217;auteur Auteur : Jean-Luc Ceccato Parcours : effectu\u00e9 le 04 septembre 2020 D\u00e9part : Biberach. Alt : 240 mPossibilit\u00e9 de stationnement le long de la Hauptstrasse sur le parking de l\u2019office du tourisme Descriptif touristique Ce parcours s&#8217;insinue dans les premiers contreforts ouest du massif de la For\u00eat Noire, surplombant de sorte le foss\u00e9 rh\u00e9nan creus\u00e9 par le Rhin 6 cols 1 Holdereck DE-BW-0469a2 R\u00e4pples Eck DE-BW-0374 3 S\u00e4gereck DE-BW-0360a 4 Brudertaler Eck DE-BW-0420 5 Maienpfad Eck DE-BW-0408a 6 Geroldseck DE-BW-0439a Descriptif technique C\u2019est un parcours d\u2019environ 50% de belles all\u00e9es roulantes et le reste sur routes asphalt\u00e9es.\u2026<\/p>\n","category_list_v2":"<a href=\"https:\/\/centcols.org\/backup\/categorie\/parcours-des-membres\/parcours-allemagne\/\" rel=\"category tag\">Parcours Allemagne<\/a>, <a href=\"https:\/\/centcols.org\/backup\/categorie\/parcours-des-membres\/\" rel=\"category tag\">Parcours des membres<\/a>","author_info_v2":{"name":"Denis Chouquet-Stringer","url":"https:\/\/centcols.org\/backup\/author\/6183\/"},"comments_num_v2":"0 commentaire","featured_image_src":null,"_links":{"self":[{"href":"https:\/\/centcols.org\/backup\/wp-json\/wp\/v2\/posts\/72301"}],"collection":[{"href":"https:\/\/centcols.org\/backup\/wp-json\/wp\/v2\/posts"}],"about":[{"href":"https:\/\/centcols.org\/backup\/wp-json\/wp\/v2\/types\/post"}],"author":[{"embeddable":true,"href":"https:\/\/centcols.org\/backup\/wp-json\/wp\/v2\/users\/397"}],"replies":[{"embeddable":true,"href":"https:\/\/centcols.org\/backup\/wp-json\/wp\/v2\/comments?post=72301"}],"version-history":[{"count":0,"href":"https:\/\/centcols.org\/backup\/wp-json\/wp\/v2\/posts\/72301\/revisions"}],"wp:attachment":[{"href":"https:\/\/centcols.org\/backup\/wp-json\/wp\/v2\/media?parent=72301"}],"wp:term":[{"taxonomy":"category","embeddable":true,"href":"https:\/\/centcols.org\/backup\/wp-json\/wp\/v2\/categories?post=72301"},{"taxonomy":"post_tag","embeddable":true,"href":"https:\/\/centcols.org\/backup\/wp-json\/wp\/v2\/tags?post=72301"}],"curies":[{"name":"wp","href":"https:\/\/api.w.org\/{rel}","templated":true}]}}