{"id":72339,"date":"2023-08-22T17:35:05","date_gmt":"2023-08-22T15:35:05","guid":{"rendered":"https:\/\/centcols.org\/backup\/?page_id=72339"},"modified":"2023-11-17T20:41:32","modified_gmt":"2023-11-17T19:41:32","slug":"de-bw-buchenbach-foret-noire","status":"publish","type":"post","link":"https:\/\/centcols.org\/backup\/de-bw-buchenbach-foret-noire\/","title":{"rendered":"DE-BW For\u00eat Noire Buchenbach &#8211; Gravel 61 km, D+ 1360 m, 10 cols"},"content":{"rendered":"\n<figure class=\"wp-block-image size-full is-resized\"><img loading=\"lazy\" decoding=\"async\" width=\"906\" height=\"544\" src=\"https:\/\/centcols.org\/backup\/wp-content\/uploads\/2023\/05\/Capture-decran-2023-05-08-101342.jpg\" alt=\"\" class=\"wp-image-72583\" style=\"width:1152px;height:692px\" srcset=\"https:\/\/centcols.org\/backup\/wp-content\/uploads\/2023\/05\/Capture-decran-2023-05-08-101342.jpg 906w, https:\/\/centcols.org\/backup\/wp-content\/uploads\/2023\/05\/Capture-decran-2023-05-08-101342-500x300.jpg 500w, https:\/\/centcols.org\/backup\/wp-content\/uploads\/2023\/05\/Capture-decran-2023-05-08-101342-768x461.jpg 768w, https:\/\/centcols.org\/backup\/wp-content\/uploads\/2023\/05\/Capture-decran-2023-05-08-101342-600x360.jpg 600w\" sizes=\"(max-width: 906px) 100vw, 906px\" \/><\/figure>\n\n\n<div class=\"wp-block-image\">\n<figure class=\"aligncenter size-large is-resized\"><img loading=\"lazy\" decoding=\"async\" width=\"1200\" height=\"320\" src=\"https:\/\/centcols.org\/backup\/wp-content\/uploads\/2023\/05\/DE-BW-Foret-Noire-Buchenbach-1200x320.jpeg\" alt=\"\" class=\"wp-image-72365\" style=\"width:1200px;height:320px\" srcset=\"https:\/\/centcols.org\/backup\/wp-content\/uploads\/2023\/05\/DE-BW-Foret-Noire-Buchenbach-1200x320.jpeg 1200w, https:\/\/centcols.org\/backup\/wp-content\/uploads\/2023\/05\/DE-BW-Foret-Noire-Buchenbach-500x133.jpeg 500w, https:\/\/centcols.org\/backup\/wp-content\/uploads\/2023\/05\/DE-BW-Foret-Noire-Buchenbach-768x205.jpeg 768w, https:\/\/centcols.org\/backup\/wp-content\/uploads\/2023\/05\/DE-BW-Foret-Noire-Buchenbach-1536x410.jpeg 1536w, https:\/\/centcols.org\/backup\/wp-content\/uploads\/2023\/05\/DE-BW-Foret-Noire-Buchenbach-2048x546.jpeg 2048w, https:\/\/centcols.org\/backup\/wp-content\/uploads\/2023\/05\/DE-BW-Foret-Noire-Buchenbach-600x160.jpeg 600w\" sizes=\"(max-width: 1200px) 100vw, 1200px\" \/><\/figure><\/div>\n\n\n<h2 class=\"wp-block-heading\">Description de l&#8217;auteur<\/h2>\n\n\n\n<p><span style=\"font-size: 20px; font-family: arial, helvetica, sans-serif;\"><strong>Auteur <\/strong>: Jean-Luc Ceccato<\/span><\/p>\n\n\n\n<p><span style=\"font-family: arial, helvetica, sans-serif; font-size: 20px;\"><strong>Parcours<\/strong> : effectu\u00e9 le 12 juin 2022<\/span><\/p>\n\n\n\n<p class=\"has-medium-font-size\"><span style=\"font-size: 20px; font-family: arial, helvetica, sans-serif;\"><strong>D\u00e9part<\/strong> : Buchenbach, au niveau d&#8217;un petit parking se trouvant au milieu du village sur la Hauptstrasse, juste avant l\u2019\u00e9glise. Alt : 450 m<\/span><\/p>\n\n\n\n<p><strong><span style=\"font-size: 20px; font-family: arial, helvetica, sans-serif;\">Descriptif touristique<\/span><\/strong><\/p>\n\n\n\n<p class=\"has-medium-font-size\">Buchenbach surplombe la vaste plaine de la Greisam, affluent du Rhin. Le parcours chemine dans la plaine avant de s&#8217;\u00e9lever sur le massif dominant la&nbsp; ville de Freiburg am Brisgau.<br>De nombreux points de vue au programme !<\/p>\n\n\n\n<p class=\"has-medium-font-size\"><strong><span style=\"font-size: 20px; font-family: arial, helvetica, sans-serif;\">10 cols <\/span><\/strong><\/p>\n\n\n\n<p>1&nbsp;&nbsp;&nbsp;&nbsp;<span style=\"font-size: 20px; font-family: arial, helvetica, sans-serif;\">&nbsp; Hirzbergsattel&nbsp;&nbsp; <a href=\"https:\/\/centcols.org\/backup\/util\/geo\/visu.php?code=DE-BW-0397\" target=\"_blank\" rel=\"noopener\">DE-BW-0397<\/a><\/span><br><span style=\"font-size: 20px; font-family: arial, helvetica, sans-serif;\">2&nbsp; &nbsp; &nbsp;Schlossbergsattel&nbsp;&nbsp;&nbsp;&nbsp; <a href=\"https:\/\/centcols.org\/backup\/util\/geo\/visu.php?code=DE-BW-0439b\" target=\"_blank\" rel=\"noopener\">DE-BW-0439b<\/a><\/span><br><span style=\"font-size: 20px; font-family: arial, helvetica, sans-serif;\">3&nbsp; &nbsp; &nbsp;Rosskopfsattel&nbsp; <a href=\"https:\/\/centcols.org\/backup\/util\/geo\/visu.php?code=DE-BW-0587a\" target=\"_blank\" rel=\"noopener\">DE-BW 0587a<\/a><\/span><br><span style=\"font-size: 20px; font-family: arial, helvetica, sans-serif;\">4&nbsp; &nbsp; &nbsp;Breiteplatz&nbsp;&nbsp;&nbsp;&nbsp;&nbsp;&nbsp;&nbsp; <a href=\"https:\/\/centcols.org\/backup\/util\/geo\/visu.php?code=DE-BW-0425\" target=\"_blank\" rel=\"noopener\">DE-BW-0425<\/a><\/span><br><span style=\"font-size: 20px; font-family: arial, helvetica, sans-serif;\">5&nbsp; &nbsp; &nbsp;Geisterplatz&nbsp;&nbsp;&nbsp;&nbsp;&nbsp; <a href=\"https:\/\/centcols.org\/backup\/util\/geo\/visu.php?code=DE-BW-0468\">DE-BW-0468<\/a><\/span><br><span style=\"font-size: 20px; font-family: arial, helvetica, sans-serif;\">6&nbsp; &nbsp; &nbsp;Wolfsteige &nbsp;&nbsp;&nbsp;&nbsp;&nbsp;&nbsp;&nbsp; <a href=\"https:\/\/centcols.org\/backup\/util\/geo\/visu.php?code=DE-BW-0735a\" target=\"_blank\" rel=\"noopener\">DE-BW-0735a<\/a><\/span><br><span style=\"font-size: 20px; font-family: arial, helvetica, sans-serif;\">7&nbsp; &nbsp; &nbsp;Hanissenhohe&nbsp;&nbsp; <a href=\"https:\/\/centcols.org\/backup\/util\/geo\/visu.php?code=DE-BW-0724\" target=\"_blank\" rel=\"noopener\">DE-BW-0724<\/a><\/span><br><span style=\"font-size: 20px; font-family: arial, helvetica, sans-serif;\">8&nbsp; &nbsp; &nbsp;Bellecksattel&nbsp;&nbsp;&nbsp;&nbsp; <a href=\"https:\/\/centcols.org\/backup\/util\/geo\/visu.php?code=DE-BW-0765\" target=\"_blank\" rel=\"noopener\">DE-BW-0765<\/a><\/span><br><span style=\"font-size: 20px; font-family: arial, helvetica, sans-serif;\">9&nbsp; &nbsp; &nbsp;Kappeneck&nbsp;&nbsp;&nbsp;&nbsp;&nbsp;&nbsp; <a href=\"https:\/\/centcols.org\/backup\/util\/geo\/visu.php?code=DE-BW-0675a\">DE-BW-0675a<\/a><\/span><br><span style=\"font-size: 20px; font-family: arial, helvetica, sans-serif;\">10&nbsp; &nbsp;Wiesnecksattel <a href=\"https:\/\/centcols.org\/backup\/util\/geo\/visu.php?code=DE-BW-0492a\" target=\"_blank\" rel=\"noopener\">DE-BW-0492a<\/a><\/span><\/p>\n\n\n\n<p><strong><span style=\"font-size: 20px; font-family: arial, helvetica, sans-serif;\">Descriptif technique<\/span><\/strong><\/p>\n\n\n\n<p class=\"has-medium-font-size\">Ce parcours ne pr\u00e9sente pas de difficult\u00e9 et a \u00e9t\u00e9 effectu\u00e9 avec un Gravel.<br>C\u2019est un parcours d\u2019environ 30% de belles all\u00e9es roulantes et le reste sur routes asphalt\u00e9es. Comme la plupart des parcours en For\u00eat Noire, on est confront\u00e9 souvent \u00e0 des pentes assez raides<\/p>\n\n\n\n<p class=\"has-medium-font-size\"><span style=\"font-size: 20px; font-family: arial, helvetica, sans-serif;\"><strong>Mots-cl\u00e9s<\/strong> : Biberach, Gengenbach, Lahr, For\u00eat Noire, centcols<\/span><\/p>\n\n\n\n<p><span style=\"font-size: 20px; font-family: arial, helvetica, sans-serif;\"><strong>Lien openrunner, carte interactive, profil, trace gpx<\/strong> : <a href=\"https:\/\/www.openrunner.com\/route-details\/16432063\" target=\"_blank\" rel=\"noreferrer noopener\">https:\/\/www.openrunner.com\/route-details\/16432063<\/a><\/span><\/p>\n\n\n\n<p><span style=\"font-size: 20px; font-family: arial, helvetica, sans-serif;\">Cet itin\u00e9raire est propos\u00e9 \u00e0 titre indicatif. L&#8217;auteur d\u00e9gage sa responsabilit\u00e9 et celle du Club des Cent Cols en vertu des impond\u00e9rables dus au cycliste lui-m\u00eame, au mat\u00e9riel utilis\u00e9 et tout ce qui concerne la route, les pistes et sentiers, leurs abords et les autres utilisateurs de ceux-ci.<\/span><\/p>\n\n\n\n<p><span style=\"font-size: 20px;\">Ici, une <a href=\"https:\/\/centcols.org\/backup\/liste-parcours-cent-cols-sur-or-2\/\" target=\"_blank\" rel=\"noopener\">vue exhaustive des parcours membres<\/a> du Club des Cent Cols<\/span><\/p>\n\n\n\n<h2 class=\"kt-adv-heading72339_6343aa-17 wp-block-kadence-advancedheading\" data-kb-block=\"kb-adv-heading72339_6343aa-17\">Photos<\/h2>\n\n\n<div class=\"wp-block-image\">\n<figure class=\"aligncenter size-large\"><img loading=\"lazy\" decoding=\"async\" width=\"1200\" height=\"900\" src=\"https:\/\/centcols.org\/backup\/wp-content\/uploads\/2023\/05\/Vue-sur-Freiburg-1200x900.jpg\" alt=\"\" class=\"wp-image-72395\" srcset=\"https:\/\/centcols.org\/backup\/wp-content\/uploads\/2023\/05\/Vue-sur-Freiburg-1200x900.jpg 1200w, https:\/\/centcols.org\/backup\/wp-content\/uploads\/2023\/05\/Vue-sur-Freiburg-500x375.jpg 500w, https:\/\/centcols.org\/backup\/wp-content\/uploads\/2023\/05\/Vue-sur-Freiburg-768x576.jpg 768w, https:\/\/centcols.org\/backup\/wp-content\/uploads\/2023\/05\/Vue-sur-Freiburg-1536x1152.jpg 1536w, https:\/\/centcols.org\/backup\/wp-content\/uploads\/2023\/05\/Vue-sur-Freiburg-2048x1536.jpg 2048w, https:\/\/centcols.org\/backup\/wp-content\/uploads\/2023\/05\/Vue-sur-Freiburg-600x450.jpg 600w\" sizes=\"(max-width: 1200px) 100vw, 1200px\" \/><figcaption class=\"wp-element-caption\"><strong>Vue sur Freiburg im Breisgau<\/strong><\/figcaption><\/figure><\/div>\n\n<div class=\"wp-block-image\">\n<figure class=\"aligncenter size-large\"><img loading=\"lazy\" decoding=\"async\" width=\"1200\" height=\"900\" src=\"https:\/\/centcols.org\/backup\/wp-content\/uploads\/2023\/05\/Plaine-de-la-Greisam-1200x900.jpg\" alt=\"\" class=\"wp-image-72389\" srcset=\"https:\/\/centcols.org\/backup\/wp-content\/uploads\/2023\/05\/Plaine-de-la-Greisam-1200x900.jpg 1200w, https:\/\/centcols.org\/backup\/wp-content\/uploads\/2023\/05\/Plaine-de-la-Greisam-500x375.jpg 500w, https:\/\/centcols.org\/backup\/wp-content\/uploads\/2023\/05\/Plaine-de-la-Greisam-768x576.jpg 768w, https:\/\/centcols.org\/backup\/wp-content\/uploads\/2023\/05\/Plaine-de-la-Greisam-1536x1152.jpg 1536w, https:\/\/centcols.org\/backup\/wp-content\/uploads\/2023\/05\/Plaine-de-la-Greisam-2048x1536.jpg 2048w, https:\/\/centcols.org\/backup\/wp-content\/uploads\/2023\/05\/Plaine-de-la-Greisam-600x450.jpg 600w\" sizes=\"(max-width: 1200px) 100vw, 1200px\" \/><figcaption class=\"wp-element-caption\"><strong>Plaine de la Grisam<\/strong><\/figcaption><\/figure><\/div>\n\n<div class=\"wp-block-image\">\n<figure class=\"aligncenter size-large\"><img loading=\"lazy\" decoding=\"async\" width=\"1200\" height=\"900\" src=\"https:\/\/centcols.org\/backup\/wp-content\/uploads\/2023\/05\/Champetre-1200x900.jpg\" alt=\"\" class=\"wp-image-72353\" srcset=\"https:\/\/centcols.org\/backup\/wp-content\/uploads\/2023\/05\/Champetre-1200x900.jpg 1200w, https:\/\/centcols.org\/backup\/wp-content\/uploads\/2023\/05\/Champetre-500x375.jpg 500w, https:\/\/centcols.org\/backup\/wp-content\/uploads\/2023\/05\/Champetre-768x576.jpg 768w, https:\/\/centcols.org\/backup\/wp-content\/uploads\/2023\/05\/Champetre-1536x1152.jpg 1536w, https:\/\/centcols.org\/backup\/wp-content\/uploads\/2023\/05\/Champetre-2048x1536.jpg 2048w, https:\/\/centcols.org\/backup\/wp-content\/uploads\/2023\/05\/Champetre-600x450.jpg 600w\" sizes=\"(max-width: 1200px) 100vw, 1200px\" \/><\/figure><\/div>\n\n<div class=\"wp-block-image\">\n<figure class=\"aligncenter size-large\"><img loading=\"lazy\" decoding=\"async\" width=\"1200\" height=\"900\" src=\"https:\/\/centcols.org\/backup\/wp-content\/uploads\/2023\/05\/Paysages-forestiers-et-champetres-1200x900.jpg\" alt=\"\" class=\"wp-image-72383\" srcset=\"https:\/\/centcols.org\/backup\/wp-content\/uploads\/2023\/05\/Paysages-forestiers-et-champetres-1200x900.jpg 1200w, https:\/\/centcols.org\/backup\/wp-content\/uploads\/2023\/05\/Paysages-forestiers-et-champetres-500x375.jpg 500w, https:\/\/centcols.org\/backup\/wp-content\/uploads\/2023\/05\/Paysages-forestiers-et-champetres-768x576.jpg 768w, https:\/\/centcols.org\/backup\/wp-content\/uploads\/2023\/05\/Paysages-forestiers-et-champetres-1536x1152.jpg 1536w, https:\/\/centcols.org\/backup\/wp-content\/uploads\/2023\/05\/Paysages-forestiers-et-champetres-2048x1536.jpg 2048w, https:\/\/centcols.org\/backup\/wp-content\/uploads\/2023\/05\/Paysages-forestiers-et-champetres-600x450.jpg 600w\" sizes=\"(max-width: 1200px) 100vw, 1200px\" \/><figcaption class=\"wp-element-caption\"><strong>Paysages champ\u00eatres<\/strong><\/figcaption><\/figure><\/div>\n\n\n<figure class=\"wp-block-image size-large\"><img loading=\"lazy\" decoding=\"async\" width=\"900\" height=\"1200\" src=\"https:\/\/centcols.org\/backup\/wp-content\/uploads\/2023\/05\/Forestier-900x1200.jpg\" alt=\"\" class=\"wp-image-72377\" srcset=\"https:\/\/centcols.org\/backup\/wp-content\/uploads\/2023\/05\/Forestier-900x1200.jpg 900w, https:\/\/centcols.org\/backup\/wp-content\/uploads\/2023\/05\/Forestier-375x500.jpg 375w, https:\/\/centcols.org\/backup\/wp-content\/uploads\/2023\/05\/Forestier-768x1024.jpg 768w, https:\/\/centcols.org\/backup\/wp-content\/uploads\/2023\/05\/Forestier-1152x1536.jpg 1152w, https:\/\/centcols.org\/backup\/wp-content\/uploads\/2023\/05\/Forestier-1536x2048.jpg 1536w, https:\/\/centcols.org\/backup\/wp-content\/uploads\/2023\/05\/Forestier-600x800.jpg 600w, https:\/\/centcols.org\/backup\/wp-content\/uploads\/2023\/05\/Forestier-rotated.jpg 1773w\" sizes=\"(max-width: 900px) 100vw, 900px\" \/><figcaption class=\"wp-element-caption\"><strong>Paysage forestier<\/strong><\/figcaption><\/figure>\n\n\n\n<figure class=\"wp-block-image size-large\"><img loading=\"lazy\" decoding=\"async\" width=\"900\" height=\"1200\" src=\"https:\/\/centcols.org\/backup\/wp-content\/uploads\/2023\/05\/Culture-900x1200.jpg\" alt=\"\" class=\"wp-image-72359\" srcset=\"https:\/\/centcols.org\/backup\/wp-content\/uploads\/2023\/05\/Culture-900x1200.jpg 900w, https:\/\/centcols.org\/backup\/wp-content\/uploads\/2023\/05\/Culture-375x500.jpg 375w, https:\/\/centcols.org\/backup\/wp-content\/uploads\/2023\/05\/Culture-768x1024.jpg 768w, https:\/\/centcols.org\/backup\/wp-content\/uploads\/2023\/05\/Culture-1152x1536.jpg 1152w, https:\/\/centcols.org\/backup\/wp-content\/uploads\/2023\/05\/Culture-1536x2048.jpg 1536w, https:\/\/centcols.org\/backup\/wp-content\/uploads\/2023\/05\/Culture-600x800.jpg 600w, https:\/\/centcols.org\/backup\/wp-content\/uploads\/2023\/05\/Culture-rotated.jpg 1773w\" sizes=\"(max-width: 900px) 100vw, 900px\" \/><figcaption class=\"wp-element-caption\"><strong>Un instant de culture<\/strong><\/figcaption><\/figure>\n\n\n\n<figure class=\"wp-block-image size-large\"><img loading=\"lazy\" decoding=\"async\" width=\"1200\" height=\"900\" src=\"https:\/\/centcols.org\/backup\/wp-content\/uploads\/2023\/05\/Abri-pour-le-randonneur-1200x900.jpg\" alt=\"\" class=\"wp-image-72341\" srcset=\"https:\/\/centcols.org\/backup\/wp-content\/uploads\/2023\/05\/Abri-pour-le-randonneur-1200x900.jpg 1200w, https:\/\/centcols.org\/backup\/wp-content\/uploads\/2023\/05\/Abri-pour-le-randonneur-500x375.jpg 500w, https:\/\/centcols.org\/backup\/wp-content\/uploads\/2023\/05\/Abri-pour-le-randonneur-768x576.jpg 768w, https:\/\/centcols.org\/backup\/wp-content\/uploads\/2023\/05\/Abri-pour-le-randonneur-1536x1152.jpg 1536w, https:\/\/centcols.org\/backup\/wp-content\/uploads\/2023\/05\/Abri-pour-le-randonneur-2048x1536.jpg 2048w, https:\/\/centcols.org\/backup\/wp-content\/uploads\/2023\/05\/Abri-pour-le-randonneur-600x450.jpg 600w\" sizes=\"(max-width: 1200px) 100vw, 1200px\" \/><figcaption class=\"wp-element-caption\"><strong>Abri pour le randonneur<\/strong><\/figcaption><\/figure>\n\n\n<div class=\"wp-block-image\">\n<figure class=\"aligncenter size-large\"><img decoding=\"async\" src=\"https:\/\/centcols.org\/backup\/util\/geo\/visu\/DE\/img\/1093\/9700.jpg\" alt=\"\"\/><figcaption class=\"wp-element-caption\"><strong>Breiteplatz<\/strong><\/figcaption><\/figure><\/div>\n\n<div class=\"wp-block-image\">\n<figure class=\"aligncenter size-large\"><img decoding=\"async\" src=\"https:\/\/centcols.org\/backup\/util\/geo\/visu\/DE\/img\/1094\/2801.jpg\" alt=\"\"\/><figcaption class=\"wp-element-caption\"><strong>Geisterplatz<\/strong><\/figcaption><\/figure><\/div>\n\n<div class=\"wp-block-image\">\n<figure class=\"aligncenter size-large\"><img decoding=\"async\" src=\"https:\/\/centcols.org\/backup\/util\/geo\/visu\/DE\/img\/1096\/4401.jpg\" alt=\"\"\/><figcaption class=\"wp-element-caption\"><strong>Wolfsteige<\/strong><\/figcaption><\/figure><\/div>\n\n<div class=\"wp-block-image\">\n<figure class=\"aligncenter size-large\"><img decoding=\"async\" src=\"https:\/\/centcols.org\/backup\/util\/geo\/visu\/DE\/img\/1096\/7201.jpg\" alt=\"\"\/><figcaption class=\"wp-element-caption\"><strong>Bellecksattel<\/strong><\/figcaption><\/figure><\/div>\n\n<div class=\"wp-block-image\">\n<figure class=\"aligncenter size-large\"><img decoding=\"async\" src=\"https:\/\/centcols.org\/backup\/util\/geo\/visu\/DE\/img\/1095\/9000.jpg\" alt=\"\"\/><figcaption class=\"wp-element-caption\"><strong>Kappeneck<\/strong><\/figcaption><\/figure><\/div>\n\n<div class=\"wp-block-image\">\n<figure class=\"aligncenter size-large\"><img decoding=\"async\" src=\"https:\/\/centcols.org\/backup\/util\/geo\/visu\/DE\/img\/1094\/5101.jpg\" alt=\"\"\/><figcaption class=\"wp-element-caption\"><strong>Wiesnecksattel<\/strong><\/figcaption><\/figure><\/div>","protected":false},"excerpt":{"rendered":"<p>Description de l&#8217;auteur Auteur : Jean-Luc Ceccato Parcours : effectu\u00e9 le 12 juin 2022 D\u00e9part : Buchenbach, au niveau d&#8217;un petit parking se trouvant au milieu du village sur la Hauptstrasse, juste avant l\u2019\u00e9glise. Alt : 450 m Descriptif touristique Buchenbach surplombe la vaste plaine de la Greisam, affluent du Rhin. Le parcours chemine dans [&hellip;]<\/p>\n","protected":false},"author":397,"featured_media":0,"comment_status":"closed","ping_status":"closed","sticky":false,"template":"","format":"standard","meta":{"_acf_changed":false,"ub_ctt_via":"","_monsterinsights_skip_tracking":false,"_monsterinsights_sitenote_active":false,"_monsterinsights_sitenote_note":"","_monsterinsights_sitenote_category":0,"footnotes":""},"categories":[601,600],"tags":[],"acf":[],"featured_image_urls":{"full":"","thumbnail":"","medium":"","medium_large":"","large":"","1536x1536":"","2048x2048":"","woocommerce_thumbnail":"","woocommerce_single":"","woocommerce_gallery_thumbnail":""},"post_excerpt_stackable":"<p>Description de l&#8217;auteur Auteur : Jean-Luc Ceccato Parcours : effectu\u00e9 le 12 juin 2022 D\u00e9part : Buchenbach, au niveau d&#8217;un petit parking se trouvant au milieu du village sur la Hauptstrasse, juste avant l\u2019\u00e9glise. Alt : 450 m Descriptif touristique Buchenbach surplombe la vaste plaine de la Greisam, affluent du Rhin. Le parcours chemine dans la plaine avant de s&#8217;\u00e9lever sur le massif dominant la&nbsp; ville de Freiburg am Brisgau.De nombreux points de vue au programme ! 10 cols 1&nbsp;&nbsp;&nbsp;&nbsp;&nbsp; Hirzbergsattel&nbsp;&nbsp; DE-BW-03972&nbsp; &nbsp; &nbsp;Schlossbergsattel&nbsp;&nbsp;&nbsp;&nbsp; DE-BW-0439b3&nbsp; &nbsp; &nbsp;Rosskopfsattel&nbsp; DE-BW 0587a4&nbsp; &nbsp; &nbsp;Breiteplatz&nbsp;&nbsp;&nbsp;&nbsp;&nbsp;&nbsp;&nbsp; DE-BW-04255&nbsp; &nbsp; &nbsp;Geisterplatz&nbsp;&nbsp;&nbsp;&nbsp;&nbsp; DE-BW-04686&nbsp; &nbsp; &nbsp;Wolfsteige &nbsp;&nbsp;&nbsp;&nbsp;&nbsp;&nbsp;&nbsp; DE-BW-0735a7&nbsp; &nbsp;\u2026<\/p>\n","category_list":"<a href=\"https:\/\/centcols.org\/backup\/categorie\/parcours-des-membres\/parcours-allemagne\/\" rel=\"category tag\">Parcours Allemagne<\/a>, <a href=\"https:\/\/centcols.org\/backup\/categorie\/parcours-des-membres\/\" rel=\"category tag\">Parcours des membres<\/a>","author_info":{"display_name":"Denis Chouquet-Stringer","author_link":"https:\/\/centcols.org\/backup\/author\/6183\/"},"comments_num":"0 commentaire","featured_image_urls_v2":{"full":"","thumbnail":"","medium":"","medium_large":"","large":"","1536x1536":"","2048x2048":"","woocommerce_thumbnail":"","woocommerce_single":"","woocommerce_gallery_thumbnail":""},"post_excerpt_stackable_v2":"<p>Description de l&#8217;auteur Auteur : Jean-Luc Ceccato Parcours : effectu\u00e9 le 12 juin 2022 D\u00e9part : Buchenbach, au niveau d&#8217;un petit parking se trouvant au milieu du village sur la Hauptstrasse, juste avant l\u2019\u00e9glise. Alt : 450 m Descriptif touristique Buchenbach surplombe la vaste plaine de la Greisam, affluent du Rhin. Le parcours chemine dans la plaine avant de s&#8217;\u00e9lever sur le massif dominant la&nbsp; ville de Freiburg am Brisgau.De nombreux points de vue au programme ! 10 cols 1&nbsp;&nbsp;&nbsp;&nbsp;&nbsp; Hirzbergsattel&nbsp;&nbsp; DE-BW-03972&nbsp; &nbsp; &nbsp;Schlossbergsattel&nbsp;&nbsp;&nbsp;&nbsp; DE-BW-0439b3&nbsp; &nbsp; &nbsp;Rosskopfsattel&nbsp; DE-BW 0587a4&nbsp; &nbsp; &nbsp;Breiteplatz&nbsp;&nbsp;&nbsp;&nbsp;&nbsp;&nbsp;&nbsp; DE-BW-04255&nbsp; &nbsp; &nbsp;Geisterplatz&nbsp;&nbsp;&nbsp;&nbsp;&nbsp; DE-BW-04686&nbsp; &nbsp; &nbsp;Wolfsteige &nbsp;&nbsp;&nbsp;&nbsp;&nbsp;&nbsp;&nbsp; DE-BW-0735a7&nbsp; &nbsp;\u2026<\/p>\n","category_list_v2":"<a href=\"https:\/\/centcols.org\/backup\/categorie\/parcours-des-membres\/parcours-allemagne\/\" rel=\"category tag\">Parcours Allemagne<\/a>, <a href=\"https:\/\/centcols.org\/backup\/categorie\/parcours-des-membres\/\" rel=\"category tag\">Parcours des membres<\/a>","author_info_v2":{"name":"Denis Chouquet-Stringer","url":"https:\/\/centcols.org\/backup\/author\/6183\/"},"comments_num_v2":"0 commentaire","featured_image_src":null,"_links":{"self":[{"href":"https:\/\/centcols.org\/backup\/wp-json\/wp\/v2\/posts\/72339"}],"collection":[{"href":"https:\/\/centcols.org\/backup\/wp-json\/wp\/v2\/posts"}],"about":[{"href":"https:\/\/centcols.org\/backup\/wp-json\/wp\/v2\/types\/post"}],"author":[{"embeddable":true,"href":"https:\/\/centcols.org\/backup\/wp-json\/wp\/v2\/users\/397"}],"replies":[{"embeddable":true,"href":"https:\/\/centcols.org\/backup\/wp-json\/wp\/v2\/comments?post=72339"}],"version-history":[{"count":0,"href":"https:\/\/centcols.org\/backup\/wp-json\/wp\/v2\/posts\/72339\/revisions"}],"wp:attachment":[{"href":"https:\/\/centcols.org\/backup\/wp-json\/wp\/v2\/media?parent=72339"}],"wp:term":[{"taxonomy":"category","embeddable":true,"href":"https:\/\/centcols.org\/backup\/wp-json\/wp\/v2\/categories?post=72339"},{"taxonomy":"post_tag","embeddable":true,"href":"https:\/\/centcols.org\/backup\/wp-json\/wp\/v2\/tags?post=72339"}],"curies":[{"name":"wp","href":"https:\/\/api.w.org\/{rel}","templated":true}]}}