{"id":72621,"date":"2023-07-13T17:57:16","date_gmt":"2023-07-13T15:57:16","guid":{"rendered":"https:\/\/centcols.org\/backup\/?page_id=72621"},"modified":"2023-11-17T20:31:50","modified_gmt":"2023-11-17T19:31:50","slug":"france-2a-piana","status":"publish","type":"post","link":"https:\/\/centcols.org\/backup\/france-2a-piana\/","title":{"rendered":"FR-2A Piana, E Calenche, Porto &#8211; Route 102 km, D+ 2400 m, 10 cols"},"content":{"rendered":"\n<figure class=\"wp-block-image size-large is-resized\"><img loading=\"lazy\" decoding=\"async\" width=\"907\" height=\"548\" src=\"https:\/\/centcols.org\/backup\/wp-content\/uploads\/2023\/05\/Capture-decran-2023-05-08-120123.jpg\" alt=\"\" class=\"wp-image-72623\" style=\"width:1078px;height:651px\" srcset=\"https:\/\/centcols.org\/backup\/wp-content\/uploads\/2023\/05\/Capture-decran-2023-05-08-120123.jpg 907w, https:\/\/centcols.org\/backup\/wp-content\/uploads\/2023\/05\/Capture-decran-2023-05-08-120123-500x302.jpg 500w, https:\/\/centcols.org\/backup\/wp-content\/uploads\/2023\/05\/Capture-decran-2023-05-08-120123-768x464.jpg 768w, https:\/\/centcols.org\/backup\/wp-content\/uploads\/2023\/05\/Capture-decran-2023-05-08-120123-600x363.jpg 600w\" sizes=\"(max-width: 907px) 100vw, 907px\" \/><\/figure>\n\n\n\n<figure class=\"wp-block-image size-large\"><img loading=\"lazy\" decoding=\"async\" width=\"1200\" height=\"320\" src=\"https:\/\/centcols.org\/backup\/wp-content\/uploads\/2023\/05\/FR-2A-Piana-E-Calanche-Porto-1200x320.jpeg\" alt=\"\" class=\"wp-image-72629\" srcset=\"https:\/\/centcols.org\/backup\/wp-content\/uploads\/2023\/05\/FR-2A-Piana-E-Calanche-Porto-1200x320.jpeg 1200w, https:\/\/centcols.org\/backup\/wp-content\/uploads\/2023\/05\/FR-2A-Piana-E-Calanche-Porto-500x133.jpeg 500w, https:\/\/centcols.org\/backup\/wp-content\/uploads\/2023\/05\/FR-2A-Piana-E-Calanche-Porto-768x205.jpeg 768w, https:\/\/centcols.org\/backup\/wp-content\/uploads\/2023\/05\/FR-2A-Piana-E-Calanche-Porto-1536x410.jpeg 1536w, https:\/\/centcols.org\/backup\/wp-content\/uploads\/2023\/05\/FR-2A-Piana-E-Calanche-Porto-2048x546.jpeg 2048w, https:\/\/centcols.org\/backup\/wp-content\/uploads\/2023\/05\/FR-2A-Piana-E-Calanche-Porto-600x160.jpeg 600w\" sizes=\"(max-width: 1200px) 100vw, 1200px\" \/><\/figure>\n\n\n\n<h2 class=\"wp-block-heading\">Description de l&#8217;auteur<\/h2>\n\n\n\n<p class=\"has-medium-font-size\"><strong>Auteur<\/strong> : Bernard Giraudeau<\/p>\n\n\n\n<p class=\"has-medium-font-size\"><strong>Parcours<\/strong> r\u00e9alis\u00e9 en 2022<\/p>\n\n\n\n<p class=\"has-medium-font-size\"><strong>D\u00e9part <\/strong>: Sagone, carrefour D81 \/ D70 au centre du village. Alt : 5 m<\/p>\n\n\n\n<p class=\"has-medium-font-size\"><strong>Description touristique<\/strong><\/p>\n\n\n\n<p class=\"has-medium-font-size\">Ce circuit est l&#8217;un des 2 ou 3 plus beaux itin\u00e9raires de Corse. <\/p>\n\n\n\n<p class=\"has-medium-font-size\">Au d\u00e9part de Carg\u00e8se, la vue se pr\u00e9cipite vers les petits golfes du P\u00e9rou et de Chiuni. Piana est l&#8217;un des plus beaux villages de France et le golfe de Porto se d\u00e9cline en trois couleurs : vert pour la for\u00eat, bleu pour la mer et rouge pour les rochers. Les c\u00e9l\u00e8bres &#8220;calanques&#8221; sont situ\u00e9es entre Piana et Porto. Ici, le granit rouge est \u00e9rod\u00e9 en dentelle. <\/p>\n\n\n\n<p class=\"has-medium-font-size\">La mont\u00e9e vers Evisa, \u00e0 travers la vall\u00e9e du fleuve Porto et de ses affluents, n&#8217;est jamais fatigante.<\/p>\n\n\n\n<p class=\"has-medium-font-size\"><strong>10<span style=\"font-size: 20px; font-family: arial, helvetica, sans-serif;\"> <\/span>cols<\/strong><\/p>\n\n\n\n<p class=\"has-medium-font-size\">1 Bocca Curnatoghiu <a href=\"https:\/\/centcols.org\/backup\/util\/geo\/visu.php?code=FR-2A-0154\" target=\"_blank\" rel=\"noopener\" title=\"\">FR-2A-0154<\/a><br>2 Bocca di a Torraccia <a href=\"https:\/\/centcols.org\/backup\/util\/geo\/visu.php?code=FR-2A-0101\" target=\"_blank\" rel=\"noopener\" title=\"\">FR-2A-0101<\/a><br>3 Bocca di San Martino <a href=\"https:\/\/centcols.org\/backup\/util\/geo\/visu.php?code=FR-2A-0433\" target=\"_blank\" rel=\"noopener\" title=\"\">FR-2A-0433<\/a><br>4 Bocca a Lavu <a href=\"https:\/\/centcols.org\/backup\/util\/geo\/visu.php?code=FR-2A-0491a\" target=\"_blank\" rel=\"noopener\" title=\"\">FR-2A-0491a<\/a><br>5 Bocca di Ghineparu <a href=\"https:\/\/centcols.org\/backup\/util\/geo\/visu.php?code=FR-2A-0425\" target=\"_blank\" rel=\"noopener\" title=\"\">FR-2A-0425<\/a><br>6 Col de Cappiciolo <a href=\"https:\/\/centcols.org\/backup\/util\/geo\/visu.php?code=FR-2A-0547\" target=\"_blank\" rel=\"noopener\" title=\"\">FR-2A-0547<\/a><br>7 Bocca a Zora <a href=\"https:\/\/centcols.org\/backup\/util\/geo\/visu.php?code=FR-2A-0889\" target=\"_blank\" rel=\"noopener\" title=\"\">FR-2A-0889<\/a><br>8 Col de Sevi <a href=\"https:\/\/centcols.org\/backup\/util\/geo\/visu.php?code=FR-2A-1101\" target=\"_blank\" rel=\"noopener\" title=\"\">FR-2A-1101<\/a><br>9 Col de St-Roch <a href=\"https:\/\/centcols.org\/backup\/util\/geo\/visu.php?code=FR-2A-0743\" target=\"_blank\" rel=\"noopener\" title=\"\">FR-2A-0743<\/a><br>10 Col Saint Antoine <a href=\"https:\/\/centcols.org\/backup\/util\/geo\/visu.php?code=FR-2A-0491b\" target=\"_blank\" rel=\"noopener\" title=\"\">FR-2A-0491b<\/a><\/p>\n\n\n\n<p class=\"has-medium-font-size\">Option Gravel&nbsp;:<br>Bocca di Vetricelli <a href=\"https:\/\/centcols.org\/backup\/util\/geo\/visu.php?code=FR-2A-0141\" target=\"_blank\" rel=\"noreferrer noopener\">FR-2A-0141<\/a> de la Bocca Curnatoghiu R1<br>Bocca d&#8217;Ameglia <a href=\"https:\/\/centcols.org\/backup\/util\/geo\/visu.php?code=FR-2A-0707\" target=\"_blank\" rel=\"noreferrer noopener\">FR-2A-0707<\/a> R1\/2 apr\u00e8s le Col de St-Roch<\/p>\n\n\n\n<p class=\"has-medium-font-size\"><strong>Description technique<\/strong><\/p>\n\n\n\n<p class=\"has-medium-font-size\">Les routes sont de bonne qualit\u00e9. La mont\u00e9e vers le petit col de Curnatoghiu est raide et le col n&#8217;est pas le point le plus \u00e9lev\u00e9 avant Carg\u00e8se ! La route est \u00e9galement raide juste apr\u00e8s le col de Sevi, mais elle est en descente !<\/p>\n\n\n\n<p class=\"has-medium-font-size\"><span style=\"font-size: 20px; font-family: arial, helvetica, sans-serif;\"><strong>Mots cl\u00e9s<\/strong>: Montagne de Cagna, Piscia, Vacca, Burivoli, Figari, centcols<\/span><\/p>\n\n\n\n<p class=\"has-medium-font-size\"><strong>CLien vers Openrunner, carte interraactive, profil, trace gpx<\/strong> :<br><a href=\"https:\/\/www.openrunner.com\/route-details\/16703115\" target=\"_blank\" rel=\"noreferrer noopener\"><strong>https:\/\/www.openrunner.com\/route-details\/16703115<\/strong><\/a><\/p>\n\n\n\n<p class=\"has-medium-font-size\">Cet itin\u00e9raire est propos\u00e9 \u00e0 titre purement indicatif. L&#8217;auteur d\u00e9cline toute responsabilit\u00e9, ainsi que celle du Club des Cent Cols, pour les impond\u00e9rables dus au cycliste lui-m\u00eame, au mat\u00e9riel utilis\u00e9 ou \u00e0 tout ce qui concerne la route, les pistes et les chemins, leur environnement et les autres usagers.<\/p>\n\n\n\n<p class=\"has-medium-font-size\">Ici, une <a href=\"https:\/\/centcols.org\/backup\/liste-parcours-cent-cols-sur-or-2\/\" target=\"_blank\" rel=\"noopener\" title=\"\">liste exhaustive des voyages des membres<\/a> du Club des Cent Cols<\/p>\n\n\n\n<h2 class=\"kt-adv-heading72621_fd816c-b6 wp-block-kadence-advancedheading\" data-kb-block=\"kb-adv-heading72621_fd816c-b6\">Photos<\/h2>\n\n\n<div class=\"wp-block-image\">\n<figure class=\"aligncenter size-large\"><img loading=\"lazy\" decoding=\"async\" width=\"1000\" height=\"712\" src=\"https:\/\/centcols.org\/backup\/wp-content\/uploads\/2023\/05\/Porto.jpg\" alt=\"\" class=\"wp-image-72641\" srcset=\"https:\/\/centcols.org\/backup\/wp-content\/uploads\/2023\/05\/Porto.jpg 1000w, https:\/\/centcols.org\/backup\/wp-content\/uploads\/2023\/05\/Porto-500x356.jpg 500w, https:\/\/centcols.org\/backup\/wp-content\/uploads\/2023\/05\/Porto-768x547.jpg 768w, https:\/\/centcols.org\/backup\/wp-content\/uploads\/2023\/05\/Porto-600x427.jpg 600w\" sizes=\"(max-width: 1000px) 100vw, 1000px\" \/><figcaption class=\"wp-element-caption\"><strong>Porto, le port et sa marina<\/strong><\/figcaption><\/figure><\/div>\n\n<div class=\"wp-block-image\">\n<figure class=\"aligncenter size-large\"><img loading=\"lazy\" decoding=\"async\" width=\"1000\" height=\"699\" src=\"https:\/\/centcols.org\/backup\/wp-content\/uploads\/2023\/05\/Golfe-de-porto-etc.jpg\" alt=\"\" class=\"wp-image-72635\" srcset=\"https:\/\/centcols.org\/backup\/wp-content\/uploads\/2023\/05\/Golfe-de-porto-etc.jpg 1000w, https:\/\/centcols.org\/backup\/wp-content\/uploads\/2023\/05\/Golfe-de-porto-etc-500x350.jpg 500w, https:\/\/centcols.org\/backup\/wp-content\/uploads\/2023\/05\/Golfe-de-porto-etc-768x537.jpg 768w, https:\/\/centcols.org\/backup\/wp-content\/uploads\/2023\/05\/Golfe-de-porto-etc-600x419.jpg 600w\" sizes=\"(max-width: 1000px) 100vw, 1000px\" \/><figcaption class=\"wp-element-caption\"><strong>Splendeurs du Golfe de Porto<\/strong><\/figcaption><\/figure><\/div>\n\n<div class=\"wp-block-image\">\n<figure class=\"aligncenter size-large\"><img loading=\"lazy\" decoding=\"async\" width=\"1000\" height=\"700\" src=\"https:\/\/centcols.org\/backup\/wp-content\/uploads\/2023\/05\/Romantisme-.....jpg\" alt=\"\" class=\"wp-image-72647\" srcset=\"https:\/\/centcols.org\/backup\/wp-content\/uploads\/2023\/05\/Romantisme-.....jpg 1000w, https:\/\/centcols.org\/backup\/wp-content\/uploads\/2023\/05\/Romantisme-....-500x350.jpg 500w, https:\/\/centcols.org\/backup\/wp-content\/uploads\/2023\/05\/Romantisme-....-768x538.jpg 768w, https:\/\/centcols.org\/backup\/wp-content\/uploads\/2023\/05\/Romantisme-....-600x420.jpg 600w\" sizes=\"(max-width: 1000px) 100vw, 1000px\" \/><figcaption class=\"wp-element-caption\"><strong>Le romantisme dans les Calanques<\/strong><\/figcaption><\/figure><\/div>\n\n<div class=\"wp-block-image\">\n<figure class=\"aligncenter size-large\"><img decoding=\"async\" src=\"https:\/\/centcols.org\/backup\/util\/geo\/visu\/FR\/img\/1340\/5001.jpg\" alt=\"\"\/><figcaption class=\"wp-element-caption\"><strong>Bocca Curnatoghiu<\/strong><\/figcaption><\/figure><\/div>\n\n<div class=\"wp-block-image\">\n<figure class=\"aligncenter size-large\"><img decoding=\"async\" src=\"https:\/\/centcols.org\/backup\/util\/geo\/visu\/FR\/img\/1340\/3302.jpg\" alt=\"\"\/><figcaption class=\"wp-element-caption\"><strong>Bocca di a Torraccia<\/strong><\/figcaption><\/figure><\/div>\n\n<div class=\"wp-block-image\">\n<figure class=\"aligncenter size-large\"><img decoding=\"async\" src=\"https:\/\/centcols.org\/backup\/util\/geo\/visu\/FR\/img\/1341\/3702.jpg\" alt=\"\"\/><figcaption class=\"wp-element-caption\"><strong>Bocca di San Martino<\/strong><\/figcaption><\/figure><\/div>\n\n<div class=\"wp-block-image\">\n<figure class=\"aligncenter size-large\"><img decoding=\"async\" src=\"https:\/\/centcols.org\/backup\/util\/geo\/visu\/FR\/img\/1341\/5605.jpg\" alt=\"\"\/><figcaption class=\"wp-element-caption\"><strong>Bocca a Lavu<\/strong><\/figcaption><\/figure><\/div>\n\n<div class=\"wp-block-image\">\n<figure class=\"aligncenter size-large\"><img decoding=\"async\" src=\"https:\/\/centcols.org\/backup\/util\/geo\/visu\/FR\/img\/1341\/3601.jpg\" alt=\"\"\/><figcaption class=\"wp-element-caption\"><strong>Bocca di Ghineparu<\/strong><\/figcaption><\/figure><\/div>\n\n<div class=\"wp-block-image\">\n<figure class=\"aligncenter size-large\"><img decoding=\"async\" src=\"https:\/\/centcols.org\/backup\/util\/geo\/visu\/FR\/img\/1341\/7902.jpg\" alt=\"\"\/><figcaption class=\"wp-element-caption\"><strong>Col de Cappiciolo<\/strong><\/figcaption><\/figure><\/div>\n\n<div class=\"wp-block-image\">\n<figure class=\"aligncenter size-large\"><img decoding=\"async\" src=\"https:\/\/centcols.org\/backup\/util\/geo\/visu\/FR\/img\/1343\/1700.jpg\" alt=\"\"\/><figcaption class=\"wp-element-caption\"><strong>Bocca a Zora<\/strong><\/figcaption><\/figure><\/div>\n\n<div class=\"wp-block-image\">\n<figure class=\"aligncenter size-large\"><img decoding=\"async\" src=\"https:\/\/centcols.org\/backup\/util\/geo\/visu\/FR\/img\/1343\/9305.jpg\" alt=\"\"\/><figcaption class=\"wp-element-caption\"><strong>Col de Sevi<\/strong><\/figcaption><\/figure><\/div>\n\n<div class=\"wp-block-image\">\n<figure class=\"aligncenter size-large\"><img decoding=\"async\" src=\"https:\/\/centcols.org\/backup\/util\/geo\/visu\/FR\/img\/1342\/5602.jpg\" alt=\"\"\/><figcaption class=\"wp-element-caption\"><strong>Col de Saint-Roch<\/strong><\/figcaption><\/figure><\/div>\n\n<div class=\"wp-block-image\">\n<figure class=\"aligncenter size-large\"><img decoding=\"async\" src=\"https:\/\/centcols.org\/backup\/util\/geo\/visu\/FR\/img\/1341\/5700.jpg\" alt=\"\"\/><figcaption class=\"wp-element-caption\"><strong>Col Saint-Antoine<\/strong><\/figcaption><\/figure><\/div>\n\n<div class=\"wp-block-image\">\n<figure class=\"aligncenter size-large\"><img decoding=\"async\" src=\"https:\/\/centcols.org\/backup\/util\/geo\/visu\/FR\/img\/1340\/4801.jpg\" alt=\"\"\/><figcaption class=\"wp-element-caption\"><strong>Bocca di Vetricelle<\/strong><\/figcaption><\/figure><\/div>\n\n<div class=\"wp-block-image\">\n<figure class=\"aligncenter size-large\"><img decoding=\"async\" src=\"https:\/\/centcols.org\/backup\/util\/geo\/visu\/FR\/img\/1342\/4103.jpg\" alt=\"\"\/><figcaption class=\"wp-element-caption\"><strong>Bocca d&#8217;Ameglia<\/strong><\/figcaption><\/figure><\/div>","protected":false},"excerpt":{"rendered":"<p>Description de l&#8217;auteur Auteur : Bernard Giraudeau Parcours r\u00e9alis\u00e9 en 2022 D\u00e9part : Sagone, carrefour D81 \/ D70 au centre du village. Alt : 5 m Description touristique Ce circuit est l&#8217;un des 2 ou 3 plus beaux itin\u00e9raires de Corse. Au d\u00e9part de Carg\u00e8se, la vue se pr\u00e9cipite vers les petits golfes du P\u00e9rou [&hellip;]<\/p>\n","protected":false},"author":397,"featured_media":0,"comment_status":"closed","ping_status":"closed","sticky":false,"template":"","format":"standard","meta":{"_acf_changed":false,"ub_ctt_via":"","_monsterinsights_skip_tracking":false,"_monsterinsights_sitenote_active":false,"_monsterinsights_sitenote_note":"","_monsterinsights_sitenote_category":0,"footnotes":""},"categories":[600,602],"tags":[],"acf":[],"featured_image_urls":{"full":"","thumbnail":"","medium":"","medium_large":"","large":"","1536x1536":"","2048x2048":"","woocommerce_thumbnail":"","woocommerce_single":"","woocommerce_gallery_thumbnail":""},"post_excerpt_stackable":"<p>Description de l&#8217;auteur Auteur : Bernard Giraudeau Parcours r\u00e9alis\u00e9 en 2022 D\u00e9part : Sagone, carrefour D81 \/ D70 au centre du village. Alt : 5 m Description touristique Ce circuit est l&#8217;un des 2 ou 3 plus beaux itin\u00e9raires de Corse. Au d\u00e9part de Carg\u00e8se, la vue se pr\u00e9cipite vers les petits golfes du P\u00e9rou et de Chiuni. Piana est l&#8217;un des plus beaux villages de France et le golfe de Porto se d\u00e9cline en trois couleurs : vert pour la for\u00eat, bleu pour la mer et rouge pour les rochers. Les c\u00e9l\u00e8bres &#8220;calanques&#8221; sont situ\u00e9es entre Piana et Porto.\u2026<\/p>\n","category_list":"<a href=\"https:\/\/centcols.org\/backup\/categorie\/parcours-des-membres\/\" rel=\"category tag\">Parcours des membres<\/a>, <a href=\"https:\/\/centcols.org\/backup\/categorie\/parcours-des-membres\/parcours-france\/\" rel=\"category tag\">Parcours France<\/a>","author_info":{"display_name":"Denis Chouquet-Stringer","author_link":"https:\/\/centcols.org\/backup\/author\/6183\/"},"comments_num":"0 commentaire","featured_image_urls_v2":{"full":"","thumbnail":"","medium":"","medium_large":"","large":"","1536x1536":"","2048x2048":"","woocommerce_thumbnail":"","woocommerce_single":"","woocommerce_gallery_thumbnail":""},"post_excerpt_stackable_v2":"<p>Description de l&#8217;auteur Auteur : Bernard Giraudeau Parcours r\u00e9alis\u00e9 en 2022 D\u00e9part : Sagone, carrefour D81 \/ D70 au centre du village. Alt : 5 m Description touristique Ce circuit est l&#8217;un des 2 ou 3 plus beaux itin\u00e9raires de Corse. Au d\u00e9part de Carg\u00e8se, la vue se pr\u00e9cipite vers les petits golfes du P\u00e9rou et de Chiuni. Piana est l&#8217;un des plus beaux villages de France et le golfe de Porto se d\u00e9cline en trois couleurs : vert pour la for\u00eat, bleu pour la mer et rouge pour les rochers. Les c\u00e9l\u00e8bres &#8220;calanques&#8221; sont situ\u00e9es entre Piana et Porto.\u2026<\/p>\n","category_list_v2":"<a href=\"https:\/\/centcols.org\/backup\/categorie\/parcours-des-membres\/\" rel=\"category tag\">Parcours des membres<\/a>, <a href=\"https:\/\/centcols.org\/backup\/categorie\/parcours-des-membres\/parcours-france\/\" rel=\"category tag\">Parcours France<\/a>","author_info_v2":{"name":"Denis Chouquet-Stringer","url":"https:\/\/centcols.org\/backup\/author\/6183\/"},"comments_num_v2":"0 commentaire","featured_image_src":null,"_links":{"self":[{"href":"https:\/\/centcols.org\/backup\/wp-json\/wp\/v2\/posts\/72621"}],"collection":[{"href":"https:\/\/centcols.org\/backup\/wp-json\/wp\/v2\/posts"}],"about":[{"href":"https:\/\/centcols.org\/backup\/wp-json\/wp\/v2\/types\/post"}],"author":[{"embeddable":true,"href":"https:\/\/centcols.org\/backup\/wp-json\/wp\/v2\/users\/397"}],"replies":[{"embeddable":true,"href":"https:\/\/centcols.org\/backup\/wp-json\/wp\/v2\/comments?post=72621"}],"version-history":[{"count":0,"href":"https:\/\/centcols.org\/backup\/wp-json\/wp\/v2\/posts\/72621\/revisions"}],"wp:attachment":[{"href":"https:\/\/centcols.org\/backup\/wp-json\/wp\/v2\/media?parent=72621"}],"wp:term":[{"taxonomy":"category","embeddable":true,"href":"https:\/\/centcols.org\/backup\/wp-json\/wp\/v2\/categories?post=72621"},{"taxonomy":"post_tag","embeddable":true,"href":"https:\/\/centcols.org\/backup\/wp-json\/wp\/v2\/tags?post=72621"}],"curies":[{"name":"wp","href":"https:\/\/api.w.org\/{rel}","templated":true}]}}