{"id":72670,"date":"2023-05-09T08:31:53","date_gmt":"2023-05-09T06:31:53","guid":{"rendered":"https:\/\/centcols.org\/backup\/?page_id=72670"},"modified":"2023-11-27T19:35:10","modified_gmt":"2023-11-27T18:35:10","slug":"espagne-gr-pico-veleta","status":"publish","type":"post","link":"https:\/\/centcols.org\/backup\/espagne-gr-pico-veleta\/","title":{"rendered":"ES-GR Pico del Veleta &#8211; Gravel 102 km, D+ 3005 m, 9 cols"},"content":{"rendered":"\n<h2 class=\"wp-block-heading\">Parcours des membres &#8211; Gravel &#8211; 9 cols<\/h2>\n\n\n\n<figure class=\"wp-block-image size-large is-resized\"><img loading=\"lazy\" decoding=\"async\" width=\"907\" height=\"541\" src=\"https:\/\/centcols.org\/backup\/wp-content\/uploads\/2023\/05\/Capture-decran-2023-05-11-075912.jpg\" alt=\"\" class=\"wp-image-72672\" style=\"width:1255px;height:749px\" srcset=\"https:\/\/centcols.org\/backup\/wp-content\/uploads\/2023\/05\/Capture-decran-2023-05-11-075912.jpg 907w, https:\/\/centcols.org\/backup\/wp-content\/uploads\/2023\/05\/Capture-decran-2023-05-11-075912-500x298.jpg 500w, https:\/\/centcols.org\/backup\/wp-content\/uploads\/2023\/05\/Capture-decran-2023-05-11-075912-768x458.jpg 768w, https:\/\/centcols.org\/backup\/wp-content\/uploads\/2023\/05\/Capture-decran-2023-05-11-075912-600x358.jpg 600w\" sizes=\"(max-width: 907px) 100vw, 907px\" \/><\/figure>\n\n\n\n<figure class=\"wp-block-image size-large\"><img loading=\"lazy\" decoding=\"async\" width=\"1200\" height=\"320\" src=\"https:\/\/centcols.org\/backup\/wp-content\/uploads\/2023\/05\/ES-GR-Pico-del-Veleta-1200x320.jpeg\" alt=\"\" class=\"wp-image-72678\" srcset=\"https:\/\/centcols.org\/backup\/wp-content\/uploads\/2023\/05\/ES-GR-Pico-del-Veleta-1200x320.jpeg 1200w, https:\/\/centcols.org\/backup\/wp-content\/uploads\/2023\/05\/ES-GR-Pico-del-Veleta-500x133.jpeg 500w, https:\/\/centcols.org\/backup\/wp-content\/uploads\/2023\/05\/ES-GR-Pico-del-Veleta-768x205.jpeg 768w, https:\/\/centcols.org\/backup\/wp-content\/uploads\/2023\/05\/ES-GR-Pico-del-Veleta-1536x410.jpeg 1536w, https:\/\/centcols.org\/backup\/wp-content\/uploads\/2023\/05\/ES-GR-Pico-del-Veleta-2048x546.jpeg 2048w, https:\/\/centcols.org\/backup\/wp-content\/uploads\/2023\/05\/ES-GR-Pico-del-Veleta-600x160.jpeg 600w\" sizes=\"(max-width: 1200px) 100vw, 1200px\" \/><\/figure>\n\n\n\n<h2 class=\"wp-block-heading\">Description de l&#8217;auteur<\/h2>\n\n\n\n<p><span style=\"font-size: 20px; font-family: arial, helvetica, sans-serif;\"><strong>Auteur <\/strong>: Philippe Garcia<\/span><\/p>\n\n\n\n<p><span style=\"font-family: arial, helvetica, sans-serif; font-size: 20px;\"><strong>Parcours<\/strong> : effectu\u00e9 le 19\/09\/2016<\/span><\/p>\n\n\n\n<p class=\"has-medium-font-size\"><span style=\"font-size: 20px; font-family: arial, helvetica, sans-serif;\"><strong>D\u00e9part<\/strong> : Grenade, le long du Rio Genil, Calle Puente Verde. Alt : 700 m<\/span><\/p>\n\n\n\n<p><\/p>\n\n\n\n<p class=\"has-medium-font-size\"><strong><span style=\"font-size: 20px; font-family: arial, helvetica, sans-serif;\">Descriptif touristique<\/span><\/strong><\/p>\n\n\n\n<p class=\"has-medium-font-size\">La Sierra Nevada (cha\u00eene de montagnes enneig\u00e9e, en espagnol) est un massif orient\u00e9 est-ouest. Il s&#8217;est form\u00e9 en m\u00eame temps que les Alpes lors de la collision des plaques africaine et eurasienne.&nbsp; Pico del Veleta ( 3396 m ) est le troisi\u00e8me plus haut sommet espagnol et se trouve \u00e0 l&#8217;extr\u00e9mit\u00e9 ouest de la cha\u00eene, au-dessus de la ville de Grenade. La &#8220;route la plus haute d&#8217;Europe&#8221; (le titre est disput\u00e9 !) grimpe pratiquement jusqu&#8217;au sommet. Quelques cols satellites participent \u00e0 l&#8217;attrait cycliste de Pico del Veleta.<\/p>\n\n\n\n<p class=\"has-medium-font-size\">L&#8217;ascension au Pico Veleta est comprise dans ce parcours.<\/p>\n\n\n\n<p class=\"has-medium-font-size\">Des&nbsp; h\u00f4tels se trouvent sur la route et permettent de fractionner l&#8217;ascension en deux parties.<\/p>\n\n\n\n<div style=\"height:16px\" aria-hidden=\"true\" class=\"wp-block-spacer\"><\/div>\n\n\n\n<p class=\"has-medium-font-size\"><strong>9 <span style=\"font-size: 20px; font-family: arial, helvetica, sans-serif;\">cols <\/span><\/strong>(dont 4 \u00e0 plus de 3000 m et 4 \u00e0 plus de 2000 m)<\/p>\n\n\n\n<p class=\"has-medium-font-size\">1 Collado del Muerto&nbsp; <a href=\"https:\/\/centcols.org\/backup\/util\/geo\/visu.php?code=ES-GR-1491\" target=\"_blank\" rel=\"noreferrer noopener\">ES-GR-1491<\/a><br>2 Collado de la Cariguela del Veleta <a href=\"https:\/\/centcols.org\/backup\/util\/geo\/visu.php?code=ES-GR-3201\" target=\"_blank\" rel=\"noreferrer noopener\">ES-GR-3201<\/a><br>3 Collado del Lobo <a href=\"https:\/\/centcols.org\/backup\/util\/geo\/visu.php?code=ES-GR-3119\" target=\"_blank\" rel=\"noreferrer noopener\">ES-GR-3119<\/a><br>4 La Puerta <a href=\"https:\/\/centcols.org\/backup\/util\/geo\/visu.php?code=ES-GR-3124\" target=\"_blank\" rel=\"noreferrer noopener\">ES-GR-3124<\/a><br>5 Portillo de los Crestones de Rio Seco <a href=\"https:\/\/centcols.org\/backup\/util\/geo\/visu.php?code=ES-GR-3089\" target=\"_blank\" rel=\"noreferrer noopener\">ES-GR-3089<\/a><br>6 Collado de las Yuegas&nbsp; <a href=\"https:\/\/centcols.org\/backup\/util\/geo\/visu.php?code=ES-GR-2856\" target=\"_blank\" rel=\"noreferrer noopener\">ES-GR-2856<\/a><br>7 Collado del Diablo <a href=\"https:\/\/centcols.org\/backup\/util\/geo\/visu.php?code=ES-GR-2330\" target=\"_blank\" rel=\"noreferrer noopener\">ES-GR- 2330<\/a><br>8 Collado de las Sabinas <a href=\"https:\/\/centcols.org\/backup\/util\/geo\/visu.php?code=ES-GR-2180\" target=\"_blank\" rel=\"noreferrer noopener\">ES-GR-2180<\/a><br>9 Collado de las Sabinillas <a href=\"https:\/\/centcols.org\/backup\/util\/geo\/visu.php?code=ES-GR-2035\" target=\"_blank\" rel=\"noreferrer noopener\">ES-GR-2035<\/a><\/p>\n\n\n\n<div style=\"height:18px\" aria-hidden=\"true\" class=\"wp-block-spacer\"><\/div>\n\n\n\n<p class=\"has-medium-font-size\"><strong>Descriptif technique<\/strong><\/p>\n\n\n\n<p class=\"has-medium-font-size\">Le parcours compte 84 km de route rev\u00eatue, 10 km de piste routi\u00e8re, 6 km de voie de jonction entre piste de ski de la station de Pradollano et 1 km de piste cyclable finale. L&#8217;utilisation d&#8217;un Gravel ne pose aucun probl\u00e8me.<\/p>\n\n\n\n<p class=\"has-medium-font-size\"><span style=\"font-size: 20px; font-family: arial, helvetica, sans-serif;\"><strong>Mots-cl\u00e9s<\/strong> : Andalousie, Grenade, Pico del Veleta, collado del Veleta, centcolss<\/span><\/p>\n\n\n\n<p class=\"has-medium-font-size\"><span style=\"font-size: 20px; font-family: arial, helvetica, sans-serif;\"><strong>Lien openrunner, carte interactive, profil, trace gpx<\/strong> : <\/span><strong><a href=\"https:\/\/www.openrunner.com\/route-details\/16639210\" target=\"_blank\" rel=\"noreferrer noopener\">https:\/\/www.openrunner.com\/route-details\/16639210<\/a><\/strong><\/p>\n\n\n\n<p class=\"has-medium-font-size\"><span style=\"font-size: 20px; font-family: arial, helvetica, sans-serif;\">Cet itin\u00e9raire est propos\u00e9 \u00e0 titre indicatif. L&#8217;auteur d\u00e9gage sa responsabilit\u00e9 et celle du Club des Cent Cols en vertu des impond\u00e9rables dus au cycliste lui-m\u00eame, au mat\u00e9riel utilis\u00e9 et tout ce qui concerne la route, les pistes et sentiers, leurs abords et les autres utilisateurs de ceux-ci.<\/span><\/p>\n\n\n\n<p><span style=\"font-size: 20px;\">Ici, une <a href=\"https:\/\/centcols.org\/backup\/liste-parcours-cent-cols-sur-or-2\/\" target=\"_blank\" rel=\"noopener\">vue exhaustive des parcours membres<\/a> du Club des Cent Cols<\/span><\/p>\n\n\n\n<h2 class=\"kt-adv-heading72670_ac1987-34 wp-block-kadence-advancedheading\" data-kb-block=\"kb-adv-heading72670_ac1987-34\">Photos<\/h2>\n\n\n\n<p class=\"has-medium-font-size\">Album photo : <a href=\"https:\/\/goo.gl\/photos\/niboTCUyEjwS2PTo9\" target=\"_blank\" rel=\"noreferrer noopener\">https:\/\/goo.gl\/photos\/niboTCUyEjwS2PTo9<\/a><\/p>\n\n\n<div class=\"wp-block-image\">\n<figure class=\"aligncenter size-large\"><img loading=\"lazy\" decoding=\"async\" width=\"1200\" height=\"900\" src=\"https:\/\/centcols.org\/backup\/wp-content\/uploads\/2023\/05\/Pico-Mulhacen-1200x900.jpg\" alt=\"\" class=\"wp-image-72708\" srcset=\"https:\/\/centcols.org\/backup\/wp-content\/uploads\/2023\/05\/Pico-Mulhacen-1200x900.jpg 1200w, https:\/\/centcols.org\/backup\/wp-content\/uploads\/2023\/05\/Pico-Mulhacen-500x375.jpg 500w, https:\/\/centcols.org\/backup\/wp-content\/uploads\/2023\/05\/Pico-Mulhacen-768x576.jpg 768w, https:\/\/centcols.org\/backup\/wp-content\/uploads\/2023\/05\/Pico-Mulhacen-600x450.jpg 600w, https:\/\/centcols.org\/backup\/wp-content\/uploads\/2023\/05\/Pico-Mulhacen.jpg 1205w\" sizes=\"(max-width: 1200px) 100vw, 1200px\" \/><figcaption class=\"wp-element-caption\"><strong>Pico Mulhacen<\/strong><\/figcaption><\/figure><\/div>\n\n\n<figure class=\"wp-block-image size-large\"><img loading=\"lazy\" decoding=\"async\" width=\"1200\" height=\"900\" src=\"https:\/\/centcols.org\/backup\/wp-content\/uploads\/2023\/05\/Petites-chevrettes-abdalouses-1200x900.jpg\" alt=\"\" class=\"wp-image-72702\" srcset=\"https:\/\/centcols.org\/backup\/wp-content\/uploads\/2023\/05\/Petites-chevrettes-abdalouses-1200x900.jpg 1200w, https:\/\/centcols.org\/backup\/wp-content\/uploads\/2023\/05\/Petites-chevrettes-abdalouses-500x375.jpg 500w, https:\/\/centcols.org\/backup\/wp-content\/uploads\/2023\/05\/Petites-chevrettes-abdalouses-768x576.jpg 768w, https:\/\/centcols.org\/backup\/wp-content\/uploads\/2023\/05\/Petites-chevrettes-abdalouses-600x450.jpg 600w, https:\/\/centcols.org\/backup\/wp-content\/uploads\/2023\/05\/Petites-chevrettes-abdalouses.jpg 1205w\" sizes=\"(max-width: 1200px) 100vw, 1200px\" \/><figcaption class=\"wp-element-caption\"><strong>Petites chevrettes andalouses<\/strong><\/figcaption><\/figure>\n\n\n\n<figure class=\"wp-block-image size-large\"><img loading=\"lazy\" decoding=\"async\" width=\"1200\" height=\"800\" src=\"https:\/\/centcols.org\/backup\/wp-content\/uploads\/2023\/05\/Le-sommet-1200x800.jpg\" alt=\"\" class=\"wp-image-72696\" srcset=\"https:\/\/centcols.org\/backup\/wp-content\/uploads\/2023\/05\/Le-sommet-1200x800.jpg 1200w, https:\/\/centcols.org\/backup\/wp-content\/uploads\/2023\/05\/Le-sommet-500x333.jpg 500w, https:\/\/centcols.org\/backup\/wp-content\/uploads\/2023\/05\/Le-sommet-768x512.jpg 768w, https:\/\/centcols.org\/backup\/wp-content\/uploads\/2023\/05\/Le-sommet-600x400.jpg 600w, https:\/\/centcols.org\/backup\/wp-content\/uploads\/2023\/05\/Le-sommet.jpg 1442w\" sizes=\"(max-width: 1200px) 100vw, 1200px\" \/><figcaption class=\"wp-element-caption\"><strong>Le sommet<\/strong><\/figcaption><\/figure>\n\n\n<div class=\"wp-block-image\">\n<figure class=\"aligncenter size-large\"><img loading=\"lazy\" decoding=\"async\" width=\"1200\" height=\"900\" src=\"https:\/\/centcols.org\/backup\/wp-content\/uploads\/2023\/05\/La-piste-1200x900.jpg\" alt=\"\" class=\"wp-image-72690\" srcset=\"https:\/\/centcols.org\/backup\/wp-content\/uploads\/2023\/05\/La-piste-1200x900.jpg 1200w, https:\/\/centcols.org\/backup\/wp-content\/uploads\/2023\/05\/La-piste-500x375.jpg 500w, https:\/\/centcols.org\/backup\/wp-content\/uploads\/2023\/05\/La-piste-768x576.jpg 768w, https:\/\/centcols.org\/backup\/wp-content\/uploads\/2023\/05\/La-piste-600x450.jpg 600w, https:\/\/centcols.org\/backup\/wp-content\/uploads\/2023\/05\/La-piste.jpg 1205w\" sizes=\"(max-width: 1200px) 100vw, 1200px\" \/><figcaption class=\"wp-element-caption\"><strong>La piste<\/strong><\/figcaption><\/figure><\/div>\n\n<div class=\"wp-block-image\">\n<figure class=\"aligncenter size-large\"><img loading=\"lazy\" decoding=\"async\" width=\"1200\" height=\"900\" src=\"https:\/\/centcols.org\/backup\/wp-content\/uploads\/2023\/05\/La-piste-2-1200x900.jpg\" alt=\"\" class=\"wp-image-72684\" srcset=\"https:\/\/centcols.org\/backup\/wp-content\/uploads\/2023\/05\/La-piste-2-1200x900.jpg 1200w, https:\/\/centcols.org\/backup\/wp-content\/uploads\/2023\/05\/La-piste-2-500x375.jpg 500w, https:\/\/centcols.org\/backup\/wp-content\/uploads\/2023\/05\/La-piste-2-768x576.jpg 768w, https:\/\/centcols.org\/backup\/wp-content\/uploads\/2023\/05\/La-piste-2-600x450.jpg 600w, https:\/\/centcols.org\/backup\/wp-content\/uploads\/2023\/05\/La-piste-2.jpg 1205w\" sizes=\"(max-width: 1200px) 100vw, 1200px\" \/><figcaption class=\"wp-element-caption\"><strong>La piste<\/strong><\/figcaption><\/figure><\/div>\n\n<div class=\"wp-block-image\">\n<figure class=\"aligncenter size-large\"><img decoding=\"async\" src=\"https:\/\/centcols.org\/backup\/util\/geo\/visu\/ES\/img\/1175\/1100.jpg\" alt=\"\"\/><figcaption class=\"wp-element-caption\"><strong>Collado del Muerto<\/strong><\/figcaption><\/figure><\/div>\n\n<div class=\"wp-block-image\">\n<figure class=\"aligncenter size-large\"><img decoding=\"async\" src=\"https:\/\/centcols.org\/backup\/util\/geo\/visu\/ES\/img\/1176\/6600.jpg\" alt=\"\"\/><figcaption class=\"wp-element-caption\"><strong>Collado de la Carig\u00fcela del Veleta<\/strong><\/figcaption><\/figure><\/div>\n\n<div class=\"wp-block-image\">\n<figure class=\"aligncenter size-large\"><img decoding=\"async\" src=\"https:\/\/centcols.org\/backup\/util\/geo\/visu\/ES\/img\/1176\/6301.jpg\" alt=\"\"\/><figcaption class=\"wp-element-caption\"><strong>Collado del Lobo<\/strong><\/figcaption><\/figure><\/div>\n\n<div class=\"wp-block-image\">\n<figure class=\"aligncenter size-large\"><img decoding=\"async\" src=\"https:\/\/centcols.org\/backup\/util\/geo\/visu\/ES\/img\/1176\/6500.jpg\" alt=\"\"\/><figcaption class=\"wp-element-caption\"><strong>La Puerta<\/strong><\/figcaption><\/figure><\/div>\n\n<div class=\"wp-block-image\">\n<figure class=\"aligncenter size-large\"><img decoding=\"async\" src=\"https:\/\/centcols.org\/backup\/util\/geo\/visu\/ES\/img\/1176\/5900.jpg\" alt=\"\"\/><figcaption class=\"wp-element-caption\"><strong>Portillo de los Crestones de R\u00edo Seco<\/strong><\/figcaption><\/figure><\/div>\n\n<div class=\"wp-block-image\">\n<figure class=\"aligncenter size-large\"><img decoding=\"async\" src=\"https:\/\/centcols.org\/backup\/util\/geo\/visu\/ES\/img\/1176\/5300.jpg\" alt=\"\"\/><figcaption class=\"wp-element-caption\"><strong>Collado de las Yeguas<\/strong><\/figcaption><\/figure><\/div>\n\n<div class=\"wp-block-image\">\n<figure class=\"aligncenter size-large is-resized\"><img decoding=\"async\" src=\"https:\/\/centcols.org\/backup\/util\/geo\/visu\/ES\/img\/1176\/4300.jpg\" alt=\"\" style=\"width:637px;height:478px\"\/><\/figure><\/div>\n\n<div class=\"wp-block-image\">\n<figure class=\"aligncenter size-large\"><img decoding=\"async\" src=\"https:\/\/centcols.org\/backup\/util\/geo\/visu\/ES\/img\/1176\/3400.jpg\" alt=\"\"\/><figcaption class=\"wp-element-caption\"><strong>Collado de las Sabinillas<\/strong><\/figcaption><\/figure><\/div>","protected":false},"excerpt":{"rendered":"<p>Parcours des membres &#8211; Gravel &#8211; 9 cols Description de l&#8217;auteur Auteur : Philippe Garcia Parcours : effectu\u00e9 le 19\/09\/2016 D\u00e9part : Grenade, le long du Rio Genil, Calle Puente Verde. Alt : 700 m Descriptif touristique La Sierra Nevada (cha\u00eene de montagnes enneig\u00e9e, en espagnol) est un massif orient\u00e9 est-ouest. Il s&#8217;est form\u00e9 en [&hellip;]<\/p>\n","protected":false},"author":397,"featured_media":0,"comment_status":"closed","ping_status":"closed","sticky":false,"template":"","format":"standard","meta":{"_acf_changed":false,"ub_ctt_via":"","_monsterinsights_skip_tracking":false,"_monsterinsights_sitenote_active":false,"_monsterinsights_sitenote_note":"","_monsterinsights_sitenote_category":0,"footnotes":""},"categories":[604,600],"tags":[],"acf":[],"featured_image_urls":{"full":"","thumbnail":"","medium":"","medium_large":"","large":"","1536x1536":"","2048x2048":"","woocommerce_thumbnail":"","woocommerce_single":"","woocommerce_gallery_thumbnail":""},"post_excerpt_stackable":"<p>Parcours des membres &#8211; Gravel &#8211; 9 cols Description de l&#8217;auteur Auteur : Philippe Garcia Parcours : effectu\u00e9 le 19\/09\/2016 D\u00e9part : Grenade, le long du Rio Genil, Calle Puente Verde. Alt : 700 m Descriptif touristique La Sierra Nevada (cha\u00eene de montagnes enneig\u00e9e, en espagnol) est un massif orient\u00e9 est-ouest. Il s&#8217;est form\u00e9 en m\u00eame temps que les Alpes lors de la collision des plaques africaine et eurasienne.&nbsp; Pico del Veleta ( 3396 m ) est le troisi\u00e8me plus haut sommet espagnol et se trouve \u00e0 l&#8217;extr\u00e9mit\u00e9 ouest de la cha\u00eene, au-dessus de la ville de Grenade. La &#8220;route\u2026<\/p>\n","category_list":"<a href=\"https:\/\/centcols.org\/backup\/categorie\/parcours-des-membres\/fr-hors-cahier-des-charges\/\" rel=\"category tag\">Non labellis\u00e9s Cent Cols<\/a>, <a href=\"https:\/\/centcols.org\/backup\/categorie\/parcours-des-membres\/\" rel=\"category tag\">Parcours des membres<\/a>","author_info":{"display_name":"Denis Chouquet-Stringer","author_link":"https:\/\/centcols.org\/backup\/author\/6183\/"},"comments_num":"0 commentaire","featured_image_urls_v2":{"full":"","thumbnail":"","medium":"","medium_large":"","large":"","1536x1536":"","2048x2048":"","woocommerce_thumbnail":"","woocommerce_single":"","woocommerce_gallery_thumbnail":""},"post_excerpt_stackable_v2":"<p>Parcours des membres &#8211; Gravel &#8211; 9 cols Description de l&#8217;auteur Auteur : Philippe Garcia Parcours : effectu\u00e9 le 19\/09\/2016 D\u00e9part : Grenade, le long du Rio Genil, Calle Puente Verde. Alt : 700 m Descriptif touristique La Sierra Nevada (cha\u00eene de montagnes enneig\u00e9e, en espagnol) est un massif orient\u00e9 est-ouest. Il s&#8217;est form\u00e9 en m\u00eame temps que les Alpes lors de la collision des plaques africaine et eurasienne.&nbsp; Pico del Veleta ( 3396 m ) est le troisi\u00e8me plus haut sommet espagnol et se trouve \u00e0 l&#8217;extr\u00e9mit\u00e9 ouest de la cha\u00eene, au-dessus de la ville de Grenade. La &#8220;route\u2026<\/p>\n","category_list_v2":"<a href=\"https:\/\/centcols.org\/backup\/categorie\/parcours-des-membres\/fr-hors-cahier-des-charges\/\" rel=\"category tag\">Non labellis\u00e9s Cent Cols<\/a>, <a href=\"https:\/\/centcols.org\/backup\/categorie\/parcours-des-membres\/\" rel=\"category tag\">Parcours des membres<\/a>","author_info_v2":{"name":"Denis Chouquet-Stringer","url":"https:\/\/centcols.org\/backup\/author\/6183\/"},"comments_num_v2":"0 commentaire","featured_image_src":null,"_links":{"self":[{"href":"https:\/\/centcols.org\/backup\/wp-json\/wp\/v2\/posts\/72670"}],"collection":[{"href":"https:\/\/centcols.org\/backup\/wp-json\/wp\/v2\/posts"}],"about":[{"href":"https:\/\/centcols.org\/backup\/wp-json\/wp\/v2\/types\/post"}],"author":[{"embeddable":true,"href":"https:\/\/centcols.org\/backup\/wp-json\/wp\/v2\/users\/397"}],"replies":[{"embeddable":true,"href":"https:\/\/centcols.org\/backup\/wp-json\/wp\/v2\/comments?post=72670"}],"version-history":[{"count":0,"href":"https:\/\/centcols.org\/backup\/wp-json\/wp\/v2\/posts\/72670\/revisions"}],"wp:attachment":[{"href":"https:\/\/centcols.org\/backup\/wp-json\/wp\/v2\/media?parent=72670"}],"wp:term":[{"taxonomy":"category","embeddable":true,"href":"https:\/\/centcols.org\/backup\/wp-json\/wp\/v2\/categories?post=72670"},{"taxonomy":"post_tag","embeddable":true,"href":"https:\/\/centcols.org\/backup\/wp-json\/wp\/v2\/tags?post=72670"}],"curies":[{"name":"wp","href":"https:\/\/api.w.org\/{rel}","templated":true}]}}