{"id":72716,"date":"2023-07-19T09:02:06","date_gmt":"2023-07-19T07:02:06","guid":{"rendered":"https:\/\/centcols.org\/backup\/?page_id=72716"},"modified":"2023-11-17T20:33:31","modified_gmt":"2023-11-17T19:33:31","slug":"france-06-tende-o","status":"publish","type":"post","link":"https:\/\/centcols.org\/backup\/france-06-tende-o\/","title":{"rendered":"FR-06 Tende Ouest &#8211; VTT 50 km, D+ 1650 m, 7 cols"},"content":{"rendered":"\n<figure class=\"wp-block-image size-large is-resized\"><img loading=\"lazy\" decoding=\"async\" width=\"905\" height=\"542\" src=\"https:\/\/centcols.org\/backup\/wp-content\/uploads\/2023\/05\/Capture-decran-2023-05-11-084632.jpg\" alt=\"\" class=\"wp-image-72718\" style=\"width:1017px;height:609px\" srcset=\"https:\/\/centcols.org\/backup\/wp-content\/uploads\/2023\/05\/Capture-decran-2023-05-11-084632.jpg 905w, https:\/\/centcols.org\/backup\/wp-content\/uploads\/2023\/05\/Capture-decran-2023-05-11-084632-500x299.jpg 500w, https:\/\/centcols.org\/backup\/wp-content\/uploads\/2023\/05\/Capture-decran-2023-05-11-084632-768x460.jpg 768w, https:\/\/centcols.org\/backup\/wp-content\/uploads\/2023\/05\/Capture-decran-2023-05-11-084632-600x359.jpg 600w\" sizes=\"(max-width: 905px) 100vw, 905px\" \/><\/figure>\n\n\n\n<figure class=\"wp-block-image size-large\"><img loading=\"lazy\" decoding=\"async\" width=\"1200\" height=\"320\" src=\"https:\/\/centcols.org\/backup\/wp-content\/uploads\/2023\/05\/FR-06-Tende-Ouest-1200x320.jpeg\" alt=\"\" class=\"wp-image-72724\" srcset=\"https:\/\/centcols.org\/backup\/wp-content\/uploads\/2023\/05\/FR-06-Tende-Ouest-1200x320.jpeg 1200w, https:\/\/centcols.org\/backup\/wp-content\/uploads\/2023\/05\/FR-06-Tende-Ouest-500x133.jpeg 500w, https:\/\/centcols.org\/backup\/wp-content\/uploads\/2023\/05\/FR-06-Tende-Ouest-768x205.jpeg 768w, https:\/\/centcols.org\/backup\/wp-content\/uploads\/2023\/05\/FR-06-Tende-Ouest-1536x410.jpeg 1536w, https:\/\/centcols.org\/backup\/wp-content\/uploads\/2023\/05\/FR-06-Tende-Ouest-2048x546.jpeg 2048w, https:\/\/centcols.org\/backup\/wp-content\/uploads\/2023\/05\/FR-06-Tende-Ouest-600x160.jpeg 600w\" sizes=\"(max-width: 1200px) 100vw, 1200px\" \/><\/figure>\n\n\n\n<h2 class=\"wp-block-heading\">Description de l&#8217;auteur<\/h2>\n\n\n\n<p><span style=\"font-size: 20px; font-family: arial, helvetica, sans-serif;\"><strong>Auteur <\/strong>: Ren\u00e9 Rial<\/span><\/p>\n\n\n\n<p><span style=\"font-family: arial, helvetica, sans-serif; font-size: 20px;\"><strong>Parcours<\/strong> : effectu\u00e9 le 9\/09\/2016<\/span><\/p>\n\n\n\n<p class=\"has-medium-font-size\"><span style=\"font-size: 20px; font-family: arial, helvetica, sans-serif;\"><strong>D\u00e9part<\/strong> : Centre du village de Tende, proche de la sortie nord. Alt : 825 m<\/span><\/p>\n\n\n\n<p><\/p>\n\n\n\n<p class=\"has-medium-font-size\"><strong><span style=\"font-size: 20px; font-family: arial, helvetica, sans-serif;\">Descriptif touristique<\/span><\/strong><\/p>\n\n\n\n<p class=\"has-medium-font-size\">La r\u00e9putation des pistes et cols des cr\u00eates de Tende n&#8217;est plus \u00e0 faire pour les amateurs de VTT et de cols. De nombreux ouvrages militaires jalonnent les pistes de la cr\u00eate fronti\u00e8re entre l&#8217;Italie et la France. De nombreux et remarquables points de vue sont offerts depuis le parcours<\/p>\n\n\n\n<div style=\"height:16px\" aria-hidden=\"true\" class=\"wp-block-spacer\"><\/div>\n\n\n\n<p class=\"has-medium-font-size\"><strong>7 <span style=\"font-size: 20px; font-family: arial, helvetica, sans-serif;\">cols <\/span><\/strong><\/p>\n\n\n\n<p class=\"has-medium-font-size\">1 Col de Tende Ouest ou Colla Bassa <a href=\"https:\/\/centcols.org\/backup\/util\/geo\/visu.php?code=FR-06-1871\" target=\"_blank\" rel=\"noreferrer noopener\">FR-06-1871<\/a><br>2 Col de Pernante ou Colletta <a href=\"https:\/\/centcols.org\/backup\/util\/geo\/visu.php?code=FR-06-1898\" target=\"_blank\" rel=\"noreferrer noopener\">FR-06-1898<\/a><br>3 Baisse du P\u00e9ru <a href=\"https:\/\/centcols.org\/backup\/util\/geo\/visu.php?code=FR-06-2079\" target=\"_blank\" rel=\"noreferrer noopener\">FR-06-2079<\/a><br>4 Baisse de Barsenzane <a href=\"https:\/\/centcols.org\/backup\/util\/geo\/visu.php?code=FR-06-2075\" target=\"_blank\" rel=\"noreferrer noopener\">FR-06-2075<\/a><br>5 Baisse de Pe\u00efrefique <a href=\"https:\/\/centcols.org\/backup\/util\/geo\/visu.php?code=FR-06-2030\" target=\"_blank\" rel=\"noreferrer noopener\">FR-06-2030<\/a><br>6 Baisse d&#8217;Ourne <a href=\"https:\/\/centcols.org\/backup\/util\/geo\/visu.php?code=FR-06-2040\" target=\"_blank\" rel=\"noreferrer noopener\">FR-06-2040<\/a><br>7 Colla Megiana ou Colla Mezzana <a href=\"https:\/\/centcols.org\/backup\/util\/geo\/visu.php?code=FR-06-1760b\" target=\"_blank\" rel=\"noreferrer noopener\">FR-06-1760b<\/a><\/p>\n\n\n\n<p class=\"has-medium-font-size\">En option: La Porte <a href=\"https:\/\/centcols.org\/backup\/util\/geo\/visu.php?code=FR-06-2100\" target=\"_blank\" rel=\"noreferrer noopener\">FR-06-2100<\/a> sur R1\/R2 depuis Baisse de d\u2019Ourne<\/p>\n\n\n\n<div style=\"height:18px\" aria-hidden=\"true\" class=\"wp-block-spacer\"><\/div>\n\n\n\n<p class=\"has-medium-font-size\"><strong>Descriptif technique<\/strong><\/p>\n\n\n\n<p class=\"has-medium-font-size\">La majorit\u00e9 du parcours se fait sur des pistes cyclables agr\u00e9ables. Quelques portions de pistes un plus ardues seront aussi rencontr\u00e9es. La mont\u00e9e vers la Baisse de Barsenzane se fait sur un sentier en partie cyclable ou en poussage.<\/p>\n\n\n\n<p class=\"has-medium-font-size\"><span style=\"font-size: 20px; font-family: arial, helvetica, sans-serif;\"><strong>Mots-cl\u00e9s<\/strong> : Centcols,Tende,Tenda, Pierefique, Pietrifica, Roya<\/span><\/p>\n\n\n\n<p class=\"has-medium-font-size\"><span style=\"font-size: 20px; font-family: arial, helvetica, sans-serif;\"><strong>Lien openrunner, carte interactive, profil, trace gpx<\/strong> : <\/span><strong><a href=\"https:\/\/www.openrunner.com\/route-details\/6599219\" target=\"_blank\" rel=\"noreferrer noopener\">https:\/\/www.openrunner.com\/route-details\/6599219<\/a><\/strong><\/p>\n\n\n\n<p class=\"has-medium-font-size\"><span style=\"font-size: 20px; font-family: arial, helvetica, sans-serif;\">Cet itin\u00e9raire est propos\u00e9 \u00e0 titre indicatif. L&#8217;auteur d\u00e9gage sa responsabilit\u00e9 et celle du Club des Cent Cols en vertu des impond\u00e9rables dus au cycliste lui-m\u00eame, au mat\u00e9riel utilis\u00e9 et tout ce qui concerne la route, les pistes et sentiers, leurs abords et les autres utilisateurs de ceux-ci.<\/span><\/p>\n\n\n\n<p><span style=\"font-size: 20px;\">Ici, une <a href=\"https:\/\/centcols.org\/backup\/liste-parcours-cent-cols-sur-or-2\/\" target=\"_blank\" rel=\"noopener\">vue exhaustive des parcours membres<\/a> du Club des Cent Cols<\/span><\/p>\n\n\n\n<h2 class=\"kt-adv-heading72716_790881-5a wp-block-kadence-advancedheading\" data-kb-block=\"kb-adv-heading72716_790881-5a\">Photos<\/h2>\n\n\n\n<p class=\"has-medium-font-size\">Album photo : <strong><a href=\"https:\/\/goo.gl\/photos\/ePWghy1jaYNJMY9a9\" target=\"_blank\" rel=\"noreferrer noopener\">https:\/\/goo.gl\/photos\/ePWghy1jaYNJMY9a9<\/a><\/strong><\/p>\n\n\n<div class=\"wp-block-image\">\n<figure class=\"aligncenter size-large\"><img loading=\"lazy\" decoding=\"async\" width=\"1200\" height=\"675\" src=\"https:\/\/centcols.org\/backup\/wp-content\/uploads\/2023\/05\/Tende-1200x675.jpg\" alt=\"\" class=\"wp-image-72742\" srcset=\"https:\/\/centcols.org\/backup\/wp-content\/uploads\/2023\/05\/Tende-1200x675.jpg 1200w, https:\/\/centcols.org\/backup\/wp-content\/uploads\/2023\/05\/Tende-500x281.jpg 500w, https:\/\/centcols.org\/backup\/wp-content\/uploads\/2023\/05\/Tende-768x432.jpg 768w, https:\/\/centcols.org\/backup\/wp-content\/uploads\/2023\/05\/Tende-1536x864.jpg 1536w, https:\/\/centcols.org\/backup\/wp-content\/uploads\/2023\/05\/Tende-600x338.jpg 600w, https:\/\/centcols.org\/backup\/wp-content\/uploads\/2023\/05\/Tende.jpg 1560w\" sizes=\"(max-width: 1200px) 100vw, 1200px\" \/><figcaption class=\"wp-element-caption\"><strong>Tende<\/strong><\/figcaption><\/figure><\/div>\n\n\n<figure class=\"wp-block-image size-large\"><img loading=\"lazy\" decoding=\"async\" width=\"1000\" height=\"563\" src=\"https:\/\/centcols.org\/backup\/wp-content\/uploads\/2023\/05\/Paysage-2.jpg\" alt=\"\" class=\"wp-image-72736\" srcset=\"https:\/\/centcols.org\/backup\/wp-content\/uploads\/2023\/05\/Paysage-2.jpg 1000w, https:\/\/centcols.org\/backup\/wp-content\/uploads\/2023\/05\/Paysage-2-500x282.jpg 500w, https:\/\/centcols.org\/backup\/wp-content\/uploads\/2023\/05\/Paysage-2-768x432.jpg 768w, https:\/\/centcols.org\/backup\/wp-content\/uploads\/2023\/05\/Paysage-2-600x338.jpg 600w\" sizes=\"(max-width: 1000px) 100vw, 1000px\" \/><figcaption class=\"wp-element-caption\"><strong>La piste<\/strong><\/figcaption><\/figure>\n\n\n\n<figure class=\"wp-block-image size-large\"><img loading=\"lazy\" decoding=\"async\" width=\"1200\" height=\"675\" src=\"https:\/\/centcols.org\/backup\/wp-content\/uploads\/2023\/05\/Les-lacets-de-Tende-1200x675.jpg\" alt=\"\" class=\"wp-image-72730\" srcset=\"https:\/\/centcols.org\/backup\/wp-content\/uploads\/2023\/05\/Les-lacets-de-Tende-1200x675.jpg 1200w, https:\/\/centcols.org\/backup\/wp-content\/uploads\/2023\/05\/Les-lacets-de-Tende-500x281.jpg 500w, https:\/\/centcols.org\/backup\/wp-content\/uploads\/2023\/05\/Les-lacets-de-Tende-768x432.jpg 768w, https:\/\/centcols.org\/backup\/wp-content\/uploads\/2023\/05\/Les-lacets-de-Tende-1536x864.jpg 1536w, https:\/\/centcols.org\/backup\/wp-content\/uploads\/2023\/05\/Les-lacets-de-Tende-600x338.jpg 600w, https:\/\/centcols.org\/backup\/wp-content\/uploads\/2023\/05\/Les-lacets-de-Tende.jpg 1607w\" sizes=\"(max-width: 1200px) 100vw, 1200px\" \/><figcaption class=\"wp-element-caption\"><strong>Les lacets du col de Tende<\/strong><\/figcaption><\/figure>\n\n\n<div class=\"wp-block-image\">\n<figure class=\"aligncenter size-large\"><img decoding=\"async\" src=\"https:\/\/centcols.org\/backup\/util\/geo\/visu\/FR\/img\/1313\/8704.jpg\" alt=\"\"\/><figcaption class=\"wp-element-caption\"><strong>Col de Tende Ouest<\/strong><\/figcaption><\/figure><\/div>\n\n<div class=\"wp-block-image\">\n<figure class=\"aligncenter size-large\"><img decoding=\"async\" src=\"https:\/\/centcols.org\/backup\/util\/geo\/visu\/FR\/img\/1313\/9201.jpg\" alt=\"\"\/><figcaption class=\"wp-element-caption\"><strong>Col de Pernante<\/strong><\/figcaption><\/figure><\/div>\n\n<div class=\"wp-block-image\">\n<figure class=\"aligncenter size-large\"><img decoding=\"async\" src=\"https:\/\/centcols.org\/backup\/util\/geo\/visu\/FR\/img\/1314\/3000.jpg\" alt=\"\"\/><figcaption class=\"wp-element-caption\"><strong>Baisse du P\u00e9ru<\/strong><\/figcaption><\/figure><\/div>\n\n<div class=\"wp-block-image\">\n<figure class=\"aligncenter size-large\"><img decoding=\"async\" src=\"https:\/\/centcols.org\/backup\/util\/geo\/visu\/FR\/img\/1314\/1902.jpg\" alt=\"\"\/><figcaption class=\"wp-element-caption\"><strong>Baisse de Pe\u00efrefique<\/strong><\/figcaption><\/figure><\/div>\n\n<div class=\"wp-block-image\">\n<figure class=\"aligncenter size-large\"><img decoding=\"async\" src=\"https:\/\/centcols.org\/backup\/util\/geo\/visu\/FR\/img\/1314\/2103.jpg\" alt=\"\"\/><figcaption class=\"wp-element-caption\"><strong>Baisse d&#8217;Ourne<\/strong><\/figcaption><\/figure><\/div>\n\n<div class=\"wp-block-image\">\n<figure class=\"aligncenter size-large\"><img decoding=\"async\" src=\"https:\/\/centcols.org\/backup\/util\/geo\/visu\/FR\/img\/1313\/7103.jpg\" alt=\"\"\/><figcaption class=\"wp-element-caption\"><strong>Colla Megiana<\/strong><\/figcaption><\/figure><\/div>\n\n<div class=\"wp-block-image\">\n<figure class=\"aligncenter size-large\"><img decoding=\"async\" src=\"https:\/\/centcols.org\/backup\/util\/geo\/visu\/FR\/img\/1314\/3503.jpg\" alt=\"\"\/><figcaption class=\"wp-element-caption\"><strong>La Porte<\/strong><\/figcaption><\/figure><\/div>","protected":false},"excerpt":{"rendered":"<p>Description de l&#8217;auteur Auteur : Ren\u00e9 Rial Parcours : effectu\u00e9 le 9\/09\/2016 D\u00e9part : Centre du village de Tende, proche de la sortie nord. Alt : 825 m Descriptif touristique La r\u00e9putation des pistes et cols des cr\u00eates de Tende n&#8217;est plus \u00e0 faire pour les amateurs de VTT et de cols. De nombreux ouvrages [&hellip;]<\/p>\n","protected":false},"author":397,"featured_media":0,"comment_status":"closed","ping_status":"closed","sticky":false,"template":"","format":"standard","meta":{"_acf_changed":false,"ub_ctt_via":"","_monsterinsights_skip_tracking":false,"_monsterinsights_sitenote_active":false,"_monsterinsights_sitenote_note":"","_monsterinsights_sitenote_category":0,"footnotes":""},"categories":[604,600],"tags":[],"acf":[],"featured_image_urls":{"full":"","thumbnail":"","medium":"","medium_large":"","large":"","1536x1536":"","2048x2048":"","woocommerce_thumbnail":"","woocommerce_single":"","woocommerce_gallery_thumbnail":""},"post_excerpt_stackable":"<p>Description de l&#8217;auteur Auteur : Ren\u00e9 Rial Parcours : effectu\u00e9 le 9\/09\/2016 D\u00e9part : Centre du village de Tende, proche de la sortie nord. Alt : 825 m Descriptif touristique La r\u00e9putation des pistes et cols des cr\u00eates de Tende n&#8217;est plus \u00e0 faire pour les amateurs de VTT et de cols. De nombreux ouvrages militaires jalonnent les pistes de la cr\u00eate fronti\u00e8re entre l&#8217;Italie et la France. De nombreux et remarquables points de vue sont offerts depuis le parcours 7 cols 1 Col de Tende Ouest ou Colla Bassa FR-06-18712 Col de Pernante ou Colletta FR-06-18983 Baisse du P\u00e9ru\u2026<\/p>\n","category_list":"<a href=\"https:\/\/centcols.org\/backup\/categorie\/parcours-des-membres\/fr-hors-cahier-des-charges\/\" rel=\"category tag\">Non labellis\u00e9s Cent Cols<\/a>, <a href=\"https:\/\/centcols.org\/backup\/categorie\/parcours-des-membres\/\" rel=\"category tag\">Parcours des membres<\/a>","author_info":{"display_name":"Denis Chouquet-Stringer","author_link":"https:\/\/centcols.org\/backup\/author\/6183\/"},"comments_num":"0 commentaire","featured_image_urls_v2":{"full":"","thumbnail":"","medium":"","medium_large":"","large":"","1536x1536":"","2048x2048":"","woocommerce_thumbnail":"","woocommerce_single":"","woocommerce_gallery_thumbnail":""},"post_excerpt_stackable_v2":"<p>Description de l&#8217;auteur Auteur : Ren\u00e9 Rial Parcours : effectu\u00e9 le 9\/09\/2016 D\u00e9part : Centre du village de Tende, proche de la sortie nord. Alt : 825 m Descriptif touristique La r\u00e9putation des pistes et cols des cr\u00eates de Tende n&#8217;est plus \u00e0 faire pour les amateurs de VTT et de cols. De nombreux ouvrages militaires jalonnent les pistes de la cr\u00eate fronti\u00e8re entre l&#8217;Italie et la France. De nombreux et remarquables points de vue sont offerts depuis le parcours 7 cols 1 Col de Tende Ouest ou Colla Bassa FR-06-18712 Col de Pernante ou Colletta FR-06-18983 Baisse du P\u00e9ru\u2026<\/p>\n","category_list_v2":"<a href=\"https:\/\/centcols.org\/backup\/categorie\/parcours-des-membres\/fr-hors-cahier-des-charges\/\" rel=\"category tag\">Non labellis\u00e9s Cent Cols<\/a>, <a href=\"https:\/\/centcols.org\/backup\/categorie\/parcours-des-membres\/\" rel=\"category tag\">Parcours des membres<\/a>","author_info_v2":{"name":"Denis Chouquet-Stringer","url":"https:\/\/centcols.org\/backup\/author\/6183\/"},"comments_num_v2":"0 commentaire","featured_image_src":null,"_links":{"self":[{"href":"https:\/\/centcols.org\/backup\/wp-json\/wp\/v2\/posts\/72716"}],"collection":[{"href":"https:\/\/centcols.org\/backup\/wp-json\/wp\/v2\/posts"}],"about":[{"href":"https:\/\/centcols.org\/backup\/wp-json\/wp\/v2\/types\/post"}],"author":[{"embeddable":true,"href":"https:\/\/centcols.org\/backup\/wp-json\/wp\/v2\/users\/397"}],"replies":[{"embeddable":true,"href":"https:\/\/centcols.org\/backup\/wp-json\/wp\/v2\/comments?post=72716"}],"version-history":[{"count":0,"href":"https:\/\/centcols.org\/backup\/wp-json\/wp\/v2\/posts\/72716\/revisions"}],"wp:attachment":[{"href":"https:\/\/centcols.org\/backup\/wp-json\/wp\/v2\/media?parent=72716"}],"wp:term":[{"taxonomy":"category","embeddable":true,"href":"https:\/\/centcols.org\/backup\/wp-json\/wp\/v2\/categories?post=72716"},{"taxonomy":"post_tag","embeddable":true,"href":"https:\/\/centcols.org\/backup\/wp-json\/wp\/v2\/tags?post=72716"}],"curies":[{"name":"wp","href":"https:\/\/api.w.org\/{rel}","templated":true}]}}