{"id":72756,"date":"2023-07-18T09:36:19","date_gmt":"2023-07-18T07:36:19","guid":{"rendered":"https:\/\/centcols.org\/backup\/?page_id=72756"},"modified":"2023-11-17T20:33:15","modified_gmt":"2023-11-17T19:33:15","slug":"france-06-tende-e","status":"publish","type":"post","link":"https:\/\/centcols.org\/backup\/france-06-tende-e\/","title":{"rendered":"FR-06 Tende Est &#8211; VTT  79 km, D+ 2550 m, 20 cols"},"content":{"rendered":"\n<figure class=\"wp-block-image size-large is-resized\"><img loading=\"lazy\" decoding=\"async\" width=\"905\" height=\"543\" class=\"wp-image-72758\" style=\"width: 1055px; height: 633px;\" src=\"https:\/\/centcols.org\/backup\/wp-content\/uploads\/2023\/05\/Capture-decran-2023-05-11-090936.jpg\" alt=\"\" srcset=\"https:\/\/centcols.org\/backup\/wp-content\/uploads\/2023\/05\/Capture-decran-2023-05-11-090936.jpg 905w, https:\/\/centcols.org\/backup\/wp-content\/uploads\/2023\/05\/Capture-decran-2023-05-11-090936-500x300.jpg 500w, https:\/\/centcols.org\/backup\/wp-content\/uploads\/2023\/05\/Capture-decran-2023-05-11-090936-768x461.jpg 768w, https:\/\/centcols.org\/backup\/wp-content\/uploads\/2023\/05\/Capture-decran-2023-05-11-090936-600x360.jpg 600w\" sizes=\"(max-width: 905px) 100vw, 905px\" \/><\/figure>\n\n\n\n<figure class=\"wp-block-image size-large\"><img loading=\"lazy\" decoding=\"async\" width=\"1200\" height=\"320\" src=\"https:\/\/centcols.org\/backup\/wp-content\/uploads\/2023\/05\/FR-06-Tende-Est-1200x320.jpeg\" alt=\"\" class=\"wp-image-72764\" srcset=\"https:\/\/centcols.org\/backup\/wp-content\/uploads\/2023\/05\/FR-06-Tende-Est-1200x320.jpeg 1200w, https:\/\/centcols.org\/backup\/wp-content\/uploads\/2023\/05\/FR-06-Tende-Est-500x133.jpeg 500w, https:\/\/centcols.org\/backup\/wp-content\/uploads\/2023\/05\/FR-06-Tende-Est-768x205.jpeg 768w, https:\/\/centcols.org\/backup\/wp-content\/uploads\/2023\/05\/FR-06-Tende-Est-1536x410.jpeg 1536w, https:\/\/centcols.org\/backup\/wp-content\/uploads\/2023\/05\/FR-06-Tende-Est-2048x546.jpeg 2048w, https:\/\/centcols.org\/backup\/wp-content\/uploads\/2023\/05\/FR-06-Tende-Est-600x160.jpeg 600w\" sizes=\"(max-width: 1200px) 100vw, 1200px\" \/><\/figure>\n\n\n\n<h2 class=\"wp-block-heading\">Description de l&#8217;auteur<\/h2>\n\n\n\n<p><span style=\"font-size: 20px; font-family: arial, helvetica, sans-serif;\"><strong>Auteur<\/strong>: Ren\u00e9 Rial<\/span><\/p>\n\n\n\n<p class=\"has-medium-font-size\"><strong>PParcours <\/strong>effectu\u00e9 le 07\/09\/2016.<\/p>\n\n\n\n<p class=\"has-medium-font-size\"><strong>Point de d\u00e9part<\/strong> : Centre de Tende, sortie nord, pr\u00e8s de la gare. Alt : 824 m<\/p>\n\n\n\n<p><\/p>\n\n\n\n<p class=\"has-medium-font-size\"><strong>Description touristique<\/strong><\/p>\n\n\n\n<p class=\"has-medium-font-size\">Les communes de Tende et de La Brigue occupent la partie la plus orientale des Alpes maritimes, le long de la fronti\u00e8re avec la Ligurie et le Pi\u00e9mont. Les nombreux ouvrages militaires qui jalonnent le parcours t\u00e9moignent de l&#8217;histoire mouvement\u00e9e de la r\u00e9gion. Le sanctuaire de Notre-Dame-des-Fontaines \u00e0 La Brigue (km 10,2) abrite une fresque remarquable du XVe si\u00e8cle.<\/p>\n\n\n\n<p class=\"has-medium-font-size\">De nombreux points de vue peuvent \u00eatre admir\u00e9s tout au long du parcours.<\/p>\n\n\n\n<div style=\"height:16px\" aria-hidden=\"true\" class=\"wp-block-spacer\"><\/div>\n\n\n\n<p class=\"has-medium-font-size\"><strong>20 <\/strong>cols<\/p>\n\n\n\n<div class=\"wp-block-group\"><div class=\"wp-block-group__inner-container is-layout-flow wp-block-group-is-layout-flow\">\n<pre class=\"wp-block-preformatted\"><span style=\"font-size: 20px; font-family: arial, helvetica, sans-serif;\">1 Col Linaire <a href=\"https:\/\/centcols.org\/backup\/util\/geo\/visu.php?code=FR-06-1430\" target=\"_blank\" rel=\"noopener\">FR-06-1430<\/a><\/span>\n\n<span style=\"font-size: 20px; font-family: arial, helvetica, sans-serif;\">2 Baisse de Sanson Ouest <a href=\"https:\/\/centcols.org\/backup\/util\/geo\/visu.php?code=FR-06-1694\" target=\"_blank\" rel=\"noopener\">FR-06-1694 <\/a>&nbsp;Bassa di Sanson <a href=\"https:\/\/centcols.org\/backup\/util\/geo\/visu.php?code=IT-IM-1685b\" target=\"_blank\" rel=\"noopener\" title=\"\">IT-IM-1685b<\/a><\/span>\n\n<span style=\"font-size: 20px; font-family: arial, helvetica, sans-serif;\">3 Baisse de Sanson Est <a href=\"https:\/\/centcols.org\/backup\/util\/geo\/visu.php?code=FR-06-1680a\" target=\"_blank\" rel=\"noopener\">FR-06-1680a<\/a> Colla di Sanson <a href=\"https:\/\/centcols.org\/backup\/util\/geo\/visu.php?code=IT-IM-1696\" target=\"_blank\" rel=\"noopener\">IT-IM-1696<\/a>&nbsp;<\/span>\n\n<span style=\"font-size: 20px; font-family: arial, helvetica, sans-serif;\">4 Pas de Colle Ardente <a href=\"https:\/\/centcols.org\/backup\/util\/geo\/visu.php?code=FR-06-1599\" target=\"_blank\" rel=\"noopener\">FR-06-1599<\/a> &nbsp;Passo di Collardente <a href=\"https:\/\/centcols.org\/backup\/util\/geo\/visu.php?code=IT-IM-1600\" target=\"_blank\" rel=\"noopener\">IT-IM-1600<\/a> <\/span>\n\n<span style=\"font-size: 20px; font-family: arial, helvetica, sans-serif;\">5 Baisse des Fraches <a href=\"https:\/\/centcols.org\/backup\/util\/geo\/visu.php?code=FR-06-1599a\" target=\"_blank\" rel=\"noopener\">FR-06-1599a<\/a> Baisse Fraches <a href=\"https:\/\/centcols.org\/backup\/util\/geo\/visu.php?code=IT-IM-1599\" target=\"_blank\" rel=\"noopener\">IT-IM-1599<\/a> <\/span>\n\n<span style=\"font-size: 20px; font-family: arial, helvetica, sans-serif;\">6 Col de la Lari\u00e9e <a href=\"https:\/\/centcols.org\/backup\/util\/geo\/visu.php?code=FR-06-1956\" target=\"_blank\" rel=\"noopener\">FR-06-1956<\/a> <\/span>\n\n<span style=\"font-size: 20px; font-family: arial, helvetica, sans-serif;\">7 Pas du Tanarel <a href=\"https:\/\/centcols.org\/backup\/util\/geo\/visu.php?code=FR-06-2045\" target=\"_blank\" rel=\"noopener\">FR-06-2045<\/a> Passo del Tanarello <a href=\"https:\/\/centcols.org\/backup\/util\/geo\/visu.php?code=IT-CN-2045\" target=\"_blank\" rel=\"noopener\">IT-CN-2045<\/a> <\/span>\n\n<span style=\"font-size: 20px; font-family: arial, helvetica, sans-serif;\">8 Col de Gravairole <a href=\"https:\/\/centcols.org\/backup\/util\/geo\/visu.php?code=FR-06-2250\" target=\"_blank\" rel=\"noopener\">FR-06-2250<\/a> Col de Gravairole <a href=\"https:\/\/centcols.org\/backup\/util\/geo\/visu.php?code=IT-CN-2250\" target=\"_blank\" rel=\"noopener\">IT-CN-2250<\/a> <\/span>\n\n<span style=\"font-size: 20px; font-family: arial, helvetica, sans-serif;\">9 Col Roux <a href=\"https:\/\/centcols.org\/backup\/util\/geo\/visu.php?code=FR-06-2175\" target=\"_blank\" rel=\"noopener\">FR-06-2175<\/a> Colla Rossa <a href=\"https:\/\/centcols.org\/backup\/util\/geo\/visu.php?code=IT-CN-2175\" target=\"_blank\" rel=\"noopener\">IT-CN-2175<\/a><\/span>\n\n<span style=\"font-size: 20px; font-family: arial, helvetica, sans-serif;\">10 Col de l'Ev\u00eaque <a href=\"https:\/\/centcols.org\/backup\/util\/geo\/visu.php?code=FR-06-2161\" target=\"_blank\" rel=\"noopener\">FR-06-2161<\/a> Col de l'Ev\u00eaque <a href=\"https:\/\/centcols.org\/backup\/util\/geo\/visu.php?code=IT-CN-2161\" target=\"_blank\" rel=\"noopener\">IT-CN-2161<\/a> <\/span>\n\n<span style=\"font-size: 20px; font-family: arial, helvetica, sans-serif;\">11 Col de la Celle Vieille <a href=\"https:\/\/centcols.org\/backup\/util\/geo\/visu.php?code=FR-06-2099\" target=\"_blank\" rel=\"noopener\">FR-06-2099<\/a> Col de Celle Vieille <a href=\"https:\/\/centcols.org\/backup\/util\/geo\/visu.php?code=IT-CN-2099\" target=\"_blank\" rel=\"noopener\">IT-CN-2099<\/a> <\/span>\n\n<span style=\"font-size: 20px; font-family: arial, helvetica, sans-serif;\">12 Col des Seigneurs <a href=\"https:\/\/centcols.org\/backup\/util\/geo\/visu.php?code=FR-06-2111\" target=\"_blank\" rel=\"noopener\">FR-06-2111<\/a> Colle dei Signori <a href=\"https:\/\/centcols.org\/backup\/util\/geo\/visu.php?code=IT-CN-2111\" target=\"_blank\" rel=\"noopener\">IT-CN-2111<\/a> <\/span>\n\n<span style=\"font-size: 20px; font-family: arial, helvetica, sans-serif;\">13 Col de Marguareis <a href=\"https:\/\/centcols.org\/backup\/util\/geo\/visu.php?code=FR-06-2085\" target=\"_blank\" rel=\"noopener\">FR-06-2085<\/a> <\/span>\n\n<span style=\"font-size: 20px; font-family: arial, helvetica, sans-serif;\">14 Col de Chevolail <a href=\"https:\/\/centcols.org\/backup\/util\/geo\/visu.php?code=FR-06-2235\" target=\"_blank\" rel=\"noopener\">FR-06-2235<\/a><\/span>\n\n<span style=\"font-size: 20px; font-family: arial, helvetica, sans-serif;\">15 Col de la Boa\u00efra <a href=\"https:\/\/centcols.org\/backup\/util\/geo\/visu.php?code=FR-06-2102\" target=\"_blank\" rel=\"noopener\">FR-06-2102<\/a> Colle della Boaria <a href=\"https:\/\/centcols.org\/backup\/util\/geo\/visu.php?code=IT-CN-2102\" target=\"_blank\" rel=\"noopener\">IT-CN-02102<\/a> <\/span>\n\n<span style=\"font-size: 20px; font-family: arial, helvetica, sans-serif;\">16 Col de la Perle <a href=\"https:\/\/centcols.org\/backup\/util\/geo\/visu.php?code=FR-06-2086\" target=\"_blank\" rel=\"noopener\">FR-06-2086 <\/a>&nbsp;Col de la <a href=\"https:\/\/centcols.org\/backup\/util\/geo\/visu.php?code=IT-CN-2086\" target=\"_blank\" rel=\"noopener\">Perle IT-CN-2086<\/a> <\/span>\n\n<span style=\"font-size: 20px; font-family: arial, helvetica, sans-serif;\">17 Colletto Campanino <a href=\"https:\/\/centcols.org\/backup\/util\/geo\/visu.php?code=IT-CN-2142\" target=\"_blank\" rel=\"noopener\">IT-CN-2142<\/a> <\/span>\n\n<span style=\"font-size: 20px; font-family: arial, helvetica, sans-serif;\">18 Col de Cannelle <a href=\"https:\/\/centcols.org\/backup\/util\/geo\/visu.php?code=FR-06-1882\" target=\"_blank\" rel=\"noopener\">FR-06-1882 <\/a>&nbsp;Col de Cannelle <a href=\"https:\/\/centcols.org\/backup\/util\/geo\/visu.php?code=IT-CN-1882\" target=\"_blank\" rel=\"noopener\">IT-CN-1882<\/a> <\/span>\n\n<span style=\"font-size: 20px; font-family: arial, helvetica, sans-serif;\">19 Col de Tende Est <a href=\"https:\/\/centcols.org\/backup\/util\/geo\/visu.php?code=FR-06-1890\" target=\"_blank\" rel=\"noopener\">FR-06-1890 <\/a>&nbsp;Col de Tende Est <a href=\"https:\/\/centcols.org\/backup\/util\/geo\/visu.php?code=IT-CN-1890\" target=\"_blank\" rel=\"noopener\">IT-CN-1890<\/a> <\/span>\n\n<span style=\"font-size: 20px; font-family: arial, helvetica, sans-serif;\">20 Col de Tende Ouest <a href=\"https:\/\/centcols.org\/backup\/util\/geo\/visu.php?code=FR-06-1871\" target=\"_blank\" rel=\"noopener\">FR-06-1871 <\/a>&nbsp;Colle di Tenda <a href=\"https:\/\/centcols.org\/backup\/util\/geo\/visu.php?code=IT-CN-1871\" target=\"_blank\" rel=\"noopener\">IT-CN-1871<\/a><\/span><\/pre>\n<\/div><\/div>\n\n\n\n<p class=\"has-medium-font-size\">En option :<br>Colle di Capoves <a href=\"https:\/\/centcols.org\/backup\/util\/geo\/visu.php?code=FR-06-2207\" target=\"_blank\" rel=\"noreferrer noopener\">FR-06-2207<\/a> Colle di Capoves <a href=\"https:\/\/centcols.org\/backup\/util\/geo\/visu.php?code=IT-CN-2212\" target=\"_blank\" rel=\"noreferrer noopener\">IT-CN-2212<\/a> (hors sentier, 30 m \u00e0 droite, 5 m plus haut).<\/p>\n\n\n\n<div style=\"height:18px\" aria-hidden=\"true\" class=\"wp-block-spacer\"><\/div>\n\n\n\n<p class=\"has-medium-font-size\"><strong>Description technique<\/strong><\/p>\n\n\n\n<p class=\"has-medium-font-size\">Apr\u00e8s Notre-Dame-des-Fontaines, l&#8217;itin\u00e9raire grimpe sur une longue et belle route (R1\/2) jusqu&#8217;au Pas de Tanarel. Il est suivi d&#8217;une s\u00e9rie de cols sur des sentiers partiellement cyclables, qui n\u00e9cessitent une petite pouss\u00e9e jusqu&#8217;au col de Celle Vieille (S2\/3). Il se poursuit ensuite sur un autre sentier R1\/2 jusqu&#8217;au col de la route de Tenda. Une s\u00e9rie de 48 virages en \u00e9pingle \u00e0 cheveux ram\u00e8ne au village de Tende.<\/p>\n\n\n\n<p class=\"has-medium-font-size\"><span style=\"font-size: 20px; font-family: arial, helvetica, sans-serif;\"><strong>Mots cl\u00e9s<\/strong> : Centcols,Tende,Tenda,Saint Dalmas de Tende, La Brigue,<\/span><\/p>\n\n\n\n<p class=\"has-medium-font-size\"><strong>Lien OpenRunner, carte interactive, profil, trace gpx : <a href=\"https:\/\/www.openrunner.com\/route-details\/6593420\">https:\/\/www.openrunner.com\/route-details\/6593420<\/a><\/strong><\/p>\n\n\n\n<p class=\"has-medium-font-size\">Cet itin\u00e9raire est propos\u00e9 \u00e0 titre purement indicatif. L&#8217;auteur d\u00e9cline toute responsabilit\u00e9, ainsi que celle du Club des Cent Cols, pour les impond\u00e9rables dus au cycliste lui-m\u00eame, au mat\u00e9riel utilis\u00e9 ou \u00e0 tout ce qui concerne la route, les pistes et les chemins, leur environnement et les autres usagers.<\/p>\n\n\n\n<p class=\"has-medium-font-size\">Ici, une <a href=\"https:\/\/centcols.org\/backup\/liste-parcours-cent-cols-sur-or-2\/\" target=\"_blank\" rel=\"noreferrer noopener\">vue exhaustive des parcours des membres<\/a> du Club des Cent Cols<\/p>\n\n\n\n<h2 class=\"kt-adv-heading72756_4b5fdd-64 wp-block-kadence-advancedheading\" data-kb-block=\"kb-adv-heading72756_4b5fdd-64\">Photos<\/h2>\n\n\n\n<p class=\"has-medium-font-size\">Album photo : <a href=\"https:\/\/photos.app.goo.gl\/C88VUYadbEtxqpqd9\" target=\"_blank\" rel=\"noreferrer noopener\">https:\/\/photos.app.goo.gl\/C88VUYadbEtxqpqd9<\/a><\/p>\n\n\n<div class=\"wp-block-image\">\n<figure class=\"aligncenter size-large\"><img loading=\"lazy\" decoding=\"async\" width=\"1200\" height=\"675\" src=\"https:\/\/centcols.org\/backup\/wp-content\/uploads\/2023\/05\/Vue-1-1200x675.jpg\" alt=\"\" class=\"wp-image-72770\" srcset=\"https:\/\/centcols.org\/backup\/wp-content\/uploads\/2023\/05\/Vue-1-1200x675.jpg 1200w, https:\/\/centcols.org\/backup\/wp-content\/uploads\/2023\/05\/Vue-1-500x281.jpg 500w, https:\/\/centcols.org\/backup\/wp-content\/uploads\/2023\/05\/Vue-1-768x432.jpg 768w, https:\/\/centcols.org\/backup\/wp-content\/uploads\/2023\/05\/Vue-1-1536x864.jpg 1536w, https:\/\/centcols.org\/backup\/wp-content\/uploads\/2023\/05\/Vue-1-600x338.jpg 600w, https:\/\/centcols.org\/backup\/wp-content\/uploads\/2023\/05\/Vue-1.jpg 1708w\" sizes=\"(max-width: 1200px) 100vw, 1200px\" \/><\/figure><\/div>\n\n<div class=\"wp-block-image\">\n<figure class=\"aligncenter size-large\"><img loading=\"lazy\" decoding=\"async\" width=\"1200\" height=\"675\" src=\"https:\/\/centcols.org\/backup\/wp-content\/uploads\/2023\/05\/Vue-2-1200x675.jpg\" alt=\"\" class=\"wp-image-72776\" srcset=\"https:\/\/centcols.org\/backup\/wp-content\/uploads\/2023\/05\/Vue-2-1200x675.jpg 1200w, https:\/\/centcols.org\/backup\/wp-content\/uploads\/2023\/05\/Vue-2-500x281.jpg 500w, https:\/\/centcols.org\/backup\/wp-content\/uploads\/2023\/05\/Vue-2-768x432.jpg 768w, https:\/\/centcols.org\/backup\/wp-content\/uploads\/2023\/05\/Vue-2-1536x864.jpg 1536w, https:\/\/centcols.org\/backup\/wp-content\/uploads\/2023\/05\/Vue-2-600x338.jpg 600w, https:\/\/centcols.org\/backup\/wp-content\/uploads\/2023\/05\/Vue-2.jpg 1607w\" sizes=\"(max-width: 1200px) 100vw, 1200px\" \/><\/figure><\/div>\n\n<div class=\"wp-block-image\">\n<figure class=\"aligncenter size-large\"><img loading=\"lazy\" decoding=\"async\" width=\"1200\" height=\"675\" src=\"https:\/\/centcols.org\/backup\/wp-content\/uploads\/2023\/05\/Vue-3-1200x675.jpg\" alt=\"\" class=\"wp-image-72782\" srcset=\"https:\/\/centcols.org\/backup\/wp-content\/uploads\/2023\/05\/Vue-3-1200x675.jpg 1200w, https:\/\/centcols.org\/backup\/wp-content\/uploads\/2023\/05\/Vue-3-500x281.jpg 500w, https:\/\/centcols.org\/backup\/wp-content\/uploads\/2023\/05\/Vue-3-768x432.jpg 768w, https:\/\/centcols.org\/backup\/wp-content\/uploads\/2023\/05\/Vue-3-1536x864.jpg 1536w, https:\/\/centcols.org\/backup\/wp-content\/uploads\/2023\/05\/Vue-3-600x338.jpg 600w, https:\/\/centcols.org\/backup\/wp-content\/uploads\/2023\/05\/Vue-3.jpg 1607w\" sizes=\"(max-width: 1200px) 100vw, 1200px\" \/><\/figure><\/div>\n\n\n<p class=\"has-text-align-center\"><strong>Les cr\u00eates de Tend<\/strong>e<\/p>\n\n\n<div class=\"wp-block-image\">\n<figure class=\"aligncenter size-large\"><img decoding=\"async\" src=\"https:\/\/centcols.org\/backup\/util\/geo\/visu\/FR\/img\/1312\/8202.jpg\" alt=\"\"\/><figcaption class=\"wp-element-caption\"><strong>Col Linaire<\/strong><\/figcaption><\/figure><\/div>\n\n<div class=\"wp-block-image\">\n<figure class=\"aligncenter size-large\"><img decoding=\"async\" src=\"https:\/\/centcols.org\/backup\/util\/geo\/visu\/FR\/img\/1313\/2204.jpg\" alt=\"\"\/><figcaption class=\"wp-element-caption\"><strong>Pas de Colle Ardente<\/strong><\/figcaption><\/figure><\/div>\n\n<div class=\"wp-block-image\">\n<figure class=\"aligncenter size-large\"><img decoding=\"async\" src=\"https:\/\/centcols.org\/backup\/util\/geo\/visu\/FR\/img\/1314\/2303.jpg\" alt=\"\"\/><figcaption class=\"wp-element-caption\"><strong>Pas du Tanarel<\/strong><\/figcaption><\/figure><\/div>\n\n<div class=\"wp-block-image\">\n<figure class=\"aligncenter size-large\"><img decoding=\"async\" src=\"https:\/\/centcols.org\/backup\/util\/geo\/visu\/FR\/img\/1314\/6401.jpg\" alt=\"\"\/><figcaption class=\"wp-element-caption\"><strong>Col de Gravairole<\/strong><\/figcaption><\/figure><\/div>\n\n<div class=\"wp-block-image\">\n<figure class=\"aligncenter size-large\"><img decoding=\"async\" src=\"https:\/\/centcols.org\/backup\/util\/geo\/visu\/FR\/img\/1314\/4601.jpg\" alt=\"\"\/><figcaption class=\"wp-element-caption\"><strong>Col de l&#8217;Ev\u00eaque<\/strong><\/figcaption><\/figure><\/div>\n\n<div class=\"wp-block-image\">\n<figure class=\"aligncenter size-large\"><img decoding=\"async\" src=\"https:\/\/centcols.org\/backup\/util\/geo\/visu\/FR\/img\/1314\/3902.jpg\" alt=\"\"\/><figcaption class=\"wp-element-caption\"><strong>Col des Seigneurs<\/strong><\/figcaption><\/figure><\/div>\n\n<div class=\"wp-block-image\">\n<figure class=\"aligncenter size-large\"><img decoding=\"async\" src=\"https:\/\/centcols.org\/backup\/util\/geo\/visu\/FR\/img\/1314\/3200.jpg\" alt=\"\"\/><figcaption class=\"wp-element-caption\"><strong>Col de la Perle<\/strong><\/figcaption><\/figure><\/div>\n\n<div class=\"wp-block-image\">\n<figure class=\"aligncenter size-large\"><img decoding=\"async\" src=\"https:\/\/centcols.org\/backup\/util\/geo\/visu\/IT\/img\/1465\/5201.jpg\" alt=\"\"\/><figcaption class=\"wp-element-caption\"><strong>Colletto Campanino<\/strong><\/figcaption><\/figure><\/div>\n\n<div class=\"wp-block-image\">\n<figure class=\"aligncenter size-large\"><img decoding=\"async\" src=\"https:\/\/centcols.org\/backup\/util\/geo\/visu\/FR\/img\/1313\/8901.jpg\" alt=\"\"\/><figcaption class=\"wp-element-caption\"><strong>Col de Cannelle<\/strong><\/figcaption><\/figure><\/div>\n\n<div class=\"wp-block-image\">\n<figure class=\"aligncenter size-large\"><img decoding=\"async\" src=\"https:\/\/centcols.org\/backup\/util\/geo\/visu\/FR\/img\/1313\/9103.jpg\" alt=\"\"\/><figcaption class=\"wp-element-caption\"><strong>Col de Tende Est<\/strong><\/figcaption><\/figure><\/div>","protected":false},"excerpt":{"rendered":"<p>Description de l&#8217;auteur Auteur: Ren\u00e9 Rial PParcours effectu\u00e9 le 07\/09\/2016. Point de d\u00e9part : Centre de Tende, sortie nord, pr\u00e8s de la gare. Alt : 824 m Description touristique Les communes de Tende et de La Brigue occupent la partie la plus orientale des Alpes maritimes, le long de la fronti\u00e8re avec la Ligurie et [&hellip;]<\/p>\n","protected":false},"author":397,"featured_media":0,"comment_status":"closed","ping_status":"closed","sticky":false,"template":"","format":"standard","meta":{"_acf_changed":false,"ub_ctt_via":"","_monsterinsights_skip_tracking":false,"_monsterinsights_sitenote_active":false,"_monsterinsights_sitenote_note":"","_monsterinsights_sitenote_category":0,"footnotes":""},"categories":[604],"tags":[],"acf":[],"featured_image_urls":{"full":"","thumbnail":"","medium":"","medium_large":"","large":"","1536x1536":"","2048x2048":"","woocommerce_thumbnail":"","woocommerce_single":"","woocommerce_gallery_thumbnail":""},"post_excerpt_stackable":"<p>Description de l&#8217;auteur Auteur: Ren\u00e9 Rial PParcours effectu\u00e9 le 07\/09\/2016. Point de d\u00e9part : Centre de Tende, sortie nord, pr\u00e8s de la gare. Alt : 824 m Description touristique Les communes de Tende et de La Brigue occupent la partie la plus orientale des Alpes maritimes, le long de la fronti\u00e8re avec la Ligurie et le Pi\u00e9mont. Les nombreux ouvrages militaires qui jalonnent le parcours t\u00e9moignent de l&#8217;histoire mouvement\u00e9e de la r\u00e9gion. Le sanctuaire de Notre-Dame-des-Fontaines \u00e0 La Brigue (km 10,2) abrite une fresque remarquable du XVe si\u00e8cle. De nombreux points de vue peuvent \u00eatre admir\u00e9s tout au long du\u2026<\/p>\n","category_list":"<a href=\"https:\/\/centcols.org\/backup\/categorie\/parcours-des-membres\/fr-hors-cahier-des-charges\/\" rel=\"category tag\">Non labellis\u00e9s Cent Cols<\/a>","author_info":{"display_name":"Denis Chouquet-Stringer","author_link":"https:\/\/centcols.org\/backup\/author\/6183\/"},"comments_num":"0 commentaire","featured_image_urls_v2":{"full":"","thumbnail":"","medium":"","medium_large":"","large":"","1536x1536":"","2048x2048":"","woocommerce_thumbnail":"","woocommerce_single":"","woocommerce_gallery_thumbnail":""},"post_excerpt_stackable_v2":"<p>Description de l&#8217;auteur Auteur: Ren\u00e9 Rial PParcours effectu\u00e9 le 07\/09\/2016. Point de d\u00e9part : Centre de Tende, sortie nord, pr\u00e8s de la gare. Alt : 824 m Description touristique Les communes de Tende et de La Brigue occupent la partie la plus orientale des Alpes maritimes, le long de la fronti\u00e8re avec la Ligurie et le Pi\u00e9mont. Les nombreux ouvrages militaires qui jalonnent le parcours t\u00e9moignent de l&#8217;histoire mouvement\u00e9e de la r\u00e9gion. Le sanctuaire de Notre-Dame-des-Fontaines \u00e0 La Brigue (km 10,2) abrite une fresque remarquable du XVe si\u00e8cle. De nombreux points de vue peuvent \u00eatre admir\u00e9s tout au long du\u2026<\/p>\n","category_list_v2":"<a href=\"https:\/\/centcols.org\/backup\/categorie\/parcours-des-membres\/fr-hors-cahier-des-charges\/\" rel=\"category tag\">Non labellis\u00e9s Cent Cols<\/a>","author_info_v2":{"name":"Denis Chouquet-Stringer","url":"https:\/\/centcols.org\/backup\/author\/6183\/"},"comments_num_v2":"0 commentaire","featured_image_src":null,"_links":{"self":[{"href":"https:\/\/centcols.org\/backup\/wp-json\/wp\/v2\/posts\/72756"}],"collection":[{"href":"https:\/\/centcols.org\/backup\/wp-json\/wp\/v2\/posts"}],"about":[{"href":"https:\/\/centcols.org\/backup\/wp-json\/wp\/v2\/types\/post"}],"author":[{"embeddable":true,"href":"https:\/\/centcols.org\/backup\/wp-json\/wp\/v2\/users\/397"}],"replies":[{"embeddable":true,"href":"https:\/\/centcols.org\/backup\/wp-json\/wp\/v2\/comments?post=72756"}],"version-history":[{"count":0,"href":"https:\/\/centcols.org\/backup\/wp-json\/wp\/v2\/posts\/72756\/revisions"}],"wp:attachment":[{"href":"https:\/\/centcols.org\/backup\/wp-json\/wp\/v2\/media?parent=72756"}],"wp:term":[{"taxonomy":"category","embeddable":true,"href":"https:\/\/centcols.org\/backup\/wp-json\/wp\/v2\/categories?post=72756"},{"taxonomy":"post_tag","embeddable":true,"href":"https:\/\/centcols.org\/backup\/wp-json\/wp\/v2\/tags?post=72756"}],"curies":[{"name":"wp","href":"https:\/\/api.w.org\/{rel}","templated":true}]}}