{"id":72814,"date":"2023-07-06T11:19:09","date_gmt":"2023-07-06T09:19:09","guid":{"rendered":"https:\/\/centcols.org\/backup\/?page_id=72814"},"modified":"2023-11-17T20:29:01","modified_gmt":"2023-11-17T19:29:01","slug":"france-54-rencontre-regionale-2020","status":"publish","type":"post","link":"https:\/\/centcols.org\/backup\/france-54-rencontre-regionale-2020\/","title":{"rendered":"FR-54 Grand Est Rencontre r\u00e9gionale 2020 &#8211; Route 69 km, D+ 800 m, 6 cols"},"content":{"rendered":"<div class=\"wp-block-image\">\n<figure class=\"aligncenter size-large is-resized\"><img loading=\"lazy\" decoding=\"async\" width=\"902\" height=\"535\" src=\"https:\/\/centcols.org\/backup\/wp-content\/uploads\/2023\/05\/Capture-decran-2023-05-11-095202.jpg\" alt=\"\" class=\"wp-image-72796\" style=\"width:1087px;height:643px\" srcset=\"https:\/\/centcols.org\/backup\/wp-content\/uploads\/2023\/05\/Capture-decran-2023-05-11-095202.jpg 902w, https:\/\/centcols.org\/backup\/wp-content\/uploads\/2023\/05\/Capture-decran-2023-05-11-095202-500x297.jpg 500w, https:\/\/centcols.org\/backup\/wp-content\/uploads\/2023\/05\/Capture-decran-2023-05-11-095202-768x456.jpg 768w, https:\/\/centcols.org\/backup\/wp-content\/uploads\/2023\/05\/Capture-decran-2023-05-11-095202-600x356.jpg 600w\" sizes=\"(max-width: 902px) 100vw, 902px\" \/><\/figure><\/div>\n\n<div class=\"wp-block-image\">\n<figure class=\"aligncenter size-large\"><img loading=\"lazy\" decoding=\"async\" width=\"1200\" height=\"320\" src=\"https:\/\/centcols.org\/backup\/wp-content\/uploads\/2023\/05\/FR-Grand-Est-Rencontre-regionale-2020-1200x320.jpeg\" alt=\"\" class=\"wp-image-72802\" srcset=\"https:\/\/centcols.org\/backup\/wp-content\/uploads\/2023\/05\/FR-Grand-Est-Rencontre-regionale-2020-1200x320.jpeg 1200w, https:\/\/centcols.org\/backup\/wp-content\/uploads\/2023\/05\/FR-Grand-Est-Rencontre-regionale-2020-500x133.jpeg 500w, https:\/\/centcols.org\/backup\/wp-content\/uploads\/2023\/05\/FR-Grand-Est-Rencontre-regionale-2020-768x205.jpeg 768w, https:\/\/centcols.org\/backup\/wp-content\/uploads\/2023\/05\/FR-Grand-Est-Rencontre-regionale-2020-1536x410.jpeg 1536w, https:\/\/centcols.org\/backup\/wp-content\/uploads\/2023\/05\/FR-Grand-Est-Rencontre-regionale-2020-2048x546.jpeg 2048w, https:\/\/centcols.org\/backup\/wp-content\/uploads\/2023\/05\/FR-Grand-Est-Rencontre-regionale-2020-600x160.jpeg 600w\" sizes=\"(max-width: 1200px) 100vw, 1200px\" \/><\/figure><\/div>\n\n\n<h2 class=\"wp-block-heading\">Description de l&#8217;auteur<\/h2>\n\n\n\n<p><span style=\"font-size: 20px; font-family: arial, helvetica, sans-serif;\"><strong>Auteur <\/strong>: Denis Mathieu<\/span><\/p>\n\n\n\n<p><span style=\"font-family: arial, helvetica, sans-serif; font-size: 20px;\"><strong>Parcours<\/strong> : effectu\u00e9 le 27\/05\/2020<\/span><\/p>\n\n\n\n<p class=\"has-medium-font-size\"><span style=\"font-size: 20px; font-family: arial, helvetica, sans-serif;\"><strong>D\u00e9part<\/strong> : <\/span>parking au bout du Chemin du Pain de Sucre \u00e0 Dommartemont 54130, banlieue Est de Nancy. Alt&nbsp;: 353 m<\/p>\n\n\n\n<p><\/p>\n\n\n\n<p class=\"has-medium-font-size\"><strong><span style=\"font-size: 20px; font-family: arial, helvetica, sans-serif;\">Descriptif touristique<\/span><\/strong><\/p>\n\n\n\n<p class=\"has-medium-font-size\">Parcours d\u00e9butant sur les berges de la Meurthe, passage par le site des anciennes aci\u00e9ries de Pompey (origine des aciers utilis\u00e9s pour la tour Eiffel) \u00e0 la confluence de la Meurthe et de la Moselle. Il emprunte ensuite les berges de la Moselle puis grimpe sur le plateau, rejoint la Moselle une seconde fois. Ce circuit passe par des cols list\u00e9s dans les r\u00e9cits des premiers jours de la guerre de 1914 \/ 1918 (la bataille du grand Couronn\u00e9).<\/p>\n\n\n\n<p class=\"has-medium-font-size\">De nombreux panoramas sont offerts le long du parcours.<\/p>\n\n\n\n<div style=\"height:16px\" aria-hidden=\"true\" class=\"wp-block-spacer\"><\/div>\n\n\n\n<p class=\"has-medium-font-size\"><strong>6 <span style=\"font-size: 20px; font-family: arial, helvetica, sans-serif;\">cols <\/span><\/strong><\/p>\n\n\n\n<p class=\"has-medium-font-size\">1 <a href=\"https:\/\/centcols.org\/backup\/util\/geo\/visu.php?code=FR-54-0346\" target=\"_blank\" rel=\"noreferrer noopener\">FR-54-0346<\/a> Col de Bratte,<br>2 <a href=\"https:\/\/centcols.org\/backup\/util\/geo\/visu.php?code=FR-54-0359\" target=\"_blank\" rel=\"noreferrer noopener\">FR-54-0359<\/a> Col de Moivrons,<br>3 <a href=\"https:\/\/centcols.org\/backup\/util\/geo\/visu.php?code=FR-54-0330\" target=\"_blank\" rel=\"noreferrer noopener\">FR-54-0330<\/a> Col de Sivry,<br>4 <a href=\"https:\/\/centcols.org\/backup\/util\/geo\/visu.php?code=FR-54-0282\" target=\"_blank\" rel=\"noreferrer noopener\">FR-54-0282<\/a> Col de Serri\u00e8res,<br>5 <a href=\"https:\/\/centcols.org\/backup\/util\/geo\/visu.php?code=FR-54-0261\" target=\"_blank\" rel=\"noreferrer noopener\">FR-54-0261<\/a> Col de Millery,<br>6 <a href=\"https:\/\/centcols.org\/backup\/util\/geo\/visu.php?code=FR-54-0348\" target=\"_blank\" rel=\"noreferrer noopener\">FR-54-0348<\/a> Col de Sainte-Genevieve.<\/p>\n\n\n\n<p class=\"has-medium-font-size\">Option&nbsp;: <a href=\"https:\/\/centcols.org\/backup\/util\/geo\/visu.php?code=FR-54-0361\" target=\"_blank\" rel=\"noreferrer noopener\">FR-54-0361<\/a> Col de Vassuchamps depuis le village de Bratte, km 26.7 par R1.<\/p>\n\n\n\n<div style=\"height:18px\" aria-hidden=\"true\" class=\"wp-block-spacer\"><\/div>\n\n\n\n<p class=\"has-medium-font-size\"><strong>Descriptif technique<\/strong><\/p>\n\n\n\n<p class=\"has-medium-font-size\">Parcours paisible et s\u00e9curis\u00e9 d\u00e9butant sur la voie bleue le long de la Moselle et retour par des petites routes tranquilles. La mont\u00e9e vers le col de Sivry est assez raide.<\/p>\n\n\n\n<p class=\"has-medium-font-size\"><span style=\"font-size: 20px; font-family: arial, helvetica, sans-serif;\"><strong>Mots-cl\u00e9s<\/strong> : Grand-Est, Nancy, centcols, berges de la Moselle<\/span><\/p>\n\n\n\n<p class=\"has-medium-font-size\"><span style=\"font-size: 20px; font-family: arial, helvetica, sans-serif;\"><strong>Lien openrunner, carte interactive, profil, trace gpx<\/strong> : <\/span><a href=\"https:\/\/www.openrunner.com\/route-details\/16402215\"><strong>https:\/\/www.openrunne<\/strong><\/a><a href=\"https:\/\/www.openrunner.com\/route-details\/16402215\" target=\"_blank\" rel=\"noreferrer noopener\"><strong>r<\/strong><\/a><a href=\"https:\/\/www.openrunner.com\/route-details\/16402215\"><strong>.com\/route-details\/16402215<\/strong><\/a><\/p>\n\n\n\n<p class=\"has-medium-font-size\"><\/p>\n\n\n\n<p class=\"has-medium-font-size\"><span style=\"font-size: 20px; font-family: arial, helvetica, sans-serif;\">Cet itin\u00e9raire est propos\u00e9 \u00e0 titre indicatif. L&#8217;auteur d\u00e9gage sa responsabilit\u00e9 et celle du Club des Cent Cols en vertu des impond\u00e9rables dus au cycliste lui-m\u00eame, au mat\u00e9riel utilis\u00e9 et tout ce qui concerne la route, les pistes et sentiers, leurs abords et les autres utilisateurs de ceux-ci.<\/span><\/p>\n\n\n\n<p><span style=\"font-size: 20px;\">Ici, une <a href=\"https:\/\/centcols.org\/backup\/liste-parcours-cent-cols-sur-or-2\/\" target=\"_blank\" rel=\"noopener\">vue exhaustive des parcours membres<\/a> du Club des Cent Cols<\/span><\/p>\n\n\n\n<h2 class=\"kt-adv-heading72814_8a3000-a3 wp-block-kadence-advancedheading\" data-kb-block=\"kb-adv-heading72814_8a3000-a3\">Photos<\/h2>\n\n\n\n<p class=\"has-medium-font-size\"><\/p>\n\n\n<div class=\"wp-block-image\">\n<figure class=\"aligncenter size-large\"><img loading=\"lazy\" decoding=\"async\" width=\"800\" height=\"600\" src=\"https:\/\/centcols.org\/backup\/wp-content\/uploads\/2023\/05\/800px-Gueule_denfer.jpg\" alt=\"\" class=\"wp-image-72790\" srcset=\"https:\/\/centcols.org\/backup\/wp-content\/uploads\/2023\/05\/800px-Gueule_denfer.jpg 800w, https:\/\/centcols.org\/backup\/wp-content\/uploads\/2023\/05\/800px-Gueule_denfer-500x375.jpg 500w, https:\/\/centcols.org\/backup\/wp-content\/uploads\/2023\/05\/800px-Gueule_denfer-768x576.jpg 768w, https:\/\/centcols.org\/backup\/wp-content\/uploads\/2023\/05\/800px-Gueule_denfer-600x450.jpg 600w\" sizes=\"(max-width: 800px) 100vw, 800px\" \/><figcaption class=\"wp-element-caption\"><strong>La Gueule d&#8217;Enfer, confluence de la Moselle et de la Meurthe \u00e0 Pompey<\/strong><\/figcaption><\/figure><\/div>\n\n<div class=\"wp-block-image\">\n<figure class=\"aligncenter size-large is-resized\"><img loading=\"lazy\" decoding=\"async\" width=\"584\" height=\"389\" src=\"https:\/\/centcols.org\/backup\/wp-content\/uploads\/2023\/05\/pain-sucre-L-bU6oWn.jpeg\" alt=\"\" class=\"wp-image-72808\" style=\"width:780px;height:520px\" srcset=\"https:\/\/centcols.org\/backup\/wp-content\/uploads\/2023\/05\/pain-sucre-L-bU6oWn.jpeg 584w, https:\/\/centcols.org\/backup\/wp-content\/uploads\/2023\/05\/pain-sucre-L-bU6oWn-500x333.jpeg 500w\" sizes=\"(max-width: 584px) 100vw, 584px\" \/><figcaption class=\"wp-element-caption\"><strong>Le Pain de Sucre, \u00e0 droite, le Petit Mont et le Grand Mont \u00e0 gauche<\/strong><\/figcaption><\/figure><\/div>\n\n<div class=\"wp-block-image\">\n<figure class=\"aligncenter size-large\"><img decoding=\"async\" src=\"https:\/\/centcols.org\/backup\/util\/geo\/visu\/FR\/img\/1365\/1208.jpg\" alt=\"\"\/><figcaption class=\"wp-element-caption\"><strong>Col de Bratte<\/strong><\/figcaption><\/figure><\/div>\n\n<div class=\"wp-block-image\">\n<figure class=\"aligncenter size-large\"><img decoding=\"async\" src=\"https:\/\/centcols.org\/backup\/util\/geo\/visu\/FR\/img\/1365\/140a.jpg\" alt=\"\"\/><figcaption class=\"wp-element-caption\"><strong>Col de Moivrons<\/strong><\/figcaption><\/figure><\/div>\n\n<div class=\"wp-block-image\">\n<figure class=\"aligncenter size-large\"><img decoding=\"async\" src=\"https:\/\/centcols.org\/backup\/util\/geo\/visu\/FR\/img\/1365\/1007.jpg\" alt=\"\"\/><figcaption class=\"wp-element-caption\"><strong>Col de Sivry<\/strong><\/figcaption><\/figure><\/div>\n\n<div class=\"wp-block-image\">\n<figure class=\"aligncenter size-large\"><img decoding=\"async\" src=\"https:\/\/centcols.org\/backup\/util\/geo\/visu\/FR\/img\/1365\/0909.jpg\" alt=\"\"\/><figcaption class=\"wp-element-caption\"><strong>Col de Serri\u00e8res<\/strong><\/figcaption><\/figure><\/div>\n\n<div class=\"wp-block-image\">\n<figure class=\"aligncenter size-large\"><img decoding=\"async\" src=\"https:\/\/centcols.org\/backup\/util\/geo\/visu\/FR\/img\/1365\/0806.jpg\" alt=\"\"\/><figcaption class=\"wp-element-caption\"><strong>Col de Millery<\/strong><\/figcaption><\/figure><\/div>\n\n<div class=\"wp-block-image\">\n<figure class=\"aligncenter size-large\"><img decoding=\"async\" src=\"https:\/\/centcols.org\/backup\/util\/geo\/visu\/FR\/img\/1365\/1305.jpg\" alt=\"\"\/><figcaption class=\"wp-element-caption\"><strong>Col de Sainte-Genevi\u00e8ve<\/strong><\/figcaption><\/figure><\/div>","protected":false},"excerpt":{"rendered":"<p>Description de l&#8217;auteur Auteur : Denis Mathieu Parcours : effectu\u00e9 le 27\/05\/2020 D\u00e9part : parking au bout du Chemin du Pain de Sucre \u00e0 Dommartemont 54130, banlieue Est de Nancy. Alt&nbsp;: 353 m Descriptif touristique Parcours d\u00e9butant sur les berges de la Meurthe, passage par le site des anciennes aci\u00e9ries de Pompey (origine des aciers [&hellip;]<\/p>\n","protected":false},"author":397,"featured_media":0,"comment_status":"closed","ping_status":"closed","sticky":false,"template":"","format":"standard","meta":{"_acf_changed":false,"ub_ctt_via":"","_monsterinsights_skip_tracking":false,"_monsterinsights_sitenote_active":false,"_monsterinsights_sitenote_note":"","_monsterinsights_sitenote_category":0,"footnotes":""},"categories":[600,602],"tags":[],"acf":[],"featured_image_urls":{"full":"","thumbnail":"","medium":"","medium_large":"","large":"","1536x1536":"","2048x2048":"","woocommerce_thumbnail":"","woocommerce_single":"","woocommerce_gallery_thumbnail":""},"post_excerpt_stackable":"<p>Description de l&#8217;auteur Auteur : Denis Mathieu Parcours : effectu\u00e9 le 27\/05\/2020 D\u00e9part : parking au bout du Chemin du Pain de Sucre \u00e0 Dommartemont 54130, banlieue Est de Nancy. Alt&nbsp;: 353 m Descriptif touristique Parcours d\u00e9butant sur les berges de la Meurthe, passage par le site des anciennes aci\u00e9ries de Pompey (origine des aciers utilis\u00e9s pour la tour Eiffel) \u00e0 la confluence de la Meurthe et de la Moselle. Il emprunte ensuite les berges de la Moselle puis grimpe sur le plateau, rejoint la Moselle une seconde fois. Ce circuit passe par des cols list\u00e9s dans les r\u00e9cits des\u2026<\/p>\n","category_list":"<a href=\"https:\/\/centcols.org\/backup\/categorie\/parcours-des-membres\/\" rel=\"category tag\">Parcours des membres<\/a>, <a href=\"https:\/\/centcols.org\/backup\/categorie\/parcours-des-membres\/parcours-france\/\" rel=\"category tag\">Parcours France<\/a>","author_info":{"display_name":"Denis Chouquet-Stringer","author_link":"https:\/\/centcols.org\/backup\/author\/6183\/"},"comments_num":"0 commentaire","featured_image_urls_v2":{"full":"","thumbnail":"","medium":"","medium_large":"","large":"","1536x1536":"","2048x2048":"","woocommerce_thumbnail":"","woocommerce_single":"","woocommerce_gallery_thumbnail":""},"post_excerpt_stackable_v2":"<p>Description de l&#8217;auteur Auteur : Denis Mathieu Parcours : effectu\u00e9 le 27\/05\/2020 D\u00e9part : parking au bout du Chemin du Pain de Sucre \u00e0 Dommartemont 54130, banlieue Est de Nancy. Alt&nbsp;: 353 m Descriptif touristique Parcours d\u00e9butant sur les berges de la Meurthe, passage par le site des anciennes aci\u00e9ries de Pompey (origine des aciers utilis\u00e9s pour la tour Eiffel) \u00e0 la confluence de la Meurthe et de la Moselle. Il emprunte ensuite les berges de la Moselle puis grimpe sur le plateau, rejoint la Moselle une seconde fois. Ce circuit passe par des cols list\u00e9s dans les r\u00e9cits des\u2026<\/p>\n","category_list_v2":"<a href=\"https:\/\/centcols.org\/backup\/categorie\/parcours-des-membres\/\" rel=\"category tag\">Parcours des membres<\/a>, <a href=\"https:\/\/centcols.org\/backup\/categorie\/parcours-des-membres\/parcours-france\/\" rel=\"category tag\">Parcours France<\/a>","author_info_v2":{"name":"Denis Chouquet-Stringer","url":"https:\/\/centcols.org\/backup\/author\/6183\/"},"comments_num_v2":"0 commentaire","featured_image_src":null,"_links":{"self":[{"href":"https:\/\/centcols.org\/backup\/wp-json\/wp\/v2\/posts\/72814"}],"collection":[{"href":"https:\/\/centcols.org\/backup\/wp-json\/wp\/v2\/posts"}],"about":[{"href":"https:\/\/centcols.org\/backup\/wp-json\/wp\/v2\/types\/post"}],"author":[{"embeddable":true,"href":"https:\/\/centcols.org\/backup\/wp-json\/wp\/v2\/users\/397"}],"replies":[{"embeddable":true,"href":"https:\/\/centcols.org\/backup\/wp-json\/wp\/v2\/comments?post=72814"}],"version-history":[{"count":0,"href":"https:\/\/centcols.org\/backup\/wp-json\/wp\/v2\/posts\/72814\/revisions"}],"wp:attachment":[{"href":"https:\/\/centcols.org\/backup\/wp-json\/wp\/v2\/media?parent=72814"}],"wp:term":[{"taxonomy":"category","embeddable":true,"href":"https:\/\/centcols.org\/backup\/wp-json\/wp\/v2\/categories?post=72814"},{"taxonomy":"post_tag","embeddable":true,"href":"https:\/\/centcols.org\/backup\/wp-json\/wp\/v2\/tags?post=72814"}],"curies":[{"name":"wp","href":"https:\/\/api.w.org\/{rel}","templated":true}]}}