{"id":72860,"date":"2023-07-05T11:50:00","date_gmt":"2023-07-05T09:50:00","guid":{"rendered":"https:\/\/centcols.org\/backup\/?page_id=72860"},"modified":"2023-11-17T20:28:24","modified_gmt":"2023-11-17T19:28:24","slug":"france-54-rencontre-regionale-2022","status":"publish","type":"post","link":"https:\/\/centcols.org\/backup\/france-54-rencontre-regionale-2022\/","title":{"rendered":"FR-54 Grand Est Rencontre r\u00e9gionale 2022 &#8211; Route 44 km, D+ 490 m, 3 cols"},"content":{"rendered":"<figure class=\"wp-block-image aligncenter size-large is-resized\"><img loading=\"lazy\" decoding=\"async\" width=\"907\" height=\"540\" class=\"wp-image-72818\" style=\"width: 1120px; height: 667px;\" src=\"https:\/\/centcols.org\/backup\/wp-content\/uploads\/2023\/05\/Capture-decran-2023-05-11-113139.jpg\" alt=\"\" srcset=\"https:\/\/centcols.org\/backup\/wp-content\/uploads\/2023\/05\/Capture-decran-2023-05-11-113139.jpg 907w, https:\/\/centcols.org\/backup\/wp-content\/uploads\/2023\/05\/Capture-decran-2023-05-11-113139-500x298.jpg 500w, https:\/\/centcols.org\/backup\/wp-content\/uploads\/2023\/05\/Capture-decran-2023-05-11-113139-768x457.jpg 768w, https:\/\/centcols.org\/backup\/wp-content\/uploads\/2023\/05\/Capture-decran-2023-05-11-113139-600x357.jpg 600w\" sizes=\"(max-width: 907px) 100vw, 907px\" \/><\/figure>\n\n\n<figure class=\"wp-block-image size-large\"><img loading=\"lazy\" decoding=\"async\" width=\"1200\" height=\"320\" src=\"https:\/\/centcols.org\/backup\/wp-content\/uploads\/2023\/05\/FR-Grand-Est-Rencontre-regionale-2022-1200x320.jpeg\" alt=\"\" class=\"wp-image-72836\" srcset=\"https:\/\/centcols.org\/backup\/wp-content\/uploads\/2023\/05\/FR-Grand-Est-Rencontre-regionale-2022-1200x320.jpeg 1200w, https:\/\/centcols.org\/backup\/wp-content\/uploads\/2023\/05\/FR-Grand-Est-Rencontre-regionale-2022-500x133.jpeg 500w, https:\/\/centcols.org\/backup\/wp-content\/uploads\/2023\/05\/FR-Grand-Est-Rencontre-regionale-2022-768x205.jpeg 768w, https:\/\/centcols.org\/backup\/wp-content\/uploads\/2023\/05\/FR-Grand-Est-Rencontre-regionale-2022-1536x410.jpeg 1536w, https:\/\/centcols.org\/backup\/wp-content\/uploads\/2023\/05\/FR-Grand-Est-Rencontre-regionale-2022-2048x546.jpeg 2048w, https:\/\/centcols.org\/backup\/wp-content\/uploads\/2023\/05\/FR-Grand-Est-Rencontre-regionale-2022-600x160.jpeg 600w\" sizes=\"(max-width: 1200px) 100vw, 1200px\" \/><\/figure>\n\n\n\n<h2 class=\"wp-block-heading\">Description de l&#8217;auteur<\/h2>\n\n\n\n<p><span style=\"font-size: 20px; font-family: arial, helvetica, sans-serif;\"><strong>Auteur <\/strong>: Denis Mathieu<\/span><\/p>\n\n\n\n<p><span style=\"font-family: arial, helvetica, sans-serif; font-size: 20px;\"><strong>Parcours<\/strong> : effectu\u00e9 le 3 septembre 2022<\/span><\/p>\n\n\n\n<p class=\"has-medium-font-size\"><span style=\"font-size: 20px; font-family: arial, helvetica, sans-serif;\"><strong>D\u00e9part<\/strong> : <\/span>Parking de la piscine de Pont-\u00e0-Mousson. Alt : 180 m<\/p>\n\n\n\n<p><\/p>\n\n\n\n<p class=\"has-medium-font-size\"><strong><span style=\"font-size: 20px; font-family: arial, helvetica, sans-serif;\">Descriptif touristique<\/span><\/strong><\/p>\n\n\n\n<p class=\"has-medium-font-size\">Ce circuit emprunte tout d&#8217;abord la voie verte qui longe la Moselle en rive gauche. Cette voie offre un beau regard sur l&#8217;ancienne Abbaye des Pr\u00e9montr\u00e9s situ\u00e9e sur la rive oppos\u00e9e. Puis il revient vers Pont-\u00e0-Mousson par les hauteurs de la rive droite pour traverser 2 cols issus des archives de la premi\u00e8re guerre mondiale.<\/p>\n\n\n\n<p class=\"has-medium-font-size\"><\/p>\n\n\n\n<div style=\"height:16px\" aria-hidden=\"true\" class=\"wp-block-spacer\"><\/div>\n\n\n\n<p class=\"has-medium-font-size\">3<strong> <span style=\"font-size: 20px; font-family: arial, helvetica, sans-serif;\">cols <\/span><\/strong><\/p>\n\n\n\n<p class=\"has-medium-font-size\">&#8211; Col du RUDEMONT <a href=\"https:\/\/centcols.org\/backup\/util\/geo\/visu.php?code=FR-54-0250\" target=\"_blank\" rel=\"noreferrer noopener\">FR-54-0250<\/a><br>&#8211; Col d&#8217;Arry&nbsp; <a href=\"https:\/\/centcols.org\/backup\/util\/geo\/visu.php?code=FR-57-0357\" target=\"_blank\" rel=\"noreferrer noopener\">FR-57-0357<\/a><br>&#8211; Col de Lesm\u00e9nils <a href=\"https:\/\/centcols.org\/backup\/util\/geo\/visu.php?code=FR-54-0272\" target=\"_blank\" rel=\"noreferrer noopener\">FR-54-0272<\/a><\/p>\n\n\n\n<div style=\"height:18px\" aria-hidden=\"true\" class=\"wp-block-spacer\"><\/div>\n\n\n\n<p class=\"has-medium-font-size\"><strong>Descriptif technique<\/strong><\/p>\n\n\n\n<p class=\"has-medium-font-size\">La route pour descendre du col de Rudemont est fortement d\u00e9grad\u00e9e en septembre 2022. Elle est \u00e9vitable en faisant demi-tour au col et en prenant \u00e0 gauche verts le bas de Nov\u00e9ant pour retrouver le parcours. La mont\u00e9e au col d&#8217;Arry est rude.<\/p>\n\n\n\n<p class=\"has-medium-font-size\"><span style=\"font-size: 20px; font-family: arial, helvetica, sans-serif;\"><strong>Mots-cl\u00e9s<\/strong> : Pont-\u00e0-Mousson, Col d&#8217;Arry, Col de Lesm\u00e9nils, Col de Rudemont, voie verte Moselle<\/span><\/p>\n\n\n\n<p class=\"has-medium-font-size\"><span style=\"font-size: 20px; font-family: arial, helvetica, sans-serif;\"><strong>Lien openrunner, carte interactive, profil, trace gpx<\/strong> : <\/span><a href=\"https:\/\/www.openrunner.com\/route-details\/16418773\" target=\"_blank\" rel=\"noreferrer noopener\"><strong>https:\/\/www.openrunner.com\/route-details\/16418773<\/strong><\/a><\/p>\n\n\n\n<p class=\"has-medium-font-size\"><\/p>\n\n\n\n<p class=\"has-medium-font-size\"><span style=\"font-size: 20px; font-family: arial, helvetica, sans-serif;\">Cet itin\u00e9raire est propos\u00e9 \u00e0 titre indicatif. L&#8217;auteur d\u00e9gage sa responsabilit\u00e9 et celle du Club des Cent Cols en vertu des impond\u00e9rables dus au cycliste lui-m\u00eame, au mat\u00e9riel utilis\u00e9 et tout ce qui concerne la route, les pistes et sentiers, leurs abords et les autres utilisateurs de ceux-ci.<\/span><\/p>\n\n\n\n<p><span style=\"font-size: 20px;\">Ici, une <a href=\"https:\/\/centcols.org\/backup\/liste-parcours-cent-cols-sur-or-2\/\" target=\"_blank\" rel=\"noopener\">vue exhaustive des parcours membres<\/a> du Club des Cent Cols<\/span><\/p>\n\n\n\n<h2 class=\"kt-adv-heading72860_b14042-c4 wp-block-kadence-advancedheading\" data-kb-block=\"kb-adv-heading72860_b14042-c4\">Photos<\/h2>\n\n\n\n<p class=\"has-medium-font-size\"><\/p>\n\n\n<div class=\"wp-block-image\">\n<figure class=\"aligncenter size-large is-resized\"><img loading=\"lazy\" decoding=\"async\" width=\"1200\" height=\"900\" src=\"https:\/\/centcols.org\/backup\/wp-content\/uploads\/2023\/05\/Rencontre-1200x900.jpg\" alt=\"\" class=\"wp-image-72854\" style=\"width:927px;height:695px\" srcset=\"https:\/\/centcols.org\/backup\/wp-content\/uploads\/2023\/05\/Rencontre-1200x900.jpg 1200w, https:\/\/centcols.org\/backup\/wp-content\/uploads\/2023\/05\/Rencontre-500x375.jpg 500w, https:\/\/centcols.org\/backup\/wp-content\/uploads\/2023\/05\/Rencontre-768x576.jpg 768w, https:\/\/centcols.org\/backup\/wp-content\/uploads\/2023\/05\/Rencontre-600x450.jpg 600w, https:\/\/centcols.org\/backup\/wp-content\/uploads\/2023\/05\/Rencontre.jpg 1281w\" sizes=\"(max-width: 1200px) 100vw, 1200px\" \/><figcaption class=\"wp-element-caption\"><strong>Le groupe<\/strong><\/figcaption><\/figure><\/div>\n\n<div class=\"wp-block-image\">\n<figure class=\"aligncenter size-large is-resized\"><img loading=\"lazy\" decoding=\"async\" width=\"512\" height=\"367\" src=\"https:\/\/centcols.org\/backup\/wp-content\/uploads\/2023\/05\/Les-rives-de-la-Moselle.jpg\" alt=\"\" class=\"wp-image-72848\" style=\"width:923px;height:662px\" srcset=\"https:\/\/centcols.org\/backup\/wp-content\/uploads\/2023\/05\/Les-rives-de-la-Moselle.jpg 512w, https:\/\/centcols.org\/backup\/wp-content\/uploads\/2023\/05\/Les-rives-de-la-Moselle-500x358.jpg 500w\" sizes=\"(max-width: 512px) 100vw, 512px\" \/><figcaption class=\"wp-element-caption\"><strong>La Voie Verte le long de la Moselle<\/strong><\/figcaption><\/figure><\/div>\n\n<div class=\"wp-block-image\">\n<figure class=\"aligncenter size-large is-resized\"><img loading=\"lazy\" decoding=\"async\" width=\"1023\" height=\"589\" src=\"https:\/\/centcols.org\/backup\/wp-content\/uploads\/2023\/05\/Les-Premontres.png\" alt=\"\" class=\"wp-image-72842\" style=\"width:926px;height:533px\" srcset=\"https:\/\/centcols.org\/backup\/wp-content\/uploads\/2023\/05\/Les-Premontres.png 1023w, https:\/\/centcols.org\/backup\/wp-content\/uploads\/2023\/05\/Les-Premontres-500x288.png 500w, https:\/\/centcols.org\/backup\/wp-content\/uploads\/2023\/05\/Les-Premontres-768x442.png 768w, https:\/\/centcols.org\/backup\/wp-content\/uploads\/2023\/05\/Les-Premontres-600x345.png 600w\" sizes=\"(max-width: 1023px) 100vw, 1023px\" \/><figcaption class=\"wp-element-caption\"><strong>L&#8217;Abbaye des Pr\u00e9montr\u00e9s<\/strong><\/figcaption><\/figure><\/div>\n\n<div class=\"wp-block-image\">\n<figure class=\"aligncenter size-large is-resized\"><img loading=\"lazy\" decoding=\"async\" width=\"500\" height=\"359\" src=\"https:\/\/centcols.org\/backup\/wp-content\/uploads\/2023\/05\/Col-de.jpg\" alt=\"\" class=\"wp-image-72824\" style=\"width:919px;height:660px\"\/><figcaption class=\"wp-element-caption\"><strong>La mont\u00e9e au col d&#8217;Arry<\/strong><\/figcaption><\/figure><\/div>\n\n<div class=\"wp-block-image\">\n<figure class=\"aligncenter size-large is-resized\"><img loading=\"lazy\" decoding=\"async\" width=\"603\" height=\"452\" src=\"https:\/\/centcols.org\/backup\/wp-content\/uploads\/2023\/05\/Diplome.jpg\" alt=\"\" class=\"wp-image-72830\" style=\"width:920px;height:690px\" srcset=\"https:\/\/centcols.org\/backup\/wp-content\/uploads\/2023\/05\/Diplome.jpg 603w, https:\/\/centcols.org\/backup\/wp-content\/uploads\/2023\/05\/Diplome-500x375.jpg 500w, https:\/\/centcols.org\/backup\/wp-content\/uploads\/2023\/05\/Diplome-600x450.jpg 600w\" sizes=\"(max-width: 603px) 100vw, 603px\" \/><figcaption class=\"wp-element-caption\"><strong>Remise de dipl\u00f4me<\/strong><\/figcaption><\/figure><\/div>\n\n<div class=\"wp-block-image\">\n<figure class=\"aligncenter size-large\"><img decoding=\"async\" src=\"https:\/\/centcols.org\/backup\/util\/geo\/visu\/FR\/img\/1365\/0706.jpg\" alt=\"\"\/><figcaption class=\"wp-element-caption\"><strong>Col du Rudemont<\/strong><\/figcaption><\/figure><\/div>\n\n<div class=\"wp-block-image\">\n<figure class=\"aligncenter size-large\"><img decoding=\"async\" src=\"https:\/\/centcols.org\/backup\/util\/geo\/visu\/FR\/img\/2015\/5709.jpg\" alt=\"\"\/><figcaption class=\"wp-element-caption\"><strong>Col d&#8217;Arry<\/strong><\/figcaption><\/figure><\/div>\n\n<div class=\"wp-block-image\">\n<figure class=\"aligncenter size-large\"><img decoding=\"async\" src=\"https:\/\/centcols.org\/backup\/util\/geo\/visu\/FR\/img\/2015\/5600.jpg\" alt=\"\"\/><figcaption class=\"wp-element-caption\"><strong>Col de Lesm\u00e9nils<\/strong><\/figcaption><\/figure><\/div>","protected":false},"excerpt":{"rendered":"<p>Description de l&#8217;auteur Auteur : Denis Mathieu Parcours : effectu\u00e9 le 3 septembre 2022 D\u00e9part : Parking de la piscine de Pont-\u00e0-Mousson. Alt : 180 m Descriptif touristique Ce circuit emprunte tout d&#8217;abord la voie verte qui longe la Moselle en rive gauche. Cette voie offre un beau regard sur l&#8217;ancienne Abbaye des Pr\u00e9montr\u00e9s situ\u00e9e [&hellip;]<\/p>\n","protected":false},"author":397,"featured_media":0,"comment_status":"closed","ping_status":"closed","sticky":false,"template":"","format":"standard","meta":{"_acf_changed":false,"ub_ctt_via":"","_monsterinsights_skip_tracking":false,"_monsterinsights_sitenote_active":false,"_monsterinsights_sitenote_note":"","_monsterinsights_sitenote_category":0,"footnotes":""},"categories":[600,602],"tags":[],"acf":[],"featured_image_urls":{"full":"","thumbnail":"","medium":"","medium_large":"","large":"","1536x1536":"","2048x2048":"","woocommerce_thumbnail":"","woocommerce_single":"","woocommerce_gallery_thumbnail":""},"post_excerpt_stackable":"<p>Description de l&#8217;auteur Auteur : Denis Mathieu Parcours : effectu\u00e9 le 3 septembre 2022 D\u00e9part : Parking de la piscine de Pont-\u00e0-Mousson. Alt : 180 m Descriptif touristique Ce circuit emprunte tout d&#8217;abord la voie verte qui longe la Moselle en rive gauche. Cette voie offre un beau regard sur l&#8217;ancienne Abbaye des Pr\u00e9montr\u00e9s situ\u00e9e sur la rive oppos\u00e9e. Puis il revient vers Pont-\u00e0-Mousson par les hauteurs de la rive droite pour traverser 2 cols issus des archives de la premi\u00e8re guerre mondiale. 3 cols &#8211; Col du RUDEMONT FR-54-0250&#8211; Col d&#8217;Arry&nbsp; FR-57-0357&#8211; Col de Lesm\u00e9nils FR-54-0272 Descriptif technique La\u2026<\/p>\n","category_list":"<a href=\"https:\/\/centcols.org\/backup\/categorie\/parcours-des-membres\/\" rel=\"category tag\">Parcours des membres<\/a>, <a href=\"https:\/\/centcols.org\/backup\/categorie\/parcours-des-membres\/parcours-france\/\" rel=\"category tag\">Parcours France<\/a>","author_info":{"display_name":"Denis Chouquet-Stringer","author_link":"https:\/\/centcols.org\/backup\/author\/6183\/"},"comments_num":"0 commentaire","featured_image_urls_v2":{"full":"","thumbnail":"","medium":"","medium_large":"","large":"","1536x1536":"","2048x2048":"","woocommerce_thumbnail":"","woocommerce_single":"","woocommerce_gallery_thumbnail":""},"post_excerpt_stackable_v2":"<p>Description de l&#8217;auteur Auteur : Denis Mathieu Parcours : effectu\u00e9 le 3 septembre 2022 D\u00e9part : Parking de la piscine de Pont-\u00e0-Mousson. Alt : 180 m Descriptif touristique Ce circuit emprunte tout d&#8217;abord la voie verte qui longe la Moselle en rive gauche. Cette voie offre un beau regard sur l&#8217;ancienne Abbaye des Pr\u00e9montr\u00e9s situ\u00e9e sur la rive oppos\u00e9e. Puis il revient vers Pont-\u00e0-Mousson par les hauteurs de la rive droite pour traverser 2 cols issus des archives de la premi\u00e8re guerre mondiale. 3 cols &#8211; Col du RUDEMONT FR-54-0250&#8211; Col d&#8217;Arry&nbsp; FR-57-0357&#8211; Col de Lesm\u00e9nils FR-54-0272 Descriptif technique La\u2026<\/p>\n","category_list_v2":"<a href=\"https:\/\/centcols.org\/backup\/categorie\/parcours-des-membres\/\" rel=\"category tag\">Parcours des membres<\/a>, <a href=\"https:\/\/centcols.org\/backup\/categorie\/parcours-des-membres\/parcours-france\/\" rel=\"category tag\">Parcours France<\/a>","author_info_v2":{"name":"Denis Chouquet-Stringer","url":"https:\/\/centcols.org\/backup\/author\/6183\/"},"comments_num_v2":"0 commentaire","featured_image_src":null,"_links":{"self":[{"href":"https:\/\/centcols.org\/backup\/wp-json\/wp\/v2\/posts\/72860"}],"collection":[{"href":"https:\/\/centcols.org\/backup\/wp-json\/wp\/v2\/posts"}],"about":[{"href":"https:\/\/centcols.org\/backup\/wp-json\/wp\/v2\/types\/post"}],"author":[{"embeddable":true,"href":"https:\/\/centcols.org\/backup\/wp-json\/wp\/v2\/users\/397"}],"replies":[{"embeddable":true,"href":"https:\/\/centcols.org\/backup\/wp-json\/wp\/v2\/comments?post=72860"}],"version-history":[{"count":0,"href":"https:\/\/centcols.org\/backup\/wp-json\/wp\/v2\/posts\/72860\/revisions"}],"wp:attachment":[{"href":"https:\/\/centcols.org\/backup\/wp-json\/wp\/v2\/media?parent=72860"}],"wp:term":[{"taxonomy":"category","embeddable":true,"href":"https:\/\/centcols.org\/backup\/wp-json\/wp\/v2\/categories?post=72860"},{"taxonomy":"post_tag","embeddable":true,"href":"https:\/\/centcols.org\/backup\/wp-json\/wp\/v2\/tags?post=72860"}],"curies":[{"name":"wp","href":"https:\/\/api.w.org\/{rel}","templated":true}]}}