{"id":72945,"date":"2023-05-10T15:33:22","date_gmt":"2023-05-10T13:33:22","guid":{"rendered":"https:\/\/centcols.org\/backup\/?page_id=72945"},"modified":"2023-11-18T18:07:39","modified_gmt":"2023-11-18T17:07:39","slug":"espagne-b-dosrius","status":"publish","type":"post","link":"https:\/\/centcols.org\/backup\/espagne-b-dosrius\/","title":{"rendered":"ES-B Dosrius &#8211; Route\/Gravel 28 km, D+ 590 m, 6 cols"},"content":{"rendered":"\n<h2 class=\"wp-block-heading\">Parcours des membres &#8211; Gravel &#8211; 6 cols<\/h2>\n\n\n\n<div class=\"wp-block-image\"><figure class=\"aligncenter size-large is-resized\"><img loading=\"lazy\" decoding=\"async\" src=\"https:\/\/centcols.org\/backup\/wp-content\/uploads\/2023\/05\/Capture-decran-2023-05-14-151601.jpg\" alt=\"\" class=\"wp-image-72947\" width=\"1104\" height=\"649\" srcset=\"https:\/\/centcols.org\/backup\/wp-content\/uploads\/2023\/05\/Capture-decran-2023-05-14-151601.jpg 908w, https:\/\/centcols.org\/backup\/wp-content\/uploads\/2023\/05\/Capture-decran-2023-05-14-151601-500x294.jpg 500w, https:\/\/centcols.org\/backup\/wp-content\/uploads\/2023\/05\/Capture-decran-2023-05-14-151601-768x452.jpg 768w, https:\/\/centcols.org\/backup\/wp-content\/uploads\/2023\/05\/Capture-decran-2023-05-14-151601-600x353.jpg 600w\" sizes=\"(max-width: 1104px) 100vw, 1104px\" \/><\/figure><\/div>\n\n\n\n<div class=\"wp-block-image\"><figure class=\"aligncenter size-large\"><img loading=\"lazy\" decoding=\"async\" width=\"1200\" height=\"320\" src=\"https:\/\/centcols.org\/backup\/wp-content\/uploads\/2023\/05\/ES-B-Dosrius-1200x320.jpeg\" alt=\"\" class=\"wp-image-72959\" srcset=\"https:\/\/centcols.org\/backup\/wp-content\/uploads\/2023\/05\/ES-B-Dosrius-1200x320.jpeg 1200w, https:\/\/centcols.org\/backup\/wp-content\/uploads\/2023\/05\/ES-B-Dosrius-500x133.jpeg 500w, https:\/\/centcols.org\/backup\/wp-content\/uploads\/2023\/05\/ES-B-Dosrius-768x205.jpeg 768w, https:\/\/centcols.org\/backup\/wp-content\/uploads\/2023\/05\/ES-B-Dosrius-1536x410.jpeg 1536w, https:\/\/centcols.org\/backup\/wp-content\/uploads\/2023\/05\/ES-B-Dosrius-2048x546.jpeg 2048w, https:\/\/centcols.org\/backup\/wp-content\/uploads\/2023\/05\/ES-B-Dosrius-600x160.jpeg 600w\" sizes=\"(max-width: 1200px) 100vw, 1200px\" \/><\/figure><\/div>\n\n\n\n<h2 class=\"wp-block-heading\">Description de l&#8217;auteur<\/h2>\n\n\n\n<p><span style=\"font-size: 20px; font-family: arial, helvetica, sans-serif;\"><strong>Auteur <\/strong>: Guy Garcin<\/span><\/p>\n\n\n\n<p><span style=\"font-family: arial, helvetica, sans-serif; font-size: 20px;\"><strong>Parcours<\/strong> : effectu\u00e9 en mars 2016<\/span><\/p>\n\n\n\n<p class=\"has-medium-font-size\"><span style=\"font-size: 20px; font-family: arial, helvetica, sans-serif;\"><strong>D\u00e9part<\/strong> : <\/span>Dosrius, centre du village, Carrer de Moss\u00e8n Jacint Verdaguer. Alt : 148 m<\/p>\n\n\n\n<p><\/p>\n\n\n\n<p class=\"has-medium-font-size\"><strong><span style=\"font-size: 20px; font-family: arial, helvetica, sans-serif;\">Descriptif touristique<\/span><\/strong><\/p>\n\n\n\n<p class=\"has-medium-font-size\">Dosrius se loge au centre de la petite cordill\u00e8re c\u00f4ti\u00e8re situ\u00e9e au nord-est de Barcelone. Elle domine le littoral m\u00e9diterran\u00e9en en ne lui octroyant qu\u2019une petite bande c\u00f4ti\u00e8re tr\u00e8s urbanis\u00e9e. Mais de nombreux parcs naturels diss\u00e9min\u00e9s le long de la cha\u00eene prot\u00e8gent la montagne et ses for\u00eats.<\/p>\n\n\n\n<div style=\"height:16px\" aria-hidden=\"true\" class=\"wp-block-spacer\"><\/div>\n\n\n\n<p class=\"has-medium-font-size\"><strong>6 <span style=\"font-size: 20px; font-family: arial, helvetica, sans-serif;\">cols <\/span><\/strong><\/p>\n\n\n\n<p class=\"wp-block-preformatted has-medium-font-size\"><span style=\"font-size: 20px; font-family: arial, helvetica, sans-serif;\">1 <\/span>&#8211; Coll de la Creueta               <a href=\"https:\/\/centcols.org\/backup\/util\/geo\/visu.php?code=ES-B-0200\" target=\"_blank\" rel=\"noopener\" title=\"\">ES-B-0200<\/a><br>2 &#8211; Creueta de Can Martorell <a href=\"https:\/\/centcols.org\/backup\/util\/geo\/visu.php?code=ES-B-0199a\" target=\"_blank\" rel=\"noopener\" title=\"\">ES-B-0199a<\/a><br>3 &#8211; El Portell                              <a href=\"https:\/\/centcols.org\/backup\/util\/geo\/visu.php?code=ES-B-0336\" target=\"_blank\" rel=\"noopener\" title=\"\">ES-B-0336<\/a><br>4 &#8211; El Coll                                   <a href=\"https:\/\/centcols.org\/backup\/util\/geo\/visu.php?code=ES-B-0262\" target=\"_blank\" rel=\"noopener\" title=\"\">ES-B-0262<\/a><br>5 &#8211; Coll de Castellans               <a href=\"https:\/\/centcols.org\/backup\/util\/geo\/visu.php?code=ES-B-0348\" target=\"_blank\" rel=\"noopener\" title=\"\">ES-B-0348<\/a><br>6 &#8211; Coll de Parpers                   <a href=\"https:\/\/centcols.org\/backup\/util\/geo\/visu.php?code=ES-B-0295a\" target=\"_blank\" rel=\"noopener\" title=\"\">ES-B-0295a<\/a><\/p>\n\n\n\n<div style=\"height:18px\" aria-hidden=\"true\" class=\"wp-block-spacer\"><\/div>\n\n\n\n<p class=\"has-medium-font-size\"><strong>Descriptif technique<\/strong><\/p>\n\n\n\n<p class=\"has-medium-font-size\">Ces cols sont situ\u00e9s sur des routes goudronn\u00e9es ou sur des pistes non-rev\u00eatues, dites R1 et sont donc cyclables \u00e0 100%. 95 % du parcours se fait sur route.<\/p>\n\n\n\n<p class=\"has-medium-font-size\"><span style=\"font-size: 20px; font-family: arial, helvetica, sans-serif;\"><strong>Mots-cl\u00e9s<\/strong> : Dosrius, Catalogne, El Corredor, Mataro, centcols<\/span><\/p>\n\n\n\n<p class=\"has-medium-font-size\"><span style=\"font-size: 20px; font-family: arial, helvetica, sans-serif;\"><strong>Lien openrunner, carte interactive, profil, trace gpx<\/strong> : <\/span><strong><a href=\"https:\/\/www.openrunner.com\/route-details\/5888650\" target=\"_blank\" rel=\"noreferrer noopener\">https:\/\/www.openrunner.com\/route-details\/5888650<\/a><\/strong><\/p>\n\n\n\n<p class=\"has-medium-font-size\"><span style=\"font-size: 20px; font-family: arial, helvetica, sans-serif;\">Cet itin\u00e9raire est propos\u00e9 \u00e0 titre indicatif. L&#8217;auteur d\u00e9gage sa responsabilit\u00e9 et celle du Club des Cent Cols en vertu des impond\u00e9rables dus au cycliste lui-m\u00eame, au mat\u00e9riel utilis\u00e9 et tout ce qui concerne la route, les pistes et sentiers, leurs abords et les autres utilisateurs de ceux-ci.<\/span><\/p>\n\n\n\n<p><span style=\"font-size: 20px;\">Ici, une <a href=\"https:\/\/centcols.org\/backup\/liste-parcours-cent-cols-sur-or-2\/\" target=\"_blank\" rel=\"noopener\">vue exhaustive des parcours membres<\/a> du Club des Cent Cols<\/span><\/p>\n\n\n\n<h2 class=\"kt-adv-heading_54a715-fa wp-block-kadence-advancedheading\" data-kb-block=\"kb-adv-heading_54a715-fa\">Photos<\/h2>\n\n\n\n<div class=\"wp-block-image\"><figure class=\"aligncenter size-large\"><img loading=\"lazy\" decoding=\"async\" width=\"1200\" height=\"674\" src=\"https:\/\/centcols.org\/backup\/wp-content\/uploads\/2023\/05\/Dosrius-Piste-1200x674.jpg\" alt=\"\" class=\"wp-image-72953\" srcset=\"https:\/\/centcols.org\/backup\/wp-content\/uploads\/2023\/05\/Dosrius-Piste-1200x674.jpg 1200w, https:\/\/centcols.org\/backup\/wp-content\/uploads\/2023\/05\/Dosrius-Piste-500x281.jpg 500w, https:\/\/centcols.org\/backup\/wp-content\/uploads\/2023\/05\/Dosrius-Piste-768x431.jpg 768w, https:\/\/centcols.org\/backup\/wp-content\/uploads\/2023\/05\/Dosrius-Piste-1536x863.jpg 1536w, https:\/\/centcols.org\/backup\/wp-content\/uploads\/2023\/05\/Dosrius-Piste-600x337.jpg 600w, https:\/\/centcols.org\/backup\/wp-content\/uploads\/2023\/05\/Dosrius-Piste.jpg 1609w\" sizes=\"(max-width: 1200px) 100vw, 1200px\" \/><\/figure><\/div>\n\n\n\n<figure class=\"wp-block-image size-large\"><img loading=\"lazy\" decoding=\"async\" width=\"1200\" height=\"900\" src=\"https:\/\/centcols.org\/backup\/wp-content\/uploads\/2023\/05\/Paysage-Dosrius-2-1200x900.jpg\" alt=\"\" class=\"wp-image-72965\" srcset=\"https:\/\/centcols.org\/backup\/wp-content\/uploads\/2023\/05\/Paysage-Dosrius-2-1200x900.jpg 1200w, https:\/\/centcols.org\/backup\/wp-content\/uploads\/2023\/05\/Paysage-Dosrius-2-500x375.jpg 500w, https:\/\/centcols.org\/backup\/wp-content\/uploads\/2023\/05\/Paysage-Dosrius-2-768x576.jpg 768w, https:\/\/centcols.org\/backup\/wp-content\/uploads\/2023\/05\/Paysage-Dosrius-2-600x450.jpg 600w, https:\/\/centcols.org\/backup\/wp-content\/uploads\/2023\/05\/Paysage-Dosrius-2.jpg 1281w\" sizes=\"(max-width: 1200px) 100vw, 1200px\" \/><\/figure>\n\n\n\n<div class=\"wp-block-image\"><figure class=\"aligncenter size-large\"><img loading=\"lazy\" decoding=\"async\" width=\"678\" height=\"904\" src=\"https:\/\/centcols.org\/backup\/wp-content\/uploads\/2023\/05\/Paysage-Dosrius.jpg\" alt=\"\" class=\"wp-image-72971\" srcset=\"https:\/\/centcols.org\/backup\/wp-content\/uploads\/2023\/05\/Paysage-Dosrius.jpg 678w, https:\/\/centcols.org\/backup\/wp-content\/uploads\/2023\/05\/Paysage-Dosrius-375x500.jpg 375w, https:\/\/centcols.org\/backup\/wp-content\/uploads\/2023\/05\/Paysage-Dosrius-600x800.jpg 600w\" sizes=\"(max-width: 678px) 100vw, 678px\" \/><\/figure><\/div>\n\n\n\n<p class=\"has-text-align-center\"><strong>Paysages autour de Dosrius<\/strong><\/p>\n\n\n\n<div class=\"wp-block-image\"><figure class=\"aligncenter size-large\"><img decoding=\"async\" src=\"https:\/\/centcols.org\/backup\/util\/geo\/visu\/ES\/img\/1111\/9902.jpg\" alt=\"\"\/><figcaption><strong>Coll de la Creueta<\/strong><\/figcaption><\/figure><\/div>\n\n\n\n<div class=\"wp-block-image\"><figure class=\"aligncenter size-large\"><img decoding=\"async\" src=\"https:\/\/centcols.org\/backup\/util\/geo\/visu\/ES\/img\/1111\/9803.jpg\" alt=\"\"\/><figcaption><strong>Creueta de Can Martorell<\/strong><\/figcaption><\/figure><\/div>\n\n\n\n<div class=\"wp-block-image\"><figure class=\"aligncenter size-large\"><img decoding=\"async\" src=\"https:\/\/centcols.org\/backup\/util\/geo\/visu\/ES\/img\/1113\/0000.jpg\" alt=\"\"\/><figcaption><strong>El Portell<\/strong><\/figcaption><\/figure><\/div>\n\n\n\n<div class=\"wp-block-image\"><figure class=\"aligncenter size-large\"><img decoding=\"async\" src=\"https:\/\/centcols.org\/backup\/util\/geo\/visu\/ES\/img\/1112\/5202.jpg\" alt=\"\"\/><figcaption><strong>El Coll<\/strong><\/figcaption><\/figure><\/div>\n\n\n\n<div class=\"wp-block-image\"><figure class=\"aligncenter size-large\"><img decoding=\"async\" src=\"https:\/\/centcols.org\/backup\/util\/geo\/visu\/ES\/img\/1113\/0701.jpg\" alt=\"\"\/><figcaption><strong>Coll de Castellans<\/strong><\/figcaption><\/figure><\/div>\n\n\n\n<div class=\"wp-block-image\"><figure class=\"aligncenter size-large\"><img decoding=\"async\" src=\"https:\/\/centcols.org\/backup\/util\/geo\/visu\/ES\/img\/1112\/7301.jpg\" alt=\"\"\/><\/figure><\/div>\n","protected":false},"excerpt":{"rendered":"<p>Parcours des membres &#8211; Gravel &#8211; 6 cols Description de l&#8217;auteur Auteur : Guy Garcin Parcours : effectu\u00e9 en mars 2016 D\u00e9part : Dosrius, centre du village, Carrer de Moss\u00e8n Jacint Verdaguer. Alt : 148 m Descriptif touristique Dosrius se loge au centre de la petite cordill\u00e8re c\u00f4ti\u00e8re situ\u00e9e au nord-est de Barcelone. Elle domine [&hellip;]<\/p>\n","protected":false},"author":397,"featured_media":0,"comment_status":"closed","ping_status":"closed","sticky":false,"template":"","format":"standard","meta":{"_acf_changed":false,"ub_ctt_via":"","_monsterinsights_skip_tracking":false,"_monsterinsights_sitenote_active":false,"_monsterinsights_sitenote_note":"","_monsterinsights_sitenote_category":0,"footnotes":""},"categories":[600,616],"tags":[],"acf":[],"featured_image_urls":{"full":"","thumbnail":"","medium":"","medium_large":"","large":"","1536x1536":"","2048x2048":"","woocommerce_thumbnail":"","woocommerce_single":"","woocommerce_gallery_thumbnail":""},"post_excerpt_stackable":"<p>Parcours des membres &#8211; Gravel &#8211; 6 cols Description de l&#8217;auteur Auteur : Guy Garcin Parcours : effectu\u00e9 en mars 2016 D\u00e9part : Dosrius, centre du village, Carrer de Moss\u00e8n Jacint Verdaguer. Alt : 148 m Descriptif touristique Dosrius se loge au centre de la petite cordill\u00e8re c\u00f4ti\u00e8re situ\u00e9e au nord-est de Barcelone. Elle domine le littoral m\u00e9diterran\u00e9en en ne lui octroyant qu\u2019une petite bande c\u00f4ti\u00e8re tr\u00e8s urbanis\u00e9e. Mais de nombreux parcs naturels diss\u00e9min\u00e9s le long de la cha\u00eene prot\u00e8gent la montagne et ses for\u00eats. 6 cols 1 &#8211; Coll de la Creueta ES-B-02002 &#8211; Creueta de Can Martorell ES-B-0199a3\u2026<\/p>\n","category_list":"<a href=\"https:\/\/centcols.org\/backup\/categorie\/parcours-des-membres\/\" rel=\"category tag\">Parcours des membres<\/a>, <a href=\"https:\/\/centcols.org\/backup\/categorie\/parcours-des-membres\/parcours-espagne\/\" rel=\"category tag\">Parcours Espagne<\/a>","author_info":{"display_name":"Denis Chouquet-Stringer","author_link":"https:\/\/centcols.org\/backup\/author\/6183\/"},"comments_num":"0 commentaire","featured_image_urls_v2":{"full":"","thumbnail":"","medium":"","medium_large":"","large":"","1536x1536":"","2048x2048":"","woocommerce_thumbnail":"","woocommerce_single":"","woocommerce_gallery_thumbnail":""},"post_excerpt_stackable_v2":"<p>Parcours des membres &#8211; Gravel &#8211; 6 cols Description de l&#8217;auteur Auteur : Guy Garcin Parcours : effectu\u00e9 en mars 2016 D\u00e9part : Dosrius, centre du village, Carrer de Moss\u00e8n Jacint Verdaguer. Alt : 148 m Descriptif touristique Dosrius se loge au centre de la petite cordill\u00e8re c\u00f4ti\u00e8re situ\u00e9e au nord-est de Barcelone. Elle domine le littoral m\u00e9diterran\u00e9en en ne lui octroyant qu\u2019une petite bande c\u00f4ti\u00e8re tr\u00e8s urbanis\u00e9e. Mais de nombreux parcs naturels diss\u00e9min\u00e9s le long de la cha\u00eene prot\u00e8gent la montagne et ses for\u00eats. 6 cols 1 &#8211; Coll de la Creueta ES-B-02002 &#8211; Creueta de Can Martorell ES-B-0199a3\u2026<\/p>\n","category_list_v2":"<a href=\"https:\/\/centcols.org\/backup\/categorie\/parcours-des-membres\/\" rel=\"category tag\">Parcours des membres<\/a>, <a href=\"https:\/\/centcols.org\/backup\/categorie\/parcours-des-membres\/parcours-espagne\/\" rel=\"category tag\">Parcours Espagne<\/a>","author_info_v2":{"name":"Denis Chouquet-Stringer","url":"https:\/\/centcols.org\/backup\/author\/6183\/"},"comments_num_v2":"0 commentaire","featured_image_src":null,"_links":{"self":[{"href":"https:\/\/centcols.org\/backup\/wp-json\/wp\/v2\/posts\/72945"}],"collection":[{"href":"https:\/\/centcols.org\/backup\/wp-json\/wp\/v2\/posts"}],"about":[{"href":"https:\/\/centcols.org\/backup\/wp-json\/wp\/v2\/types\/post"}],"author":[{"embeddable":true,"href":"https:\/\/centcols.org\/backup\/wp-json\/wp\/v2\/users\/397"}],"replies":[{"embeddable":true,"href":"https:\/\/centcols.org\/backup\/wp-json\/wp\/v2\/comments?post=72945"}],"version-history":[{"count":0,"href":"https:\/\/centcols.org\/backup\/wp-json\/wp\/v2\/posts\/72945\/revisions"}],"wp:attachment":[{"href":"https:\/\/centcols.org\/backup\/wp-json\/wp\/v2\/media?parent=72945"}],"wp:term":[{"taxonomy":"category","embeddable":true,"href":"https:\/\/centcols.org\/backup\/wp-json\/wp\/v2\/categories?post=72945"},{"taxonomy":"post_tag","embeddable":true,"href":"https:\/\/centcols.org\/backup\/wp-json\/wp\/v2\/tags?post=72945"}],"curies":[{"name":"wp","href":"https:\/\/api.w.org\/{rel}","templated":true}]}}