{"id":73076,"date":"2023-07-11T16:31:07","date_gmt":"2023-07-11T14:31:07","guid":{"rendered":"https:\/\/centcols.org\/backup\/?page_id=73076"},"modified":"2023-11-17T20:31:04","modified_gmt":"2023-11-17T19:31:04","slug":"france-2b-niolu","status":"publish","type":"post","link":"https:\/\/centcols.org\/backup\/france-2b-niolu\/","title":{"rendered":"FR-2B Les Cr\u00eates du Niolu &#8211; VTT\/Gravel 45 km, D+ 1500 m, 7 cols"},"content":{"rendered":"\n<figure class=\"wp-block-image size-large is-resized\"><img loading=\"lazy\" decoding=\"async\" width=\"905\" height=\"542\" src=\"https:\/\/centcols.org\/backup\/wp-content\/uploads\/2023\/05\/Capture-decran-2023-05-14-161201-1.jpg\" alt=\"\" class=\"wp-image-73078\" style=\"width:1103px;height:660px\" srcset=\"https:\/\/centcols.org\/backup\/wp-content\/uploads\/2023\/05\/Capture-decran-2023-05-14-161201-1.jpg 905w, https:\/\/centcols.org\/backup\/wp-content\/uploads\/2023\/05\/Capture-decran-2023-05-14-161201-1-500x299.jpg 500w, https:\/\/centcols.org\/backup\/wp-content\/uploads\/2023\/05\/Capture-decran-2023-05-14-161201-1-768x460.jpg 768w, https:\/\/centcols.org\/backup\/wp-content\/uploads\/2023\/05\/Capture-decran-2023-05-14-161201-1-600x359.jpg 600w\" sizes=\"(max-width: 905px) 100vw, 905px\" \/><\/figure>\n\n\n<div class=\"wp-block-image\">\n<figure class=\"aligncenter size-large\"><img loading=\"lazy\" decoding=\"async\" width=\"1200\" height=\"320\" src=\"https:\/\/centcols.org\/backup\/wp-content\/uploads\/2023\/05\/FR-2B-Les-cretes-sud-du-Niolu-1200x320.jpeg\" alt=\"\" class=\"wp-image-73046\" srcset=\"https:\/\/centcols.org\/backup\/wp-content\/uploads\/2023\/05\/FR-2B-Les-cretes-sud-du-Niolu-1200x320.jpeg 1200w, https:\/\/centcols.org\/backup\/wp-content\/uploads\/2023\/05\/FR-2B-Les-cretes-sud-du-Niolu-500x133.jpeg 500w, https:\/\/centcols.org\/backup\/wp-content\/uploads\/2023\/05\/FR-2B-Les-cretes-sud-du-Niolu-768x205.jpeg 768w, https:\/\/centcols.org\/backup\/wp-content\/uploads\/2023\/05\/FR-2B-Les-cretes-sud-du-Niolu-1536x410.jpeg 1536w, https:\/\/centcols.org\/backup\/wp-content\/uploads\/2023\/05\/FR-2B-Les-cretes-sud-du-Niolu-2048x546.jpeg 2048w, https:\/\/centcols.org\/backup\/wp-content\/uploads\/2023\/05\/FR-2B-Les-cretes-sud-du-Niolu-600x160.jpeg 600w\" sizes=\"(max-width: 1200px) 100vw, 1200px\" \/><\/figure><\/div>\n\n\n<h2 class=\"wp-block-heading\">Description de l&#8217;auteur<\/h2>\n\n\n\n<p><span style=\"font-size: 20px; font-family: arial, helvetica, sans-serif;\"><strong>Auteur <\/strong>: Bernard Giraudeau<\/span><\/p>\n\n\n\n<p><span style=\"font-family: arial, helvetica, sans-serif; font-size: 20px;\"><strong>Parcours<\/strong> : effectu\u00e9 en 2019<\/span><\/p>\n\n\n\n<p class=\"has-medium-font-size\"><span style=\"font-size: 20px; font-family: arial, helvetica, sans-serif;\"><strong>D\u00e9part<\/strong> : <\/span>aire de stationnement proche du barrage de Calacuccia. Alt : 810 m<\/p>\n\n\n\n<p><\/p>\n\n\n\n<p class=\"has-medium-font-size\"><strong><span style=\"font-size: 20px; font-family: arial, helvetica, sans-serif;\">Descriptif touristique<\/span><\/strong><\/p>\n\n\n\n<p class=\"has-medium-font-size\">Les cr\u00eates sud du Niolu sont un formidable belv\u00e9d\u00e8re sur la vaste d\u00e9pression verdoyante de la vall\u00e9e du Golo connue sous le nom de Niolu. L&#8217;horizon au nord ouest est barr\u00e9 par le massif de Monte Cinto le plus haut sommet de Corse (2.706 m) et des ses satellites, tous \u00e0 plus de 2500 m.<\/p>\n\n\n\n<p class=\"has-medium-font-size\">Au sud-est, ce sont les gorges d&#8217;un autre grand fleuve de Corse qui s&#8217;ouvre \u00e0 la vue, celles du&nbsp; Tavignanu en amont de Corte.<\/p>\n\n\n\n<div style=\"height:16px\" aria-hidden=\"true\" class=\"wp-block-spacer\"><\/div>\n\n\n\n<p class=\"has-medium-font-size\"><strong>7 <span style=\"font-size: 20px; font-family: arial, helvetica, sans-serif;\">cols <\/span><\/strong><\/p>\n\n\n\n<p class=\"wp-block-preformatted has-medium-font-size\"><span style=\"font-size: 20px; font-family: arial, helvetica, sans-serif;\">1 <\/span>&#8211; Bocca a Croce <a href=\"https:\/\/centcols.org\/backup\/util\/geo\/visu.php?code=FR-2B-1602b\" target=\"_blank\" rel=\"noopener\" title=\"\">FR-2B-1602b<\/a><\/p>\n\n\n\n<p class=\"wp-block-preformatted has-medium-font-size\">2 &#8211; Bocca Capizzolu <a href=\"https:\/\/centcols.org\/backup\/util\/geo\/visu.php?code=FR-2B-1602a\" target=\"_blank\" rel=\"noopener\" title=\"\">FR-2B-1602a<\/a>  <\/p>\n\n\n\n<p class=\"wp-block-preformatted has-medium-font-size\">3 &#8211; Bocca di l&#8217;Arinella <a href=\"https:\/\/centcols.org\/backup\/util\/geo\/visu.php?code=FR-2B-1592\" target=\"_blank\" rel=\"noopener\" title=\"\">FR-2B-1592<\/a><\/p>\n\n\n\n<p class=\"wp-block-preformatted has-medium-font-size\">4 &#8211; Bocca Aleri <a href=\"https:\/\/centcols.org\/backup\/util\/geo\/visu.php?code=FR-2B-1575\" target=\"_blank\" rel=\"noopener\" title=\"\">FR-2B-1575<\/a><\/p>\n\n\n\n<p class=\"wp-block-preformatted has-medium-font-size\">5 &#8211; Colletta di Melo <a href=\"https:\/\/centcols.org\/backup\/util\/geo\/visu.php?code=FR-2B-1444\">FR-2B-1<\/a><a href=\"https:\/\/centcols.org\/backup\/util\/geo\/visu.php?code=FR-2B-1444\" target=\"_blank\" rel=\"noopener\" title=\"\">4<\/a><a href=\"https:\/\/centcols.org\/backup\/util\/geo\/visu.php?code=FR-2B-1444\">44<\/a><\/p>\n\n\n\n<p class=\"wp-block-preformatted has-medium-font-size\">6 &#8211; Bocca di Conia <a href=\"https:\/\/centcols.org\/backup\/util\/geo\/visu.php?code=FR-2B-1669\" target=\"_blank\" rel=\"noopener\" title=\"\">FR-2B-1669<\/a><\/p>\n\n\n\n<p class=\"wp-block-preformatted has-medium-font-size\">7 &#8211; Bocca a Canaghia <a href=\"https:\/\/centcols.org\/backup\/util\/geo\/visu.php?code=FR-2B-1815\" target=\"_blank\" rel=\"noopener\" title=\"\">FR-2B-1815<\/a><\/p>\n\n\n\n<div style=\"height:18px\" aria-hidden=\"true\" class=\"wp-block-spacer\"><\/div>\n\n\n\n<p class=\"has-medium-font-size\"><strong>Descriptif technique<\/strong><\/p>\n\n\n\n<p class=\"has-medium-font-size\">La partie goudronn\u00e9e concerne 15% du parcours soit 6.8 km.<\/p>\n\n\n\n<p class=\"has-medium-font-size\">Les pistes foresti\u00e8res ou DFCI sont \u00e0 72%, soit 33 km.<\/p>\n\n\n\n<p class=\"has-medium-font-size\">Trois secteurs sur sentiers seront faciles \u00e0 arpenter. Les secteur finaux aux abords de Bocca di Conia (S2-3) et de Bocca a Canaghia (R2) seront plus ardus. <\/p>\n\n\n\n<p class=\"has-medium-font-size\">Un v\u00e9lo Gravel est donc utilisable sur un vaste secteur.<\/p>\n\n\n\n<p class=\"has-medium-font-size\"><span style=\"font-size: 20px; font-family: arial, helvetica, sans-serif;\"><strong>Mots-cl\u00e9s<\/strong> : <\/span>Niolu, Calacuccia, Albertacce, Casamaccioli, centcols<\/p>\n\n\n\n<p class=\"has-medium-font-size\"><span style=\"font-size: 20px; font-family: arial, helvetica, sans-serif;\"><strong>Lien openrunner, carte interactive, profil, trace gpx<\/strong> : <\/span><strong><a href=\"https:\/\/www.openrunner.com\/route-details\/16608615\" target=\"_blank\" rel=\"noreferrer noopener\">https:\/\/www.openrunner.com\/route-details\/16608615<\/a><\/strong><\/p>\n\n\n\n<p class=\"has-medium-font-size\"><span style=\"font-size: 20px; font-family: arial, helvetica, sans-serif;\">Cet itin\u00e9raire est propos\u00e9 \u00e0 titre indicatif. L&#8217;auteur d\u00e9gage sa responsabilit\u00e9 et celle du Club des Cent Cols en vertu des impond\u00e9rables dus au cycliste lui-m\u00eame, au mat\u00e9riel utilis\u00e9 et tout ce qui concerne la route, les pistes et sentiers, leurs abords et les autres utilisateurs de ceux-ci.<\/span><\/p>\n\n\n\n<p class=\"has-medium-font-size\"><span style=\"font-size: 20px;\">Ici, une <a href=\"https:\/\/centcols.org\/backup\/liste-parcours-cent-cols-sur-or-2\/\" target=\"_blank\" rel=\"noopener\">vue exhaustive des parcours membres<\/a> du Club des Cent Cols<\/span><\/p>\n\n\n\n<h2 class=\"kt-adv-heading73076_24d85c-55 wp-block-kadence-advancedheading\" data-kb-block=\"kb-adv-heading73076_24d85c-55\">Photos<\/h2>\n\n\n<div class=\"wp-block-image\">\n<figure class=\"aligncenter size-large\"><img loading=\"lazy\" decoding=\"async\" width=\"800\" height=\"600\" src=\"https:\/\/centcols.org\/backup\/wp-content\/uploads\/2023\/05\/Piste-R1-depuis-Bocca-Aleri.jpg\" alt=\"\" class=\"wp-image-73070\" srcset=\"https:\/\/centcols.org\/backup\/wp-content\/uploads\/2023\/05\/Piste-R1-depuis-Bocca-Aleri.jpg 800w, https:\/\/centcols.org\/backup\/wp-content\/uploads\/2023\/05\/Piste-R1-depuis-Bocca-Aleri-500x375.jpg 500w, https:\/\/centcols.org\/backup\/wp-content\/uploads\/2023\/05\/Piste-R1-depuis-Bocca-Aleri-768x576.jpg 768w, https:\/\/centcols.org\/backup\/wp-content\/uploads\/2023\/05\/Piste-R1-depuis-Bocca-Aleri-600x450.jpg 600w\" sizes=\"(max-width: 800px) 100vw, 800px\" \/><figcaption class=\"wp-element-caption\"><strong>Piste R1 depuis Bocca Aleri<\/strong><\/figcaption><\/figure><\/div>\n\n\n<figure class=\"wp-block-image size-large\"><img loading=\"lazy\" decoding=\"async\" width=\"800\" height=\"600\" src=\"https:\/\/centcols.org\/backup\/wp-content\/uploads\/2023\/05\/Monte-Cinto-sans-legende.jpg\" alt=\"\" class=\"wp-image-73058\" srcset=\"https:\/\/centcols.org\/backup\/wp-content\/uploads\/2023\/05\/Monte-Cinto-sans-legende.jpg 800w, https:\/\/centcols.org\/backup\/wp-content\/uploads\/2023\/05\/Monte-Cinto-sans-legende-500x375.jpg 500w, https:\/\/centcols.org\/backup\/wp-content\/uploads\/2023\/05\/Monte-Cinto-sans-legende-768x576.jpg 768w, https:\/\/centcols.org\/backup\/wp-content\/uploads\/2023\/05\/Monte-Cinto-sans-legende-600x450.jpg 600w\" sizes=\"(max-width: 800px) 100vw, 800px\" \/><figcaption class=\"wp-element-caption\"><strong>Monte Cinto<\/strong><\/figcaption><\/figure>\n\n\n\n<figure class=\"wp-block-image size-large\"><img loading=\"lazy\" decoding=\"async\" width=\"800\" height=\"600\" src=\"https:\/\/centcols.org\/backup\/wp-content\/uploads\/2023\/05\/Les-bergerie-de-Conia.jpg\" alt=\"\" class=\"wp-image-73052\" srcset=\"https:\/\/centcols.org\/backup\/wp-content\/uploads\/2023\/05\/Les-bergerie-de-Conia.jpg 800w, https:\/\/centcols.org\/backup\/wp-content\/uploads\/2023\/05\/Les-bergerie-de-Conia-500x375.jpg 500w, https:\/\/centcols.org\/backup\/wp-content\/uploads\/2023\/05\/Les-bergerie-de-Conia-768x576.jpg 768w, https:\/\/centcols.org\/backup\/wp-content\/uploads\/2023\/05\/Les-bergerie-de-Conia-600x450.jpg 600w\" sizes=\"(max-width: 800px) 100vw, 800px\" \/><figcaption class=\"wp-element-caption\"><strong>Les Bergeries de Conia<\/strong><\/figcaption><\/figure>\n\n\n\n<figure class=\"wp-block-image size-large\"><img loading=\"lazy\" decoding=\"async\" width=\"800\" height=\"600\" src=\"https:\/\/centcols.org\/backup\/wp-content\/uploads\/2023\/05\/Bocca-Cappizzolu-Sans-L.jpg\" alt=\"\" class=\"wp-image-73034\" srcset=\"https:\/\/centcols.org\/backup\/wp-content\/uploads\/2023\/05\/Bocca-Cappizzolu-Sans-L.jpg 800w, https:\/\/centcols.org\/backup\/wp-content\/uploads\/2023\/05\/Bocca-Cappizzolu-Sans-L-500x375.jpg 500w, https:\/\/centcols.org\/backup\/wp-content\/uploads\/2023\/05\/Bocca-Cappizzolu-Sans-L-768x576.jpg 768w, https:\/\/centcols.org\/backup\/wp-content\/uploads\/2023\/05\/Bocca-Cappizzolu-Sans-L-600x450.jpg 600w\" sizes=\"(max-width: 800px) 100vw, 800px\" \/><figcaption class=\"wp-element-caption\"><strong>Bocca Cappizzolu <\/strong><\/figcaption><\/figure>\n","protected":false},"excerpt":{"rendered":"<p>Description de l&#8217;auteur Auteur : Bernard Giraudeau Parcours : effectu\u00e9 en 2019 D\u00e9part : aire de stationnement proche du barrage de Calacuccia. Alt : 810 m Descriptif touristique Les cr\u00eates sud du Niolu sont un formidable belv\u00e9d\u00e8re sur la vaste d\u00e9pression verdoyante de la vall\u00e9e du Golo connue sous le nom de Niolu. L&#8217;horizon au [&hellip;]<\/p>\n","protected":false},"author":397,"featured_media":0,"comment_status":"closed","ping_status":"closed","sticky":false,"template":"","format":"standard","meta":{"_acf_changed":false,"ub_ctt_via":"","_monsterinsights_skip_tracking":false,"_monsterinsights_sitenote_active":false,"_monsterinsights_sitenote_note":"","_monsterinsights_sitenote_category":0,"footnotes":""},"categories":[600,602],"tags":[],"acf":[],"featured_image_urls":{"full":"","thumbnail":"","medium":"","medium_large":"","large":"","1536x1536":"","2048x2048":"","woocommerce_thumbnail":"","woocommerce_single":"","woocommerce_gallery_thumbnail":""},"post_excerpt_stackable":"<p>Description de l&#8217;auteur Auteur : Bernard Giraudeau Parcours : effectu\u00e9 en 2019 D\u00e9part : aire de stationnement proche du barrage de Calacuccia. Alt : 810 m Descriptif touristique Les cr\u00eates sud du Niolu sont un formidable belv\u00e9d\u00e8re sur la vaste d\u00e9pression verdoyante de la vall\u00e9e du Golo connue sous le nom de Niolu. L&#8217;horizon au nord ouest est barr\u00e9 par le massif de Monte Cinto le plus haut sommet de Corse (2.706 m) et des ses satellites, tous \u00e0 plus de 2500 m. Au sud-est, ce sont les gorges d&#8217;un autre grand fleuve de Corse qui s&#8217;ouvre \u00e0 la vue,\u2026<\/p>\n","category_list":"<a href=\"https:\/\/centcols.org\/backup\/categorie\/parcours-des-membres\/\" rel=\"category tag\">Parcours des membres<\/a>, <a href=\"https:\/\/centcols.org\/backup\/categorie\/parcours-des-membres\/parcours-france\/\" rel=\"category tag\">Parcours France<\/a>","author_info":{"display_name":"Denis Chouquet-Stringer","author_link":"https:\/\/centcols.org\/backup\/author\/6183\/"},"comments_num":"0 commentaire","featured_image_urls_v2":{"full":"","thumbnail":"","medium":"","medium_large":"","large":"","1536x1536":"","2048x2048":"","woocommerce_thumbnail":"","woocommerce_single":"","woocommerce_gallery_thumbnail":""},"post_excerpt_stackable_v2":"<p>Description de l&#8217;auteur Auteur : Bernard Giraudeau Parcours : effectu\u00e9 en 2019 D\u00e9part : aire de stationnement proche du barrage de Calacuccia. Alt : 810 m Descriptif touristique Les cr\u00eates sud du Niolu sont un formidable belv\u00e9d\u00e8re sur la vaste d\u00e9pression verdoyante de la vall\u00e9e du Golo connue sous le nom de Niolu. L&#8217;horizon au nord ouest est barr\u00e9 par le massif de Monte Cinto le plus haut sommet de Corse (2.706 m) et des ses satellites, tous \u00e0 plus de 2500 m. Au sud-est, ce sont les gorges d&#8217;un autre grand fleuve de Corse qui s&#8217;ouvre \u00e0 la vue,\u2026<\/p>\n","category_list_v2":"<a href=\"https:\/\/centcols.org\/backup\/categorie\/parcours-des-membres\/\" rel=\"category tag\">Parcours des membres<\/a>, <a href=\"https:\/\/centcols.org\/backup\/categorie\/parcours-des-membres\/parcours-france\/\" rel=\"category tag\">Parcours France<\/a>","author_info_v2":{"name":"Denis Chouquet-Stringer","url":"https:\/\/centcols.org\/backup\/author\/6183\/"},"comments_num_v2":"0 commentaire","featured_image_src":null,"_links":{"self":[{"href":"https:\/\/centcols.org\/backup\/wp-json\/wp\/v2\/posts\/73076"}],"collection":[{"href":"https:\/\/centcols.org\/backup\/wp-json\/wp\/v2\/posts"}],"about":[{"href":"https:\/\/centcols.org\/backup\/wp-json\/wp\/v2\/types\/post"}],"author":[{"embeddable":true,"href":"https:\/\/centcols.org\/backup\/wp-json\/wp\/v2\/users\/397"}],"replies":[{"embeddable":true,"href":"https:\/\/centcols.org\/backup\/wp-json\/wp\/v2\/comments?post=73076"}],"version-history":[{"count":0,"href":"https:\/\/centcols.org\/backup\/wp-json\/wp\/v2\/posts\/73076\/revisions"}],"wp:attachment":[{"href":"https:\/\/centcols.org\/backup\/wp-json\/wp\/v2\/media?parent=73076"}],"wp:term":[{"taxonomy":"category","embeddable":true,"href":"https:\/\/centcols.org\/backup\/wp-json\/wp\/v2\/categories?post=73076"},{"taxonomy":"post_tag","embeddable":true,"href":"https:\/\/centcols.org\/backup\/wp-json\/wp\/v2\/tags?post=73076"}],"curies":[{"name":"wp","href":"https:\/\/api.w.org\/{rel}","templated":true}]}}