{"id":73153,"date":"2023-07-16T16:02:44","date_gmt":"2023-07-16T14:02:44","guid":{"rendered":"https:\/\/centcols.org\/backup\/?page_id=73153"},"modified":"2024-02-08T10:14:31","modified_gmt":"2024-02-08T09:14:31","slug":"france-2a-gravona","status":"publish","type":"post","link":"https:\/\/centcols.org\/backup\/france-2a-gravona\/","title":{"rendered":"FR-2A Entre Gravona et Prunelli &#8211; Route 95 km, D+ 1875 m, 6 cols"},"content":{"rendered":"\n<iframe width=\"100%\" height=\"650\" loading=\"lazy\" src=\"https:\/\/www.openrunner.com\/embed\/6e3155792b725277687a7848364954585933723646747653534a5a456a7964452f544e38754d63693079633d3a3a3661e6ba4e777f8f4f7acd8e9ebb3d4c?unit=metric\" style=\"border: none;\"><\/iframe>\n\n\n\n<h2 class=\"wp-block-heading\">Description de l&#8217;auteur<\/h2>\n\n\n\n<p><strong>Auteur <\/strong>: Bernard Giraudeau<\/p>\n\n\n\n<p><strong>Parcours <\/strong>: effectu\u00e9 en octobre 2021<\/p>\n\n\n\n<p><strong>D\u00e9part <\/strong>: \u00c0 Gravona, une aire de stationnement pr\u00e9s de l\u2019\u00e9tablissement horticole ou des commerces, rond-point T40 \/ D55b. Alt : 11 m<\/p>\n\n\n\n<h2 class=\"wp-block-heading\">Descriptif touristique<\/h2>\n\n\n\n<p>Le parcours emprunte d&#8217;abord les routes du flanc Est de la vall\u00e9e de la Gravona en passant par de nombreux villages. Puis il grimpe au Col de Scalella qui octroie une magnifique vue sur les sommets du cha\u00eenon central de la Corse. Le retour se fait par la vall\u00e9e du Prunelli et son lac artificiel de Tolla en traversant trois villages pittoresques tout en offrant de belles vues sur la c\u00f4te sud du Golfe d&#8217;Ajaccio.<\/p>\n\n\n\n<h3 class=\"wp-block-heading\">6 cols<\/h3>\n\n\n\n<ol>\n<li>Collu di Paolu <a href=\"https:\/\/centcols.org\/backup\/util\/geo\/visu.php?code=FR-2A-0240\" target=\"_blank\" rel=\"noreferrer noopener\">FR-2A-0240<\/a><\/li>\n\n\n\n<li>Bocca di Campianu <a href=\"https:\/\/centcols.org\/backup\/util\/geo\/visu.php?code=FR-2A-0533\">FR-2A-<\/a><a href=\"https:\/\/centcols.org\/backup\/util\/geo\/visu.php?code=FR-2A-0533\" target=\"_blank\" rel=\"noreferrer noopener\">0<\/a><a href=\"https:\/\/centcols.org\/backup\/util\/geo\/visu.php?code=FR-2A-0533\">533<\/a><\/li>\n\n\n\n<li>A Foci <a href=\"https:\/\/centcols.org\/backup\/util\/geo\/visu.php?code=FR-2A-0529a\" target=\"_blank\" rel=\"noreferrer noopener\">FR-2A-0529a<\/a><\/li>\n\n\n\n<li>Col de Scalella <a href=\"https:\/\/centcols.org\/backup\/util\/geo\/visu.php?code=FR-2A-1193a\" target=\"_blank\" rel=\"noreferrer noopener\">FR-2A-1193a<\/a><\/li>\n\n\n\n<li>Col de Menta <a href=\"https:\/\/centcols.org\/backup\/util\/geo\/visu.php?code=FR-2A-0756\" target=\"_blank\" rel=\"noreferrer noopener\">FR-2A-0756<\/a><\/li>\n\n\n\n<li>Bocca di Mercuju <a href=\"https:\/\/centcols.org\/backup\/util\/geo\/visu.php?code=FR-2A-0715b\" target=\"_blank\" rel=\"noreferrer noopener\">FR-2A-0715b<\/a><\/li>\n<\/ol>\n\n\n\n<div style=\"height:18px\" aria-hidden=\"true\" class=\"wp-block-spacer\"><\/div>\n\n\n\n<h2 class=\"wp-block-heading\">Descriptif technique<\/h2>\n\n\n\n<p>La route est en tr\u00e8s mauvais \u00e9tat entre Ucciani et Tavera. La suivre en mont\u00e9e, donc dans le sens propos\u00e9 est moins p\u00e9nible que l&#8217;inverse.<\/p>\n\n\n\n<p>De m\u00eame, la route dans les gorges du Prunelli n&#8217;est pas fameuse mais des travaux devraient \u00eatre entrepris prochainement.<\/p>\n\n\n\n<p>Mots-cl\u00e9s : Col de Scalella, Bastelica, Cauro, Tavera, Tolla<\/p>\n\n\n\n<p>Lien openrunner, carte interactive, profil, trace gpx : <a href=\"https:\/\/www.openrunner.com\/route-details\/10954093\" target=\"_blank\" rel=\"noreferrer noopener\">https:\/\/www.openrunner.com\/route-details\/10954093<\/a><\/p>\n\n\n\n<p>Cet itin\u00e9raire est propos\u00e9 \u00e0 titre indicatif. L\u2019auteur d\u00e9gage sa responsabilit\u00e9 et celle du Club des Cent Cols en vertu des impond\u00e9rables dus au cycliste lui-m\u00eame, au mat\u00e9riel utilis\u00e9 et tout ce qui concerne la route, les pistes et sentiers, leurs abords et les autres utilisateurs de ceux-ci.<\/p>\n\n\n\n<h2 class=\"wp-block-heading\">Photos<\/h2>\n\n\n<div class=\"wp-block-image\">\n<figure class=\"aligncenter size-large\"><img loading=\"lazy\" decoding=\"async\" width=\"800\" height=\"389\" src=\"https:\/\/centcols.org\/backup\/wp-content\/uploads\/2023\/05\/Vue-depuis-Bocca-di-Campianu.jpg\" alt=\"\" class=\"wp-image-73167\" srcset=\"https:\/\/centcols.org\/backup\/wp-content\/uploads\/2023\/05\/Vue-depuis-Bocca-di-Campianu.jpg 800w, https:\/\/centcols.org\/backup\/wp-content\/uploads\/2023\/05\/Vue-depuis-Bocca-di-Campianu-500x243.jpg 500w, https:\/\/centcols.org\/backup\/wp-content\/uploads\/2023\/05\/Vue-depuis-Bocca-di-Campianu-768x373.jpg 768w, https:\/\/centcols.org\/backup\/wp-content\/uploads\/2023\/05\/Vue-depuis-Bocca-di-Campianu-600x292.jpg 600w\" sizes=\"(max-width: 800px) 100vw, 800px\" \/><figcaption class=\"wp-element-caption\">Vue depuis Bocca di Campianu<\/figcaption><\/figure><\/div>\n\n<div class=\"wp-block-image\">\n<figure class=\"aligncenter size-large\"><img loading=\"lazy\" decoding=\"async\" width=\"800\" height=\"389\" src=\"https:\/\/centcols.org\/backup\/wp-content\/uploads\/2023\/05\/Vue-depuis-le-village-de-Carbuccia.jpg\" alt=\"\" class=\"wp-image-73173\" srcset=\"https:\/\/centcols.org\/backup\/wp-content\/uploads\/2023\/05\/Vue-depuis-le-village-de-Carbuccia.jpg 800w, https:\/\/centcols.org\/backup\/wp-content\/uploads\/2023\/05\/Vue-depuis-le-village-de-Carbuccia-500x243.jpg 500w, https:\/\/centcols.org\/backup\/wp-content\/uploads\/2023\/05\/Vue-depuis-le-village-de-Carbuccia-768x373.jpg 768w, https:\/\/centcols.org\/backup\/wp-content\/uploads\/2023\/05\/Vue-depuis-le-village-de-Carbuccia-600x292.jpg 600w\" sizes=\"(max-width: 800px) 100vw, 800px\" \/><figcaption class=\"wp-element-caption\">Vue depuis le village de Carbuccia<\/figcaption><\/figure><\/div>\n\n<div class=\"wp-block-image\">\n<figure class=\"aligncenter size-large\"><img loading=\"lazy\" decoding=\"async\" width=\"800\" height=\"600\" src=\"https:\/\/centcols.org\/backup\/wp-content\/uploads\/2023\/05\/Vue-du-Col-de-Scalella-sur-le-chainon-central-de-la-Corse.jpg\" alt=\"\" class=\"wp-image-73179\" srcset=\"https:\/\/centcols.org\/backup\/wp-content\/uploads\/2023\/05\/Vue-du-Col-de-Scalella-sur-le-chainon-central-de-la-Corse.jpg 800w, https:\/\/centcols.org\/backup\/wp-content\/uploads\/2023\/05\/Vue-du-Col-de-Scalella-sur-le-chainon-central-de-la-Corse-500x375.jpg 500w, https:\/\/centcols.org\/backup\/wp-content\/uploads\/2023\/05\/Vue-du-Col-de-Scalella-sur-le-chainon-central-de-la-Corse-768x576.jpg 768w, https:\/\/centcols.org\/backup\/wp-content\/uploads\/2023\/05\/Vue-du-Col-de-Scalella-sur-le-chainon-central-de-la-Corse-600x450.jpg 600w\" sizes=\"(max-width: 800px) 100vw, 800px\" \/><figcaption class=\"wp-element-caption\">Vue du Col de Scalella sur le cha\u00eenon central de la Corse<\/figcaption><\/figure><\/div>\n\n<div class=\"wp-block-image\">\n<figure class=\"aligncenter size-large\"><img loading=\"lazy\" decoding=\"async\" width=\"800\" height=\"600\" src=\"https:\/\/centcols.org\/backup\/wp-content\/uploads\/2023\/05\/Vuie-depuis-Bocca-di-Mercuju.jpg\" alt=\"\" class=\"wp-image-73185\" srcset=\"https:\/\/centcols.org\/backup\/wp-content\/uploads\/2023\/05\/Vuie-depuis-Bocca-di-Mercuju.jpg 800w, https:\/\/centcols.org\/backup\/wp-content\/uploads\/2023\/05\/Vuie-depuis-Bocca-di-Mercuju-500x375.jpg 500w, https:\/\/centcols.org\/backup\/wp-content\/uploads\/2023\/05\/Vuie-depuis-Bocca-di-Mercuju-768x576.jpg 768w, https:\/\/centcols.org\/backup\/wp-content\/uploads\/2023\/05\/Vuie-depuis-Bocca-di-Mercuju-600x450.jpg 600w\" sizes=\"(max-width: 800px) 100vw, 800px\" \/><figcaption class=\"wp-element-caption\">Vue depuis Bocca di Mercuju<\/figcaption><\/figure><\/div>\n\n<div class=\"wp-block-image\">\n<figure class=\"aligncenter size-large\"><img decoding=\"async\" src=\"https:\/\/centcols.org\/backup\/util\/geo\/visu\/FR\/img\/1341\/7201.jpg\" alt=\"\"\/><figcaption class=\"wp-element-caption\">Bocca di Campianu<\/figcaption><\/figure><\/div>\n\n<div class=\"wp-block-image\">\n<figure class=\"aligncenter size-large\"><img decoding=\"async\" src=\"https:\/\/centcols.org\/backup\/util\/geo\/visu\/FR\/img\/1341\/7001.jpg\" alt=\"\"\/><figcaption class=\"wp-element-caption\">A Foci<\/figcaption><\/figure><\/div>\n\n<div class=\"wp-block-image\">\n<figure class=\"aligncenter size-large\"><img decoding=\"async\" src=\"https:\/\/centcols.org\/backup\/util\/geo\/visu\/FR\/img\/1344\/1905.jpg\" alt=\"\"\/><figcaption class=\"wp-element-caption\">Col de Scalella<\/figcaption><\/figure><\/div>\n\n<div class=\"wp-block-image\">\n<figure class=\"aligncenter size-large\"><img decoding=\"async\" src=\"https:\/\/centcols.org\/backup\/util\/geo\/visu\/FR\/img\/1342\/4602.jpg\" alt=\"\"\/><figcaption class=\"wp-element-caption\">Bocca di Mercuju<\/figcaption><\/figure><\/div>","protected":false},"excerpt":{"rendered":"<p>Description de l&#8217;auteur Auteur : Bernard Giraudeau Parcours : effectu\u00e9 en octobre 2021 D\u00e9part : \u00c0 Gravona, une aire de stationnement pr\u00e9s de l\u2019\u00e9tablissement horticole ou des commerces, rond-point T40 \/ D55b. Alt : 11 m Descriptif touristique Le parcours emprunte d&#8217;abord les routes du flanc Est de la vall\u00e9e de la Gravona en passant [&hellip;]<\/p>\n","protected":false},"author":397,"featured_media":0,"comment_status":"closed","ping_status":"closed","sticky":false,"template":"","format":"standard","meta":{"_acf_changed":false,"ub_ctt_via":"","_monsterinsights_skip_tracking":false,"_monsterinsights_sitenote_active":false,"_monsterinsights_sitenote_note":"","_monsterinsights_sitenote_category":0,"footnotes":""},"categories":[600,602],"tags":[],"acf":[],"featured_image_urls":{"full":"","thumbnail":"","medium":"","medium_large":"","large":"","1536x1536":"","2048x2048":"","woocommerce_thumbnail":"","woocommerce_single":"","woocommerce_gallery_thumbnail":""},"post_excerpt_stackable":"<p>Description de l&#8217;auteur Auteur : Bernard Giraudeau Parcours : effectu\u00e9 en octobre 2021 D\u00e9part : \u00c0 Gravona, une aire de stationnement pr\u00e9s de l\u2019\u00e9tablissement horticole ou des commerces, rond-point T40 \/ D55b. Alt : 11 m Descriptif touristique Le parcours emprunte d&#8217;abord les routes du flanc Est de la vall\u00e9e de la Gravona en passant par de nombreux villages. Puis il grimpe au Col de Scalella qui octroie une magnifique vue sur les sommets du cha\u00eenon central de la Corse. Le retour se fait par la vall\u00e9e du Prunelli et son lac artificiel de Tolla en traversant trois villages pittoresques\u2026<\/p>\n","category_list":"<a href=\"https:\/\/centcols.org\/backup\/categorie\/parcours-des-membres\/\" rel=\"category tag\">Parcours des membres<\/a>, <a href=\"https:\/\/centcols.org\/backup\/categorie\/parcours-des-membres\/parcours-france\/\" rel=\"category tag\">Parcours France<\/a>","author_info":{"display_name":"Denis Chouquet-Stringer","author_link":"https:\/\/centcols.org\/backup\/author\/6183\/"},"comments_num":"0 commentaire","featured_image_urls_v2":{"full":"","thumbnail":"","medium":"","medium_large":"","large":"","1536x1536":"","2048x2048":"","woocommerce_thumbnail":"","woocommerce_single":"","woocommerce_gallery_thumbnail":""},"post_excerpt_stackable_v2":"<p>Description de l&#8217;auteur Auteur : Bernard Giraudeau Parcours : effectu\u00e9 en octobre 2021 D\u00e9part : \u00c0 Gravona, une aire de stationnement pr\u00e9s de l\u2019\u00e9tablissement horticole ou des commerces, rond-point T40 \/ D55b. Alt : 11 m Descriptif touristique Le parcours emprunte d&#8217;abord les routes du flanc Est de la vall\u00e9e de la Gravona en passant par de nombreux villages. Puis il grimpe au Col de Scalella qui octroie une magnifique vue sur les sommets du cha\u00eenon central de la Corse. Le retour se fait par la vall\u00e9e du Prunelli et son lac artificiel de Tolla en traversant trois villages pittoresques\u2026<\/p>\n","category_list_v2":"<a href=\"https:\/\/centcols.org\/backup\/categorie\/parcours-des-membres\/\" rel=\"category tag\">Parcours des membres<\/a>, <a href=\"https:\/\/centcols.org\/backup\/categorie\/parcours-des-membres\/parcours-france\/\" rel=\"category tag\">Parcours France<\/a>","author_info_v2":{"name":"Denis Chouquet-Stringer","url":"https:\/\/centcols.org\/backup\/author\/6183\/"},"comments_num_v2":"0 commentaire","featured_image_src":null,"_links":{"self":[{"href":"https:\/\/centcols.org\/backup\/wp-json\/wp\/v2\/posts\/73153"}],"collection":[{"href":"https:\/\/centcols.org\/backup\/wp-json\/wp\/v2\/posts"}],"about":[{"href":"https:\/\/centcols.org\/backup\/wp-json\/wp\/v2\/types\/post"}],"author":[{"embeddable":true,"href":"https:\/\/centcols.org\/backup\/wp-json\/wp\/v2\/users\/397"}],"replies":[{"embeddable":true,"href":"https:\/\/centcols.org\/backup\/wp-json\/wp\/v2\/comments?post=73153"}],"version-history":[{"count":0,"href":"https:\/\/centcols.org\/backup\/wp-json\/wp\/v2\/posts\/73153\/revisions"}],"wp:attachment":[{"href":"https:\/\/centcols.org\/backup\/wp-json\/wp\/v2\/media?parent=73153"}],"wp:term":[{"taxonomy":"category","embeddable":true,"href":"https:\/\/centcols.org\/backup\/wp-json\/wp\/v2\/categories?post=73153"},{"taxonomy":"post_tag","embeddable":true,"href":"https:\/\/centcols.org\/backup\/wp-json\/wp\/v2\/tags?post=73153"}],"curies":[{"name":"wp","href":"https:\/\/api.w.org\/{rel}","templated":true}]}}