{"id":73216,"date":"2023-07-12T11:53:11","date_gmt":"2023-07-12T09:53:11","guid":{"rendered":"https:\/\/centcols.org\/backup\/?page_id=73216"},"modified":"2023-11-17T20:31:22","modified_gmt":"2023-11-17T19:31:22","slug":"france-2b-agriates","status":"publish","type":"post","link":"https:\/\/centcols.org\/backup\/france-2b-agriates\/","title":{"rendered":"FR-2B Au coeur du d\u00e9sert des Agriates &#8211; Gravel 35 km, D+ 715 m, 8 cols"},"content":{"rendered":"\n<figure class=\"wp-block-image size-large is-resized\"><img loading=\"lazy\" decoding=\"async\" width=\"898\" height=\"538\" src=\"https:\/\/centcols.org\/backup\/wp-content\/uploads\/2023\/05\/Capture-decran-2023-05-14-153915.jpg\" alt=\"\" class=\"wp-image-72986\" style=\"width:1129px;height:676px\" srcset=\"https:\/\/centcols.org\/backup\/wp-content\/uploads\/2023\/05\/Capture-decran-2023-05-14-153915.jpg 898w, https:\/\/centcols.org\/backup\/wp-content\/uploads\/2023\/05\/Capture-decran-2023-05-14-153915-500x300.jpg 500w, https:\/\/centcols.org\/backup\/wp-content\/uploads\/2023\/05\/Capture-decran-2023-05-14-153915-768x460.jpg 768w, https:\/\/centcols.org\/backup\/wp-content\/uploads\/2023\/05\/Capture-decran-2023-05-14-153915-600x359.jpg 600w\" sizes=\"(max-width: 898px) 100vw, 898px\" \/><\/figure>\n\n\n<div class=\"wp-block-image\">\n<figure class=\"aligncenter size-large\"><img loading=\"lazy\" decoding=\"async\" width=\"1200\" height=\"320\" src=\"https:\/\/centcols.org\/backup\/wp-content\/uploads\/2023\/05\/FR-2B-Au-coeur-du-Desert-des-Agriates-1200x320.jpeg\" alt=\"\" class=\"wp-image-72998\" srcset=\"https:\/\/centcols.org\/backup\/wp-content\/uploads\/2023\/05\/FR-2B-Au-coeur-du-Desert-des-Agriates-1200x320.jpeg 1200w, https:\/\/centcols.org\/backup\/wp-content\/uploads\/2023\/05\/FR-2B-Au-coeur-du-Desert-des-Agriates-500x133.jpeg 500w, https:\/\/centcols.org\/backup\/wp-content\/uploads\/2023\/05\/FR-2B-Au-coeur-du-Desert-des-Agriates-768x205.jpeg 768w, https:\/\/centcols.org\/backup\/wp-content\/uploads\/2023\/05\/FR-2B-Au-coeur-du-Desert-des-Agriates-1536x410.jpeg 1536w, https:\/\/centcols.org\/backup\/wp-content\/uploads\/2023\/05\/FR-2B-Au-coeur-du-Desert-des-Agriates-2048x546.jpeg 2048w, https:\/\/centcols.org\/backup\/wp-content\/uploads\/2023\/05\/FR-2B-Au-coeur-du-Desert-des-Agriates-600x160.jpeg 600w\" sizes=\"(max-width: 1200px) 100vw, 1200px\" \/><\/figure><\/div>\n\n\n<h2 class=\"wp-block-heading\">Description de l&#8217;auteur<\/h2>\n\n\n\n<p><span style=\"font-size: 20px; font-family: arial, helvetica, sans-serif;\"><strong>Auteur <\/strong>: Bernard Giraudeau<\/span><\/p>\n\n\n\n<p class=\"has-medium-font-size\"><span style=\"font-family: arial, helvetica, sans-serif; font-size: 20px;\"><strong>Parcours<\/strong> : effectu\u00e9 en <\/span>2012<\/p>\n\n\n\n<p class=\"has-medium-font-size\"><span style=\"font-size: 20px; font-family: arial, helvetica, sans-serif;\"><strong>D\u00e9part<\/strong> : <\/span>aire de stationnement proche du Domaine de l&#8217;Ostriconi sur la T30. Alt : 9 m<\/p>\n\n\n\n<p><\/p>\n\n\n\n<p class=\"has-medium-font-size\"><strong><span style=\"font-size: 20px; font-family: arial, helvetica, sans-serif;\">Descriptif touristique<\/span><\/strong><\/p>\n\n\n\n<p class=\"has-medium-font-size\">Le D\u00e9sert des&nbsp; Agriates, une protub\u00e9rance patato\u00efde du littoral nord-ouest de la Corse, \u00e9tait autrefois une terre cultiv\u00e9e et fertile (agriate provient de agraire ). La raret\u00e9 de l&#8217;eau n&#8217;a pas permis une occupation humaine permanente.&nbsp; Le site de 15 000 hectares compris entre St-Florent et la vall\u00e9e de l&#8217;Ostriconi&nbsp; est de toute beaut\u00e9 tant du point de vue du littoral que de celui de l\u2019int\u00e9rieur du massif.<\/p>\n\n\n\n<p class=\"has-medium-font-size\">A voir en particulier les anciennes bergeries de Terrice au km 24.5 sur la gauche et&nbsp; &#8220;l&#8217;Oriu&#8221;&nbsp; au km 34.2 \u00e0 droite.<\/p>\n\n\n\n<div style=\"height:16px\" aria-hidden=\"true\" class=\"wp-block-spacer\"><\/div>\n\n\n\n<p class=\"has-medium-font-size\"><strong>8 <span style=\"font-size: 20px; font-family: arial, helvetica, sans-serif;\">cols <\/span><\/strong><\/p>\n\n\n\n<p class=\"wp-block-preformatted has-medium-font-size\"><span style=\"font-size: 20px; font-family: arial, helvetica, sans-serif;\">1<\/span> &#8211; Bocca di Vezzu <a href=\"https:\/\/centcols.org\/backup\/util\/geo\/visu.php?code=FR-2B-0311\" target=\"_blank\" rel=\"noopener\" title=\"\">FR-2B-0311<\/a><\/p>\n\n\n\n<p class=\"wp-block-preformatted has-medium-font-size\">2 &#8211; Bocca della Speranza <a href=\"https:\/\/centcols.org\/backup\/util\/geo\/visu.php?code=FR-2B-0360\" target=\"_blank\" rel=\"noopener\" title=\"\">FR-2B-0360<\/a><\/p>\n\n\n\n<p class=\"wp-block-preformatted has-medium-font-size\">3 &#8211; Bocca di Petraiolu <a href=\"https:\/\/centcols.org\/backup\/util\/geo\/visu.php?code=FR-2B-0357\" target=\"_blank\" rel=\"noopener\" title=\"\">FR-2B-0357<\/a><\/p>\n\n\n\n<p class=\"wp-block-preformatted has-medium-font-size\">4 &#8211; Bocca di Tedulacciu <a href=\"https:\/\/centcols.org\/backup\/util\/geo\/visu.php?code=FR-2B-0306\" target=\"_blank\" rel=\"noopener\" title=\"\">FR-2B-0306<\/a><\/p>\n\n\n\n<p class=\"wp-block-preformatted has-medium-font-size\">5 &#8211; Bocca Teghie <a href=\"https:\/\/centcols.org\/backup\/util\/geo\/visu.php?code=FR-2B-0313\" target=\"_blank\" rel=\"noopener\" title=\"\">FR-2B-0313<\/a><\/p>\n\n\n\n<p class=\"wp-block-preformatted has-medium-font-size\">6 &#8211; Bocca di Vitucola <a href=\"https:\/\/centcols.org\/backup\/util\/geo\/visu.php?code=FR-2B-0292\" target=\"_blank\" rel=\"noopener\" title=\"\">FR-2B-0292<\/a><\/p>\n\n\n\n<p class=\"wp-block-preformatted has-medium-font-size\">7 &#8211; Collu di Puricciolu <a href=\"https:\/\/centcols.org\/backup\/util\/geo\/visu.php?code=FR-2B-0159\" target=\"_blank\" rel=\"noopener\" title=\"\">FR-2B-0159<\/a><\/p>\n\n\n\n<p class=\"wp-block-preformatted has-medium-font-size\">8 &#8211; Bocca di Mercuriu <a href=\"https:\/\/centcols.org\/backup\/util\/geo\/visu.php?code=FR-2B-0121\" target=\"_blank\" rel=\"noopener\" title=\"\">FR-2B-0121<\/a><\/p>\n\n\n\n<div style=\"height:18px\" aria-hidden=\"true\" class=\"wp-block-spacer\"><\/div>\n\n\n\n<p class=\"has-medium-font-size\"><strong>Descriptif technique<\/strong><\/p>\n\n\n\n<p class=\"has-medium-font-size\">On a 12 km de route et 22 km de pistes routi\u00e8res sur ce parcours. Seule la mont\u00e9e vers Bocca di Petraiolu pr\u00e9sente une courte difficult\u00e9. Il est possible, en certaines saisons que le d\u00e9versoir de l&#8217;\u00e9tang de Cannuta rende impraticable le passage dans les 500 m. V\u00e9rifier ce point avant le d\u00e9part&nbsp;!<\/p>\n\n\n\n<p class=\"has-medium-font-size\"><span style=\"font-size: 20px; font-family: arial, helvetica, sans-serif;\"><strong>Mots-cl\u00e9s<\/strong> : <\/span>Corse, Agriates, Ostriconi, Casta, centcols<br><\/p>\n\n\n\n<p class=\"has-medium-font-size\"><span style=\"font-size: 20px; font-family: arial, helvetica, sans-serif;\"><strong>Lien openrunner, carte interactive, profil, trace gpx<\/strong> : <\/span><strong><a href=\"https:\/\/www.openrunner.com\/route-details\/16608615\" target=\"_blank\" rel=\"noreferrer noopener\">https:\/\/www.openrunner.com\/route-details\/16610772<\/a><\/strong><\/p>\n\n\n\n<p class=\"has-medium-font-size\"><span style=\"font-size: 20px; font-family: arial, helvetica, sans-serif;\">Cet itin\u00e9raire est propos\u00e9 \u00e0 titre indicatif. L&#8217;auteur d\u00e9gage sa responsabilit\u00e9 et celle du Club des Cent Cols en vertu des impond\u00e9rables dus au cycliste lui-m\u00eame, au mat\u00e9riel utilis\u00e9 et tout ce qui concerne la route, les pistes et sentiers, leurs abords et les autres utilisateurs de ceux-ci.<\/span><\/p>\n\n\n\n<p class=\"has-medium-font-size\"><span style=\"font-size: 20px;\">Ici, une <a href=\"https:\/\/centcols.org\/backup\/liste-parcours-cent-cols-sur-or-2\/\" target=\"_blank\" rel=\"noopener\">vue exhaustive des parcours membres<\/a> du Club des Cent Cols<\/span><\/p>\n\n\n\n<h2 class=\"kt-adv-heading73216_a24740-ce wp-block-kadence-advancedheading\" data-kb-block=\"kb-adv-heading73216_a24740-ce\">Photos<\/h2>\n\n\n<div class=\"wp-block-image\">\n<figure class=\"aligncenter size-large\"><img loading=\"lazy\" decoding=\"async\" width=\"1200\" height=\"683\" src=\"https:\/\/centcols.org\/backup\/wp-content\/uploads\/2023\/05\/plage-de-lostriconi-1200x683.jpg\" alt=\"\" class=\"wp-image-73016\" srcset=\"https:\/\/centcols.org\/backup\/wp-content\/uploads\/2023\/05\/plage-de-lostriconi-1200x683.jpg 1200w, https:\/\/centcols.org\/backup\/wp-content\/uploads\/2023\/05\/plage-de-lostriconi-500x285.jpg 500w, https:\/\/centcols.org\/backup\/wp-content\/uploads\/2023\/05\/plage-de-lostriconi-768x437.jpg 768w, https:\/\/centcols.org\/backup\/wp-content\/uploads\/2023\/05\/plage-de-lostriconi-1536x874.jpg 1536w, https:\/\/centcols.org\/backup\/wp-content\/uploads\/2023\/05\/plage-de-lostriconi-600x342.jpg 600w, https:\/\/centcols.org\/backup\/wp-content\/uploads\/2023\/05\/plage-de-lostriconi.jpg 1920w\" sizes=\"(max-width: 1200px) 100vw, 1200px\" \/><figcaption class=\"wp-element-caption\">P<strong>lage de l&#8217;Ostriconi<\/strong><\/figcaption><\/figure><\/div>\n\n<div class=\"wp-block-image\">\n<figure class=\"aligncenter size-large\"><img loading=\"lazy\" decoding=\"async\" width=\"1200\" height=\"858\" src=\"https:\/\/centcols.org\/backup\/wp-content\/uploads\/2023\/05\/Paysage-1200x858.jpg\" alt=\"\" class=\"wp-image-73010\" srcset=\"https:\/\/centcols.org\/backup\/wp-content\/uploads\/2023\/05\/Paysage-1200x858.jpg 1200w, https:\/\/centcols.org\/backup\/wp-content\/uploads\/2023\/05\/Paysage-500x357.jpg 500w, https:\/\/centcols.org\/backup\/wp-content\/uploads\/2023\/05\/Paysage-768x549.jpg 768w, https:\/\/centcols.org\/backup\/wp-content\/uploads\/2023\/05\/Paysage-600x429.jpg 600w, https:\/\/centcols.org\/backup\/wp-content\/uploads\/2023\/05\/Paysage.jpg 1220w\" sizes=\"(max-width: 1200px) 100vw, 1200px\" \/><figcaption class=\"wp-element-caption\"><strong>Paysage<\/strong><\/figcaption><\/figure><\/div>\n\n<div class=\"wp-block-image\">\n<figure class=\"aligncenter size-large\"><img loading=\"lazy\" decoding=\"async\" width=\"1200\" height=\"659\" src=\"https:\/\/centcols.org\/backup\/wp-content\/uploads\/2023\/05\/desert-des-Agriates-chemin-interieur-1-1200x659.jpg\" alt=\"\" class=\"wp-image-72992\" srcset=\"https:\/\/centcols.org\/backup\/wp-content\/uploads\/2023\/05\/desert-des-Agriates-chemin-interieur-1-1200x659.jpg 1200w, https:\/\/centcols.org\/backup\/wp-content\/uploads\/2023\/05\/desert-des-Agriates-chemin-interieur-1-500x275.jpg 500w, https:\/\/centcols.org\/backup\/wp-content\/uploads\/2023\/05\/desert-des-Agriates-chemin-interieur-1-768x422.jpg 768w, https:\/\/centcols.org\/backup\/wp-content\/uploads\/2023\/05\/desert-des-Agriates-chemin-interieur-1-1536x844.jpg 1536w, https:\/\/centcols.org\/backup\/wp-content\/uploads\/2023\/05\/desert-des-Agriates-chemin-interieur-1-600x330.jpg 600w, https:\/\/centcols.org\/backup\/wp-content\/uploads\/2023\/05\/desert-des-Agriates-chemin-interieur-1.jpg 1920w\" sizes=\"(max-width: 1200px) 100vw, 1200px\" \/><figcaption class=\"wp-element-caption\"><strong>Chemin int\u00e9rieur<\/strong> et une des Casete (petites maisons)<\/figcaption><\/figure><\/div>\n\n<div class=\"wp-block-image\">\n<figure class=\"aligncenter size-large\"><img loading=\"lazy\" decoding=\"async\" width=\"1200\" height=\"800\" src=\"https:\/\/centcols.org\/backup\/wp-content\/uploads\/2023\/05\/Bergerie-de-Terrice-1200x800.jpg\" alt=\"\" class=\"wp-image-72980\" srcset=\"https:\/\/centcols.org\/backup\/wp-content\/uploads\/2023\/05\/Bergerie-de-Terrice-1200x800.jpg 1200w, https:\/\/centcols.org\/backup\/wp-content\/uploads\/2023\/05\/Bergerie-de-Terrice-500x333.jpg 500w, https:\/\/centcols.org\/backup\/wp-content\/uploads\/2023\/05\/Bergerie-de-Terrice-768x512.jpg 768w, https:\/\/centcols.org\/backup\/wp-content\/uploads\/2023\/05\/Bergerie-de-Terrice-600x400.jpg 600w, https:\/\/centcols.org\/backup\/wp-content\/uploads\/2023\/05\/Bergerie-de-Terrice.jpg 1536w\" sizes=\"(max-width: 1200px) 100vw, 1200px\" \/><figcaption class=\"wp-element-caption\"><strong>Bergerie de Terrice<\/strong><\/figcaption><\/figure><\/div>\n\n\n<figure class=\"wp-block-image size-large\"><img loading=\"lazy\" decoding=\"async\" width=\"1200\" height=\"900\" src=\"https:\/\/centcols.org\/backup\/wp-content\/uploads\/2023\/05\/Santo-Pietro-di-Tenda_pagliaghju-1200x900.jpg\" alt=\"\" class=\"wp-image-73022\" srcset=\"https:\/\/centcols.org\/backup\/wp-content\/uploads\/2023\/05\/Santo-Pietro-di-Tenda_pagliaghju-1200x900.jpg 1200w, https:\/\/centcols.org\/backup\/wp-content\/uploads\/2023\/05\/Santo-Pietro-di-Tenda_pagliaghju-500x375.jpg 500w, https:\/\/centcols.org\/backup\/wp-content\/uploads\/2023\/05\/Santo-Pietro-di-Tenda_pagliaghju-768x576.jpg 768w, https:\/\/centcols.org\/backup\/wp-content\/uploads\/2023\/05\/Santo-Pietro-di-Tenda_pagliaghju-600x450.jpg 600w, https:\/\/centcols.org\/backup\/wp-content\/uploads\/2023\/05\/Santo-Pietro-di-Tenda_pagliaghju.jpg 1280w\" sizes=\"(max-width: 1200px) 100vw, 1200px\" \/><figcaption class=\"wp-element-caption\"><strong>Santo Pietro di Tenda et pagliaghju (abri en terre)<\/strong><\/figcaption><\/figure>\n\n\n<div class=\"wp-block-image\">\n<figure class=\"aligncenter size-large\"><img loading=\"lazy\" decoding=\"async\" width=\"1200\" height=\"840\" src=\"https:\/\/centcols.org\/backup\/wp-content\/uploads\/2023\/05\/Oriu-1200x840.jpg\" alt=\"\" class=\"wp-image-73004\" srcset=\"https:\/\/centcols.org\/backup\/wp-content\/uploads\/2023\/05\/Oriu-1200x840.jpg 1200w, https:\/\/centcols.org\/backup\/wp-content\/uploads\/2023\/05\/Oriu-500x350.jpg 500w, https:\/\/centcols.org\/backup\/wp-content\/uploads\/2023\/05\/Oriu-768x538.jpg 768w, https:\/\/centcols.org\/backup\/wp-content\/uploads\/2023\/05\/Oriu-600x420.jpg 600w, https:\/\/centcols.org\/backup\/wp-content\/uploads\/2023\/05\/Oriu.jpg 1273w\" sizes=\"(max-width: 1200px) 100vw, 1200px\" \/><figcaption class=\"wp-element-caption\"><strong>Un oriu, abri sous roche<\/strong><\/figcaption><\/figure><\/div>\n\n<div class=\"wp-block-image\">\n<figure class=\"aligncenter size-large\"><img decoding=\"async\" src=\"https:\/\/centcols.org\/backup\/util\/geo\/visu\/FR\/img\/1346\/0203.jpg\" alt=\"\"\/><figcaption class=\"wp-element-caption\"><strong>Bocca di Vezzu<\/strong><\/figcaption><\/figure><\/div>\n\n<div class=\"wp-block-image\">\n<figure class=\"aligncenter size-large\"><img decoding=\"async\" src=\"https:\/\/centcols.org\/backup\/util\/geo\/visu\/FR\/img\/1346\/2008.jpg\" alt=\"\"\/><figcaption class=\"wp-element-caption\"><strong>Bocca della Speranza<\/strong><\/figcaption><\/figure><\/div>\n\n<div class=\"wp-block-image\">\n<figure class=\"aligncenter size-large\"><img decoding=\"async\" src=\"https:\/\/centcols.org\/backup\/util\/geo\/visu\/FR\/img\/1346\/1901.jpg\" alt=\"\"\/><figcaption class=\"wp-element-caption\"><strong>Bocca di Petraiolu<\/strong><\/figcaption><\/figure><\/div>\n\n<div class=\"wp-block-image\">\n<figure class=\"aligncenter size-large\"><img decoding=\"async\" src=\"https:\/\/centcols.org\/backup\/util\/geo\/visu\/FR\/img\/1345\/9900.jpg\" alt=\"\"\/><figcaption class=\"wp-element-caption\"><strong>Bocca di Tedulacciu<\/strong><\/figcaption><\/figure><\/div>\n\n<div class=\"wp-block-image\">\n<figure class=\"aligncenter size-large\"><img decoding=\"async\" src=\"https:\/\/centcols.org\/backup\/util\/geo\/visu\/FR\/img\/1346\/0301.jpg\" alt=\"\"\/><figcaption class=\"wp-element-caption\"><strong>Bocca di Teghie<\/strong><\/figcaption><\/figure><\/div>\n\n<div class=\"wp-block-image\">\n<figure class=\"aligncenter size-large\"><img decoding=\"async\" src=\"https:\/\/centcols.org\/backup\/util\/geo\/visu\/FR\/img\/1345\/9301.jpg\" alt=\"\"\/><figcaption class=\"wp-element-caption\"><strong>Bocca di Vitucola<\/strong><\/figcaption><\/figure><\/div>\n\n<div class=\"wp-block-image\">\n<figure class=\"aligncenter size-large\"><img decoding=\"async\" src=\"https:\/\/centcols.org\/backup\/util\/geo\/visu\/FR\/img\/1345\/6400.jpg\" alt=\"\"\/><figcaption class=\"wp-element-caption\"><strong>Collu di Puricciulu<\/strong><\/figcaption><\/figure><\/div>\n\n<div class=\"wp-block-image\">\n<figure class=\"aligncenter size-large\"><img decoding=\"async\" src=\"https:\/\/centcols.org\/backup\/util\/geo\/visu\/FR\/img\/1345\/5504.jpg\" alt=\"\"\/><figcaption class=\"wp-element-caption\"><strong>Bocca di Mercuriu<\/strong><\/figcaption><\/figure><\/div>","protected":false},"excerpt":{"rendered":"<p>Description de l&#8217;auteur Auteur : Bernard Giraudeau Parcours : effectu\u00e9 en 2012 D\u00e9part : aire de stationnement proche du Domaine de l&#8217;Ostriconi sur la T30. Alt : 9 m Descriptif touristique Le D\u00e9sert des&nbsp; Agriates, une protub\u00e9rance patato\u00efde du littoral nord-ouest de la Corse, \u00e9tait autrefois une terre cultiv\u00e9e et fertile (agriate provient de agraire [&hellip;]<\/p>\n","protected":false},"author":397,"featured_media":0,"comment_status":"closed","ping_status":"closed","sticky":false,"template":"","format":"standard","meta":{"_acf_changed":false,"ub_ctt_via":"","_monsterinsights_skip_tracking":false,"_monsterinsights_sitenote_active":false,"_monsterinsights_sitenote_note":"","_monsterinsights_sitenote_category":0,"footnotes":""},"categories":[600,602],"tags":[],"acf":[],"featured_image_urls":{"full":"","thumbnail":"","medium":"","medium_large":"","large":"","1536x1536":"","2048x2048":"","woocommerce_thumbnail":"","woocommerce_single":"","woocommerce_gallery_thumbnail":""},"post_excerpt_stackable":"<p>Description de l&#8217;auteur Auteur : Bernard Giraudeau Parcours : effectu\u00e9 en 2012 D\u00e9part : aire de stationnement proche du Domaine de l&#8217;Ostriconi sur la T30. Alt : 9 m Descriptif touristique Le D\u00e9sert des&nbsp; Agriates, une protub\u00e9rance patato\u00efde du littoral nord-ouest de la Corse, \u00e9tait autrefois une terre cultiv\u00e9e et fertile (agriate provient de agraire ). La raret\u00e9 de l&#8217;eau n&#8217;a pas permis une occupation humaine permanente.&nbsp; Le site de 15 000 hectares compris entre St-Florent et la vall\u00e9e de l&#8217;Ostriconi&nbsp; est de toute beaut\u00e9 tant du point de vue du littoral que de celui de l\u2019int\u00e9rieur du massif. A\u2026<\/p>\n","category_list":"<a href=\"https:\/\/centcols.org\/backup\/categorie\/parcours-des-membres\/\" rel=\"category tag\">Parcours des membres<\/a>, <a href=\"https:\/\/centcols.org\/backup\/categorie\/parcours-des-membres\/parcours-france\/\" rel=\"category tag\">Parcours France<\/a>","author_info":{"display_name":"Denis Chouquet-Stringer","author_link":"https:\/\/centcols.org\/backup\/author\/6183\/"},"comments_num":"0 commentaire","featured_image_urls_v2":{"full":"","thumbnail":"","medium":"","medium_large":"","large":"","1536x1536":"","2048x2048":"","woocommerce_thumbnail":"","woocommerce_single":"","woocommerce_gallery_thumbnail":""},"post_excerpt_stackable_v2":"<p>Description de l&#8217;auteur Auteur : Bernard Giraudeau Parcours : effectu\u00e9 en 2012 D\u00e9part : aire de stationnement proche du Domaine de l&#8217;Ostriconi sur la T30. Alt : 9 m Descriptif touristique Le D\u00e9sert des&nbsp; Agriates, une protub\u00e9rance patato\u00efde du littoral nord-ouest de la Corse, \u00e9tait autrefois une terre cultiv\u00e9e et fertile (agriate provient de agraire ). La raret\u00e9 de l&#8217;eau n&#8217;a pas permis une occupation humaine permanente.&nbsp; Le site de 15 000 hectares compris entre St-Florent et la vall\u00e9e de l&#8217;Ostriconi&nbsp; est de toute beaut\u00e9 tant du point de vue du littoral que de celui de l\u2019int\u00e9rieur du massif. A\u2026<\/p>\n","category_list_v2":"<a href=\"https:\/\/centcols.org\/backup\/categorie\/parcours-des-membres\/\" rel=\"category tag\">Parcours des membres<\/a>, <a href=\"https:\/\/centcols.org\/backup\/categorie\/parcours-des-membres\/parcours-france\/\" rel=\"category tag\">Parcours France<\/a>","author_info_v2":{"name":"Denis Chouquet-Stringer","url":"https:\/\/centcols.org\/backup\/author\/6183\/"},"comments_num_v2":"0 commentaire","featured_image_src":null,"_links":{"self":[{"href":"https:\/\/centcols.org\/backup\/wp-json\/wp\/v2\/posts\/73216"}],"collection":[{"href":"https:\/\/centcols.org\/backup\/wp-json\/wp\/v2\/posts"}],"about":[{"href":"https:\/\/centcols.org\/backup\/wp-json\/wp\/v2\/types\/post"}],"author":[{"embeddable":true,"href":"https:\/\/centcols.org\/backup\/wp-json\/wp\/v2\/users\/397"}],"replies":[{"embeddable":true,"href":"https:\/\/centcols.org\/backup\/wp-json\/wp\/v2\/comments?post=73216"}],"version-history":[{"count":0,"href":"https:\/\/centcols.org\/backup\/wp-json\/wp\/v2\/posts\/73216\/revisions"}],"wp:attachment":[{"href":"https:\/\/centcols.org\/backup\/wp-json\/wp\/v2\/media?parent=73216"}],"wp:term":[{"taxonomy":"category","embeddable":true,"href":"https:\/\/centcols.org\/backup\/wp-json\/wp\/v2\/categories?post=73216"},{"taxonomy":"post_tag","embeddable":true,"href":"https:\/\/centcols.org\/backup\/wp-json\/wp\/v2\/tags?post=73216"}],"curies":[{"name":"wp","href":"https:\/\/api.w.org\/{rel}","templated":true}]}}