{"id":73226,"date":"2023-05-01T15:37:36","date_gmt":"2023-05-01T13:37:36","guid":{"rendered":"https:\/\/centcols.org\/backup\/?page_id=73226"},"modified":"2023-11-18T17:56:59","modified_gmt":"2023-11-18T16:56:59","slug":"espagne-h-j1-8-nerva","status":"publish","type":"post","link":"https:\/\/centcols.org\/backup\/espagne-h-j1-8-nerva\/","title":{"rendered":"ES-H Boucle 8 Jours J1\/8 Nerva &#8211;> Valverde del Camino &#8211; Route  91 km, D+ 1430 m, 5 cols"},"content":{"rendered":"\n<h2 class=\"kt-adv-heading_808a09-02 wp-block-kadence-advancedheading\" data-kb-block=\"kb-adv-heading_808a09-02\">Parcours des membres &#8211; Route &#8211; 5 cols<\/h2>\n\n\n\n<div class=\"wp-block-image\"><figure class=\"aligncenter size-large is-resized\"><img loading=\"lazy\" decoding=\"async\" src=\"https:\/\/centcols.org\/backup\/wp-content\/uploads\/2023\/05\/Capture-decran-2023-05-18-150817.jpg\" alt=\"\" class=\"wp-image-73251\" width=\"1125\" height=\"668\" srcset=\"https:\/\/centcols.org\/backup\/wp-content\/uploads\/2023\/05\/Capture-decran-2023-05-18-150817.jpg 911w, https:\/\/centcols.org\/backup\/wp-content\/uploads\/2023\/05\/Capture-decran-2023-05-18-150817-500x297.jpg 500w, https:\/\/centcols.org\/backup\/wp-content\/uploads\/2023\/05\/Capture-decran-2023-05-18-150817-768x456.jpg 768w, https:\/\/centcols.org\/backup\/wp-content\/uploads\/2023\/05\/Capture-decran-2023-05-18-150817-600x356.jpg 600w\" sizes=\"(max-width: 1125px) 100vw, 1125px\" \/><\/figure><\/div>\n\n\n\n<figure class=\"wp-block-image size-large\"><img loading=\"lazy\" decoding=\"async\" width=\"1200\" height=\"320\" src=\"https:\/\/centcols.org\/backup\/wp-content\/uploads\/2023\/05\/ES-H-Boucle-8-Jours-J1-8-Nerva-1200x320.jpeg\" alt=\"\" class=\"wp-image-73257\" srcset=\"https:\/\/centcols.org\/backup\/wp-content\/uploads\/2023\/05\/ES-H-Boucle-8-Jours-J1-8-Nerva-1200x320.jpeg 1200w, https:\/\/centcols.org\/backup\/wp-content\/uploads\/2023\/05\/ES-H-Boucle-8-Jours-J1-8-Nerva-500x133.jpeg 500w, https:\/\/centcols.org\/backup\/wp-content\/uploads\/2023\/05\/ES-H-Boucle-8-Jours-J1-8-Nerva-768x205.jpeg 768w, https:\/\/centcols.org\/backup\/wp-content\/uploads\/2023\/05\/ES-H-Boucle-8-Jours-J1-8-Nerva-1536x410.jpeg 1536w, https:\/\/centcols.org\/backup\/wp-content\/uploads\/2023\/05\/ES-H-Boucle-8-Jours-J1-8-Nerva-2048x546.jpeg 2048w, https:\/\/centcols.org\/backup\/wp-content\/uploads\/2023\/05\/ES-H-Boucle-8-Jours-J1-8-Nerva-600x160.jpeg 600w\" sizes=\"(max-width: 1200px) 100vw, 1200px\" \/><\/figure>\n\n\n\n<h2 class=\"wp-block-heading\">Description de l&#8217;auteur<\/h2>\n\n\n\n<p><span style=\"font-size: 20px; font-family: arial, helvetica, sans-serif;\"><strong>Auteur <\/strong>: Denis Chouquet-Stringer<\/span><\/p>\n\n\n\n<p class=\"has-medium-font-size\">Ce <span style=\"font-family: arial, helvetica, sans-serif; font-size: 20px;\"><strong>parcours<\/strong> fait partie d&#8217;un s\u00e9jour cycliste routier et itin\u00e9rant de 605 km, 9100 m de d\u00e9nivel\u00e9 et 52 cols. Il fut organis\u00e9 en mai 2015 pour un groupe de 12 cyclistes, dont 10 Cent Cols.<\/span><\/p>\n\n\n\n<p class=\"has-medium-font-size\"><span style=\"font-size: 20px; font-family: arial, helvetica, sans-serif;\"><strong>D\u00e9part<\/strong> : Nerva. Alt : 330 m<\/span><\/p>\n\n\n\n<p><\/p>\n\n\n\n<p class=\"has-medium-font-size\"><strong><span style=\"font-size: 20px; font-family: arial, helvetica, sans-serif;\">Descriptif touristique<\/span><\/strong><\/p>\n\n\n\n<p class=\"has-medium-font-size\">Nerva est situ\u00e9 au pied de la <strong>Sierra de Aracena<\/strong>, \u00e0 85 km au NO de l&#8217;a\u00e9roport de S\u00e9ville (1 h de voiture environ). C&#8217; est une r\u00e9gion o\u00f9 il peut faire tr\u00e8s chaud et il semble difficile d&#8217;envisager de faire ce tour plus tard dans la saison.<\/p>\n\n\n\n<p class=\"has-medium-font-size\">Nerva est une ancienne ville mini\u00e8re o\u00f9 a \u00e9t\u00e9 cr\u00e9\u00e9 fin XIXe le groupe minier multinational qui porte le nom de la rivi\u00e8re locale : Rio Tinto. Les paysages du d\u00e9but de l&#8217;\u00e9tape sont constitu\u00e9s de mines exploit\u00e9es \u00e0 ciel ouvert, aux couleurs bariol\u00e9es, du noir au roux, et constituant des paysages pouvant \u00eatre &#8220;martiens&#8221;. A telle enseigne, d&#8217;ailleurs, que la Nasa est venue ici tester son rover martien &#8220;Discovery&#8221;. Plus en avant, l&#8217;\u00e9tape serpente dans des collines et vallons tapiss\u00e9s de ch\u00eanes verts et de ch\u00eanes li\u00e8ges.<\/p>\n\n\n\n<p class=\"has-medium-font-size\"><strong>5 cols<\/strong><\/p>\n\n\n\n<p class=\"has-medium-font-size\">1 &#8211; Puerto de los Embustes <a href=\"https:\/\/centcols.org\/backup\/util\/geo\/visuRedir.php?code=ES-H-0396b\" target=\"_blank\" rel=\"noreferrer noopener\">ES-H-0396b<\/a><br>2 &#8211; Collado del Alcornocal de la Ba\u00f1a <a href=\"https:\/\/centcols.org\/backup\/util\/geo\/visuRedir.php?code=ES-H-0436a\" target=\"_blank\" rel=\"noreferrer noopener\">ES-H-0436a<\/a><br>3 &#8211; Puerto de la Cruz <a href=\"https:\/\/centcols.org\/backup\/util\/geo\/visuRedir.php?code=ES-H-0412\" target=\"_blank\" rel=\"noreferrer noopener\">ES-H-0412<\/a> (Aller et retour &#8211; R1 &#8211; 2 x 400 m)<br>4 &#8211; Puerto de los Tinajones <a href=\"https:\/\/centcols.org\/backup\/util\/geo\/visuRedir.php?code=ES-H-0329\" target=\"_blank\" rel=\"noreferrer noopener\">ES-H-0329<\/a><br>5 &#8211; Puerto Pelado <a href=\"https:\/\/centcols.org\/backup\/util\/geo\/visuRedir.php?code=ES-H-0279\" target=\"_blank\" rel=\"noreferrer noopener\">ES-H-0279<\/a><\/p>\n\n\n\n<p class=\"has-medium-font-size\"><strong>Descriptif technique<\/strong><\/p>\n\n\n\n<p class=\"has-medium-font-size\">Aucune difficult\u00e9 particuli\u00e8re &#8230; sauf la chaleur ambiante.<\/p>\n\n\n\n<p class=\"has-medium-font-size\">Le 1er et le dernier col sont des allers et retours<\/p>\n\n\n\n<p class=\"has-medium-font-size\">Le positionnement de Puerto Pelado est indiqu\u00e9 sur la carte OSM de Openrunner comme \u00e9tant sur la A-496, tandis que le Club des Cent Cols le situe sur le CV au SO de Cala\u00f1as. C&#8217;est cette position qui fait foi.<\/p>\n\n\n\n<p class=\"has-medium-font-size\"><strong>Mots-cl\u00e9s<\/strong>: Andalousie \u2013 Seville \u2013 Aracena \u2013 Nerva \u2013 Valverde del Camino<\/p>\n\n\n\n<p class=\"has-medium-font-size\"><strong>Lien openrunner, carte interactive, profil, trace gpx<\/strong> :<br><a href=\"https:\/\/www.openrunner.com\/route-details\/16458608\" target=\"_blank\" rel=\"noopener\" title=\"\">https:\/\/www.openrunner.com\/route-details\/16458608<\/a><\/p>\n\n\n\n<p class=\"has-medium-font-size\">Cet itin\u00e9raire est propos\u00e9 \u00e0 titre indicatif. L&#8217;auteur d\u00e9gage sa responsabilit\u00e9 et celle du Club des Cent Cols en vertu des impond\u00e9rables dus au cycliste lui-m\u00eame, au mat\u00e9riel utilis\u00e9 et tout ce qui concerne la route, ses abords et les autres utilisateurs de celle-ci.<\/p>\n\n\n\n<p class=\"has-medium-font-size\">Ici, une&nbsp;<a href=\"https:\/\/centcols.org\/backup\/liste-parcours-cent-cols-sur-or-2\/\" target=\"_blank\" rel=\"noreferrer noopener\">vue exhaustive des parcours membres<\/a>&nbsp;du Club des Cent Cols<\/p>\n\n\n\n<h2 class=\"kt-adv-heading_053a5a-66 wp-block-kadence-advancedheading\" data-kb-block=\"kb-adv-heading_053a5a-66\">Photos<\/h2>\n\n\n\n<figure class=\"wp-block-image size-large\"><img loading=\"lazy\" decoding=\"async\" width=\"1000\" height=\"576\" src=\"https:\/\/centcols.org\/backup\/wp-content\/uploads\/2023\/05\/2NmITziyG4eruMC5xvA3eIpGEXt.jpg\" alt=\"\" class=\"wp-image-73245\" srcset=\"https:\/\/centcols.org\/backup\/wp-content\/uploads\/2023\/05\/2NmITziyG4eruMC5xvA3eIpGEXt.jpg 1000w, https:\/\/centcols.org\/backup\/wp-content\/uploads\/2023\/05\/2NmITziyG4eruMC5xvA3eIpGEXt-500x288.jpg 500w, https:\/\/centcols.org\/backup\/wp-content\/uploads\/2023\/05\/2NmITziyG4eruMC5xvA3eIpGEXt-768x442.jpg 768w, https:\/\/centcols.org\/backup\/wp-content\/uploads\/2023\/05\/2NmITziyG4eruMC5xvA3eIpGEXt-600x346.jpg 600w\" sizes=\"(max-width: 1000px) 100vw, 1000px\" \/><figcaption><strong>Le parcours des 8 jours<\/strong><\/figcaption><\/figure>\n\n\n\n<figure class=\"wp-block-image size-large\"><img loading=\"lazy\" decoding=\"async\" width=\"1200\" height=\"900\" src=\"https:\/\/centcols.org\/backup\/wp-content\/uploads\/2023\/05\/15-05-AOC-Andalousie_015-1200x900.jpg\" alt=\"\" class=\"wp-image-73271\" srcset=\"https:\/\/centcols.org\/backup\/wp-content\/uploads\/2023\/05\/15-05-AOC-Andalousie_015-1200x900.jpg 1200w, https:\/\/centcols.org\/backup\/wp-content\/uploads\/2023\/05\/15-05-AOC-Andalousie_015-500x375.jpg 500w, https:\/\/centcols.org\/backup\/wp-content\/uploads\/2023\/05\/15-05-AOC-Andalousie_015-768x576.jpg 768w, https:\/\/centcols.org\/backup\/wp-content\/uploads\/2023\/05\/15-05-AOC-Andalousie_015-1536x1152.jpg 1536w, https:\/\/centcols.org\/backup\/wp-content\/uploads\/2023\/05\/15-05-AOC-Andalousie_015-2048x1536.jpg 2048w, https:\/\/centcols.org\/backup\/wp-content\/uploads\/2023\/05\/15-05-AOC-Andalousie_015-600x450.jpg 600w\" sizes=\"(max-width: 1200px) 100vw, 1200px\" \/><figcaption><strong>Paysage minier autour de Nerva<\/strong><\/figcaption><\/figure>\n\n\n\n<figure class=\"wp-block-image size-large\"><img loading=\"lazy\" decoding=\"async\" width=\"900\" height=\"1200\" src=\"https:\/\/centcols.org\/backup\/wp-content\/uploads\/2023\/05\/15-05-AOC-Andalousie_025-900x1200.jpg\" alt=\"\" class=\"wp-image-73277\" srcset=\"https:\/\/centcols.org\/backup\/wp-content\/uploads\/2023\/05\/15-05-AOC-Andalousie_025-900x1200.jpg 900w, https:\/\/centcols.org\/backup\/wp-content\/uploads\/2023\/05\/15-05-AOC-Andalousie_025-375x500.jpg 375w, https:\/\/centcols.org\/backup\/wp-content\/uploads\/2023\/05\/15-05-AOC-Andalousie_025-768x1024.jpg 768w, https:\/\/centcols.org\/backup\/wp-content\/uploads\/2023\/05\/15-05-AOC-Andalousie_025-1152x1536.jpg 1152w, https:\/\/centcols.org\/backup\/wp-content\/uploads\/2023\/05\/15-05-AOC-Andalousie_025-1536x2048.jpg 1536w, https:\/\/centcols.org\/backup\/wp-content\/uploads\/2023\/05\/15-05-AOC-Andalousie_025-600x800.jpg 600w, https:\/\/centcols.org\/backup\/wp-content\/uploads\/2023\/05\/15-05-AOC-Andalousie_025-scaled.jpg 1920w\" sizes=\"(max-width: 900px) 100vw, 900px\" \/><figcaption><strong>Des routes en excellent \u00e9tat<\/strong><\/figcaption><\/figure>\n\n\n\n<figure class=\"wp-block-image size-large\"><img loading=\"lazy\" decoding=\"async\" width=\"1200\" height=\"900\" src=\"https:\/\/centcols.org\/backup\/wp-content\/uploads\/2023\/05\/15-05-AOC-Andalousie_042-1200x900.jpg\" alt=\"\" class=\"wp-image-73283\" srcset=\"https:\/\/centcols.org\/backup\/wp-content\/uploads\/2023\/05\/15-05-AOC-Andalousie_042-1200x900.jpg 1200w, https:\/\/centcols.org\/backup\/wp-content\/uploads\/2023\/05\/15-05-AOC-Andalousie_042-500x375.jpg 500w, https:\/\/centcols.org\/backup\/wp-content\/uploads\/2023\/05\/15-05-AOC-Andalousie_042-768x576.jpg 768w, https:\/\/centcols.org\/backup\/wp-content\/uploads\/2023\/05\/15-05-AOC-Andalousie_042-1536x1152.jpg 1536w, https:\/\/centcols.org\/backup\/wp-content\/uploads\/2023\/05\/15-05-AOC-Andalousie_042-2048x1536.jpg 2048w, https:\/\/centcols.org\/backup\/wp-content\/uploads\/2023\/05\/15-05-AOC-Andalousie_042-600x450.jpg 600w\" sizes=\"(max-width: 1200px) 100vw, 1200px\" \/><figcaption><strong>A l&#8217;horizon, le Puerto de los Tinajones<\/strong><\/figcaption><\/figure>\n\n\n\n<figure class=\"wp-block-image size-large\"><img loading=\"lazy\" decoding=\"async\" width=\"1200\" height=\"900\" src=\"https:\/\/centcols.org\/backup\/wp-content\/uploads\/2023\/05\/15-05-AOC-Andalousie_065-1200x900.jpg\" alt=\"\" class=\"wp-image-73289\" srcset=\"https:\/\/centcols.org\/backup\/wp-content\/uploads\/2023\/05\/15-05-AOC-Andalousie_065-1200x900.jpg 1200w, https:\/\/centcols.org\/backup\/wp-content\/uploads\/2023\/05\/15-05-AOC-Andalousie_065-500x375.jpg 500w, https:\/\/centcols.org\/backup\/wp-content\/uploads\/2023\/05\/15-05-AOC-Andalousie_065-768x576.jpg 768w, https:\/\/centcols.org\/backup\/wp-content\/uploads\/2023\/05\/15-05-AOC-Andalousie_065-1536x1152.jpg 1536w, https:\/\/centcols.org\/backup\/wp-content\/uploads\/2023\/05\/15-05-AOC-Andalousie_065-2048x1536.jpg 2048w, https:\/\/centcols.org\/backup\/wp-content\/uploads\/2023\/05\/15-05-AOC-Andalousie_065-600x450.jpg 600w\" sizes=\"(max-width: 1200px) 100vw, 1200px\" \/><figcaption><strong>Au Puerto Pelado, des capteurs photovolta\u00eeques autorientables mais d\u00e9sorient\u00e9s<\/strong><\/figcaption><\/figure>\n","protected":false},"excerpt":{"rendered":"<p>Description de l&#8217;auteur Auteur : Denis Chouquet-Stringer Ce parcours fait partie d&#8217;un s\u00e9jour cycliste routier et itin\u00e9rant de 605 km, 9100 m de d\u00e9nivel\u00e9 et 52 cols. Il fut organis\u00e9 en mai 2015 pour un groupe de 12 cyclistes, dont 10 Cent Cols. D\u00e9part : Nerva. Alt : 330 m Descriptif touristique Nerva est situ\u00e9 [&hellip;]<\/p>\n","protected":false},"author":397,"featured_media":0,"comment_status":"closed","ping_status":"closed","sticky":false,"template":"","format":"standard","meta":{"_acf_changed":false,"ub_ctt_via":"","_monsterinsights_skip_tracking":false,"_monsterinsights_sitenote_active":false,"_monsterinsights_sitenote_note":"","_monsterinsights_sitenote_category":0,"footnotes":""},"categories":[600,616],"tags":[],"acf":[],"featured_image_urls":{"full":"","thumbnail":"","medium":"","medium_large":"","large":"","1536x1536":"","2048x2048":"","woocommerce_thumbnail":"","woocommerce_single":"","woocommerce_gallery_thumbnail":""},"post_excerpt_stackable":"<p>Parcours des membres &#8211; Route &#8211; 5 cols Description de l&#8217;auteur Auteur : Denis Chouquet-Stringer Ce parcours fait partie d&#8217;un s\u00e9jour cycliste routier et itin\u00e9rant de 605 km, 9100 m de d\u00e9nivel\u00e9 et 52 cols. Il fut organis\u00e9 en mai 2015 pour un groupe de 12 cyclistes, dont 10 Cent Cols. D\u00e9part : Nerva. Alt : 330 m Descriptif touristique Nerva est situ\u00e9 au pied de la Sierra de Aracena, \u00e0 85 km au NO de l&#8217;a\u00e9roport de S\u00e9ville (1 h de voiture environ). C&#8217; est une r\u00e9gion o\u00f9 il peut faire tr\u00e8s chaud et il semble difficile d&#8217;envisager de\u2026<\/p>\n","category_list":"<a href=\"https:\/\/centcols.org\/backup\/categorie\/parcours-des-membres\/\" rel=\"category tag\">Parcours des membres<\/a>, <a href=\"https:\/\/centcols.org\/backup\/categorie\/parcours-des-membres\/parcours-espagne\/\" rel=\"category tag\">Parcours Espagne<\/a>","author_info":{"display_name":"Denis Chouquet-Stringer","author_link":"https:\/\/centcols.org\/backup\/author\/6183\/"},"comments_num":"0 commentaire","featured_image_urls_v2":{"full":"","thumbnail":"","medium":"","medium_large":"","large":"","1536x1536":"","2048x2048":"","woocommerce_thumbnail":"","woocommerce_single":"","woocommerce_gallery_thumbnail":""},"post_excerpt_stackable_v2":"<p>Parcours des membres &#8211; Route &#8211; 5 cols Description de l&#8217;auteur Auteur : Denis Chouquet-Stringer Ce parcours fait partie d&#8217;un s\u00e9jour cycliste routier et itin\u00e9rant de 605 km, 9100 m de d\u00e9nivel\u00e9 et 52 cols. Il fut organis\u00e9 en mai 2015 pour un groupe de 12 cyclistes, dont 10 Cent Cols. D\u00e9part : Nerva. Alt : 330 m Descriptif touristique Nerva est situ\u00e9 au pied de la Sierra de Aracena, \u00e0 85 km au NO de l&#8217;a\u00e9roport de S\u00e9ville (1 h de voiture environ). C&#8217; est une r\u00e9gion o\u00f9 il peut faire tr\u00e8s chaud et il semble difficile d&#8217;envisager de\u2026<\/p>\n","category_list_v2":"<a href=\"https:\/\/centcols.org\/backup\/categorie\/parcours-des-membres\/\" rel=\"category tag\">Parcours des membres<\/a>, <a href=\"https:\/\/centcols.org\/backup\/categorie\/parcours-des-membres\/parcours-espagne\/\" rel=\"category tag\">Parcours Espagne<\/a>","author_info_v2":{"name":"Denis Chouquet-Stringer","url":"https:\/\/centcols.org\/backup\/author\/6183\/"},"comments_num_v2":"0 commentaire","featured_image_src":null,"_links":{"self":[{"href":"https:\/\/centcols.org\/backup\/wp-json\/wp\/v2\/posts\/73226"}],"collection":[{"href":"https:\/\/centcols.org\/backup\/wp-json\/wp\/v2\/posts"}],"about":[{"href":"https:\/\/centcols.org\/backup\/wp-json\/wp\/v2\/types\/post"}],"author":[{"embeddable":true,"href":"https:\/\/centcols.org\/backup\/wp-json\/wp\/v2\/users\/397"}],"replies":[{"embeddable":true,"href":"https:\/\/centcols.org\/backup\/wp-json\/wp\/v2\/comments?post=73226"}],"version-history":[{"count":0,"href":"https:\/\/centcols.org\/backup\/wp-json\/wp\/v2\/posts\/73226\/revisions"}],"wp:attachment":[{"href":"https:\/\/centcols.org\/backup\/wp-json\/wp\/v2\/media?parent=73226"}],"wp:term":[{"taxonomy":"category","embeddable":true,"href":"https:\/\/centcols.org\/backup\/wp-json\/wp\/v2\/categories?post=73226"},{"taxonomy":"post_tag","embeddable":true,"href":"https:\/\/centcols.org\/backup\/wp-json\/wp\/v2\/tags?post=73226"}],"curies":[{"name":"wp","href":"https:\/\/api.w.org\/{rel}","templated":true}]}}