{"id":73369,"date":"2023-05-03T18:20:29","date_gmt":"2023-05-03T16:20:29","guid":{"rendered":"https:\/\/centcols.org\/backup\/?page_id=73369"},"modified":"2023-11-18T17:57:25","modified_gmt":"2023-11-18T16:57:25","slug":"espagne-h-j3-8-granado","status":"publish","type":"post","link":"https:\/\/centcols.org\/backup\/espagne-h-j3-8-granado\/","title":{"rendered":"ES-H Boucle 8 Jours J3\/8 El Granado &#8211;> El Cerro de Andevalo &#8211; Route 93 km, D+1100 m, 8 cols"},"content":{"rendered":"\n<h2 class=\"kt-adv-heading_808a09-02 wp-block-kadence-advancedheading\" data-kb-block=\"kb-adv-heading_808a09-02\">Parcours des membres &#8211; Route &#8211; 8 cols<\/h2>\n\n\n\n<div class=\"wp-block-image\"><figure class=\"aligncenter size-large is-resized\"><img loading=\"lazy\" decoding=\"async\" src=\"https:\/\/centcols.org\/backup\/wp-content\/uploads\/2023\/05\/Capture-decran-2023-05-18-180225.jpg\" alt=\"\" class=\"wp-image-73357\" width=\"1159\" height=\"684\" srcset=\"https:\/\/centcols.org\/backup\/wp-content\/uploads\/2023\/05\/Capture-decran-2023-05-18-180225.jpg 907w, https:\/\/centcols.org\/backup\/wp-content\/uploads\/2023\/05\/Capture-decran-2023-05-18-180225-500x295.jpg 500w, https:\/\/centcols.org\/backup\/wp-content\/uploads\/2023\/05\/Capture-decran-2023-05-18-180225-768x453.jpg 768w, https:\/\/centcols.org\/backup\/wp-content\/uploads\/2023\/05\/Capture-decran-2023-05-18-180225-600x354.jpg 600w\" sizes=\"(max-width: 1159px) 100vw, 1159px\" \/><\/figure><\/div>\n\n\n\n<figure class=\"wp-block-image size-large\"><img loading=\"lazy\" decoding=\"async\" width=\"1200\" height=\"320\" src=\"https:\/\/centcols.org\/backup\/wp-content\/uploads\/2023\/05\/ES-H-Boucle-8-jours-J3-8-El-Granado-1200x320.jpeg\" alt=\"\" class=\"wp-image-73363\" srcset=\"https:\/\/centcols.org\/backup\/wp-content\/uploads\/2023\/05\/ES-H-Boucle-8-jours-J3-8-El-Granado-1200x320.jpeg 1200w, https:\/\/centcols.org\/backup\/wp-content\/uploads\/2023\/05\/ES-H-Boucle-8-jours-J3-8-El-Granado-500x133.jpeg 500w, https:\/\/centcols.org\/backup\/wp-content\/uploads\/2023\/05\/ES-H-Boucle-8-jours-J3-8-El-Granado-768x205.jpeg 768w, https:\/\/centcols.org\/backup\/wp-content\/uploads\/2023\/05\/ES-H-Boucle-8-jours-J3-8-El-Granado-1536x410.jpeg 1536w, https:\/\/centcols.org\/backup\/wp-content\/uploads\/2023\/05\/ES-H-Boucle-8-jours-J3-8-El-Granado-2048x546.jpeg 2048w, https:\/\/centcols.org\/backup\/wp-content\/uploads\/2023\/05\/ES-H-Boucle-8-jours-J3-8-El-Granado-600x160.jpeg 600w\" sizes=\"(max-width: 1200px) 100vw, 1200px\" \/><\/figure>\n\n\n\n<h2 class=\"wp-block-heading\">Description de l&#8217;auteur<\/h2>\n\n\n\n<p><span style=\"font-size: 20px; font-family: arial, helvetica, sans-serif;\"><strong>Auteur <\/strong>: Denis Chouquet-Stringer<\/span><\/p>\n\n\n\n<p class=\"has-medium-font-size\">Ce <span style=\"font-family: arial, helvetica, sans-serif; font-size: 20px;\"><strong>parcours<\/strong> fait partie d&#8217;un s\u00e9jour cycliste routier et itin\u00e9rant de 605 km, 9100 m de d\u00e9nivel\u00e9 et 52 cols. Il fut organis\u00e9 en mai 2015 pour un groupe de 12 cyclistes, dont 10 Cent Cols.<\/span><\/p>\n\n\n\n<p class=\"has-medium-font-size\"><span style=\"font-size: 20px; font-family: arial, helvetica, sans-serif;\"><strong>D\u00e9part<\/strong> : El Granado. Alt : 150 m<\/span><\/p>\n\n\n\n<p><\/p>\n\n\n\n<p class=\"has-medium-font-size\"><strong><span style=\"font-size: 20px; font-family: arial, helvetica, sans-serif;\">Descriptif touristique<\/span><\/strong><\/p>\n\n\n\n<p class=\"has-medium-font-size\">Pour cette \u00e9tape, nous quittons la plaine et commen\u00e7ons \u00e0 nous enfoncer dans quelques sierras. Des petites sierras (de la Vaca, de Madronera, de las Tres Piedras) puisque nos cols culmineront \u00e0 moins de 300 m d&#8217;altitude. Mais le paysage change, on se croit parfois en montagne \u00e0 une altitude bien plus \u00e9lev\u00e9e.<\/p>\n\n\n\n<p class=\"has-medium-font-size\">El Cerro de Andevalo, le terme de l&#8217;\u00e9tape,&nbsp;est un joli petit village andalou typique. Ce n&#8217;est qu&#8217;un probl\u00e8me d&#8217;h\u00e9bergement d&#8217;un groupe de 12 personnes qui nous a fait choisir cette \u00e9tape.<\/p>\n\n\n\n<p class=\"has-medium-font-size\"><strong>8 cols<\/strong><\/p>\n\n\n\n<p class=\"has-medium-font-size\">1 &#8211; Puerto Colorado <a href=\"https:\/\/centcols.org\/backup\/util\/geo\/visuGen.php?code=ES-H-0244\" target=\"_blank\" rel=\"noreferrer noopener\">ES-H-0244<\/a><br>2 &#8211; Puerto de Sanl\u00facar <a href=\"https:\/\/centcols.org\/backup\/util\/geo\/visuGen.php?code=ES-H-0217\" target=\"_blank\" rel=\"noreferrer noopener\">ES-H-0217<\/a> (A&amp;R 2 x 450 m &#8211; R2)<br>3 &#8211; Puerto de la Corte &nbsp;<a href=\"https:\/\/centcols.org\/backup\/util\/geo\/visuGen.php?code=ES-H-0288\" target=\"_blank\" rel=\"noreferrer noopener\">ES-H-0288<\/a><br>4 &#8211; Puerto Alegre &nbsp;<a href=\"https:\/\/centcols.org\/backup\/util\/geo\/visuGen.php?code=ES-H-0227\" target=\"_blank\" rel=\"noreferrer noopener\">ES-H-0227<\/a> (A&amp;R 2 x 5 km)<br>5 &#8211; Puerto Colorado &nbsp;<a href=\"https:\/\/centcols.org\/backup\/util\/geo\/visuGen.php?code=ES-H-0197\" target=\"_blank\" rel=\"noreferrer noopener\">ES-H-0197<\/a><br>6 &#8211; Portillo de Santo Domingo <a href=\"https:\/\/centcols.org\/backup\/util\/geo\/visuGen.php?code=ES-H-0265\" target=\"_blank\" rel=\"noreferrer noopener\">ES-H-0265<\/a><br>7 &#8211; Puerto Rayo <a href=\"https:\/\/centcols.org\/backup\/util\/geo\/visuGen.php?code=ES-H-0268\" target=\"_blank\" rel=\"noreferrer noopener\">ES-H-0268<\/a><br>8 &#8211; Puerto del Viento <a href=\"https:\/\/centcols.org\/backup\/util\/geo\/visuGen.php?code=ES-H-0248\" target=\"_blank\" rel=\"noreferrer noopener\">ES-H-0248<\/a><\/p>\n\n\n\n<p class=\"has-medium-font-size\"><\/p>\n\n\n\n<p class=\"has-medium-font-size\"><strong>Descriptif technique<\/strong><\/p>\n\n\n\n<p class=\"has-medium-font-size\">Nous avions fini la journ\u00e9e de la veille par un&nbsp;Puerto Colorado&nbsp;et nous commen\u00e7ons cette \u00e9tape par un autre Puerto Colorado. C&#8217;est un nom de col commun en Espagne et surtout dans la province de Huelva o\u00f9 il y a 6 Puerto Colorado.<\/p>\n\n\n\n<p class=\"has-medium-font-size\">Au km 10.8, le&nbsp;Puerto de San Lucar&nbsp;est un aller et retour de 500 m&nbsp; et 22 m de d\u00e9nivel\u00e9e sur un R2 tout \u00e0 fait faisable en v\u00e9lo de route.<\/p>\n\n\n\n<p class=\"has-medium-font-size\">Le&nbsp;Puerto Alegre&nbsp;est \u00e0&nbsp; faire en aller et retour en traversant&nbsp;Pueblo de Guzman.<\/p>\n\n\n\n<p class=\"has-medium-font-size\"><strong>Mots-cl\u00e9s<\/strong>: Espagne &#8211; Andalousie \u2013 Seville \u2013 Valverde del Camino &#8211; El Granado <\/p>\n\n\n\n<p class=\"has-medium-font-size\"><strong>Lien openrunner, carte interactive, profil, trace gpx<\/strong> <a href=\"https:\/\/www.openrunner.com\/route-details\/6669497\" target=\"_blank\" rel=\"noopener\" title=\"\">https:\/\/www.openrunner.com\/route-details\/6669497<\/a><\/p>\n\n\n\n<p class=\"has-medium-font-size\">Cet itin\u00e9raire est propos\u00e9 \u00e0 titre indicatif. L&#8217;auteur d\u00e9gage sa responsabilit\u00e9 et celle du Club des Cent Cols en vertu des impond\u00e9rables dus au cycliste lui-m\u00eame, au mat\u00e9riel utilis\u00e9 et tout ce qui concerne la route, ses abords et les autres utilisateurs de celle-ci.<\/p>\n\n\n\n<p class=\"has-medium-font-size\">Ici, une&nbsp;<a href=\"https:\/\/centcols.org\/backup\/liste-parcours-cent-cols-sur-or-2\/\" target=\"_blank\" rel=\"noreferrer noopener\">vue exhaustive des parcours membres<\/a>&nbsp;du Club des Cent Cols<\/p>\n\n\n\n<h2 class=\"kt-adv-heading_053a5a-66 wp-block-kadence-advancedheading\" data-kb-block=\"kb-adv-heading_053a5a-66\">Photos<\/h2>\n\n\n\n<figure class=\"wp-block-image size-large\"><img loading=\"lazy\" decoding=\"async\" width=\"1200\" height=\"900\" src=\"https:\/\/centcols.org\/backup\/wp-content\/uploads\/2023\/05\/15-05-AOC-Andalousie_125-1-1200x900.jpg\" alt=\"\" class=\"wp-image-73339\" srcset=\"https:\/\/centcols.org\/backup\/wp-content\/uploads\/2023\/05\/15-05-AOC-Andalousie_125-1-1200x900.jpg 1200w, https:\/\/centcols.org\/backup\/wp-content\/uploads\/2023\/05\/15-05-AOC-Andalousie_125-1-500x375.jpg 500w, https:\/\/centcols.org\/backup\/wp-content\/uploads\/2023\/05\/15-05-AOC-Andalousie_125-1-768x576.jpg 768w, https:\/\/centcols.org\/backup\/wp-content\/uploads\/2023\/05\/15-05-AOC-Andalousie_125-1-1536x1152.jpg 1536w, https:\/\/centcols.org\/backup\/wp-content\/uploads\/2023\/05\/15-05-AOC-Andalousie_125-1-600x450.jpg 600w, https:\/\/centcols.org\/backup\/wp-content\/uploads\/2023\/05\/15-05-AOC-Andalousie_125-1.jpg 1942w\" sizes=\"(max-width: 1200px) 100vw, 1200px\" \/><figcaption><strong>A l&#8217;approche du Puerto Colorado<\/strong><\/figcaption><\/figure>\n\n\n\n<figure class=\"wp-block-image size-large\"><img loading=\"lazy\" decoding=\"async\" width=\"1200\" height=\"900\" src=\"https:\/\/centcols.org\/backup\/wp-content\/uploads\/2023\/05\/15-05-AOC-Andalousie_135-1200x900.jpg\" alt=\"\" class=\"wp-image-73345\" srcset=\"https:\/\/centcols.org\/backup\/wp-content\/uploads\/2023\/05\/15-05-AOC-Andalousie_135-1200x900.jpg 1200w, https:\/\/centcols.org\/backup\/wp-content\/uploads\/2023\/05\/15-05-AOC-Andalousie_135-500x375.jpg 500w, https:\/\/centcols.org\/backup\/wp-content\/uploads\/2023\/05\/15-05-AOC-Andalousie_135-768x576.jpg 768w, https:\/\/centcols.org\/backup\/wp-content\/uploads\/2023\/05\/15-05-AOC-Andalousie_135-1536x1152.jpg 1536w, https:\/\/centcols.org\/backup\/wp-content\/uploads\/2023\/05\/15-05-AOC-Andalousie_135-2048x1536.jpg 2048w, https:\/\/centcols.org\/backup\/wp-content\/uploads\/2023\/05\/15-05-AOC-Andalousie_135-600x450.jpg 600w\" sizes=\"(max-width: 1200px) 100vw, 1200px\" \/><figcaption><strong>Beaucoup de cigognes sur les chemin\u00e9es des villages travers\u00e9s<\/strong><\/figcaption><\/figure>\n\n\n\n<figure class=\"wp-block-image size-large\"><img loading=\"lazy\" decoding=\"async\" width=\"1200\" height=\"900\" src=\"https:\/\/centcols.org\/backup\/wp-content\/uploads\/2023\/05\/15-05-AOC-Andalousie_140-1200x900.jpg\" alt=\"\" class=\"wp-image-73351\" srcset=\"https:\/\/centcols.org\/backup\/wp-content\/uploads\/2023\/05\/15-05-AOC-Andalousie_140-1200x900.jpg 1200w, https:\/\/centcols.org\/backup\/wp-content\/uploads\/2023\/05\/15-05-AOC-Andalousie_140-500x375.jpg 500w, https:\/\/centcols.org\/backup\/wp-content\/uploads\/2023\/05\/15-05-AOC-Andalousie_140-768x576.jpg 768w, https:\/\/centcols.org\/backup\/wp-content\/uploads\/2023\/05\/15-05-AOC-Andalousie_140-1536x1152.jpg 1536w, https:\/\/centcols.org\/backup\/wp-content\/uploads\/2023\/05\/15-05-AOC-Andalousie_140-2048x1536.jpg 2048w, https:\/\/centcols.org\/backup\/wp-content\/uploads\/2023\/05\/15-05-AOC-Andalousie_140-600x450.jpg 600w\" sizes=\"(max-width: 1200px) 100vw, 1200px\" \/><figcaption><strong>Coucher de soleil \u00e0 El Cerro de Andevalo<\/strong><\/figcaption><\/figure>\n","protected":false},"excerpt":{"rendered":"<p>Description de l&#8217;auteur Auteur : Denis Chouquet-Stringer Ce parcours fait partie d&#8217;un s\u00e9jour cycliste routier et itin\u00e9rant de 605 km, 9100 m de d\u00e9nivel\u00e9 et 52 cols. Il fut organis\u00e9 en mai 2015 pour un groupe de 12 cyclistes, dont 10 Cent Cols. D\u00e9part : El Granado. Alt : 150 m Descriptif touristique Pour cette [&hellip;]<\/p>\n","protected":false},"author":397,"featured_media":0,"comment_status":"closed","ping_status":"closed","sticky":false,"template":"","format":"standard","meta":{"_acf_changed":false,"ub_ctt_via":"","_monsterinsights_skip_tracking":false,"_monsterinsights_sitenote_active":false,"_monsterinsights_sitenote_note":"","_monsterinsights_sitenote_category":0,"footnotes":""},"categories":[600,616],"tags":[],"acf":[],"featured_image_urls":{"full":"","thumbnail":"","medium":"","medium_large":"","large":"","1536x1536":"","2048x2048":"","woocommerce_thumbnail":"","woocommerce_single":"","woocommerce_gallery_thumbnail":""},"post_excerpt_stackable":"<p>Parcours des membres &#8211; Route &#8211; 8 cols Description de l&#8217;auteur Auteur : Denis Chouquet-Stringer Ce parcours fait partie d&#8217;un s\u00e9jour cycliste routier et itin\u00e9rant de 605 km, 9100 m de d\u00e9nivel\u00e9 et 52 cols. Il fut organis\u00e9 en mai 2015 pour un groupe de 12 cyclistes, dont 10 Cent Cols. D\u00e9part : El Granado. Alt : 150 m Descriptif touristique Pour cette \u00e9tape, nous quittons la plaine et commen\u00e7ons \u00e0 nous enfoncer dans quelques sierras. Des petites sierras (de la Vaca, de Madronera, de las Tres Piedras) puisque nos cols culmineront \u00e0 moins de 300 m d&#8217;altitude. Mais le\u2026<\/p>\n","category_list":"<a href=\"https:\/\/centcols.org\/backup\/categorie\/parcours-des-membres\/\" rel=\"category tag\">Parcours des membres<\/a>, <a href=\"https:\/\/centcols.org\/backup\/categorie\/parcours-des-membres\/parcours-espagne\/\" rel=\"category tag\">Parcours Espagne<\/a>","author_info":{"display_name":"Denis Chouquet-Stringer","author_link":"https:\/\/centcols.org\/backup\/author\/6183\/"},"comments_num":"0 commentaire","featured_image_urls_v2":{"full":"","thumbnail":"","medium":"","medium_large":"","large":"","1536x1536":"","2048x2048":"","woocommerce_thumbnail":"","woocommerce_single":"","woocommerce_gallery_thumbnail":""},"post_excerpt_stackable_v2":"<p>Parcours des membres &#8211; Route &#8211; 8 cols Description de l&#8217;auteur Auteur : Denis Chouquet-Stringer Ce parcours fait partie d&#8217;un s\u00e9jour cycliste routier et itin\u00e9rant de 605 km, 9100 m de d\u00e9nivel\u00e9 et 52 cols. Il fut organis\u00e9 en mai 2015 pour un groupe de 12 cyclistes, dont 10 Cent Cols. D\u00e9part : El Granado. Alt : 150 m Descriptif touristique Pour cette \u00e9tape, nous quittons la plaine et commen\u00e7ons \u00e0 nous enfoncer dans quelques sierras. Des petites sierras (de la Vaca, de Madronera, de las Tres Piedras) puisque nos cols culmineront \u00e0 moins de 300 m d&#8217;altitude. Mais le\u2026<\/p>\n","category_list_v2":"<a href=\"https:\/\/centcols.org\/backup\/categorie\/parcours-des-membres\/\" rel=\"category tag\">Parcours des membres<\/a>, <a href=\"https:\/\/centcols.org\/backup\/categorie\/parcours-des-membres\/parcours-espagne\/\" rel=\"category tag\">Parcours Espagne<\/a>","author_info_v2":{"name":"Denis Chouquet-Stringer","url":"https:\/\/centcols.org\/backup\/author\/6183\/"},"comments_num_v2":"0 commentaire","featured_image_src":null,"_links":{"self":[{"href":"https:\/\/centcols.org\/backup\/wp-json\/wp\/v2\/posts\/73369"}],"collection":[{"href":"https:\/\/centcols.org\/backup\/wp-json\/wp\/v2\/posts"}],"about":[{"href":"https:\/\/centcols.org\/backup\/wp-json\/wp\/v2\/types\/post"}],"author":[{"embeddable":true,"href":"https:\/\/centcols.org\/backup\/wp-json\/wp\/v2\/users\/397"}],"replies":[{"embeddable":true,"href":"https:\/\/centcols.org\/backup\/wp-json\/wp\/v2\/comments?post=73369"}],"version-history":[{"count":0,"href":"https:\/\/centcols.org\/backup\/wp-json\/wp\/v2\/posts\/73369\/revisions"}],"wp:attachment":[{"href":"https:\/\/centcols.org\/backup\/wp-json\/wp\/v2\/media?parent=73369"}],"wp:term":[{"taxonomy":"category","embeddable":true,"href":"https:\/\/centcols.org\/backup\/wp-json\/wp\/v2\/categories?post=73369"},{"taxonomy":"post_tag","embeddable":true,"href":"https:\/\/centcols.org\/backup\/wp-json\/wp\/v2\/tags?post=73369"}],"curies":[{"name":"wp","href":"https:\/\/api.w.org\/{rel}","templated":true}]}}