{"id":73383,"date":"2023-05-04T16:55:19","date_gmt":"2023-05-04T14:55:19","guid":{"rendered":"https:\/\/centcols.org\/backup\/?page_id=73383"},"modified":"2023-11-18T17:57:35","modified_gmt":"2023-11-18T16:57:35","slug":"espagne-h-j4-8-cerro","status":"publish","type":"post","link":"https:\/\/centcols.org\/backup\/espagne-h-j4-8-cerro\/","title":{"rendered":"ES-H Boucle 8 Jours J4\/8 El Cerro de Andevalo &#8211;> Cortegana &#8211; Route\/Gravel 84 km, D+1670 , 10 cols"},"content":{"rendered":"\n<h2 class=\"kt-adv-heading_808a09-02 wp-block-kadence-advancedheading\" data-kb-block=\"kb-adv-heading_808a09-02\">Parcours des membres &#8211; Route (gravel) &#8211; 10 cols<\/h2>\n\n\n\n<figure class=\"wp-block-image size-large is-resized\"><img loading=\"lazy\" decoding=\"async\" src=\"https:\/\/centcols.org\/backup\/wp-content\/uploads\/2023\/05\/Capture-decran-2023-05-19-163217.jpg\" alt=\"\" class=\"wp-image-73415\" width=\"1165\" height=\"696\" srcset=\"https:\/\/centcols.org\/backup\/wp-content\/uploads\/2023\/05\/Capture-decran-2023-05-19-163217.jpg 897w, https:\/\/centcols.org\/backup\/wp-content\/uploads\/2023\/05\/Capture-decran-2023-05-19-163217-500x299.jpg 500w, https:\/\/centcols.org\/backup\/wp-content\/uploads\/2023\/05\/Capture-decran-2023-05-19-163217-768x459.jpg 768w, https:\/\/centcols.org\/backup\/wp-content\/uploads\/2023\/05\/Capture-decran-2023-05-19-163217-600x359.jpg 600w\" sizes=\"(max-width: 1165px) 100vw, 1165px\" \/><\/figure>\n\n\n\n<figure class=\"wp-block-image size-large\"><img loading=\"lazy\" decoding=\"async\" width=\"1200\" height=\"320\" src=\"https:\/\/centcols.org\/backup\/wp-content\/uploads\/2023\/05\/ES-H-Boucle-8-jours-J4-8-El-Cerro-1200x320.jpeg\" alt=\"\" class=\"wp-image-73421\" srcset=\"https:\/\/centcols.org\/backup\/wp-content\/uploads\/2023\/05\/ES-H-Boucle-8-jours-J4-8-El-Cerro-1200x320.jpeg 1200w, https:\/\/centcols.org\/backup\/wp-content\/uploads\/2023\/05\/ES-H-Boucle-8-jours-J4-8-El-Cerro-500x133.jpeg 500w, https:\/\/centcols.org\/backup\/wp-content\/uploads\/2023\/05\/ES-H-Boucle-8-jours-J4-8-El-Cerro-768x205.jpeg 768w, https:\/\/centcols.org\/backup\/wp-content\/uploads\/2023\/05\/ES-H-Boucle-8-jours-J4-8-El-Cerro-1536x410.jpeg 1536w, https:\/\/centcols.org\/backup\/wp-content\/uploads\/2023\/05\/ES-H-Boucle-8-jours-J4-8-El-Cerro-2048x546.jpeg 2048w, https:\/\/centcols.org\/backup\/wp-content\/uploads\/2023\/05\/ES-H-Boucle-8-jours-J4-8-El-Cerro-600x160.jpeg 600w\" sizes=\"(max-width: 1200px) 100vw, 1200px\" \/><\/figure>\n\n\n\n<h2 class=\"wp-block-heading\">Description de l&#8217;auteur<\/h2>\n\n\n\n<p><span style=\"font-size: 20px; font-family: arial, helvetica, sans-serif;\"><strong>Auteur <\/strong>: Denis Chouquet-Stringer<\/span><\/p>\n\n\n\n<p class=\"has-medium-font-size\">Ce <span style=\"font-family: arial, helvetica, sans-serif; font-size: 20px;\"><strong>parcours<\/strong> fait partie d&#8217;un s\u00e9jour cycliste routier et itin\u00e9rant de 605 km, 9100 m de d\u00e9nivel\u00e9 et 52 cols. Il fut organis\u00e9 en mai 2015 pour un groupe de 12 cyclistes, dont 10 Cent Cols.<\/span><\/p>\n\n\n\n<p class=\"has-medium-font-size\"><span style=\"font-size: 20px; font-family: arial, helvetica, sans-serif;\"><strong>D\u00e9part<\/strong> : El Cerro de And\u00e9valo Alt : 320 m<\/span><\/p>\n\n\n\n<p><\/p>\n\n\n\n<p class=\"has-medium-font-size\"><strong><span style=\"font-size: 20px; font-family: arial, helvetica, sans-serif;\">Descriptif touristique<\/span><\/strong><\/p>\n\n\n\n<p class=\"has-medium-font-size\">La majeure partie du parcours se fait dans la Sierra de Pelada entre pins et eucalyptus.<\/p>\n\n\n\n<p class=\"has-medium-font-size\"><strong>10 cols<\/strong><\/p>\n\n\n\n<p class=\"has-medium-font-size\">1 &#8211; Puerto de las Lagrimas <a href=\"https:\/\/centcols.org\/backup\/util\/geo\/visuGen.php?code=ES-H-0249\" target=\"_blank\" rel=\"noreferrer noopener\">ES-H-0249<\/a><br>2 &#8211; Puerto de la Alcornocosilla <a href=\"https:\/\/centcols.org\/backup\/util\/geo\/visuGen.php?code=ES-H-0245\" target=\"_blank\" rel=\"noreferrer noopener\">ES-H-0245<\/a><br>3 &#8211; Puerto del Posterito <a href=\"https:\/\/centcols.org\/backup\/util\/geo\/visuGen.php?code=ES-H-0267\" target=\"_blank\" rel=\"noreferrer noopener\">ES-H-0267<\/a><br>4 &#8211; Puerto de San Pedro <a href=\"https:\/\/centcols.org\/backup\/util\/geo\/visuGen.php?code=ES-H-0542\" target=\"_blank\" rel=\"noreferrer noopener\">ES-H-0542<\/a><br>5 &#8211; Collado Sardinero&nbsp;<a href=\"https:\/\/centcols.org\/backup\/util\/geo\/visuGen.php?code=ES-H-0537\" target=\"_blank\" rel=\"noreferrer noopener\">ES-H-0537<\/a><br>6 &#8211; Puerto Pe\u00f1as&nbsp;<a href=\"https:\/\/centcols.org\/backup\/util\/geo\/visuGen.php?code=ES-H-0492\" target=\"_blank\" rel=\"noreferrer noopener\">ES-H-0492<\/a><br>7 &#8211; Puerto Ca\u00f1\u00f3n&nbsp;<a href=\"https:\/\/centcols.org\/backup\/util\/geo\/visuGen.php?code=ES-H-0339\" target=\"_blank\" rel=\"noreferrer noopener\">ES-H-0339<\/a><br>8 &#8211; La Portilla&nbsp;<a href=\"https:\/\/centcols.org\/backup\/util\/geo\/visuGen.php?code=ES-H-0461\" target=\"_blank\" rel=\"noreferrer noopener\">ES-H-0461<\/a><br>9 &#8211; Puerto de la Corte&nbsp;&nbsp;<a href=\"https:\/\/centcols.org\/backup\/util\/geo\/visuGen.php?code=ES-H-0658\" target=\"_blank\" rel=\"noreferrer noopener\">ES-H-0658<\/a> (A&amp;R)<br>10 &#8211; El Puerto <a href=\"https:\/\/centcols.org\/backup\/util\/geo\/visuGen.php?code=ES-H-0591\" target=\"_blank\" rel=\"noreferrer noopener\">ES-H-0591 <\/a>(A&amp;R &#8211; 2 x 10 km pour les 2 cols)<\/p>\n\n\n\n<p class=\"has-medium-font-size\"><\/p>\n\n\n\n<p class=\"has-medium-font-size\"><strong>Descriptif technique<\/strong><\/p>\n\n\n\n<p class=\"has-medium-font-size\">Au d\u00e9part de&nbsp;El Cerro de Andevalo&nbsp;l&#8217;\u00e9tat de la route est, comme depuis le d\u00e9but de la randonn\u00e9e, absolument parfait.<\/p>\n\n\n\n<p class=\"has-medium-font-size\">Mais \u00e7a va changer ! D\u00e8s l&#8217;embranchement \u00e0 gauche apr\u00e8s&nbsp;Cabezas Rubias&nbsp;(km 17), on est officiellement sur la route d\u00e9partementale H 9002. Cette route est goudronn\u00e9e, mais il y a longtemps, et pire &#8220;\u00e0&nbsp; la main et \u00e0 la pelle&#8221;. Ce qui signifie qu&#8217;il n&#8217;y a aucun surfa\u00e7age et des nombreux nids de poule de sorte que le confort sur cette surface est, sur certaines portions, proche de celui sur des pav\u00e9s.<\/p>\n\n\n\n<p class=\"has-medium-font-size\">\u00c7a ne va pas s&#8217;am\u00e9liorer. Au km 24.6, au refuge des chasseurs (refugio de cazadores), on passe carr\u00e9ment sur de la piste R1. Aujourd&#8217;hui on la qualifierait de belle piste gravel dans une&nbsp;for\u00eat de pins et d&#8217;eucalytus. Question surface, c&#8217;est roulant (voir photos et voir \u00e9galement street view o\u00f9 cet itin\u00e9raire a \u00e9t\u00e9 visualis\u00e9 par la Google car), mais elle est longue : elle va durer pendant 25 km jusqu&#8217;\u00e0 l&#8217;entr\u00e9e de&nbsp;Arroche. Les 5 cols de cette portion \u00e9taient qualifi\u00e9s de &#8220;routiers&#8221; par le catalogue officiel des cols d&#8217;Espagne de la confr\u00e9rie des Cent Cols, mais ce n&#8217;est plus le cas.<\/p>\n\n\n\n<p class=\"has-medium-font-size\">La fin du parcours ne suscite pas de difficult\u00e9s particuli\u00e8res, y compris l&#8217;aller et retour pour aller chercher les 2 derniers cols de la journ\u00e9e.<\/p>\n\n\n\n<p class=\"has-medium-font-size\"><strong>Mots-cl\u00e9s<\/strong>: Espagne, Andalousie, S\u00e9ville, El Cerro de Andevalo, Centcols<\/p>\n\n\n\n<p class=\"has-medium-font-size\"><strong>Lien openrunner, carte interactive, profil, trace gpx<\/strong> <a href=\"https:\/\/www.openrunner.com\/route-details\/6667261\" target=\"_blank\" rel=\"noopener\" title=\"\">https:\/\/www.openrunner.com\/route-details\/6667261<\/a><\/p>\n\n\n\n<p class=\"has-medium-font-size\">Cet itin\u00e9raire est propos\u00e9 \u00e0 titre indicatif. L&#8217;auteur d\u00e9gage sa responsabilit\u00e9 et celle du Club des Cent Cols en vertu des impond\u00e9rables dus au cycliste lui-m\u00eame, au mat\u00e9riel utilis\u00e9 et tout ce qui concerne la route, ses abords et les autres utilisateurs de celle-ci.<\/p>\n\n\n\n<p class=\"has-medium-font-size\">Ici, une&nbsp;<a href=\"https:\/\/centcols.org\/backup\/liste-parcours-cent-cols-sur-or-2\/\" target=\"_blank\" rel=\"noreferrer noopener\">vue exhaustive des parcours membres<\/a>&nbsp;du Club des Cent Cols<\/p>\n\n\n\n<h2 class=\"kt-adv-heading_053a5a-66 wp-block-kadence-advancedheading\" data-kb-block=\"kb-adv-heading_053a5a-66\">Photos<\/h2>\n\n\n\n<figure class=\"wp-block-image size-large\"><img loading=\"lazy\" decoding=\"async\" width=\"1200\" height=\"900\" src=\"https:\/\/centcols.org\/backup\/wp-content\/uploads\/2023\/05\/15-05-AOC-Andalousie_150-1200x900.jpg\" alt=\"\" class=\"wp-image-73385\" srcset=\"https:\/\/centcols.org\/backup\/wp-content\/uploads\/2023\/05\/15-05-AOC-Andalousie_150-1200x900.jpg 1200w, https:\/\/centcols.org\/backup\/wp-content\/uploads\/2023\/05\/15-05-AOC-Andalousie_150-500x375.jpg 500w, https:\/\/centcols.org\/backup\/wp-content\/uploads\/2023\/05\/15-05-AOC-Andalousie_150-768x576.jpg 768w, https:\/\/centcols.org\/backup\/wp-content\/uploads\/2023\/05\/15-05-AOC-Andalousie_150-1536x1152.jpg 1536w, https:\/\/centcols.org\/backup\/wp-content\/uploads\/2023\/05\/15-05-AOC-Andalousie_150-2048x1536.jpg 2048w, https:\/\/centcols.org\/backup\/wp-content\/uploads\/2023\/05\/15-05-AOC-Andalousie_150-600x450.jpg 600w\" sizes=\"(max-width: 1200px) 100vw, 1200px\" \/><figcaption><strong>Le d\u00e9but de la H 9002, piste gravel en tr\u00e8s bon \u00e9tat<\/strong><\/figcaption><\/figure>\n\n\n\n<figure class=\"wp-block-image size-large\"><img loading=\"lazy\" decoding=\"async\" width=\"1200\" height=\"900\" src=\"https:\/\/centcols.org\/backup\/wp-content\/uploads\/2023\/05\/15-05-AOC-Andalousie_152-1200x900.jpg\" alt=\"\" class=\"wp-image-73391\" srcset=\"https:\/\/centcols.org\/backup\/wp-content\/uploads\/2023\/05\/15-05-AOC-Andalousie_152-1200x900.jpg 1200w, https:\/\/centcols.org\/backup\/wp-content\/uploads\/2023\/05\/15-05-AOC-Andalousie_152-500x375.jpg 500w, https:\/\/centcols.org\/backup\/wp-content\/uploads\/2023\/05\/15-05-AOC-Andalousie_152-768x576.jpg 768w, https:\/\/centcols.org\/backup\/wp-content\/uploads\/2023\/05\/15-05-AOC-Andalousie_152-1536x1152.jpg 1536w, https:\/\/centcols.org\/backup\/wp-content\/uploads\/2023\/05\/15-05-AOC-Andalousie_152-2048x1536.jpg 2048w, https:\/\/centcols.org\/backup\/wp-content\/uploads\/2023\/05\/15-05-AOC-Andalousie_152-600x450.jpg 600w\" sizes=\"(max-width: 1200px) 100vw, 1200px\" \/><figcaption><strong>Dans la mont\u00e9e vers le Puerto de San Pedro<\/strong><\/figcaption><\/figure>\n\n\n\n<figure class=\"wp-block-image size-large\"><img loading=\"lazy\" decoding=\"async\" width=\"1200\" height=\"900\" src=\"https:\/\/centcols.org\/backup\/wp-content\/uploads\/2023\/05\/15-05-AOC-Andalousie_157-1200x900.jpg\" alt=\"\" class=\"wp-image-73397\" srcset=\"https:\/\/centcols.org\/backup\/wp-content\/uploads\/2023\/05\/15-05-AOC-Andalousie_157-1200x900.jpg 1200w, https:\/\/centcols.org\/backup\/wp-content\/uploads\/2023\/05\/15-05-AOC-Andalousie_157-500x375.jpg 500w, https:\/\/centcols.org\/backup\/wp-content\/uploads\/2023\/05\/15-05-AOC-Andalousie_157-768x576.jpg 768w, https:\/\/centcols.org\/backup\/wp-content\/uploads\/2023\/05\/15-05-AOC-Andalousie_157-1536x1152.jpg 1536w, https:\/\/centcols.org\/backup\/wp-content\/uploads\/2023\/05\/15-05-AOC-Andalousie_157-2048x1536.jpg 2048w, https:\/\/centcols.org\/backup\/wp-content\/uploads\/2023\/05\/15-05-AOC-Andalousie_157-600x450.jpg 600w\" sizes=\"(max-width: 1200px) 100vw, 1200px\" \/><figcaption><strong>La vue plein sud au Puerto de San Pedro<\/strong><\/figcaption><\/figure>\n\n\n\n<figure class=\"wp-block-image size-large\"><img loading=\"lazy\" decoding=\"async\" width=\"900\" height=\"1200\" src=\"https:\/\/centcols.org\/backup\/wp-content\/uploads\/2023\/05\/15-05-AOC-Andalousie_160-900x1200.jpg\" alt=\"\" class=\"wp-image-73403\" srcset=\"https:\/\/centcols.org\/backup\/wp-content\/uploads\/2023\/05\/15-05-AOC-Andalousie_160-900x1200.jpg 900w, https:\/\/centcols.org\/backup\/wp-content\/uploads\/2023\/05\/15-05-AOC-Andalousie_160-375x500.jpg 375w, https:\/\/centcols.org\/backup\/wp-content\/uploads\/2023\/05\/15-05-AOC-Andalousie_160-768x1024.jpg 768w, https:\/\/centcols.org\/backup\/wp-content\/uploads\/2023\/05\/15-05-AOC-Andalousie_160-1152x1536.jpg 1152w, https:\/\/centcols.org\/backup\/wp-content\/uploads\/2023\/05\/15-05-AOC-Andalousie_160-1536x2048.jpg 1536w, https:\/\/centcols.org\/backup\/wp-content\/uploads\/2023\/05\/15-05-AOC-Andalousie_160-600x800.jpg 600w, https:\/\/centcols.org\/backup\/wp-content\/uploads\/2023\/05\/15-05-AOC-Andalousie_160-scaled.jpg 1920w\" sizes=\"(max-width: 900px) 100vw, 900px\" \/><figcaption><strong>La piste H 9002<\/strong><\/figcaption><\/figure>\n\n\n\n<figure class=\"wp-block-image size-large\"><img loading=\"lazy\" decoding=\"async\" width=\"1200\" height=\"900\" src=\"https:\/\/centcols.org\/backup\/wp-content\/uploads\/2023\/05\/15-05-AOC-Andalousie_173-1200x900.jpg\" alt=\"\" class=\"wp-image-73409\" srcset=\"https:\/\/centcols.org\/backup\/wp-content\/uploads\/2023\/05\/15-05-AOC-Andalousie_173-1200x900.jpg 1200w, https:\/\/centcols.org\/backup\/wp-content\/uploads\/2023\/05\/15-05-AOC-Andalousie_173-500x375.jpg 500w, https:\/\/centcols.org\/backup\/wp-content\/uploads\/2023\/05\/15-05-AOC-Andalousie_173-768x576.jpg 768w, https:\/\/centcols.org\/backup\/wp-content\/uploads\/2023\/05\/15-05-AOC-Andalousie_173-1536x1152.jpg 1536w, https:\/\/centcols.org\/backup\/wp-content\/uploads\/2023\/05\/15-05-AOC-Andalousie_173-2048x1536.jpg 2048w, https:\/\/centcols.org\/backup\/wp-content\/uploads\/2023\/05\/15-05-AOC-Andalousie_173-600x450.jpg 600w\" sizes=\"(max-width: 1200px) 100vw, 1200px\" \/><figcaption><strong>Cortegana<\/strong><\/figcaption><\/figure>\n","protected":false},"excerpt":{"rendered":"<p>Description de l&#8217;auteur Auteur : Denis Chouquet-Stringer Ce parcours fait partie d&#8217;un s\u00e9jour cycliste routier et itin\u00e9rant de 605 km, 9100 m de d\u00e9nivel\u00e9 et 52 cols. Il fut organis\u00e9 en mai 2015 pour un groupe de 12 cyclistes, dont 10 Cent Cols. D\u00e9part : El Cerro de And\u00e9valo Alt : 320 m Descriptif touristique [&hellip;]<\/p>\n","protected":false},"author":397,"featured_media":0,"comment_status":"closed","ping_status":"closed","sticky":false,"template":"","format":"standard","meta":{"_acf_changed":false,"ub_ctt_via":"","_monsterinsights_skip_tracking":false,"_monsterinsights_sitenote_active":false,"_monsterinsights_sitenote_note":"","_monsterinsights_sitenote_category":0,"footnotes":""},"categories":[600,616],"tags":[],"acf":[],"featured_image_urls":{"full":"","thumbnail":"","medium":"","medium_large":"","large":"","1536x1536":"","2048x2048":"","woocommerce_thumbnail":"","woocommerce_single":"","woocommerce_gallery_thumbnail":""},"post_excerpt_stackable":"<p>Parcours des membres &#8211; Route (gravel) &#8211; 10 cols Description de l&#8217;auteur Auteur : Denis Chouquet-Stringer Ce parcours fait partie d&#8217;un s\u00e9jour cycliste routier et itin\u00e9rant de 605 km, 9100 m de d\u00e9nivel\u00e9 et 52 cols. Il fut organis\u00e9 en mai 2015 pour un groupe de 12 cyclistes, dont 10 Cent Cols. D\u00e9part : El Cerro de And\u00e9valo Alt : 320 m Descriptif touristique La majeure partie du parcours se fait dans la Sierra de Pelada entre pins et eucalyptus. 10 cols 1 &#8211; Puerto de las Lagrimas ES-H-02492 &#8211; Puerto de la Alcornocosilla ES-H-02453 &#8211; Puerto del Posterito ES-H-02674\u2026<\/p>\n","category_list":"<a href=\"https:\/\/centcols.org\/backup\/categorie\/parcours-des-membres\/\" rel=\"category tag\">Parcours des membres<\/a>, <a href=\"https:\/\/centcols.org\/backup\/categorie\/parcours-des-membres\/parcours-espagne\/\" rel=\"category tag\">Parcours Espagne<\/a>","author_info":{"display_name":"Denis Chouquet-Stringer","author_link":"https:\/\/centcols.org\/backup\/author\/6183\/"},"comments_num":"0 commentaire","featured_image_urls_v2":{"full":"","thumbnail":"","medium":"","medium_large":"","large":"","1536x1536":"","2048x2048":"","woocommerce_thumbnail":"","woocommerce_single":"","woocommerce_gallery_thumbnail":""},"post_excerpt_stackable_v2":"<p>Parcours des membres &#8211; Route (gravel) &#8211; 10 cols Description de l&#8217;auteur Auteur : Denis Chouquet-Stringer Ce parcours fait partie d&#8217;un s\u00e9jour cycliste routier et itin\u00e9rant de 605 km, 9100 m de d\u00e9nivel\u00e9 et 52 cols. Il fut organis\u00e9 en mai 2015 pour un groupe de 12 cyclistes, dont 10 Cent Cols. D\u00e9part : El Cerro de And\u00e9valo Alt : 320 m Descriptif touristique La majeure partie du parcours se fait dans la Sierra de Pelada entre pins et eucalyptus. 10 cols 1 &#8211; Puerto de las Lagrimas ES-H-02492 &#8211; Puerto de la Alcornocosilla ES-H-02453 &#8211; Puerto del Posterito ES-H-02674\u2026<\/p>\n","category_list_v2":"<a href=\"https:\/\/centcols.org\/backup\/categorie\/parcours-des-membres\/\" rel=\"category tag\">Parcours des membres<\/a>, <a href=\"https:\/\/centcols.org\/backup\/categorie\/parcours-des-membres\/parcours-espagne\/\" rel=\"category tag\">Parcours Espagne<\/a>","author_info_v2":{"name":"Denis Chouquet-Stringer","url":"https:\/\/centcols.org\/backup\/author\/6183\/"},"comments_num_v2":"0 commentaire","featured_image_src":null,"_links":{"self":[{"href":"https:\/\/centcols.org\/backup\/wp-json\/wp\/v2\/posts\/73383"}],"collection":[{"href":"https:\/\/centcols.org\/backup\/wp-json\/wp\/v2\/posts"}],"about":[{"href":"https:\/\/centcols.org\/backup\/wp-json\/wp\/v2\/types\/post"}],"author":[{"embeddable":true,"href":"https:\/\/centcols.org\/backup\/wp-json\/wp\/v2\/users\/397"}],"replies":[{"embeddable":true,"href":"https:\/\/centcols.org\/backup\/wp-json\/wp\/v2\/comments?post=73383"}],"version-history":[{"count":0,"href":"https:\/\/centcols.org\/backup\/wp-json\/wp\/v2\/posts\/73383\/revisions"}],"wp:attachment":[{"href":"https:\/\/centcols.org\/backup\/wp-json\/wp\/v2\/media?parent=73383"}],"wp:term":[{"taxonomy":"category","embeddable":true,"href":"https:\/\/centcols.org\/backup\/wp-json\/wp\/v2\/categories?post=73383"},{"taxonomy":"post_tag","embeddable":true,"href":"https:\/\/centcols.org\/backup\/wp-json\/wp\/v2\/tags?post=73383"}],"curies":[{"name":"wp","href":"https:\/\/api.w.org\/{rel}","templated":true}]}}