{"id":73490,"date":"2023-05-05T17:37:23","date_gmt":"2023-05-05T15:37:23","guid":{"rendered":"https:\/\/centcols.org\/backup\/?page_id=73490"},"modified":"2023-11-18T17:57:50","modified_gmt":"2023-11-18T16:57:50","slug":"espagne-h-j5-8-cortegana","status":"publish","type":"post","link":"https:\/\/centcols.org\/backup\/espagne-h-j5-8-cortegana\/","title":{"rendered":"ES-H Boucle 8 Jours J5\/8 Cortegana &#8211;> Aracena &#8211; Route 57 km, D+ 100 m, 12 cols"},"content":{"rendered":"\n<h2 class=\"kt-adv-heading_808a09-02 wp-block-kadence-advancedheading\" data-kb-block=\"kb-adv-heading_808a09-02\">Parcours des membres &#8211; Route &#8211; 12 cols<\/h2>\n\n\n\n<div class=\"wp-block-image\"><figure class=\"aligncenter size-large is-resized\"><img loading=\"lazy\" decoding=\"async\" src=\"https:\/\/centcols.org\/backup\/wp-content\/uploads\/2023\/05\/Capture-decran-2023-05-19-172348.jpg\" alt=\"\" class=\"wp-image-73480\" width=\"1147\" height=\"686\" srcset=\"https:\/\/centcols.org\/backup\/wp-content\/uploads\/2023\/05\/Capture-decran-2023-05-19-172348.jpg 899w, https:\/\/centcols.org\/backup\/wp-content\/uploads\/2023\/05\/Capture-decran-2023-05-19-172348-500x299.jpg 500w, https:\/\/centcols.org\/backup\/wp-content\/uploads\/2023\/05\/Capture-decran-2023-05-19-172348-768x460.jpg 768w, https:\/\/centcols.org\/backup\/wp-content\/uploads\/2023\/05\/Capture-decran-2023-05-19-172348-600x359.jpg 600w\" sizes=\"(max-width: 1147px) 100vw, 1147px\" \/><\/figure><\/div>\n\n\n\n<figure class=\"wp-block-image size-large\"><img loading=\"lazy\" decoding=\"async\" width=\"1200\" height=\"320\" src=\"https:\/\/centcols.org\/backup\/wp-content\/uploads\/2023\/05\/ES-H-Boucle-8-jours-J5-8-Cortegana-1200x320.jpeg\" alt=\"\" class=\"wp-image-73486\" srcset=\"https:\/\/centcols.org\/backup\/wp-content\/uploads\/2023\/05\/ES-H-Boucle-8-jours-J5-8-Cortegana-1200x320.jpeg 1200w, https:\/\/centcols.org\/backup\/wp-content\/uploads\/2023\/05\/ES-H-Boucle-8-jours-J5-8-Cortegana-500x133.jpeg 500w, https:\/\/centcols.org\/backup\/wp-content\/uploads\/2023\/05\/ES-H-Boucle-8-jours-J5-8-Cortegana-768x205.jpeg 768w, https:\/\/centcols.org\/backup\/wp-content\/uploads\/2023\/05\/ES-H-Boucle-8-jours-J5-8-Cortegana-1536x410.jpeg 1536w, https:\/\/centcols.org\/backup\/wp-content\/uploads\/2023\/05\/ES-H-Boucle-8-jours-J5-8-Cortegana-2048x546.jpeg 2048w, https:\/\/centcols.org\/backup\/wp-content\/uploads\/2023\/05\/ES-H-Boucle-8-jours-J5-8-Cortegana-600x160.jpeg 600w\" sizes=\"(max-width: 1200px) 100vw, 1200px\" \/><\/figure>\n\n\n\n<h2 class=\"wp-block-heading\">Description de l&#8217;auteur<\/h2>\n\n\n\n<p><span style=\"font-size: 20px; font-family: arial, helvetica, sans-serif;\"><strong>Auteur <\/strong>: Denis Chouquet-Stringer<\/span><\/p>\n\n\n\n<p class=\"has-medium-font-size\">Ce <span style=\"font-family: arial, helvetica, sans-serif; font-size: 20px;\"><strong>parcours<\/strong> fait partie d&#8217;un s\u00e9jour cycliste routier et itin\u00e9rant de 605 km, 9100 m de d\u00e9nivel\u00e9 et 52 cols. Il fut organis\u00e9 en mai 2015 pour un groupe de 12 cyclistes, dont 10 Cent Cols.<\/span><\/p>\n\n\n\n<p class=\"has-medium-font-size\"><span style=\"font-size: 20px; font-family: arial, helvetica, sans-serif;\"><strong>D\u00e9part<\/strong> : Cortegana Alt : 685 m<\/span><\/p>\n\n\n\n<p><\/p>\n\n\n\n<p class=\"has-medium-font-size\"><strong><span style=\"font-size: 20px; font-family: arial, helvetica, sans-serif;\">Descriptif touristique<\/span><\/strong><\/p>\n\n\n\n<p class=\"has-medium-font-size\">Nous sommes maintenant au c\u0153ur de la <strong>Sierra de Aracena<\/strong>, la partie la plus jolie et la plus touristique de notre randonn\u00e9e (sans rivaliser toutefois avec l&#8217;Andalousie plus au sud, de S\u00e9ville \u00e0 Grenade !). Le village est c\u00e9l\u00e8bre pour sa grotte des Merveilles, une des plus grandes d&#8217;Espagne, et accessoirement pour ses jambons. Le porc, bien nourri par les for\u00eats de ch\u00eanes et leurs glands aux alentours est en effet pr\u00e9sent partout, un mus\u00e9e lui est m\u00eame consacr\u00e9 (mus\u00e9e du jambon).<\/p>\n\n\n\n<p class=\"has-medium-font-size\"><strong>12 cols<\/strong><\/p>\n\n\n\n<p class=\"has-medium-font-size\">1 &#8211; Puerto de la Matanza&nbsp;&nbsp;(o del Espino) <a href=\"https:\/\/centcols.org\/backup\/util\/geo\/visuGen.php?code=ES-H-0709\" target=\"_blank\" rel=\"noreferrer noopener\">ES-H-0709<\/a><br>2 &#8211; Puerto de Cortegana&nbsp;&nbsp; <a href=\"https:\/\/centcols.org\/backup\/util\/geo\/visuGen.php?code=ES-H-0712\" target=\"_blank\" rel=\"noreferrer noopener\">ES-H-0712<\/a><br>3 &#8211; Puerto de los Pinos&nbsp;&nbsp; <a href=\"https:\/\/centcols.org\/backup\/util\/geo\/visuGen.php?code=ES-H-0643\" target=\"_blank\" rel=\"noreferrer noopener\">ES-H-0643<\/a><br>4 &#8211; Puerto de la Toba&nbsp;&nbsp; <a href=\"https:\/\/centcols.org\/backup\/util\/geo\/visuGen.php?code=ES-H-0637\" target=\"_blank\" rel=\"noreferrer noopener\">ES-H-0637<\/a>&nbsp;&nbsp;&nbsp;&nbsp;&nbsp;&nbsp;&nbsp;&nbsp;&nbsp;&nbsp;&nbsp;&nbsp;&nbsp;&nbsp;&nbsp;&nbsp;&nbsp;&nbsp;&nbsp;&nbsp;&nbsp;&nbsp;&nbsp;&nbsp;<br>5 &#8211; Puerto de la Cruz&nbsp;&nbsp; <a href=\"https:\/\/centcols.org\/backup\/util\/geo\/visuGen.php?code=ES-H-0619\" target=\"_blank\" rel=\"noreferrer noopener\">ES-H-0619<\/a>&nbsp;&nbsp;&nbsp;&nbsp;&nbsp;&nbsp;&nbsp;&nbsp;&nbsp;&nbsp;&nbsp;&nbsp;&nbsp;&nbsp;&nbsp;&nbsp;&nbsp;&nbsp;&nbsp;&nbsp;<br>6 &#8211; Puerto del Zorro&nbsp;&nbsp; <a href=\"https:\/\/centcols.org\/backup\/util\/geo\/visuGen.php?code=ES-H-0562\" target=\"_blank\" rel=\"noreferrer noopener\">ES-H-0562<\/a> (A&amp;R 2 x 1.3 km)&nbsp;&nbsp;&nbsp;&nbsp;&nbsp;&nbsp;&nbsp;&nbsp;&nbsp;&nbsp;&nbsp;&nbsp;&nbsp;&nbsp;&nbsp;&nbsp;&nbsp;&nbsp;&nbsp;&nbsp;&nbsp;&nbsp;&nbsp;&nbsp;&nbsp;&nbsp;<br>7 &#8211; Puerto de Buenos Aires &nbsp;<a href=\"https:\/\/centcols.org\/backup\/util\/geo\/visuGen.php?code=ES-H-0557\" target=\"_blank\" rel=\"noreferrer noopener\">ES-H-0557<\/a> &nbsp; &nbsp; &nbsp; &nbsp; &nbsp; &nbsp; &nbsp; &nbsp;<br>8 &#8211; Puerto de la Cruz&nbsp;&nbsp; <a href=\"https:\/\/centcols.org\/backup\/util\/geo\/visuGen.php?code=ES-H-0551\" target=\"_blank\" rel=\"noreferrer noopener\">ES-H-0551<\/a><br>9 &#8211; Puerto de Aracena&nbsp; <a href=\"https:\/\/centcols.org\/backup\/util\/geo\/visuGen.php?code=ES-H-0807\" target=\"_blank\" rel=\"noreferrer noopener\">ES-H-0807<\/a>&nbsp;&nbsp;&nbsp;&nbsp; &nbsp;&nbsp;&nbsp;&nbsp;&nbsp;&nbsp;&nbsp;&nbsp;&nbsp;&nbsp;&nbsp;&nbsp;&nbsp;&nbsp;&nbsp;&nbsp;&nbsp;&nbsp;&nbsp;&nbsp;&nbsp;&nbsp;<br>10 &#8211; Puerto de la Mina&nbsp;&nbsp;<a href=\"https:\/\/centcols.org\/backup\/util\/geo\/visuGen.php?code=ES-H-0746\" target=\"_blank\" rel=\"noreferrer noopener\">ES-H-0746<\/a>&nbsp;&nbsp;&nbsp;&nbsp;&nbsp;&nbsp;&nbsp;&nbsp;&nbsp;&nbsp;&nbsp;&nbsp;&nbsp;&nbsp;&nbsp;&nbsp;&nbsp;&nbsp;&nbsp;&nbsp;&nbsp;&nbsp;&nbsp;&nbsp;&nbsp;&nbsp;<br>11 &#8211; Puerto de los Angeles o de Alajar&nbsp;&nbsp;&nbsp;<a href=\"https:\/\/centcols.org\/backup\/util\/geo\/visuGen.php?code=ES-H-0834\" target=\"_blank\" rel=\"noreferrer noopener\">ES-H-0834<\/a><br>12 &#8211; Puerto de Linares&nbsp;&nbsp;<a href=\"https:\/\/centcols.org\/backup\/util\/geo\/visuGen.php?code=ES-H-0697\" target=\"_blank\" rel=\"noreferrer noopener\">ES-H-0697<\/a>&nbsp;&nbsp;&nbsp;&nbsp;&nbsp;&nbsp;&nbsp;&nbsp;&nbsp;&nbsp;&nbsp;&nbsp;&nbsp;&nbsp;&nbsp;&nbsp;&nbsp;&nbsp;&nbsp;&nbsp;&nbsp;&nbsp;&nbsp;&nbsp;&nbsp;<\/p>\n\n\n\n<p class=\"has-medium-font-size\"><\/p>\n\n\n\n<p class=\"has-medium-font-size\"><strong>Descriptif technique<\/strong><\/p>\n\n\n\n<p class=\"has-medium-font-size\">C&#8217;est une \u00e9tape facile, peu d\u00e9nivel\u00e9e, avec beaucoup de cols.<\/p>\n\n\n\n<p class=\"has-medium-font-size\">Les puertos de Buenos Aires et de la Cruz se font via une boucle&nbsp;d&#8217;\u00e0 peine 8 km<\/p>\n\n\n\n<p class=\"has-medium-font-size\"><strong>Lien openrunner, carte interactive, profil, trace gpx<\/strong> <a href=\"https:\/\/www.openrunner.com\/route-details\/6667582\" target=\"_blank\" rel=\"noopener\" title=\"\">https:\/\/www.openrunner.com\/route-details\/6667582<\/a><\/p>\n\n\n\n<p class=\"has-medium-font-size\"><strong>Mots cl\u00e9s<\/strong> : Espagne, Andalousie, S\u00e9ville, Cortegana, Centcols<\/p>\n\n\n\n<p class=\"has-medium-font-size\">Cet itin\u00e9raire est propos\u00e9 \u00e0 titre indicatif. L&#8217;auteur d\u00e9gage sa responsabilit\u00e9 et celle du Club des Cent Cols en vertu des impond\u00e9rables dus au cycliste lui-m\u00eame, au mat\u00e9riel utilis\u00e9 et tout ce qui concerne la route, ses abords et les autres utilisateurs de celle-ci.<\/p>\n\n\n\n<p class=\"has-medium-font-size\">Ici, une&nbsp;<a href=\"https:\/\/centcols.org\/backup\/liste-parcours-cent-cols-sur-or-2\/\" target=\"_blank\" rel=\"noreferrer noopener\">vue exhaustive des parcours membres<\/a>&nbsp;du Club des Cent Cols<\/p>\n\n\n\n<h2 class=\"kt-adv-heading_053a5a-66 wp-block-kadence-advancedheading\" data-kb-block=\"kb-adv-heading_053a5a-66\">Photos<\/h2>\n\n\n\n<div class=\"wp-block-image\"><figure class=\"aligncenter size-large\"><img loading=\"lazy\" decoding=\"async\" width=\"1200\" height=\"900\" src=\"https:\/\/centcols.org\/backup\/wp-content\/uploads\/2023\/05\/15-05-AOC-Andalousie_178-1200x900.jpg\" alt=\"\" class=\"wp-image-73432\" srcset=\"https:\/\/centcols.org\/backup\/wp-content\/uploads\/2023\/05\/15-05-AOC-Andalousie_178-1200x900.jpg 1200w, https:\/\/centcols.org\/backup\/wp-content\/uploads\/2023\/05\/15-05-AOC-Andalousie_178-500x375.jpg 500w, https:\/\/centcols.org\/backup\/wp-content\/uploads\/2023\/05\/15-05-AOC-Andalousie_178-768x576.jpg 768w, https:\/\/centcols.org\/backup\/wp-content\/uploads\/2023\/05\/15-05-AOC-Andalousie_178-1536x1152.jpg 1536w, https:\/\/centcols.org\/backup\/wp-content\/uploads\/2023\/05\/15-05-AOC-Andalousie_178-2048x1536.jpg 2048w, https:\/\/centcols.org\/backup\/wp-content\/uploads\/2023\/05\/15-05-AOC-Andalousie_178-600x450.jpg 600w\" sizes=\"(max-width: 1200px) 100vw, 1200px\" \/><figcaption><strong>Almonaster la Real<\/strong><\/figcaption><\/figure><\/div>\n\n\n\n<div class=\"wp-block-image\"><figure class=\"aligncenter size-large\"><img loading=\"lazy\" decoding=\"async\" width=\"1200\" height=\"900\" src=\"https:\/\/centcols.org\/backup\/wp-content\/uploads\/2023\/05\/15-05-AOC-Andalousie_180-1200x900.jpg\" alt=\"\" class=\"wp-image-73438\" srcset=\"https:\/\/centcols.org\/backup\/wp-content\/uploads\/2023\/05\/15-05-AOC-Andalousie_180-1200x900.jpg 1200w, https:\/\/centcols.org\/backup\/wp-content\/uploads\/2023\/05\/15-05-AOC-Andalousie_180-500x375.jpg 500w, https:\/\/centcols.org\/backup\/wp-content\/uploads\/2023\/05\/15-05-AOC-Andalousie_180-768x576.jpg 768w, https:\/\/centcols.org\/backup\/wp-content\/uploads\/2023\/05\/15-05-AOC-Andalousie_180-1536x1152.jpg 1536w, https:\/\/centcols.org\/backup\/wp-content\/uploads\/2023\/05\/15-05-AOC-Andalousie_180-2048x1536.jpg 2048w, https:\/\/centcols.org\/backup\/wp-content\/uploads\/2023\/05\/15-05-AOC-Andalousie_180-600x450.jpg 600w\" sizes=\"(max-width: 1200px) 100vw, 1200px\" \/><figcaption><strong>Vue au Puerto de Al\u00e1jar<\/strong><\/figcaption><\/figure><\/div>\n\n\n\n<div class=\"wp-block-image\"><figure class=\"aligncenter size-large\"><img loading=\"lazy\" decoding=\"async\" width=\"900\" height=\"1200\" src=\"https:\/\/centcols.org\/backup\/wp-content\/uploads\/2023\/05\/15-05-AOC-Andalousie_193-900x1200.jpg\" alt=\"\" class=\"wp-image-73450\" srcset=\"https:\/\/centcols.org\/backup\/wp-content\/uploads\/2023\/05\/15-05-AOC-Andalousie_193-900x1200.jpg 900w, https:\/\/centcols.org\/backup\/wp-content\/uploads\/2023\/05\/15-05-AOC-Andalousie_193-375x500.jpg 375w, https:\/\/centcols.org\/backup\/wp-content\/uploads\/2023\/05\/15-05-AOC-Andalousie_193-768x1024.jpg 768w, https:\/\/centcols.org\/backup\/wp-content\/uploads\/2023\/05\/15-05-AOC-Andalousie_193-1152x1536.jpg 1152w, https:\/\/centcols.org\/backup\/wp-content\/uploads\/2023\/05\/15-05-AOC-Andalousie_193-1536x2048.jpg 1536w, https:\/\/centcols.org\/backup\/wp-content\/uploads\/2023\/05\/15-05-AOC-Andalousie_193-600x800.jpg 600w, https:\/\/centcols.org\/backup\/wp-content\/uploads\/2023\/05\/15-05-AOC-Andalousie_193-scaled.jpg 1920w\" sizes=\"(max-width: 900px) 100vw, 900px\" \/><figcaption><strong>Ermita de San Pedro &#8211; Aracena<\/strong><\/figcaption><\/figure><\/div>\n\n\n\n<div class=\"wp-block-image\"><figure class=\"aligncenter size-large\"><img loading=\"lazy\" decoding=\"async\" width=\"1200\" height=\"900\" src=\"https:\/\/centcols.org\/backup\/wp-content\/uploads\/2023\/05\/15-05-AOC-Andalousie_192-1200x900.jpg\" alt=\"\" class=\"wp-image-73444\" srcset=\"https:\/\/centcols.org\/backup\/wp-content\/uploads\/2023\/05\/15-05-AOC-Andalousie_192-1200x900.jpg 1200w, https:\/\/centcols.org\/backup\/wp-content\/uploads\/2023\/05\/15-05-AOC-Andalousie_192-500x375.jpg 500w, https:\/\/centcols.org\/backup\/wp-content\/uploads\/2023\/05\/15-05-AOC-Andalousie_192-768x576.jpg 768w, https:\/\/centcols.org\/backup\/wp-content\/uploads\/2023\/05\/15-05-AOC-Andalousie_192-1536x1152.jpg 1536w, https:\/\/centcols.org\/backup\/wp-content\/uploads\/2023\/05\/15-05-AOC-Andalousie_192-2048x1536.jpg 2048w, https:\/\/centcols.org\/backup\/wp-content\/uploads\/2023\/05\/15-05-AOC-Andalousie_192-600x450.jpg 600w\" sizes=\"(max-width: 1200px) 100vw, 1200px\" \/><\/figure><\/div>\n\n\n\n<div class=\"wp-block-image\"><figure class=\"aligncenter size-large\"><img loading=\"lazy\" decoding=\"async\" width=\"900\" height=\"1200\" src=\"https:\/\/centcols.org\/backup\/wp-content\/uploads\/2023\/05\/15-05-AOC-Andalousie_223-900x1200.jpg\" alt=\"\" class=\"wp-image-73468\" srcset=\"https:\/\/centcols.org\/backup\/wp-content\/uploads\/2023\/05\/15-05-AOC-Andalousie_223-900x1200.jpg 900w, https:\/\/centcols.org\/backup\/wp-content\/uploads\/2023\/05\/15-05-AOC-Andalousie_223-375x500.jpg 375w, https:\/\/centcols.org\/backup\/wp-content\/uploads\/2023\/05\/15-05-AOC-Andalousie_223-768x1024.jpg 768w, https:\/\/centcols.org\/backup\/wp-content\/uploads\/2023\/05\/15-05-AOC-Andalousie_223-1152x1536.jpg 1152w, https:\/\/centcols.org\/backup\/wp-content\/uploads\/2023\/05\/15-05-AOC-Andalousie_223-1536x2048.jpg 1536w, https:\/\/centcols.org\/backup\/wp-content\/uploads\/2023\/05\/15-05-AOC-Andalousie_223-600x800.jpg 600w, https:\/\/centcols.org\/backup\/wp-content\/uploads\/2023\/05\/15-05-AOC-Andalousie_223-scaled.jpg 1920w\" sizes=\"(max-width: 900px) 100vw, 900px\" \/><\/figure><\/div>\n\n\n\n<div class=\"wp-block-image\"><figure class=\"aligncenter size-large\"><img loading=\"lazy\" decoding=\"async\" width=\"900\" height=\"1200\" src=\"https:\/\/centcols.org\/backup\/wp-content\/uploads\/2023\/05\/15-05-AOC-Andalousie_226-900x1200.jpg\" alt=\"\" class=\"wp-image-73474\" srcset=\"https:\/\/centcols.org\/backup\/wp-content\/uploads\/2023\/05\/15-05-AOC-Andalousie_226-900x1200.jpg 900w, https:\/\/centcols.org\/backup\/wp-content\/uploads\/2023\/05\/15-05-AOC-Andalousie_226-375x500.jpg 375w, https:\/\/centcols.org\/backup\/wp-content\/uploads\/2023\/05\/15-05-AOC-Andalousie_226-768x1024.jpg 768w, https:\/\/centcols.org\/backup\/wp-content\/uploads\/2023\/05\/15-05-AOC-Andalousie_226-1152x1536.jpg 1152w, https:\/\/centcols.org\/backup\/wp-content\/uploads\/2023\/05\/15-05-AOC-Andalousie_226-1536x2048.jpg 1536w, https:\/\/centcols.org\/backup\/wp-content\/uploads\/2023\/05\/15-05-AOC-Andalousie_226-600x800.jpg 600w, https:\/\/centcols.org\/backup\/wp-content\/uploads\/2023\/05\/15-05-AOC-Andalousie_226-scaled.jpg 1920w\" sizes=\"(max-width: 900px) 100vw, 900px\" \/><\/figure><\/div>\n\n\n\n<p class=\"has-text-align-center has-medium-font-size\"><strong>Le ch\u00e2teau de Aracena<\/strong><\/p>\n","protected":false},"excerpt":{"rendered":"<p>Description de l&#8217;auteur Auteur : Denis Chouquet-Stringer Ce parcours fait partie d&#8217;un s\u00e9jour cycliste routier et itin\u00e9rant de 605 km, 9100 m de d\u00e9nivel\u00e9 et 52 cols. Il fut organis\u00e9 en mai 2015 pour un groupe de 12 cyclistes, dont 10 Cent Cols. D\u00e9part : Cortegana Alt : 685 m Descriptif touristique Nous sommes maintenant [&hellip;]<\/p>\n","protected":false},"author":397,"featured_media":0,"comment_status":"closed","ping_status":"closed","sticky":false,"template":"","format":"standard","meta":{"_acf_changed":false,"ub_ctt_via":"","_monsterinsights_skip_tracking":false,"_monsterinsights_sitenote_active":false,"_monsterinsights_sitenote_note":"","_monsterinsights_sitenote_category":0,"footnotes":""},"categories":[600,616],"tags":[],"acf":[],"featured_image_urls":{"full":"","thumbnail":"","medium":"","medium_large":"","large":"","1536x1536":"","2048x2048":"","woocommerce_thumbnail":"","woocommerce_single":"","woocommerce_gallery_thumbnail":""},"post_excerpt_stackable":"<p>Parcours des membres &#8211; Route &#8211; 12 cols Description de l&#8217;auteur Auteur : Denis Chouquet-Stringer Ce parcours fait partie d&#8217;un s\u00e9jour cycliste routier et itin\u00e9rant de 605 km, 9100 m de d\u00e9nivel\u00e9 et 52 cols. Il fut organis\u00e9 en mai 2015 pour un groupe de 12 cyclistes, dont 10 Cent Cols. D\u00e9part : Cortegana Alt : 685 m Descriptif touristique Nous sommes maintenant au c\u0153ur de la Sierra de Aracena, la partie la plus jolie et la plus touristique de notre randonn\u00e9e (sans rivaliser toutefois avec l&#8217;Andalousie plus au sud, de S\u00e9ville \u00e0 Grenade !). Le village est c\u00e9l\u00e8bre pour\u2026<\/p>\n","category_list":"<a href=\"https:\/\/centcols.org\/backup\/categorie\/parcours-des-membres\/\" rel=\"category tag\">Parcours des membres<\/a>, <a href=\"https:\/\/centcols.org\/backup\/categorie\/parcours-des-membres\/parcours-espagne\/\" rel=\"category tag\">Parcours Espagne<\/a>","author_info":{"display_name":"Denis Chouquet-Stringer","author_link":"https:\/\/centcols.org\/backup\/author\/6183\/"},"comments_num":"0 commentaire","featured_image_urls_v2":{"full":"","thumbnail":"","medium":"","medium_large":"","large":"","1536x1536":"","2048x2048":"","woocommerce_thumbnail":"","woocommerce_single":"","woocommerce_gallery_thumbnail":""},"post_excerpt_stackable_v2":"<p>Parcours des membres &#8211; Route &#8211; 12 cols Description de l&#8217;auteur Auteur : Denis Chouquet-Stringer Ce parcours fait partie d&#8217;un s\u00e9jour cycliste routier et itin\u00e9rant de 605 km, 9100 m de d\u00e9nivel\u00e9 et 52 cols. Il fut organis\u00e9 en mai 2015 pour un groupe de 12 cyclistes, dont 10 Cent Cols. D\u00e9part : Cortegana Alt : 685 m Descriptif touristique Nous sommes maintenant au c\u0153ur de la Sierra de Aracena, la partie la plus jolie et la plus touristique de notre randonn\u00e9e (sans rivaliser toutefois avec l&#8217;Andalousie plus au sud, de S\u00e9ville \u00e0 Grenade !). Le village est c\u00e9l\u00e8bre pour\u2026<\/p>\n","category_list_v2":"<a href=\"https:\/\/centcols.org\/backup\/categorie\/parcours-des-membres\/\" rel=\"category tag\">Parcours des membres<\/a>, <a href=\"https:\/\/centcols.org\/backup\/categorie\/parcours-des-membres\/parcours-espagne\/\" rel=\"category tag\">Parcours Espagne<\/a>","author_info_v2":{"name":"Denis Chouquet-Stringer","url":"https:\/\/centcols.org\/backup\/author\/6183\/"},"comments_num_v2":"0 commentaire","featured_image_src":null,"_links":{"self":[{"href":"https:\/\/centcols.org\/backup\/wp-json\/wp\/v2\/posts\/73490"}],"collection":[{"href":"https:\/\/centcols.org\/backup\/wp-json\/wp\/v2\/posts"}],"about":[{"href":"https:\/\/centcols.org\/backup\/wp-json\/wp\/v2\/types\/post"}],"author":[{"embeddable":true,"href":"https:\/\/centcols.org\/backup\/wp-json\/wp\/v2\/users\/397"}],"replies":[{"embeddable":true,"href":"https:\/\/centcols.org\/backup\/wp-json\/wp\/v2\/comments?post=73490"}],"version-history":[{"count":0,"href":"https:\/\/centcols.org\/backup\/wp-json\/wp\/v2\/posts\/73490\/revisions"}],"wp:attachment":[{"href":"https:\/\/centcols.org\/backup\/wp-json\/wp\/v2\/media?parent=73490"}],"wp:term":[{"taxonomy":"category","embeddable":true,"href":"https:\/\/centcols.org\/backup\/wp-json\/wp\/v2\/categories?post=73490"},{"taxonomy":"post_tag","embeddable":true,"href":"https:\/\/centcols.org\/backup\/wp-json\/wp\/v2\/tags?post=73490"}],"curies":[{"name":"wp","href":"https:\/\/api.w.org\/{rel}","templated":true}]}}