{"id":73535,"date":"2023-05-06T10:28:27","date_gmt":"2023-05-06T08:28:27","guid":{"rendered":"https:\/\/centcols.org\/backup\/?page_id=73535"},"modified":"2023-11-18T17:58:07","modified_gmt":"2023-11-18T16:58:07","slug":"espagne-h-j6-8-aracena","status":"publish","type":"post","link":"https:\/\/centcols.org\/backup\/espagne-h-j6-8-aracena\/","title":{"rendered":"ES-H Boucle 8 Jours J6\/8 Aracena &#8211;> Zufre &#8211; Route 85 km, 1530 m, 8 cols"},"content":{"rendered":"\n<h2 class=\"kt-adv-heading_808a09-02 wp-block-kadence-advancedheading\" data-kb-block=\"kb-adv-heading_808a09-02\">Parcours des membres &#8211; Route &#8211; 8 cols<\/h2>\n\n\n\n<figure class=\"wp-block-image size-large is-resized\"><img loading=\"lazy\" decoding=\"async\" src=\"https:\/\/centcols.org\/backup\/wp-content\/uploads\/2023\/05\/Capture-decran-2023-05-20-100907.jpg\" alt=\"\" class=\"wp-image-73523\" width=\"1145\" height=\"683\" srcset=\"https:\/\/centcols.org\/backup\/wp-content\/uploads\/2023\/05\/Capture-decran-2023-05-20-100907.jpg 903w, https:\/\/centcols.org\/backup\/wp-content\/uploads\/2023\/05\/Capture-decran-2023-05-20-100907-500x298.jpg 500w, https:\/\/centcols.org\/backup\/wp-content\/uploads\/2023\/05\/Capture-decran-2023-05-20-100907-768x458.jpg 768w, https:\/\/centcols.org\/backup\/wp-content\/uploads\/2023\/05\/Capture-decran-2023-05-20-100907-600x358.jpg 600w\" sizes=\"(max-width: 1145px) 100vw, 1145px\" \/><\/figure>\n\n\n\n<figure class=\"wp-block-image size-large\"><img loading=\"lazy\" decoding=\"async\" width=\"1200\" height=\"320\" src=\"https:\/\/centcols.org\/backup\/wp-content\/uploads\/2023\/05\/ES-H-Boucle-8-jours-J6-8-Aracena-1200x320.jpeg\" alt=\"\" class=\"wp-image-73529\" srcset=\"https:\/\/centcols.org\/backup\/wp-content\/uploads\/2023\/05\/ES-H-Boucle-8-jours-J6-8-Aracena-1200x320.jpeg 1200w, https:\/\/centcols.org\/backup\/wp-content\/uploads\/2023\/05\/ES-H-Boucle-8-jours-J6-8-Aracena-500x133.jpeg 500w, https:\/\/centcols.org\/backup\/wp-content\/uploads\/2023\/05\/ES-H-Boucle-8-jours-J6-8-Aracena-768x205.jpeg 768w, https:\/\/centcols.org\/backup\/wp-content\/uploads\/2023\/05\/ES-H-Boucle-8-jours-J6-8-Aracena-1536x410.jpeg 1536w, https:\/\/centcols.org\/backup\/wp-content\/uploads\/2023\/05\/ES-H-Boucle-8-jours-J6-8-Aracena-2048x546.jpeg 2048w, https:\/\/centcols.org\/backup\/wp-content\/uploads\/2023\/05\/ES-H-Boucle-8-jours-J6-8-Aracena-600x160.jpeg 600w\" sizes=\"(max-width: 1200px) 100vw, 1200px\" \/><\/figure>\n\n\n\n<h2 class=\"wp-block-heading\">Description de l&#8217;auteur<\/h2>\n\n\n\n<p><span style=\"font-size: 20px; font-family: arial, helvetica, sans-serif;\"><strong>Auteur <\/strong>: Denis Chouquet-Stringer<\/span><\/p>\n\n\n\n<p class=\"has-medium-font-size\">Ce <span style=\"font-family: arial, helvetica, sans-serif; font-size: 20px;\"><strong>parcours<\/strong> fait partie d&#8217;un s\u00e9jour cycliste routier et itin\u00e9rant de 605 km, 9100 m de d\u00e9nivel\u00e9 et 52 cols. Il fut organis\u00e9 en mai 2015 pour un groupe de 12 cyclistes, dont 10 Cent Cols.<\/span><\/p>\n\n\n\n<p class=\"has-medium-font-size\"><span style=\"font-size: 20px; font-family: arial, helvetica, sans-serif;\"><strong>D\u00e9part<\/strong> : Aracena &#8211; Alt : 680 m<\/span><\/p>\n\n\n\n<p><\/p>\n\n\n\n<p class=\"has-medium-font-size\"><strong><span style=\"font-size: 20px; font-family: arial, helvetica, sans-serif;\">Descriptif touristique<\/span><\/strong><\/p>\n\n\n\n<p class=\"has-medium-font-size\">Un paysage de collines, en traversant les sierras de la <strong>Crucecita<\/strong>, del <strong>Valle del Gato<\/strong>, au pied de la <strong>sierra del Buho<\/strong> ou de la <strong>Nava<\/strong>.<\/p>\n\n\n\n<p class=\"has-medium-font-size\"><strong>8 cols<\/strong><\/p>\n\n\n\n<p class=\"has-medium-font-size\">1 &#8211; Puerto de Aguafr\u00eda&nbsp;&nbsp;&nbsp;&nbsp; &nbsp;<a href=\"https:\/\/centcols.org\/backup\/util\/geo\/visuGen.php?code=ES-H-0585\" target=\"_blank\" rel=\"noreferrer noopener\">ES-H-0585<\/a><br>2 &#8211; Collado de Verdugo&nbsp;&nbsp;&nbsp; <a href=\"https:\/\/centcols.org\/backup\/util\/geo\/visuGen.php?code=ES-H-0436\" target=\"_blank\" rel=\"noreferrer noopener\">ES-H-0436<\/a> (A&amp;R &#8211; 2 x 2.1 km)<br>3 &#8211; Collado Moreno &nbsp; &nbsp; &nbsp; &nbsp; &nbsp;<a href=\"https:\/\/centcols.org\/backup\/util\/geo\/visuGen.php?code=ES-H-0503\" target=\"_blank\" rel=\"noreferrer noopener\">ES-H-0503<\/a><br>4 &#8211; Puerto de la Moraleja <a href=\"https:\/\/centcols.org\/backup\/util\/geo\/visuGen.php?code=ES-H-0534\" target=\"_blank\" rel=\"noreferrer noopener\">ES-H-0534<\/a><br>5 &#8211; Puerto Llano&nbsp;&nbsp;&nbsp;&nbsp;&nbsp;&nbsp;&nbsp;&nbsp;&nbsp;&nbsp;&nbsp;&nbsp;&nbsp;&nbsp;&nbsp; <a href=\"https:\/\/centcols.org\/backup\/util\/geo\/visuGen.php?code=ES-H-0595\" target=\"_blank\" rel=\"noreferrer noopener\">ES-H-0595<\/a><br>6 &#8211; Puerto de la Mina&nbsp;&nbsp;&nbsp;&nbsp;&nbsp;&nbsp; <a href=\"https:\/\/centcols.org\/backup\/util\/geo\/visuGen.php?code=ES-H-0548\" target=\"_blank\" rel=\"noreferrer noopener\">ES-H-0548<\/a><br>7 &#8211; Puerto del Chapin&nbsp;&nbsp; &nbsp;&nbsp;&nbsp;<a href=\"https:\/\/centcols.org\/backup\/util\/geo\/visuGen.php?code=ES-H-0535\" target=\"_blank\" rel=\"noreferrer noopener\">ES-H-0535<\/a><br>8 &#8211; Puerto de la Nava&nbsp;&nbsp;&nbsp;&nbsp;&nbsp;&nbsp; <a href=\"https:\/\/centcols.org\/backup\/util\/geo\/visuGen.php?code=ES-H-0393\" target=\"_blank\" rel=\"noreferrer noopener\">ES-H-0393<\/a> (A&amp;R &#8211; R1 &#8211; 2 x 2.5 km)<\/p>\n\n\n\n<p class=\"has-medium-font-size\"><\/p>\n\n\n\n<p class=\"has-medium-font-size\"><strong>Descriptif technique<\/strong><\/p>\n\n\n\n<p class=\"has-medium-font-size\">D\u00e8s la sortie de Aracena, la qualit\u00e9 de la route est minimale : orni\u00e8res et nids de poule. Cette route est doubl\u00e9e par une autre route plus r\u00e9cente, parall\u00e8le, apparemment en parfait \u00e9tat (on la rejoint plus loin), mais cette derni\u00e8re a un gros d\u00e9faut : elle \u00e9vite un col, le Puerto de Aguafria (585 m). La carte montre au nord de ce col une piste menant \u00e0 250 m de l\u00e0 environ \u00e0 Los Collados. Cette piste est ferm\u00e9e par un joli portail, Los Collados n&#8217;est pas un col reconnu par le CCC, donc on oublie.<\/p>\n\n\n\n<p class=\"has-medium-font-size\">On retrouve un goudron confortable \u00e0 Carboneras.<\/p>\n\n\n\n<p class=\"has-medium-font-size\">Apr\u00e8s le lac (artificiel) de Aracena, le Collado del Verdugo&nbsp; (436 m) se fait facilement en aller et retour sur une petite route goudronn\u00e9e et gravillonneuse \u00e0 droite de la route principale (2 km environ A&amp;R) : c&#8217;est le camino de la Pap\u00f9a.<\/p>\n\n\n\n<p class=\"has-medium-font-size\">Le dernier col de la journ\u00e9e, le Puerto de Nava (393 m) se fait en aller et retour sur une large piste parfaitement roulable en pneus de 23.<\/p>\n\n\n\n<p class=\"has-medium-font-size\"><strong>Lien openrunner, carte interactive, profil, trace gpx<\/strong> <a href=\"https:\/\/www.openrunner.com\/route-details\/6689666\" target=\"_blank\" rel=\"noopener\" title=\"\">https:\/\/www.openrunner.com\/route-details\/6689666<\/a><\/p>\n\n\n\n<p class=\"has-medium-font-size\"><strong>Mots cl\u00e9s<\/strong> : Espagne, Andalousie, Aracena, Zufre, Centcols<\/p>\n\n\n\n<p class=\"has-medium-font-size\">Cet itin\u00e9raire est propos\u00e9 \u00e0 titre indicatif. L&#8217;auteur d\u00e9gage sa responsabilit\u00e9 et celle du Club des Cent Cols en vertu des impond\u00e9rables dus au cycliste lui-m\u00eame, au mat\u00e9riel utilis\u00e9 et tout ce qui concerne la route, ses abords et les autres utilisateurs de celle-ci.<\/p>\n\n\n\n<p class=\"has-medium-font-size\">Ici, une&nbsp;<a href=\"https:\/\/centcols.org\/backup\/liste-parcours-cent-cols-sur-or-2\/\" target=\"_blank\" rel=\"noreferrer noopener\">vue exhaustive des parcours membres<\/a>&nbsp;du Club des Cent Cols<\/p>\n\n\n\n<h2 class=\"kt-adv-heading_053a5a-66 wp-block-kadence-advancedheading\" data-kb-block=\"kb-adv-heading_053a5a-66\">Photos<\/h2>\n\n\n\n<div class=\"wp-block-image\"><figure class=\"aligncenter size-large\"><img loading=\"lazy\" decoding=\"async\" width=\"1200\" height=\"900\" src=\"https:\/\/centcols.org\/backup\/wp-content\/uploads\/2023\/05\/15-05-AOC-Andalousie_250-1200x900.jpg\" alt=\"\" class=\"wp-image-73499\" srcset=\"https:\/\/centcols.org\/backup\/wp-content\/uploads\/2023\/05\/15-05-AOC-Andalousie_250-1200x900.jpg 1200w, https:\/\/centcols.org\/backup\/wp-content\/uploads\/2023\/05\/15-05-AOC-Andalousie_250-500x375.jpg 500w, https:\/\/centcols.org\/backup\/wp-content\/uploads\/2023\/05\/15-05-AOC-Andalousie_250-768x576.jpg 768w, https:\/\/centcols.org\/backup\/wp-content\/uploads\/2023\/05\/15-05-AOC-Andalousie_250-1536x1152.jpg 1536w, https:\/\/centcols.org\/backup\/wp-content\/uploads\/2023\/05\/15-05-AOC-Andalousie_250-2048x1536.jpg 2048w, https:\/\/centcols.org\/backup\/wp-content\/uploads\/2023\/05\/15-05-AOC-Andalousie_250-600x450.jpg 600w\" sizes=\"(max-width: 1200px) 100vw, 1200px\" \/><figcaption><strong>Paysage<\/strong><\/figcaption><\/figure><\/div>\n\n\n\n<figure class=\"wp-block-image size-large\"><img loading=\"lazy\" decoding=\"async\" width=\"1200\" height=\"900\" src=\"https:\/\/centcols.org\/backup\/wp-content\/uploads\/2023\/05\/15-05-AOC-Andalousie_238-1200x900.jpg\" alt=\"\" class=\"wp-image-73538\" srcset=\"https:\/\/centcols.org\/backup\/wp-content\/uploads\/2023\/05\/15-05-AOC-Andalousie_238-1200x900.jpg 1200w, https:\/\/centcols.org\/backup\/wp-content\/uploads\/2023\/05\/15-05-AOC-Andalousie_238-500x375.jpg 500w, https:\/\/centcols.org\/backup\/wp-content\/uploads\/2023\/05\/15-05-AOC-Andalousie_238-768x576.jpg 768w, https:\/\/centcols.org\/backup\/wp-content\/uploads\/2023\/05\/15-05-AOC-Andalousie_238-1536x1152.jpg 1536w, https:\/\/centcols.org\/backup\/wp-content\/uploads\/2023\/05\/15-05-AOC-Andalousie_238-2048x1536.jpg 2048w, https:\/\/centcols.org\/backup\/wp-content\/uploads\/2023\/05\/15-05-AOC-Andalousie_238-600x450.jpg 600w\" sizes=\"(max-width: 1200px) 100vw, 1200px\" \/><figcaption><strong>Au pied de la Sierra de la Crucecita, le lac du barrage de Aracena<\/strong><\/figcaption><\/figure>\n\n\n\n<div class=\"wp-block-image\"><figure class=\"aligncenter size-large\"><img loading=\"lazy\" decoding=\"async\" width=\"900\" height=\"1200\" src=\"https:\/\/centcols.org\/backup\/wp-content\/uploads\/2023\/05\/15-05-AOC-Andalousie_251-900x1200.jpg\" alt=\"\" class=\"wp-image-73505\" srcset=\"https:\/\/centcols.org\/backup\/wp-content\/uploads\/2023\/05\/15-05-AOC-Andalousie_251-900x1200.jpg 900w, https:\/\/centcols.org\/backup\/wp-content\/uploads\/2023\/05\/15-05-AOC-Andalousie_251-375x500.jpg 375w, https:\/\/centcols.org\/backup\/wp-content\/uploads\/2023\/05\/15-05-AOC-Andalousie_251-768x1024.jpg 768w, https:\/\/centcols.org\/backup\/wp-content\/uploads\/2023\/05\/15-05-AOC-Andalousie_251-1152x1536.jpg 1152w, https:\/\/centcols.org\/backup\/wp-content\/uploads\/2023\/05\/15-05-AOC-Andalousie_251-1536x2048.jpg 1536w, https:\/\/centcols.org\/backup\/wp-content\/uploads\/2023\/05\/15-05-AOC-Andalousie_251-600x800.jpg 600w, https:\/\/centcols.org\/backup\/wp-content\/uploads\/2023\/05\/15-05-AOC-Andalousie_251-scaled.jpg 1920w\" sizes=\"(max-width: 900px) 100vw, 900px\" \/><figcaption><strong>Panorama en montant au Puerto Llano<\/strong><\/figcaption><\/figure><\/div>\n\n\n\n<div class=\"wp-block-image\"><figure class=\"aligncenter size-large\"><img loading=\"lazy\" decoding=\"async\" width=\"1200\" height=\"900\" src=\"https:\/\/centcols.org\/backup\/wp-content\/uploads\/2023\/05\/15-05-AOC-Andalousie_263-1200x900.jpg\" alt=\"\" class=\"wp-image-73511\" srcset=\"https:\/\/centcols.org\/backup\/wp-content\/uploads\/2023\/05\/15-05-AOC-Andalousie_263-1200x900.jpg 1200w, https:\/\/centcols.org\/backup\/wp-content\/uploads\/2023\/05\/15-05-AOC-Andalousie_263-500x375.jpg 500w, https:\/\/centcols.org\/backup\/wp-content\/uploads\/2023\/05\/15-05-AOC-Andalousie_263-768x576.jpg 768w, https:\/\/centcols.org\/backup\/wp-content\/uploads\/2023\/05\/15-05-AOC-Andalousie_263-1536x1152.jpg 1536w, https:\/\/centcols.org\/backup\/wp-content\/uploads\/2023\/05\/15-05-AOC-Andalousie_263-2048x1536.jpg 2048w, https:\/\/centcols.org\/backup\/wp-content\/uploads\/2023\/05\/15-05-AOC-Andalousie_263-600x450.jpg 600w\" sizes=\"(max-width: 1200px) 100vw, 1200px\" \/><figcaption><strong>Castillo de Cala<\/strong><\/figcaption><\/figure><\/div>\n\n\n\n<div class=\"wp-block-image\"><figure class=\"aligncenter size-large\"><img loading=\"lazy\" decoding=\"async\" width=\"1200\" height=\"900\" src=\"https:\/\/centcols.org\/backup\/wp-content\/uploads\/2023\/05\/15-05-AOC-Andalousie_281-1200x900.jpg\" alt=\"\" class=\"wp-image-73517\" srcset=\"https:\/\/centcols.org\/backup\/wp-content\/uploads\/2023\/05\/15-05-AOC-Andalousie_281-1200x900.jpg 1200w, https:\/\/centcols.org\/backup\/wp-content\/uploads\/2023\/05\/15-05-AOC-Andalousie_281-500x375.jpg 500w, https:\/\/centcols.org\/backup\/wp-content\/uploads\/2023\/05\/15-05-AOC-Andalousie_281-768x576.jpg 768w, https:\/\/centcols.org\/backup\/wp-content\/uploads\/2023\/05\/15-05-AOC-Andalousie_281-1536x1152.jpg 1536w, https:\/\/centcols.org\/backup\/wp-content\/uploads\/2023\/05\/15-05-AOC-Andalousie_281-2048x1536.jpg 2048w, https:\/\/centcols.org\/backup\/wp-content\/uploads\/2023\/05\/15-05-AOC-Andalousie_281-600x450.jpg 600w\" sizes=\"(max-width: 1200px) 100vw, 1200px\" \/><figcaption><strong>Arriv\u00e9e \u00e0 Zufre<\/strong><\/figcaption><\/figure><\/div>\n","protected":false},"excerpt":{"rendered":"<p>Description de l&#8217;auteur Auteur : Denis Chouquet-Stringer Ce parcours fait partie d&#8217;un s\u00e9jour cycliste routier et itin\u00e9rant de 605 km, 9100 m de d\u00e9nivel\u00e9 et 52 cols. Il fut organis\u00e9 en mai 2015 pour un groupe de 12 cyclistes, dont 10 Cent Cols. D\u00e9part : Aracena &#8211; Alt : 680 m Descriptif touristique Un paysage [&hellip;]<\/p>\n","protected":false},"author":397,"featured_media":0,"comment_status":"closed","ping_status":"closed","sticky":false,"template":"","format":"standard","meta":{"_acf_changed":false,"ub_ctt_via":"","_monsterinsights_skip_tracking":false,"_monsterinsights_sitenote_active":false,"_monsterinsights_sitenote_note":"","_monsterinsights_sitenote_category":0,"footnotes":""},"categories":[600,616],"tags":[],"acf":[],"featured_image_urls":{"full":"","thumbnail":"","medium":"","medium_large":"","large":"","1536x1536":"","2048x2048":"","woocommerce_thumbnail":"","woocommerce_single":"","woocommerce_gallery_thumbnail":""},"post_excerpt_stackable":"<p>Parcours des membres &#8211; Route &#8211; 8 cols Description de l&#8217;auteur Auteur : Denis Chouquet-Stringer Ce parcours fait partie d&#8217;un s\u00e9jour cycliste routier et itin\u00e9rant de 605 km, 9100 m de d\u00e9nivel\u00e9 et 52 cols. Il fut organis\u00e9 en mai 2015 pour un groupe de 12 cyclistes, dont 10 Cent Cols. D\u00e9part : Aracena &#8211; Alt : 680 m Descriptif touristique Un paysage de collines, en traversant les sierras de la Crucecita, del Valle del Gato, au pied de la sierra del Buho ou de la Nava. 8 cols 1 &#8211; Puerto de Aguafr\u00eda&nbsp;&nbsp;&nbsp;&nbsp; &nbsp;ES-H-05852 &#8211; Collado de Verdugo&nbsp;&nbsp;&nbsp; ES-H-0436\u2026<\/p>\n","category_list":"<a href=\"https:\/\/centcols.org\/backup\/categorie\/parcours-des-membres\/\" rel=\"category tag\">Parcours des membres<\/a>, <a href=\"https:\/\/centcols.org\/backup\/categorie\/parcours-des-membres\/parcours-espagne\/\" rel=\"category tag\">Parcours Espagne<\/a>","author_info":{"display_name":"Denis Chouquet-Stringer","author_link":"https:\/\/centcols.org\/backup\/author\/6183\/"},"comments_num":"0 commentaire","featured_image_urls_v2":{"full":"","thumbnail":"","medium":"","medium_large":"","large":"","1536x1536":"","2048x2048":"","woocommerce_thumbnail":"","woocommerce_single":"","woocommerce_gallery_thumbnail":""},"post_excerpt_stackable_v2":"<p>Parcours des membres &#8211; Route &#8211; 8 cols Description de l&#8217;auteur Auteur : Denis Chouquet-Stringer Ce parcours fait partie d&#8217;un s\u00e9jour cycliste routier et itin\u00e9rant de 605 km, 9100 m de d\u00e9nivel\u00e9 et 52 cols. Il fut organis\u00e9 en mai 2015 pour un groupe de 12 cyclistes, dont 10 Cent Cols. D\u00e9part : Aracena &#8211; Alt : 680 m Descriptif touristique Un paysage de collines, en traversant les sierras de la Crucecita, del Valle del Gato, au pied de la sierra del Buho ou de la Nava. 8 cols 1 &#8211; Puerto de Aguafr\u00eda&nbsp;&nbsp;&nbsp;&nbsp; &nbsp;ES-H-05852 &#8211; Collado de Verdugo&nbsp;&nbsp;&nbsp; ES-H-0436\u2026<\/p>\n","category_list_v2":"<a href=\"https:\/\/centcols.org\/backup\/categorie\/parcours-des-membres\/\" rel=\"category tag\">Parcours des membres<\/a>, <a href=\"https:\/\/centcols.org\/backup\/categorie\/parcours-des-membres\/parcours-espagne\/\" rel=\"category tag\">Parcours Espagne<\/a>","author_info_v2":{"name":"Denis Chouquet-Stringer","url":"https:\/\/centcols.org\/backup\/author\/6183\/"},"comments_num_v2":"0 commentaire","featured_image_src":null,"_links":{"self":[{"href":"https:\/\/centcols.org\/backup\/wp-json\/wp\/v2\/posts\/73535"}],"collection":[{"href":"https:\/\/centcols.org\/backup\/wp-json\/wp\/v2\/posts"}],"about":[{"href":"https:\/\/centcols.org\/backup\/wp-json\/wp\/v2\/types\/post"}],"author":[{"embeddable":true,"href":"https:\/\/centcols.org\/backup\/wp-json\/wp\/v2\/users\/397"}],"replies":[{"embeddable":true,"href":"https:\/\/centcols.org\/backup\/wp-json\/wp\/v2\/comments?post=73535"}],"version-history":[{"count":0,"href":"https:\/\/centcols.org\/backup\/wp-json\/wp\/v2\/posts\/73535\/revisions"}],"wp:attachment":[{"href":"https:\/\/centcols.org\/backup\/wp-json\/wp\/v2\/media?parent=73535"}],"wp:term":[{"taxonomy":"category","embeddable":true,"href":"https:\/\/centcols.org\/backup\/wp-json\/wp\/v2\/categories?post=73535"},{"taxonomy":"post_tag","embeddable":true,"href":"https:\/\/centcols.org\/backup\/wp-json\/wp\/v2\/tags?post=73535"}],"curies":[{"name":"wp","href":"https:\/\/api.w.org\/{rel}","templated":true}]}}