{"id":73704,"date":"2023-07-01T11:51:09","date_gmt":"2023-07-01T09:51:09","guid":{"rendered":"https:\/\/centcols.org\/backup\/?page_id=73704"},"modified":"2023-11-17T20:26:01","modified_gmt":"2023-11-17T19:26:01","slug":"france-83-maures","status":"publish","type":"post","link":"https:\/\/centcols.org\/backup\/france-83-maures\/","title":{"rendered":"FR-83 Le Massif des Maures &#8211; Route\/gravel 90 km, D+ 1160 m,  6 cols"},"content":{"rendered":"<div class=\"wp-block-image\">\n<figure class=\"aligncenter\"><img decoding=\"async\" src=\"https:\/\/centcols.org\/backup\/wp-content\/uploads\/2023\/05\/Capture-decran-2023-05-21-162536.jpg\" alt=\"\"\/><\/figure><\/div>\n\n<div class=\"wp-block-image\">\n<figure class=\"aligncenter\"><img loading=\"lazy\" decoding=\"async\" width=\"1200\" height=\"320\" src=\"https:\/\/centcols.org\/backup\/wp-content\/uploads\/2023\/05\/FR-83-Le-massif-des-Maures-1200x320.jpeg\" alt=\"\" class=\"wp-image-73736\" srcset=\"https:\/\/centcols.org\/backup\/wp-content\/uploads\/2023\/05\/FR-83-Le-massif-des-Maures-1200x320.jpeg 1200w, https:\/\/centcols.org\/backup\/wp-content\/uploads\/2023\/05\/FR-83-Le-massif-des-Maures-500x133.jpeg 500w, https:\/\/centcols.org\/backup\/wp-content\/uploads\/2023\/05\/FR-83-Le-massif-des-Maures-768x205.jpeg 768w, https:\/\/centcols.org\/backup\/wp-content\/uploads\/2023\/05\/FR-83-Le-massif-des-Maures-1536x410.jpeg 1536w, https:\/\/centcols.org\/backup\/wp-content\/uploads\/2023\/05\/FR-83-Le-massif-des-Maures-2048x546.jpeg 2048w, https:\/\/centcols.org\/backup\/wp-content\/uploads\/2023\/05\/FR-83-Le-massif-des-Maures-600x160.jpeg 600w\" sizes=\"(max-width: 1200px) 100vw, 1200px\" \/><\/figure><\/div>\n\n\n<h2 class=\"wp-block-heading\">Description de l&#8217;auteur<\/h2>\n\n\n\n<p><span style=\"font-size: 14px; font-family: arial, helvetica, sans-serif;\"><strong>Auteur <\/strong>: Jean-Jacques Colin<\/span><\/p>\n\n\n\n<p><span style=\"font-size: 14px; font-family: arial, helvetica, sans-serif;\"><strong>D\u00e9part<\/strong> : Saint-Aygulf <\/span>(Fr\u00e9jus) au niveau du parking \u00e0 c\u00f4t\u00e9 de la poste. Alt. 15 m<\/p>\n\n\n\n<h2 class=\"wp-block-heading\">Description touristique<\/h2>\n\n\n\n<p>Parcourir le massif des Maures en v\u00e9lo est toujours un ravissement. Les points de vue sur la M\u00e9diterran\u00e9e s&#8217;encha\u00eenent et il nous est m\u00eame donn\u00e9 de la longer dans ce circuit.<\/p>\n\n\n\n<p><strong>5 \u00e0 6 cols<\/strong><\/p>\n\n\n\n<ul>\n<li>1 &#8211; Col de Valdingarde&nbsp;&nbsp;&nbsp;            <a href=\"https:\/\/centcols.org\/backup\/util\/geo\/visu.php?code=FR-83-0392\" target=\"_blank\" rel=\"noopener\" title=\"\">FR-83-0392<\/a><\/li>\n\n\n\n<li>2 &#8211; Col de Gratteloup&nbsp;&nbsp;                <a href=\"https:\/\/centcols.org\/backup\/util\/geo\/visu.php?code=FR-83-0225\" target=\"_blank\" rel=\"noopener\" title=\"\">FR-83-0225<\/a><\/li>\n\n\n\n<li>3 &#8211;&nbsp; Col de Vignon &nbsp;&nbsp;&nbsp;&nbsp;&nbsp;&nbsp;&nbsp;&nbsp;&nbsp;            <a href=\"https:\/\/centcols.org\/backup\/util\/geo\/visu.php?code=FR-83-0352\" target=\"_blank\" rel=\"noopener\" title=\"\">FR-83-0352<\/a><\/li>\n\n\n\n<li>4 &#8211; Col de Reverdi &nbsp;&nbsp;&nbsp;&nbsp;&nbsp;&nbsp;&nbsp;&nbsp;             <a href=\"https:\/\/centcols.org\/backup\/util\/geo\/visu.php?code=FR-83-0184\" target=\"_blank\" rel=\"noopener\" title=\"\">FR-83-0184<\/a><\/li>\n\n\n\n<li>5 &#8211;&nbsp; Col de Bougnon &nbsp;&nbsp;&nbsp;&nbsp;&nbsp;            <a href=\"https:\/\/centcols.org\/backup\/util\/geo\/visu.php?code=FR-83-0154a\" target=\"_blank\" rel=\"noopener\" title=\"\">FR-83-0154a<\/a><\/li>\n\n\n\n<li>En option : Col de Peigros (R1)  <a href=\"https:\/\/centcols.org\/backup\/util\/geo\/visu.php?code=FR-83-0350a\" target=\"_blank\" rel=\"noopener\" title=\"\">FR-83-0350a<\/a> , au km 27,5 \u00e0 300 m \u00e0 gauche<\/li>\n<\/ul>\n\n\n\n<p><strong>Lien openrunner, carte interactive, profil, trace gpx<\/strong> <br><a href=\"https:\/\/www.openrunner.com\/route-details\/6145721\" target=\"_blank\" rel=\"noopener\" title=\"\">https:\/\/www.openrunner.com\/route-details\/6145721<\/a><\/p>\n\n\n\n<p><strong>Mots cl\u00e9s<\/strong> : St-Aygulf, Port-Grimaud, Col de Valdingarde, Maures, Col de Gratteloup<\/p>\n\n\n\n<blockquote class=\"wp-block-quote is-layout-flow wp-block-quote-is-layout-flow\">\n<p>Cet itin\u00e9raire est propos\u00e9 \u00e0 titre indicatif. L&#8217;auteur d\u00e9gage sa responsabilit\u00e9 et celle du Club des Cent Cols en vertu des impond\u00e9rables dus au cycliste lui-m\u00eame, au mat\u00e9riel utilis\u00e9 et tout ce qui concerne la route, ses abords et les autres utilisateurs de celle-ci.<\/p>\n<\/blockquote>\n\n\n\n<p>Ici, une&nbsp;<a href=\"https:\/\/centcols.org\/backup\/liste-parcours-cent-cols-sur-or-2\/\" target=\"_blank\" rel=\"noreferrer noopener\">vue exhaustive des parcours membres<\/a>&nbsp;du Club des Cent Cols<\/p>\n\n\n\n<h2 class=\"wp-block-heading has--font-size\">Photos<\/h2>\n\n\n<div class=\"wp-block-image\">\n<figure class=\"aligncenter size-large\"><img decoding=\"async\" src=\"https:\/\/centcols.org\/backup\/util\/geo\/visu\/FR\/img\/1396\/9202.jpg\" alt=\"\"\/><figcaption class=\"wp-element-caption\"><strong>Col de Valdingarde<\/strong><\/figcaption><\/figure><\/div>\n\n<div class=\"wp-block-image\">\n<figure class=\"aligncenter size-large\"><img decoding=\"async\" src=\"https:\/\/centcols.org\/backup\/util\/geo\/visu\/FR\/img\/1396\/2902.jpg\" alt=\"\"\/><figcaption class=\"wp-element-caption\"> <\/figcaption><\/figure><\/div>\n\n<div class=\"wp-block-image\">\n<figure class=\"aligncenter size-large\"><img decoding=\"async\" src=\"https:\/\/centcols.org\/backup\/util\/geo\/visu\/FR\/img\/1396\/7801.jpg\" alt=\"\"\/><figcaption class=\"wp-element-caption\"><strong>Col de Vignon<\/strong><\/figcaption><\/figure><\/div>\n\n<div class=\"wp-block-image\">\n<figure class=\"aligncenter size-large\"><img decoding=\"async\" src=\"https:\/\/centcols.org\/backup\/util\/geo\/visu\/FR\/img\/1396\/0602.jpg\" alt=\"\"\/><figcaption class=\"wp-element-caption\"><strong>Col de Reverdi<\/strong><\/figcaption><\/figure><\/div>\n\n<div class=\"wp-block-image\">\n<figure class=\"aligncenter size-large\"><img loading=\"lazy\" decoding=\"async\" width=\"1000\" height=\"750\" src=\"https:\/\/centcols.org\/backup\/wp-content\/uploads\/2023\/05\/Col-du-Bougnon.jpg\" alt=\"\" class=\"wp-image-73730\" srcset=\"https:\/\/centcols.org\/backup\/wp-content\/uploads\/2023\/05\/Col-du-Bougnon.jpg 1000w, https:\/\/centcols.org\/backup\/wp-content\/uploads\/2023\/05\/Col-du-Bougnon-500x375.jpg 500w, https:\/\/centcols.org\/backup\/wp-content\/uploads\/2023\/05\/Col-du-Bougnon-768x576.jpg 768w, https:\/\/centcols.org\/backup\/wp-content\/uploads\/2023\/05\/Col-du-Bougnon-600x450.jpg 600w\" sizes=\"(max-width: 1000px) 100vw, 1000px\" \/><figcaption class=\"wp-element-caption\"> <\/figcaption><\/figure><\/div>\n\n<div class=\"wp-block-image\">\n<figure class=\"aligncenter size-large\"><img decoding=\"async\" src=\"https:\/\/centcols.org\/backup\/util\/geo\/visu\/FR\/img\/1396\/7502.jpg\" alt=\"\"\/><figcaption class=\"wp-element-caption\"><strong>Col de Peigros<\/strong><\/figcaption><\/figure><\/div>","protected":false},"excerpt":{"rendered":"<p>Description de l&#8217;auteur Auteur : Jean-Jacques Colin D\u00e9part : Saint-Aygulf (Fr\u00e9jus) au niveau du parking \u00e0 c\u00f4t\u00e9 de la poste. Alt. 15 m Description touristique Parcourir le massif des Maures en v\u00e9lo est toujours un ravissement. Les points de vue sur la M\u00e9diterran\u00e9e s&#8217;encha\u00eenent et il nous est m\u00eame donn\u00e9 de la longer dans ce [&hellip;]<\/p>\n","protected":false},"author":397,"featured_media":0,"comment_status":"closed","ping_status":"closed","sticky":false,"template":"","format":"standard","meta":{"_acf_changed":false,"ub_ctt_via":"","_monsterinsights_skip_tracking":false,"_monsterinsights_sitenote_active":false,"_monsterinsights_sitenote_note":"","_monsterinsights_sitenote_category":0,"footnotes":""},"categories":[600,602],"tags":[],"acf":[],"featured_image_urls":{"full":"","thumbnail":"","medium":"","medium_large":"","large":"","1536x1536":"","2048x2048":"","woocommerce_thumbnail":"","woocommerce_single":"","woocommerce_gallery_thumbnail":""},"post_excerpt_stackable":"<p>Description de l&#8217;auteur Auteur : Jean-Jacques Colin D\u00e9part : Saint-Aygulf (Fr\u00e9jus) au niveau du parking \u00e0 c\u00f4t\u00e9 de la poste. Alt. 15 m Description touristique Parcourir le massif des Maures en v\u00e9lo est toujours un ravissement. Les points de vue sur la M\u00e9diterran\u00e9e s&#8217;encha\u00eenent et il nous est m\u00eame donn\u00e9 de la longer dans ce circuit. 5 \u00e0 6 cols 1 &#8211; Col de Valdingarde&nbsp;&nbsp;&nbsp; FR-83-0392 2 &#8211; Col de Gratteloup&nbsp;&nbsp; FR-83-0225 3 &#8211;&nbsp; Col de Vignon &nbsp;&nbsp;&nbsp;&nbsp;&nbsp;&nbsp;&nbsp;&nbsp;&nbsp; FR-83-0352 4 &#8211; Col de Reverdi &nbsp;&nbsp;&nbsp;&nbsp;&nbsp;&nbsp;&nbsp;&nbsp; FR-83-0184 5 &#8211;&nbsp; Col de Bougnon &nbsp;&nbsp;&nbsp;&nbsp;&nbsp; FR-83-0154a En option : Col de Peigros (R1)\u2026<\/p>\n","category_list":"<a href=\"https:\/\/centcols.org\/backup\/categorie\/parcours-des-membres\/\" rel=\"category tag\">Parcours des membres<\/a>, <a href=\"https:\/\/centcols.org\/backup\/categorie\/parcours-des-membres\/parcours-france\/\" rel=\"category tag\">Parcours France<\/a>","author_info":{"display_name":"Denis Chouquet-Stringer","author_link":"https:\/\/centcols.org\/backup\/author\/6183\/"},"comments_num":"0 commentaire","featured_image_urls_v2":{"full":"","thumbnail":"","medium":"","medium_large":"","large":"","1536x1536":"","2048x2048":"","woocommerce_thumbnail":"","woocommerce_single":"","woocommerce_gallery_thumbnail":""},"post_excerpt_stackable_v2":"<p>Description de l&#8217;auteur Auteur : Jean-Jacques Colin D\u00e9part : Saint-Aygulf (Fr\u00e9jus) au niveau du parking \u00e0 c\u00f4t\u00e9 de la poste. Alt. 15 m Description touristique Parcourir le massif des Maures en v\u00e9lo est toujours un ravissement. Les points de vue sur la M\u00e9diterran\u00e9e s&#8217;encha\u00eenent et il nous est m\u00eame donn\u00e9 de la longer dans ce circuit. 5 \u00e0 6 cols 1 &#8211; Col de Valdingarde&nbsp;&nbsp;&nbsp; FR-83-0392 2 &#8211; Col de Gratteloup&nbsp;&nbsp; FR-83-0225 3 &#8211;&nbsp; Col de Vignon &nbsp;&nbsp;&nbsp;&nbsp;&nbsp;&nbsp;&nbsp;&nbsp;&nbsp; FR-83-0352 4 &#8211; Col de Reverdi &nbsp;&nbsp;&nbsp;&nbsp;&nbsp;&nbsp;&nbsp;&nbsp; FR-83-0184 5 &#8211;&nbsp; Col de Bougnon &nbsp;&nbsp;&nbsp;&nbsp;&nbsp; FR-83-0154a En option : Col de Peigros (R1)\u2026<\/p>\n","category_list_v2":"<a href=\"https:\/\/centcols.org\/backup\/categorie\/parcours-des-membres\/\" rel=\"category tag\">Parcours des membres<\/a>, <a href=\"https:\/\/centcols.org\/backup\/categorie\/parcours-des-membres\/parcours-france\/\" rel=\"category tag\">Parcours France<\/a>","author_info_v2":{"name":"Denis Chouquet-Stringer","url":"https:\/\/centcols.org\/backup\/author\/6183\/"},"comments_num_v2":"0 commentaire","featured_image_src":null,"_links":{"self":[{"href":"https:\/\/centcols.org\/backup\/wp-json\/wp\/v2\/posts\/73704"}],"collection":[{"href":"https:\/\/centcols.org\/backup\/wp-json\/wp\/v2\/posts"}],"about":[{"href":"https:\/\/centcols.org\/backup\/wp-json\/wp\/v2\/types\/post"}],"author":[{"embeddable":true,"href":"https:\/\/centcols.org\/backup\/wp-json\/wp\/v2\/users\/397"}],"replies":[{"embeddable":true,"href":"https:\/\/centcols.org\/backup\/wp-json\/wp\/v2\/comments?post=73704"}],"version-history":[{"count":0,"href":"https:\/\/centcols.org\/backup\/wp-json\/wp\/v2\/posts\/73704\/revisions"}],"wp:attachment":[{"href":"https:\/\/centcols.org\/backup\/wp-json\/wp\/v2\/media?parent=73704"}],"wp:term":[{"taxonomy":"category","embeddable":true,"href":"https:\/\/centcols.org\/backup\/wp-json\/wp\/v2\/categories?post=73704"},{"taxonomy":"post_tag","embeddable":true,"href":"https:\/\/centcols.org\/backup\/wp-json\/wp\/v2\/tags?post=73704"}],"curies":[{"name":"wp","href":"https:\/\/api.w.org\/{rel}","templated":true}]}}