{"id":73744,"date":"2023-07-14T17:29:19","date_gmt":"2023-07-14T15:29:19","guid":{"rendered":"https:\/\/centcols.org\/backup\/?page_id=73744"},"modified":"2023-11-17T20:32:10","modified_gmt":"2023-11-17T19:32:10","slug":"france-2a-cruzzini","status":"publish","type":"post","link":"https:\/\/centcols.org\/backup\/france-2a-cruzzini\/","title":{"rendered":"FR-2A La vall\u00e9e du Cruzzini &#8211; Route 87 km, D+1654 m, 4 cols"},"content":{"rendered":"\n<figure class=\"wp-block-image size-large is-resized\"><img loading=\"lazy\" decoding=\"async\" width=\"903\" height=\"541\" src=\"https:\/\/centcols.org\/backup\/wp-content\/uploads\/2023\/05\/Capture-decran-2023-05-21-170626.jpg\" alt=\"\" class=\"wp-image-73746\" style=\"width:1188px;height:711px\" srcset=\"https:\/\/centcols.org\/backup\/wp-content\/uploads\/2023\/05\/Capture-decran-2023-05-21-170626.jpg 903w, https:\/\/centcols.org\/backup\/wp-content\/uploads\/2023\/05\/Capture-decran-2023-05-21-170626-500x300.jpg 500w, https:\/\/centcols.org\/backup\/wp-content\/uploads\/2023\/05\/Capture-decran-2023-05-21-170626-768x460.jpg 768w, https:\/\/centcols.org\/backup\/wp-content\/uploads\/2023\/05\/Capture-decran-2023-05-21-170626-600x359.jpg 600w\" sizes=\"(max-width: 903px) 100vw, 903px\" \/><\/figure>\n\n\n\n<figure class=\"wp-block-image size-large\"><img loading=\"lazy\" decoding=\"async\" width=\"1200\" height=\"320\" src=\"https:\/\/centcols.org\/backup\/wp-content\/uploads\/2023\/05\/FR-2A-La-vallee-du-Cruzzini-1200x320.jpeg\" alt=\"\" class=\"wp-image-73752\" srcset=\"https:\/\/centcols.org\/backup\/wp-content\/uploads\/2023\/05\/FR-2A-La-vallee-du-Cruzzini-1200x320.jpeg 1200w, https:\/\/centcols.org\/backup\/wp-content\/uploads\/2023\/05\/FR-2A-La-vallee-du-Cruzzini-500x133.jpeg 500w, https:\/\/centcols.org\/backup\/wp-content\/uploads\/2023\/05\/FR-2A-La-vallee-du-Cruzzini-768x205.jpeg 768w, https:\/\/centcols.org\/backup\/wp-content\/uploads\/2023\/05\/FR-2A-La-vallee-du-Cruzzini-1536x410.jpeg 1536w, https:\/\/centcols.org\/backup\/wp-content\/uploads\/2023\/05\/FR-2A-La-vallee-du-Cruzzini-2048x546.jpeg 2048w, https:\/\/centcols.org\/backup\/wp-content\/uploads\/2023\/05\/FR-2A-La-vallee-du-Cruzzini-600x160.jpeg 600w\" sizes=\"(max-width: 1200px) 100vw, 1200px\" \/><\/figure>\n\n\n\n<h2 class=\"wp-block-heading\">Description de l&#8217;auteur<\/h2>\n\n\n\n<p><span style=\"font-size: 20px; font-family: arial, helvetica, sans-serif;\"><strong>Auteur <\/strong>: Bernard Giraudeau<\/span><\/p>\n\n\n\n<p class=\"has-medium-font-size\"><span style=\"font-size: 20px; font-family: arial, helvetica, sans-serif;\"><strong>D\u00e9part et arriv\u00e9e<\/strong> : sur la T 22 \u00e0 hauteur de Afa, parking pr\u00e8s du carrefour T20 \/ D161 &#8211; Alt : 40 m.<\/span><\/p>\n\n\n\n<p><\/p>\n\n\n\n<p class=\"has-medium-font-size\"><strong><span style=\"font-size: 20px; font-family: arial, helvetica, sans-serif;\">Descriptif <\/span><\/strong><\/p>\n\n\n\n<p class=\"has-medium-font-size\">Par <strong>Bocca di Sarzoggiu<\/strong>, le parcours rejoint la <strong>Cinarca <\/strong>et ses villages en encorbellement face au <strong>Golfe de la Liscia<\/strong>. Puis par <strong>Bocca d&#8217;Ambiegna<\/strong>, il gagne la vall\u00e9e de la <strong>rivi\u00e8re Cruzzini<\/strong> qu&#8217;il effleure avant de remonter rejoindre <strong>Bocca di Tartavellu<\/strong>. Dans la descente, il traverse <strong>Vero <\/strong>et trouve l&#8217;axe routier Ajaccio-Bastia (T20) pour un court instant et en descente majoritairement ! Enfin, le parcours reprend son cours tranquille sur de petites routes pour rejoindre le point de d\u00e9part. Les routes sont en bon \u00e9tat mais jamais droites ni planes !<\/p>\n\n\n\n<p class=\"has-medium-font-size\"><strong>4 cols<\/strong><\/p>\n\n\n\n<p class=\"has-medium-font-size\">1 &#8211; Bocca di Sarzoggiu <a href=\"https:\/\/centcols.org\/backup\/util\/geo\/visu.php?code=FR-2A-0612\" target=\"_blank\" rel=\"noopener\" title=\"\">FR-2A-0612<\/a><br>2 &#8211; Bocca d&#8217;Ambiegna <a href=\"https:\/\/centcols.org\/backup\/util\/geo\/visu.php?code=FR-2A-0376\" target=\"_blank\" rel=\"noopener\" title=\"\">FR-2A-0376<\/a><br>3 &#8211; Bocca di Tartavellu <a href=\"https:\/\/centcols.org\/backup\/util\/geo\/visu.php?code=FR-2A-0885\" target=\"_blank\" rel=\"noopener\" title=\"\">FR-2A-0885<\/a><br>4 &#8211; Bocca di Carazzi <a href=\"https:\/\/centcols.org\/backup\/util\/geo\/visu.php?code=FR-2A-0210\" target=\"_blank\" rel=\"noopener\" title=\"\">FR-2A-0210<\/a><\/p>\n\n\n\n<p class=\"has-medium-font-size\"><strong>Lien openrunner, carte interactive, profil, trace gpx<\/strong> <br><a href=\"https:\/\/www.openrunner.com\/route-details\/10954550\" target=\"_blank\" rel=\"noopener\" title=\"\">https:\/\/www.openrunner.com\/route-details\/10954550<\/a><\/p>\n\n\n\n<p class=\"has-medium-font-size\"><strong>Mots cl\u00e9s<\/strong> : Cinarca, Cruzini, Bocca di Sarzoggiu, Bocca di Tartavellu, centcols<\/p>\n\n\n\n<p class=\"has-medium-font-size\">Cet itin\u00e9raire est propos\u00e9 \u00e0 titre indicatif. L&#8217;auteur d\u00e9gage sa responsabilit\u00e9 et celle du Club des Cent Cols en vertu des impond\u00e9rables dus au cycliste lui-m\u00eame, au mat\u00e9riel utilis\u00e9 et tout ce qui concerne la route, ses abords et les autres utilisateurs de celle-ci.<\/p>\n\n\n\n<p class=\"has-medium-font-size\">Ici, une&nbsp;<a href=\"https:\/\/centcols.org\/backup\/liste-parcours-cent-cols-sur-or-2\/\" target=\"_blank\" rel=\"noreferrer noopener\">vue exhaustive des parcours membres<\/a>&nbsp;du Club des Cent Cols<\/p>\n\n\n\n<h2 class=\"kt-adv-heading73744_7d9428-90 wp-block-kadence-advancedheading\" data-kb-block=\"kb-adv-heading73744_7d9428-90\">Photos<\/h2>\n\n\n<div class=\"wp-block-image\">\n<figure class=\"aligncenter size-large\"><img decoding=\"async\" src=\"https:\/\/centcols.org\/backup\/util\/geo\/visu\/FR\/img\/1342\/0703.jpg\" alt=\"\"\/><figcaption class=\"wp-element-caption\"><strong>Bocca di Sarzoggiu<\/strong><\/figcaption><\/figure><\/div>\n\n<div class=\"wp-block-image\">\n<figure class=\"aligncenter size-large\"><img decoding=\"async\" src=\"https:\/\/centcols.org\/backup\/util\/geo\/visu\/FR\/img\/1341\/1502.jpg\" alt=\"\"\/><figcaption class=\"wp-element-caption\"><strong>Bocca d&#8217;Ambiegna<\/strong><\/figcaption><\/figure><\/div>\n\n<div class=\"wp-block-image\">\n<figure class=\"aligncenter size-large\"><img decoding=\"async\" src=\"https:\/\/centcols.org\/backup\/util\/geo\/visu\/FR\/img\/1343\/1405.jpg\" alt=\"\"\/><figcaption class=\"wp-element-caption\"><strong>Bocca di Tartavellu<\/strong><\/figcaption><\/figure><\/div>\n\n<div class=\"wp-block-image\">\n<figure class=\"aligncenter size-large\"><img decoding=\"async\" src=\"https:\/\/centcols.org\/backup\/util\/geo\/visu\/FR\/img\/1340\/7202.jpg\" alt=\"\"\/><figcaption class=\"wp-element-caption\"><strong>Bocca di Carazzi<\/strong><\/figcaption><\/figure><\/div>","protected":false},"excerpt":{"rendered":"<p>Description de l&#8217;auteur Auteur : Bernard Giraudeau D\u00e9part et arriv\u00e9e : sur la T 22 \u00e0 hauteur de Afa, parking pr\u00e8s du carrefour T20 \/ D161 &#8211; Alt : 40 m. Descriptif Par Bocca di Sarzoggiu, le parcours rejoint la Cinarca et ses villages en encorbellement face au Golfe de la Liscia. Puis par Bocca [&hellip;]<\/p>\n","protected":false},"author":397,"featured_media":0,"comment_status":"closed","ping_status":"closed","sticky":false,"template":"","format":"standard","meta":{"_acf_changed":false,"ub_ctt_via":"","_monsterinsights_skip_tracking":false,"_monsterinsights_sitenote_active":false,"_monsterinsights_sitenote_note":"","_monsterinsights_sitenote_category":0,"footnotes":""},"categories":[600,602],"tags":[],"acf":[],"featured_image_urls":{"full":"","thumbnail":"","medium":"","medium_large":"","large":"","1536x1536":"","2048x2048":"","woocommerce_thumbnail":"","woocommerce_single":"","woocommerce_gallery_thumbnail":""},"post_excerpt_stackable":"<p>Description de l&#8217;auteur Auteur : Bernard Giraudeau D\u00e9part et arriv\u00e9e : sur la T 22 \u00e0 hauteur de Afa, parking pr\u00e8s du carrefour T20 \/ D161 &#8211; Alt : 40 m. Descriptif Par Bocca di Sarzoggiu, le parcours rejoint la Cinarca et ses villages en encorbellement face au Golfe de la Liscia. Puis par Bocca d&#8217;Ambiegna, il gagne la vall\u00e9e de la rivi\u00e8re Cruzzini qu&#8217;il effleure avant de remonter rejoindre Bocca di Tartavellu. Dans la descente, il traverse Vero et trouve l&#8217;axe routier Ajaccio-Bastia (T20) pour un court instant et en descente majoritairement ! Enfin, le parcours reprend son cours\u2026<\/p>\n","category_list":"<a href=\"https:\/\/centcols.org\/backup\/categorie\/parcours-des-membres\/\" rel=\"category tag\">Parcours des membres<\/a>, <a href=\"https:\/\/centcols.org\/backup\/categorie\/parcours-des-membres\/parcours-france\/\" rel=\"category tag\">Parcours France<\/a>","author_info":{"display_name":"Denis Chouquet-Stringer","author_link":"https:\/\/centcols.org\/backup\/author\/6183\/"},"comments_num":"0 commentaire","featured_image_urls_v2":{"full":"","thumbnail":"","medium":"","medium_large":"","large":"","1536x1536":"","2048x2048":"","woocommerce_thumbnail":"","woocommerce_single":"","woocommerce_gallery_thumbnail":""},"post_excerpt_stackable_v2":"<p>Description de l&#8217;auteur Auteur : Bernard Giraudeau D\u00e9part et arriv\u00e9e : sur la T 22 \u00e0 hauteur de Afa, parking pr\u00e8s du carrefour T20 \/ D161 &#8211; Alt : 40 m. Descriptif Par Bocca di Sarzoggiu, le parcours rejoint la Cinarca et ses villages en encorbellement face au Golfe de la Liscia. Puis par Bocca d&#8217;Ambiegna, il gagne la vall\u00e9e de la rivi\u00e8re Cruzzini qu&#8217;il effleure avant de remonter rejoindre Bocca di Tartavellu. Dans la descente, il traverse Vero et trouve l&#8217;axe routier Ajaccio-Bastia (T20) pour un court instant et en descente majoritairement ! Enfin, le parcours reprend son cours\u2026<\/p>\n","category_list_v2":"<a href=\"https:\/\/centcols.org\/backup\/categorie\/parcours-des-membres\/\" rel=\"category tag\">Parcours des membres<\/a>, <a href=\"https:\/\/centcols.org\/backup\/categorie\/parcours-des-membres\/parcours-france\/\" rel=\"category tag\">Parcours France<\/a>","author_info_v2":{"name":"Denis Chouquet-Stringer","url":"https:\/\/centcols.org\/backup\/author\/6183\/"},"comments_num_v2":"0 commentaire","featured_image_src":null,"_links":{"self":[{"href":"https:\/\/centcols.org\/backup\/wp-json\/wp\/v2\/posts\/73744"}],"collection":[{"href":"https:\/\/centcols.org\/backup\/wp-json\/wp\/v2\/posts"}],"about":[{"href":"https:\/\/centcols.org\/backup\/wp-json\/wp\/v2\/types\/post"}],"author":[{"embeddable":true,"href":"https:\/\/centcols.org\/backup\/wp-json\/wp\/v2\/users\/397"}],"replies":[{"embeddable":true,"href":"https:\/\/centcols.org\/backup\/wp-json\/wp\/v2\/comments?post=73744"}],"version-history":[{"count":0,"href":"https:\/\/centcols.org\/backup\/wp-json\/wp\/v2\/posts\/73744\/revisions"}],"wp:attachment":[{"href":"https:\/\/centcols.org\/backup\/wp-json\/wp\/v2\/media?parent=73744"}],"wp:term":[{"taxonomy":"category","embeddable":true,"href":"https:\/\/centcols.org\/backup\/wp-json\/wp\/v2\/categories?post=73744"},{"taxonomy":"post_tag","embeddable":true,"href":"https:\/\/centcols.org\/backup\/wp-json\/wp\/v2\/tags?post=73744"}],"curies":[{"name":"wp","href":"https:\/\/api.w.org\/{rel}","templated":true}]}}