{"id":73820,"date":"2023-07-08T10:40:26","date_gmt":"2023-07-08T08:40:26","guid":{"rendered":"https:\/\/centcols.org\/backup\/?page_id=73820"},"modified":"2023-11-17T20:29:49","modified_gmt":"2023-11-17T19:29:49","slug":"france-38-emparis","status":"publish","type":"post","link":"https:\/\/centcols.org\/backup\/france-38-emparis\/","title":{"rendered":"FR-38 Le plateau d&#8217;Emparis &#8211; VTT 41 km, D+ 1410 m, 4 cols"},"content":{"rendered":"<div class=\"wp-block-image\">\n<figure class=\"aligncenter size-large is-resized\"><img loading=\"lazy\" decoding=\"async\" width=\"906\" height=\"533\" src=\"https:\/\/centcols.org\/backup\/wp-content\/uploads\/2023\/05\/Capture-decran-2023-05-22-101631.jpg\" alt=\"\" class=\"wp-image-73768\" style=\"width:1087px;height:639px\" srcset=\"https:\/\/centcols.org\/backup\/wp-content\/uploads\/2023\/05\/Capture-decran-2023-05-22-101631.jpg 906w, https:\/\/centcols.org\/backup\/wp-content\/uploads\/2023\/05\/Capture-decran-2023-05-22-101631-500x294.jpg 500w, https:\/\/centcols.org\/backup\/wp-content\/uploads\/2023\/05\/Capture-decran-2023-05-22-101631-768x452.jpg 768w, https:\/\/centcols.org\/backup\/wp-content\/uploads\/2023\/05\/Capture-decran-2023-05-22-101631-600x353.jpg 600w\" sizes=\"(max-width: 906px) 100vw, 906px\" \/><\/figure><\/div>\n\n\n<figure class=\"wp-block-image size-large\"><img loading=\"lazy\" decoding=\"async\" width=\"1200\" height=\"320\" src=\"https:\/\/centcols.org\/backup\/wp-content\/uploads\/2023\/05\/FR-05-et-FR-38-Le-Plateau-dAmparis-1200x320.jpeg\" alt=\"\" class=\"wp-image-73774\" srcset=\"https:\/\/centcols.org\/backup\/wp-content\/uploads\/2023\/05\/FR-05-et-FR-38-Le-Plateau-dAmparis-1200x320.jpeg 1200w, https:\/\/centcols.org\/backup\/wp-content\/uploads\/2023\/05\/FR-05-et-FR-38-Le-Plateau-dAmparis-500x133.jpeg 500w, https:\/\/centcols.org\/backup\/wp-content\/uploads\/2023\/05\/FR-05-et-FR-38-Le-Plateau-dAmparis-768x205.jpeg 768w, https:\/\/centcols.org\/backup\/wp-content\/uploads\/2023\/05\/FR-05-et-FR-38-Le-Plateau-dAmparis-1536x410.jpeg 1536w, https:\/\/centcols.org\/backup\/wp-content\/uploads\/2023\/05\/FR-05-et-FR-38-Le-Plateau-dAmparis-2048x546.jpeg 2048w, https:\/\/centcols.org\/backup\/wp-content\/uploads\/2023\/05\/FR-05-et-FR-38-Le-Plateau-dAmparis-600x160.jpeg 600w\" sizes=\"(max-width: 1200px) 100vw, 1200px\" \/><\/figure>\n\n\n\n<h2 class=\"wp-block-heading\">Description de l&#8217;auteur<\/h2>\n\n\n\n<p><span style=\"font-size: 20px; font-family: arial, helvetica, sans-serif;\"><strong>Auteur <\/strong>: Guy Garcin<\/span><\/p>\n\n\n\n<p class=\"has-medium-font-size\"><span style=\"font-size: 20px; font-family: arial, helvetica, sans-serif;\"><strong>D\u00e9part <\/strong>: au centre du village de Mizo\u00ebn. Alt&nbsp;: 1187 m.<\/span><\/p>\n\n\n\n<p><\/p>\n\n\n\n<p class=\"has-medium-font-size\"><strong><span style=\"font-size: 20px; font-family: arial, helvetica, sans-serif;\">Descriptif touristique <\/span><\/strong><\/p>\n\n\n\n<p class=\"has-medium-font-size\">Superbe boucle \u00e0 VTT dans le plus grand alpage de France face aux glaciers de la Meije, parmi les lacs cristallins, les troupeaux et la flore d\u2019altitude.<\/p>\n\n\n\n<p class=\"has-medium-font-size\">Le plateau d&#8217;Emparis est situ\u00e9 \u00e0 plus de 2 000 m d&#8217;altitude sur les d\u00e9partements fran\u00e7ais de l&#8217;Is\u00e8re et des Hautes-Alpes. Il appartient au massif des Arves, il fait face au massif des \u00c9crins et notamment \u00e0 La Meije et au Rateau. Il se trouve sur les communes de Besse, Mizo\u00ebn et La Grave.<\/p>\n\n\n\n<p class=\"has-medium-font-size\">Le plateau d&#8217;Emparis, poss\u00e9dant une flore et une faune tr\u00e8s riches, fait partie des sites Natura 2000 fran\u00e7ais.<\/p>\n\n\n\n<p class=\"has-medium-font-size\">Le parcours traverse le tr\u00e8s beau village de Besse en Oisans avec ses maisons en pierre s\u00e8che.<\/p>\n\n\n\n<p class=\"has-medium-font-size\"><strong>4 cols<\/strong><\/p>\n\n\n\n<p class=\"has-medium-font-size\">1 &#8211; Col du Souchet <a href=\"https:\/\/centcols.org\/backup\/util\/geo\/visu.php?code=FR-05-2365\" target=\"_blank\" rel=\"noopener\" title=\"\">FR-05-2365 <\/a>&nbsp;<br>2 &#8211; La Br\u00e8che <a href=\"https:\/\/centcols.org\/backup\/util\/geo\/visu.php?code=FR-05-2390\" target=\"_blank\" rel=\"noopener\" title=\"\">FR-05-2390<\/a><br>3 &#8211; Col Saint Georges <a href=\"https:\/\/centcols.org\/backup\/util\/geo\/visu.php?code=FR-38-2245a\" target=\"_blank\" rel=\"noopener\" title=\"\">FR-38-2245a<\/a><br>4 &#8211; Col Nazi\u00e9 <a href=\"https:\/\/centcols.org\/backup\/util\/geo\/visu.php?code=FR-38-1902b\" target=\"_blank\" rel=\"noopener\" title=\"\">FR-38-1902b<\/a><\/p>\n\n\n\n<p class=\"has-medium-font-size\"><strong>Descriptif technique<\/strong><\/p>\n\n\n\n<p class=\"has-medium-font-size\">Sur les 41 km du parcours :<br>&#8211; 30 km se font sur des R1,<br>&nbsp;&#8211; 10 km environ sur le sentier en aller et retour vers le col du Souchet et la Br\u00eache, sentier cyclable estim\u00e9&nbsp;\u00e0 30 % environ,&nbsp;<br>&#8211; 90 m sur le sentier pour atteindre le Col Nazi\u00e9<\/p>\n\n\n\n<p class=\"has-medium-font-size\"><strong>Lien openrunner, carte interactive, profil, trace gpx<\/strong> <br><a href=\"https:\/\/www.openrunner.com\/route-details\/16807439\" target=\"_blank\" rel=\"noopener\" title=\"\">https:\/\/www.openrunner.com\/route-details\/16807439<\/a><\/p>\n\n\n\n<p class=\"has-medium-font-size\"><strong>Mots cl\u00e9s<\/strong> : Plateau d\u2019Amparis, Mizo\u00ebn, Besse-en-Oisans, centcols<\/p>\n\n\n\n<p class=\"has-medium-font-size\">Plus d&#8217;infos sur &#8220;Plateau d\u2019Emparis avec A.R. \u00e0 La Br\u00e8che &#8211; 2390m : <br><a href=\"https:\/\/love-velo.fr\/plateau-demparis-avec-a-r-a-la-breche-2390m\/\">https:\/\/love-velo.fr\/plateau-demparis-avec-a-r-a-la-breche-2390m\/<\/a><\/p>\n\n\n\n<p class=\"has-medium-font-size\">Cet itin\u00e9raire est propos\u00e9 \u00e0 titre indicatif. L&#8217;auteur d\u00e9gage sa responsabilit\u00e9 et celle du Club des Cent Cols en vertu des impond\u00e9rables dus au cycliste lui-m\u00eame, au mat\u00e9riel utilis\u00e9 et tout ce qui concerne la route, ses abords et les autres utilisateurs de celle-ci.<\/p>\n\n\n\n<p class=\"has-medium-font-size\">Ici, une&nbsp;<a href=\"https:\/\/centcols.org\/backup\/liste-parcours-cent-cols-sur-or-2\/\" target=\"_blank\" rel=\"noreferrer noopener\">vue exhaustive des parcours membres<\/a>&nbsp;du Club des Cent Cols<\/p>\n\n\n\n<h2 class=\"kt-adv-heading73820_1404e6-66 wp-block-kadence-advancedheading\" data-kb-block=\"kb-adv-heading73820_1404e6-66\">Photos<\/h2>\n\n\n\n<p class=\"has-medium-font-size\">Album photo : <a href=\"https:\/\/photos.app.goo.gl\/2i8gooLhewLex5Q16\">https:\/\/photos.app.goo.gl\/2i8gooLhewLex5Q16<\/a><\/p>\n\n\n<div class=\"wp-block-image\">\n<figure class=\"aligncenter size-large\"><img loading=\"lazy\" decoding=\"async\" width=\"1200\" height=\"612\" src=\"https:\/\/centcols.org\/backup\/wp-content\/uploads\/2023\/05\/Vue-depuis-le-gite-lAmparis-sur-le-lac-Chambon-1200x612.jpg\" alt=\"\" class=\"wp-image-73810\" srcset=\"https:\/\/centcols.org\/backup\/wp-content\/uploads\/2023\/05\/Vue-depuis-le-gite-lAmparis-sur-le-lac-Chambon-1200x612.jpg 1200w, https:\/\/centcols.org\/backup\/wp-content\/uploads\/2023\/05\/Vue-depuis-le-gite-lAmparis-sur-le-lac-Chambon-500x255.jpg 500w, https:\/\/centcols.org\/backup\/wp-content\/uploads\/2023\/05\/Vue-depuis-le-gite-lAmparis-sur-le-lac-Chambon-768x392.jpg 768w, https:\/\/centcols.org\/backup\/wp-content\/uploads\/2023\/05\/Vue-depuis-le-gite-lAmparis-sur-le-lac-Chambon-600x306.jpg 600w, https:\/\/centcols.org\/backup\/wp-content\/uploads\/2023\/05\/Vue-depuis-le-gite-lAmparis-sur-le-lac-Chambon.jpg 1373w\" sizes=\"(max-width: 1200px) 100vw, 1200px\" \/><figcaption class=\"wp-element-caption\"><strong>Vue depuis le g\u00eete<\/strong><\/figcaption><\/figure><\/div>\n\n<div class=\"wp-block-image\">\n<figure class=\"aligncenter size-large\"><img loading=\"lazy\" decoding=\"async\" width=\"1200\" height=\"675\" src=\"https:\/\/centcols.org\/backup\/wp-content\/uploads\/2023\/05\/Les-lacets-depuis-Mizoen-1200x675.jpg\" alt=\"\" class=\"wp-image-73798\" srcset=\"https:\/\/centcols.org\/backup\/wp-content\/uploads\/2023\/05\/Les-lacets-depuis-Mizoen-1200x675.jpg 1200w, https:\/\/centcols.org\/backup\/wp-content\/uploads\/2023\/05\/Les-lacets-depuis-Mizoen-500x281.jpg 500w, https:\/\/centcols.org\/backup\/wp-content\/uploads\/2023\/05\/Les-lacets-depuis-Mizoen-768x432.jpg 768w, https:\/\/centcols.org\/backup\/wp-content\/uploads\/2023\/05\/Les-lacets-depuis-Mizoen-600x337.jpg 600w, https:\/\/centcols.org\/backup\/wp-content\/uploads\/2023\/05\/Les-lacets-depuis-Mizoen.jpg 1245w\" sizes=\"(max-width: 1200px) 100vw, 1200px\" \/><figcaption class=\"wp-element-caption\"><strong>Les lacets depuis Mizo\u00ebn<\/strong><\/figcaption><\/figure><\/div>\n\n<div class=\"wp-block-image\">\n<figure class=\"aligncenter size-large\"><img loading=\"lazy\" decoding=\"async\" width=\"1200\" height=\"674\" src=\"https:\/\/centcols.org\/backup\/wp-content\/uploads\/2023\/05\/Vue-sur-le-Col-du-Coing-non-reconnu-1200x674.jpg\" alt=\"\" class=\"wp-image-73816\" srcset=\"https:\/\/centcols.org\/backup\/wp-content\/uploads\/2023\/05\/Vue-sur-le-Col-du-Coing-non-reconnu-1200x674.jpg 1200w, https:\/\/centcols.org\/backup\/wp-content\/uploads\/2023\/05\/Vue-sur-le-Col-du-Coing-non-reconnu-500x281.jpg 500w, https:\/\/centcols.org\/backup\/wp-content\/uploads\/2023\/05\/Vue-sur-le-Col-du-Coing-non-reconnu-768x431.jpg 768w, https:\/\/centcols.org\/backup\/wp-content\/uploads\/2023\/05\/Vue-sur-le-Col-du-Coing-non-reconnu-600x337.jpg 600w, https:\/\/centcols.org\/backup\/wp-content\/uploads\/2023\/05\/Vue-sur-le-Col-du-Coing-non-reconnu.jpg 1246w\" sizes=\"(max-width: 1200px) 100vw, 1200px\" \/><figcaption class=\"wp-element-caption\"><strong>Vue sur le &#8220;col du Coing&#8221; (non reconnu)<\/strong><\/figcaption><\/figure><\/div>\n\n<div class=\"wp-block-image\">\n<figure class=\"aligncenter size-large\"><img loading=\"lazy\" decoding=\"async\" width=\"1200\" height=\"674\" src=\"https:\/\/centcols.org\/backup\/wp-content\/uploads\/2023\/05\/La-piste-de-descente-au-retour-1200x674.jpg\" alt=\"\" class=\"wp-image-73786\" srcset=\"https:\/\/centcols.org\/backup\/wp-content\/uploads\/2023\/05\/La-piste-de-descente-au-retour-1200x674.jpg 1200w, https:\/\/centcols.org\/backup\/wp-content\/uploads\/2023\/05\/La-piste-de-descente-au-retour-500x281.jpg 500w, https:\/\/centcols.org\/backup\/wp-content\/uploads\/2023\/05\/La-piste-de-descente-au-retour-768x431.jpg 768w, https:\/\/centcols.org\/backup\/wp-content\/uploads\/2023\/05\/La-piste-de-descente-au-retour-600x337.jpg 600w, https:\/\/centcols.org\/backup\/wp-content\/uploads\/2023\/05\/La-piste-de-descente-au-retour.jpg 1246w\" sizes=\"(max-width: 1200px) 100vw, 1200px\" \/><figcaption class=\"wp-element-caption\"><strong>Les lacets de descente au retour<\/strong><\/figcaption><\/figure><\/div>\n\n<div class=\"wp-block-image\">\n<figure class=\"aligncenter size-large\"><img loading=\"lazy\" decoding=\"async\" width=\"1200\" height=\"674\" src=\"https:\/\/centcols.org\/backup\/wp-content\/uploads\/2023\/05\/Le-Plateau-dAmparis-1200x674.jpg\" alt=\"\" class=\"wp-image-73792\" srcset=\"https:\/\/centcols.org\/backup\/wp-content\/uploads\/2023\/05\/Le-Plateau-dAmparis-1200x674.jpg 1200w, https:\/\/centcols.org\/backup\/wp-content\/uploads\/2023\/05\/Le-Plateau-dAmparis-500x281.jpg 500w, https:\/\/centcols.org\/backup\/wp-content\/uploads\/2023\/05\/Le-Plateau-dAmparis-768x431.jpg 768w, https:\/\/centcols.org\/backup\/wp-content\/uploads\/2023\/05\/Le-Plateau-dAmparis-600x337.jpg 600w, https:\/\/centcols.org\/backup\/wp-content\/uploads\/2023\/05\/Le-Plateau-dAmparis.jpg 1246w\" sizes=\"(max-width: 1200px) 100vw, 1200px\" \/><figcaption class=\"wp-element-caption\"><strong>Le plateau d&#8217;Amparis<\/strong><\/figcaption><\/figure><\/div>\n\n<div class=\"wp-block-image\">\n<figure class=\"aligncenter size-large\"><img loading=\"lazy\" decoding=\"async\" width=\"1200\" height=\"537\" src=\"https:\/\/centcols.org\/backup\/wp-content\/uploads\/2023\/05\/Au-Col-du-Souchet-La-Meije-et-le-Rateau-1200x537.jpg\" alt=\"\" class=\"wp-image-73762\" srcset=\"https:\/\/centcols.org\/backup\/wp-content\/uploads\/2023\/05\/Au-Col-du-Souchet-La-Meije-et-le-Rateau-1200x537.jpg 1200w, https:\/\/centcols.org\/backup\/wp-content\/uploads\/2023\/05\/Au-Col-du-Souchet-La-Meije-et-le-Rateau-500x224.jpg 500w, https:\/\/centcols.org\/backup\/wp-content\/uploads\/2023\/05\/Au-Col-du-Souchet-La-Meije-et-le-Rateau-768x344.jpg 768w, https:\/\/centcols.org\/backup\/wp-content\/uploads\/2023\/05\/Au-Col-du-Souchet-La-Meije-et-le-Rateau-1536x687.jpg 1536w, https:\/\/centcols.org\/backup\/wp-content\/uploads\/2023\/05\/Au-Col-du-Souchet-La-Meije-et-le-Rateau-600x269.jpg 600w, https:\/\/centcols.org\/backup\/wp-content\/uploads\/2023\/05\/Au-Col-du-Souchet-La-Meije-et-le-Rateau.jpg 1564w\" sizes=\"(max-width: 1200px) 100vw, 1200px\" \/><figcaption class=\"wp-element-caption\"><strong>Au Col du Souchet, La Meije \u00e0 droite et le Rateau<\/strong><\/figcaption><\/figure><\/div>\n\n<div class=\"wp-block-image\">\n<figure class=\"aligncenter size-large\"><img loading=\"lazy\" decoding=\"async\" width=\"1143\" height=\"700\" src=\"https:\/\/centcols.org\/backup\/wp-content\/uploads\/2023\/05\/Vue-depuis-La-Breche.jpg\" alt=\"\" class=\"wp-image-73804\" srcset=\"https:\/\/centcols.org\/backup\/wp-content\/uploads\/2023\/05\/Vue-depuis-La-Breche.jpg 1143w, https:\/\/centcols.org\/backup\/wp-content\/uploads\/2023\/05\/Vue-depuis-La-Breche-500x306.jpg 500w, https:\/\/centcols.org\/backup\/wp-content\/uploads\/2023\/05\/Vue-depuis-La-Breche-768x470.jpg 768w, https:\/\/centcols.org\/backup\/wp-content\/uploads\/2023\/05\/Vue-depuis-La-Breche-600x367.jpg 600w\" sizes=\"(max-width: 1143px) 100vw, 1143px\" \/><figcaption class=\"wp-element-caption\"><strong>Vue depuis La Br\u00eache<\/strong><\/figcaption><\/figure><\/div>\n\n<div class=\"wp-block-image\">\n<figure class=\"aligncenter size-large\"><img decoding=\"async\" src=\"https:\/\/centcols.org\/backup\/util\/geo\/visu\/FR\/img\/1360\/8802.jpg\" alt=\"\"\/><figcaption class=\"wp-element-caption\"><strong>Col Saint Georges<\/strong><\/figcaption><\/figure><\/div>\n\n<div class=\"wp-block-image\">\n<figure class=\"aligncenter size-large\"><img decoding=\"async\" src=\"https:\/\/centcols.org\/backup\/util\/geo\/visu\/FR\/img\/1360\/2802.jpg\" alt=\"\"\/><figcaption class=\"wp-element-caption\"><strong>Col Nazie<\/strong><\/figcaption><\/figure><\/div>","protected":false},"excerpt":{"rendered":"<p>Description de l&#8217;auteur Auteur : Guy Garcin D\u00e9part : au centre du village de Mizo\u00ebn. Alt&nbsp;: 1187 m. Descriptif touristique Superbe boucle \u00e0 VTT dans le plus grand alpage de France face aux glaciers de la Meije, parmi les lacs cristallins, les troupeaux et la flore d\u2019altitude. Le plateau d&#8217;Emparis est situ\u00e9 \u00e0 plus de [&hellip;]<\/p>\n","protected":false},"author":397,"featured_media":0,"comment_status":"closed","ping_status":"closed","sticky":false,"template":"","format":"standard","meta":{"_acf_changed":false,"ub_ctt_via":"","_monsterinsights_skip_tracking":false,"_monsterinsights_sitenote_active":false,"_monsterinsights_sitenote_note":"","_monsterinsights_sitenote_category":0,"footnotes":""},"categories":[600,602],"tags":[],"acf":[],"featured_image_urls":{"full":"","thumbnail":"","medium":"","medium_large":"","large":"","1536x1536":"","2048x2048":"","woocommerce_thumbnail":"","woocommerce_single":"","woocommerce_gallery_thumbnail":""},"post_excerpt_stackable":"<p>Description de l&#8217;auteur Auteur : Guy Garcin D\u00e9part : au centre du village de Mizo\u00ebn. Alt&nbsp;: 1187 m. Descriptif touristique Superbe boucle \u00e0 VTT dans le plus grand alpage de France face aux glaciers de la Meije, parmi les lacs cristallins, les troupeaux et la flore d\u2019altitude. Le plateau d&#8217;Emparis est situ\u00e9 \u00e0 plus de 2 000 m d&#8217;altitude sur les d\u00e9partements fran\u00e7ais de l&#8217;Is\u00e8re et des Hautes-Alpes. Il appartient au massif des Arves, il fait face au massif des \u00c9crins et notamment \u00e0 La Meije et au Rateau. Il se trouve sur les communes de Besse, Mizo\u00ebn et La\u2026<\/p>\n","category_list":"<a href=\"https:\/\/centcols.org\/backup\/categorie\/parcours-des-membres\/\" rel=\"category tag\">Parcours des membres<\/a>, <a href=\"https:\/\/centcols.org\/backup\/categorie\/parcours-des-membres\/parcours-france\/\" rel=\"category tag\">Parcours France<\/a>","author_info":{"display_name":"Denis Chouquet-Stringer","author_link":"https:\/\/centcols.org\/backup\/author\/6183\/"},"comments_num":"0 commentaire","featured_image_urls_v2":{"full":"","thumbnail":"","medium":"","medium_large":"","large":"","1536x1536":"","2048x2048":"","woocommerce_thumbnail":"","woocommerce_single":"","woocommerce_gallery_thumbnail":""},"post_excerpt_stackable_v2":"<p>Description de l&#8217;auteur Auteur : Guy Garcin D\u00e9part : au centre du village de Mizo\u00ebn. Alt&nbsp;: 1187 m. Descriptif touristique Superbe boucle \u00e0 VTT dans le plus grand alpage de France face aux glaciers de la Meije, parmi les lacs cristallins, les troupeaux et la flore d\u2019altitude. Le plateau d&#8217;Emparis est situ\u00e9 \u00e0 plus de 2 000 m d&#8217;altitude sur les d\u00e9partements fran\u00e7ais de l&#8217;Is\u00e8re et des Hautes-Alpes. Il appartient au massif des Arves, il fait face au massif des \u00c9crins et notamment \u00e0 La Meije et au Rateau. Il se trouve sur les communes de Besse, Mizo\u00ebn et La\u2026<\/p>\n","category_list_v2":"<a href=\"https:\/\/centcols.org\/backup\/categorie\/parcours-des-membres\/\" rel=\"category tag\">Parcours des membres<\/a>, <a href=\"https:\/\/centcols.org\/backup\/categorie\/parcours-des-membres\/parcours-france\/\" rel=\"category tag\">Parcours France<\/a>","author_info_v2":{"name":"Denis Chouquet-Stringer","url":"https:\/\/centcols.org\/backup\/author\/6183\/"},"comments_num_v2":"0 commentaire","featured_image_src":null,"_links":{"self":[{"href":"https:\/\/centcols.org\/backup\/wp-json\/wp\/v2\/posts\/73820"}],"collection":[{"href":"https:\/\/centcols.org\/backup\/wp-json\/wp\/v2\/posts"}],"about":[{"href":"https:\/\/centcols.org\/backup\/wp-json\/wp\/v2\/types\/post"}],"author":[{"embeddable":true,"href":"https:\/\/centcols.org\/backup\/wp-json\/wp\/v2\/users\/397"}],"replies":[{"embeddable":true,"href":"https:\/\/centcols.org\/backup\/wp-json\/wp\/v2\/comments?post=73820"}],"version-history":[{"count":0,"href":"https:\/\/centcols.org\/backup\/wp-json\/wp\/v2\/posts\/73820\/revisions"}],"wp:attachment":[{"href":"https:\/\/centcols.org\/backup\/wp-json\/wp\/v2\/media?parent=73820"}],"wp:term":[{"taxonomy":"category","embeddable":true,"href":"https:\/\/centcols.org\/backup\/wp-json\/wp\/v2\/categories?post=73820"},{"taxonomy":"post_tag","embeddable":true,"href":"https:\/\/centcols.org\/backup\/wp-json\/wp\/v2\/tags?post=73820"}],"curies":[{"name":"wp","href":"https:\/\/api.w.org\/{rel}","templated":true}]}}