{"id":73869,"date":"2023-08-20T17:42:23","date_gmt":"2023-08-20T15:42:23","guid":{"rendered":"https:\/\/centcols.org\/backup\/?page_id=73869"},"modified":"2023-11-22T17:11:10","modified_gmt":"2023-11-22T16:11:10","slug":"de-bw-gaggenau-foret-noire","status":"publish","type":"post","link":"https:\/\/centcols.org\/backup\/de-bw-gaggenau-foret-noire\/","title":{"rendered":"DE-BW For\u00eat Noire Gaggenau &#8211; VTT 120 km, D+ 2750 m, 12 cols"},"content":{"rendered":"\n<figure class=\"wp-block-image size-large is-resized\"><img loading=\"lazy\" decoding=\"async\" width=\"897\" height=\"536\" src=\"https:\/\/centcols.org\/backup\/wp-content\/uploads\/2023\/05\/Capture-decran-2023-05-22-160959.jpg\" alt=\"\" class=\"wp-image-73842\" srcset=\"https:\/\/centcols.org\/backup\/wp-content\/uploads\/2023\/05\/Capture-decran-2023-05-22-160959.jpg 897w, https:\/\/centcols.org\/backup\/wp-content\/uploads\/2023\/05\/Capture-decran-2023-05-22-160959-500x299.jpg 500w, https:\/\/centcols.org\/backup\/wp-content\/uploads\/2023\/05\/Capture-decran-2023-05-22-160959-768x459.jpg 768w, https:\/\/centcols.org\/backup\/wp-content\/uploads\/2023\/05\/Capture-decran-2023-05-22-160959-600x359.jpg 600w\" sizes=\"(max-width: 897px) 100vw, 897px\" \/><\/figure>\n\n\n\n<figure class=\"wp-block-image size-large\"><img loading=\"lazy\" decoding=\"async\" width=\"1200\" height=\"320\" src=\"https:\/\/centcols.org\/backup\/wp-content\/uploads\/2023\/05\/DE-BW-Foret-Noire-Gaggenau-1200x320.jpeg\" alt=\"\" class=\"wp-image-73848\" srcset=\"https:\/\/centcols.org\/backup\/wp-content\/uploads\/2023\/05\/DE-BW-Foret-Noire-Gaggenau-1200x320.jpeg 1200w, https:\/\/centcols.org\/backup\/wp-content\/uploads\/2023\/05\/DE-BW-Foret-Noire-Gaggenau-500x133.jpeg 500w, https:\/\/centcols.org\/backup\/wp-content\/uploads\/2023\/05\/DE-BW-Foret-Noire-Gaggenau-768x205.jpeg 768w, https:\/\/centcols.org\/backup\/wp-content\/uploads\/2023\/05\/DE-BW-Foret-Noire-Gaggenau-1536x410.jpeg 1536w, https:\/\/centcols.org\/backup\/wp-content\/uploads\/2023\/05\/DE-BW-Foret-Noire-Gaggenau-2048x546.jpeg 2048w, https:\/\/centcols.org\/backup\/wp-content\/uploads\/2023\/05\/DE-BW-Foret-Noire-Gaggenau-600x160.jpeg 600w\" sizes=\"(max-width: 1200px) 100vw, 1200px\" \/><\/figure>\n\n\n\n<h2 class=\"wp-block-heading\">Description de l&#8217;auteur<\/h2>\n\n\n\n<p class=\"has-medium-font-size\"><span style=\"font-size: 20px; font-family: arial, helvetica, sans-serif;\"><strong>Auteur <\/strong>: Jean-Luc Ceccato<\/span><\/p>\n\n\n\n<p class=\"has-medium-font-size\"><span style=\"font-family: arial, helvetica, sans-serif;\"><span style=\"font-size: 20px;\"><strong>D\u00e9part <\/strong>: Gaggenau: aire de stationnement pr\u00e8s du Waldfriedhof (cimeti\u00e8re), rive droite de la<\/span> Murg, au niveau du carrefour entre la MichelBacher Strasse et la Kniebisstrasse.<\/span><\/p>\n\n\n\n<p class=\"has-medium-font-size\"><strong>Parcours <\/strong>effectu\u00e9 le 31\/08\/2019<\/p>\n\n\n\n<p class=\"has-medium-font-size\"><strong>12 cols<\/strong><\/p>\n\n\n\n<p class=\"has-medium-font-size\">1 &#8211; Haubensattel <a href=\"https:\/\/centcols.org\/backup\/util\/geo\/visu.php?code=DE-BW-0385a\" target=\"_blank\" rel=\"noopener\" title=\"\">DE-BW-0385a<\/a><br>2 &#8211; Monchkopfsattel <a href=\"https:\/\/centcols.org\/backup\/util\/geo\/visu.php?code=DE-BW-0526\" target=\"_blank\" rel=\"noopener\" title=\"\">DE-BW-0526<\/a><br>3 &#8211; Dreieck <a href=\"https:\/\/centcols.org\/backup\/util\/geo\/visu.php?code=DE-BW-0469\" target=\"_blank\" rel=\"noopener\" title=\"\">DE-BW-0469<\/a><br>4 &#8211; Hohe <a href=\"https:\/\/centcols.org\/backup\/util\/geo\/visu.php?code=DE-BW-0352\" target=\"_blank\" rel=\"noopener\" title=\"\">DE-BW-0352<\/a><br>5 &#8211; Weithauslesplatz <a href=\"https:\/\/centcols.org\/backup\/util\/geo\/visu.php?code=DE-BW-0822a\" target=\"_blank\" rel=\"noopener\" title=\"\">DE-BW-0822a<\/a><br>6 &#8211; Heselsteig <a href=\"https:\/\/centcols.org\/backup\/util\/geo\/visu.php?code=DE-BW-0688\" target=\"_blank\" rel=\"noopener\" title=\"\">DE-BW-0688<\/a><br>7 &#8211; Sattel <a href=\"https:\/\/centcols.org\/backup\/util\/geo\/visu.php?code=DE-BW-0717\" target=\"_blank\" rel=\"noopener\" title=\"\">DE-BW-0717<\/a><br>8 &#8211; Viereichensattel <a href=\"https:\/\/centcols.org\/backup\/util\/geo\/visu.php?code=DE-BW-0912\" target=\"_blank\" rel=\"noopener\" title=\"\">DE-BW-0912<\/a><br>9 &#8211; Schwarzmissattel <a href=\"https:\/\/centcols.org\/backup\/util\/geo\/visu.php?code=DE-BW-0934\" target=\"_blank\" rel=\"noopener\" title=\"\">DE-BW-0934<\/a><br>10 &#8211; Wolfschlucht <a href=\"https:\/\/centcols.org\/backup\/util\/geo\/visu.php?code=DE-BW-0381a\" target=\"_blank\" rel=\"noopener\" title=\"\">DE-BW-0381a<\/a><br>11 &#8211; Selbacher Hohe <a href=\"https:\/\/centcols.org\/backup\/util\/geo\/visu.php?code=DE-BW-0221\" target=\"_blank\" rel=\"noopener\" title=\"\">DE-BW-0221<\/a><br>12 &#8211; Meisternebene <a href=\"https:\/\/centcols.org\/backup\/util\/geo\/visu.php?code=DE-BW-0707a\" target=\"_blank\" rel=\"noopener\" title=\"\">DE-BW-0707a<\/a><\/p>\n\n\n\n<p class=\"has-medium-font-size\"><strong>Descriptif technique<\/strong><\/p>\n\n\n\n<p class=\"has-medium-font-size\">Ce parcours ne pr\u00e9sente pas de difficult\u00e9s majeures, et a \u00e9t\u00e9 effectu\u00e9 avec un VTT en pneus route de 40, sans aucun soucis. La seule petite difficult\u00e9 est l\u2019acc\u00e8s au col DE-BW-0688, qui se trouve \u00e0 100 m du chemin dans les fourr\u00e9s.<\/p>\n\n\n\n<p class=\"has-medium-font-size\">Comme la plupart des parcours en For\u00eat Noire, on est confront\u00e9 souvent \u00e0 des pentes assez raides<\/p>\n\n\n\n<p class=\"has-medium-font-size\">En 2019 les cols n\u00b0 11 et 12 n\u2019\u00e9taient pas r\u00e9f\u00e9renc\u00e9s. Ces deux cols sont tr\u00e8s proche du parcours que j\u2019avais trac\u00e9 \u00e0 l\u2019\u00e9poque. Donc ne pas oublier de les int\u00e9grer, en modifiant l\u00e9g\u00e8rement le parcours<\/p>\n\n\n\n<p class=\"has-medium-font-size\">Ce parcours est compos\u00e9 environ 80% de routes asphalt\u00e9es et le reste de belles pistes roulantes. Il est assez long, mais tout \u00e0 fait faisable car tr\u00e8s roulant. On peut aussi le scinder en deux dans un axe entre le village de Gernsbach et celui de Bad Herrenald.<\/p>\n\n\n\n<p class=\"has-medium-font-size\"><strong>Lien openrunner, carte interactive, profil, trace gpx<\/strong> <br><a href=\"https:\/\/www.openrunner.com\/route-details\/16372478\" target=\"_blank\" rel=\"noopener\" title=\"\">https:\/\/www.openrunner.com\/route-details\/16372478<\/a><\/p>\n\n\n\n<p class=\"has-medium-font-size\"><strong>Mots cl\u00e9s<\/strong> : For\u00eat Noire, Gaggenau, centcols<\/p>\n\n\n\n<p class=\"has-medium-font-size\">Cet itin\u00e9raire est propos\u00e9 \u00e0 titre indicatif. L&#8217;auteur d\u00e9gage sa responsabilit\u00e9 et celle du Club des Cent Cols en vertu des impond\u00e9rables dus au cycliste lui-m\u00eame, au mat\u00e9riel utilis\u00e9 et tout ce qui concerne la route, ses abords et les autres utilisateurs de celle-ci.<\/p>\n\n\n\n<p class=\"has-medium-font-size\">Ici, une&nbsp;<a href=\"https:\/\/centcols.org\/backup\/liste-parcours-cent-cols-sur-or-2\/\" target=\"_blank\" rel=\"noreferrer noopener\">vue exhaustive des parcours membres<\/a>&nbsp;du Club des Cent Cols<\/p>\n\n\n\n<h2 class=\"kt-adv-heading73869_7456b3-99 wp-block-kadence-advancedheading\" data-kb-block=\"kb-adv-heading73869_7456b3-99\">Photos<\/h2>\n\n\n<div class=\"wp-block-image\">\n<figure class=\"aligncenter size-large\"><img decoding=\"async\" src=\"https:\/\/centcols.org\/backup\/util\/geo\/visu\/DE\/img\/1094\/7501.jpg\" alt=\"\"\/><figcaption class=\"wp-element-caption\"><strong>Monchkopfsattel<\/strong><\/figcaption><\/figure><\/div>\n\n<div class=\"wp-block-image\">\n<figure class=\"aligncenter size-large\"><img decoding=\"async\" src=\"https:\/\/centcols.org\/backup\/util\/geo\/visu\/DE\/img\/1097\/5700.jpg\" alt=\"\"\/><figcaption class=\"wp-element-caption\"><strong>Viereichensattel<\/strong><\/figcaption><\/figure><\/div>\n\n<div class=\"wp-block-image\">\n<figure class=\"aligncenter size-large\"><img loading=\"lazy\" decoding=\"async\" width=\"1000\" height=\"700\" src=\"https:\/\/centcols.org\/backup\/wp-content\/uploads\/2023\/05\/2NzpZSjn9zqyuZCWTF4vVosw8Z2-1.jpg\" alt=\"\" class=\"wp-image-73861\" srcset=\"https:\/\/centcols.org\/backup\/wp-content\/uploads\/2023\/05\/2NzpZSjn9zqyuZCWTF4vVosw8Z2-1.jpg 1000w, https:\/\/centcols.org\/backup\/wp-content\/uploads\/2023\/05\/2NzpZSjn9zqyuZCWTF4vVosw8Z2-1-500x350.jpg 500w, https:\/\/centcols.org\/backup\/wp-content\/uploads\/2023\/05\/2NzpZSjn9zqyuZCWTF4vVosw8Z2-1-768x538.jpg 768w, https:\/\/centcols.org\/backup\/wp-content\/uploads\/2023\/05\/2NzpZSjn9zqyuZCWTF4vVosw8Z2-1-600x420.jpg 600w\" sizes=\"(max-width: 1000px) 100vw, 1000px\" \/><\/figure><\/div>\n\n<div class=\"wp-block-image\">\n<figure class=\"aligncenter size-large is-resized\"><img loading=\"lazy\" decoding=\"async\" width=\"750\" height=\"957\" src=\"https:\/\/centcols.org\/backup\/wp-content\/uploads\/2023\/05\/2NzpjHIXWKqiSDsjXMaYn6Tp7Kg-1.jpg\" alt=\"\" class=\"wp-image-73855\" style=\"width:780px;height:995px\" srcset=\"https:\/\/centcols.org\/backup\/wp-content\/uploads\/2023\/05\/2NzpjHIXWKqiSDsjXMaYn6Tp7Kg-1.jpg 750w, https:\/\/centcols.org\/backup\/wp-content\/uploads\/2023\/05\/2NzpjHIXWKqiSDsjXMaYn6Tp7Kg-1-392x500.jpg 392w, https:\/\/centcols.org\/backup\/wp-content\/uploads\/2023\/05\/2NzpjHIXWKqiSDsjXMaYn6Tp7Kg-1-600x766.jpg 600w\" sizes=\"(max-width: 750px) 100vw, 750px\" \/><figcaption class=\"wp-element-caption\"><strong>Ancienne borne communale<\/strong><\/figcaption><\/figure><\/div>\n\n<div class=\"wp-block-image\">\n<figure class=\"aligncenter size-large\"><img decoding=\"async\" src=\"https:\/\/centcols.org\/backup\/util\/geo\/visu\/DE\/img\/1093\/3001.jpg\" alt=\"\"\/><figcaption class=\"wp-element-caption\"><strong>Selbacher Hohe<\/strong><\/figcaption><\/figure><\/div>\n\n\n<p><\/p>\n","protected":false},"excerpt":{"rendered":"<p>Description de l&#8217;auteur Auteur : Jean-Luc Ceccato D\u00e9part : Gaggenau: aire de stationnement pr\u00e8s du Waldfriedhof (cimeti\u00e8re), rive droite de la Murg, au niveau du carrefour entre la MichelBacher Strasse et la Kniebisstrasse. Parcours effectu\u00e9 le 31\/08\/2019 12 cols 1 &#8211; Haubensattel DE-BW-0385a2 &#8211; Monchkopfsattel DE-BW-05263 &#8211; Dreieck DE-BW-04694 &#8211; Hohe DE-BW-03525 &#8211; Weithauslesplatz DE-BW-0822a6 [&hellip;]<\/p>\n","protected":false},"author":397,"featured_media":0,"comment_status":"closed","ping_status":"closed","sticky":false,"template":"","format":"standard","meta":{"_acf_changed":false,"ub_ctt_via":"","_monsterinsights_skip_tracking":false,"_monsterinsights_sitenote_active":false,"_monsterinsights_sitenote_note":"","_monsterinsights_sitenote_category":0,"footnotes":""},"categories":[604,600],"tags":[],"acf":[],"featured_image_urls":{"full":"","thumbnail":"","medium":"","medium_large":"","large":"","1536x1536":"","2048x2048":"","woocommerce_thumbnail":"","woocommerce_single":"","woocommerce_gallery_thumbnail":""},"post_excerpt_stackable":"<p>Description de l&#8217;auteur Auteur : Jean-Luc Ceccato D\u00e9part : Gaggenau: aire de stationnement pr\u00e8s du Waldfriedhof (cimeti\u00e8re), rive droite de la Murg, au niveau du carrefour entre la MichelBacher Strasse et la Kniebisstrasse. Parcours effectu\u00e9 le 31\/08\/2019 12 cols 1 &#8211; Haubensattel DE-BW-0385a2 &#8211; Monchkopfsattel DE-BW-05263 &#8211; Dreieck DE-BW-04694 &#8211; Hohe DE-BW-03525 &#8211; Weithauslesplatz DE-BW-0822a6 &#8211; Heselsteig DE-BW-06887 &#8211; Sattel DE-BW-07178 &#8211; Viereichensattel DE-BW-09129 &#8211; Schwarzmissattel DE-BW-093410 &#8211; Wolfschlucht DE-BW-0381a11 &#8211; Selbacher Hohe DE-BW-022112 &#8211; Meisternebene DE-BW-0707a Descriptif technique Ce parcours ne pr\u00e9sente pas de difficult\u00e9s majeures, et a \u00e9t\u00e9 effectu\u00e9 avec un VTT en pneus route de 40, sans\u2026<\/p>\n","category_list":"<a href=\"https:\/\/centcols.org\/backup\/categorie\/parcours-des-membres\/fr-hors-cahier-des-charges\/\" rel=\"category tag\">Non labellis\u00e9s Cent Cols<\/a>, <a href=\"https:\/\/centcols.org\/backup\/categorie\/parcours-des-membres\/\" rel=\"category tag\">Parcours des membres<\/a>","author_info":{"display_name":"Denis Chouquet-Stringer","author_link":"https:\/\/centcols.org\/backup\/author\/6183\/"},"comments_num":"0 commentaire","featured_image_urls_v2":{"full":"","thumbnail":"","medium":"","medium_large":"","large":"","1536x1536":"","2048x2048":"","woocommerce_thumbnail":"","woocommerce_single":"","woocommerce_gallery_thumbnail":""},"post_excerpt_stackable_v2":"<p>Description de l&#8217;auteur Auteur : Jean-Luc Ceccato D\u00e9part : Gaggenau: aire de stationnement pr\u00e8s du Waldfriedhof (cimeti\u00e8re), rive droite de la Murg, au niveau du carrefour entre la MichelBacher Strasse et la Kniebisstrasse. Parcours effectu\u00e9 le 31\/08\/2019 12 cols 1 &#8211; Haubensattel DE-BW-0385a2 &#8211; Monchkopfsattel DE-BW-05263 &#8211; Dreieck DE-BW-04694 &#8211; Hohe DE-BW-03525 &#8211; Weithauslesplatz DE-BW-0822a6 &#8211; Heselsteig DE-BW-06887 &#8211; Sattel DE-BW-07178 &#8211; Viereichensattel DE-BW-09129 &#8211; Schwarzmissattel DE-BW-093410 &#8211; Wolfschlucht DE-BW-0381a11 &#8211; Selbacher Hohe DE-BW-022112 &#8211; Meisternebene DE-BW-0707a Descriptif technique Ce parcours ne pr\u00e9sente pas de difficult\u00e9s majeures, et a \u00e9t\u00e9 effectu\u00e9 avec un VTT en pneus route de 40, sans\u2026<\/p>\n","category_list_v2":"<a href=\"https:\/\/centcols.org\/backup\/categorie\/parcours-des-membres\/fr-hors-cahier-des-charges\/\" rel=\"category tag\">Non labellis\u00e9s Cent Cols<\/a>, <a href=\"https:\/\/centcols.org\/backup\/categorie\/parcours-des-membres\/\" rel=\"category tag\">Parcours des membres<\/a>","author_info_v2":{"name":"Denis Chouquet-Stringer","url":"https:\/\/centcols.org\/backup\/author\/6183\/"},"comments_num_v2":"0 commentaire","featured_image_src":null,"_links":{"self":[{"href":"https:\/\/centcols.org\/backup\/wp-json\/wp\/v2\/posts\/73869"}],"collection":[{"href":"https:\/\/centcols.org\/backup\/wp-json\/wp\/v2\/posts"}],"about":[{"href":"https:\/\/centcols.org\/backup\/wp-json\/wp\/v2\/types\/post"}],"author":[{"embeddable":true,"href":"https:\/\/centcols.org\/backup\/wp-json\/wp\/v2\/users\/397"}],"replies":[{"embeddable":true,"href":"https:\/\/centcols.org\/backup\/wp-json\/wp\/v2\/comments?post=73869"}],"version-history":[{"count":0,"href":"https:\/\/centcols.org\/backup\/wp-json\/wp\/v2\/posts\/73869\/revisions"}],"wp:attachment":[{"href":"https:\/\/centcols.org\/backup\/wp-json\/wp\/v2\/media?parent=73869"}],"wp:term":[{"taxonomy":"category","embeddable":true,"href":"https:\/\/centcols.org\/backup\/wp-json\/wp\/v2\/categories?post=73869"},{"taxonomy":"post_tag","embeddable":true,"href":"https:\/\/centcols.org\/backup\/wp-json\/wp\/v2\/tags?post=73869"}],"curies":[{"name":"wp","href":"https:\/\/api.w.org\/{rel}","templated":true}]}}