{"id":73906,"date":"2023-08-19T16:13:00","date_gmt":"2023-08-19T14:13:00","guid":{"rendered":"https:\/\/centcols.org\/backup\/?page_id=73906"},"modified":"2023-11-17T20:40:30","modified_gmt":"2023-11-17T19:40:30","slug":"de-bw-gengenbach-foret-noire","status":"publish","type":"post","link":"https:\/\/centcols.org\/backup\/de-bw-gengenbach-foret-noire\/","title":{"rendered":"DE-BW For\u00eat Noire Gengenbach &#8211; Gravel 69 km, D+ 2080 m, 25 cols"},"content":{"rendered":"<div class=\"wp-block-image\">\n<figure class=\"aligncenter size-large is-resized\"><img loading=\"lazy\" decoding=\"async\" width=\"1125\" height=\"672\" src=\"https:\/\/centcols.org\/backup\/wp-content\/uploads\/2023\/05\/Capture-decran-2023-05-22-181022.jpg\" alt=\"\" class=\"wp-image-73885\" style=\"width:1127px;height:672px\" srcset=\"https:\/\/centcols.org\/backup\/wp-content\/uploads\/2023\/05\/Capture-decran-2023-05-22-181022.jpg 1125w, https:\/\/centcols.org\/backup\/wp-content\/uploads\/2023\/05\/Capture-decran-2023-05-22-181022-500x299.jpg 500w, https:\/\/centcols.org\/backup\/wp-content\/uploads\/2023\/05\/Capture-decran-2023-05-22-181022-768x459.jpg 768w, https:\/\/centcols.org\/backup\/wp-content\/uploads\/2023\/05\/Capture-decran-2023-05-22-181022-600x358.jpg 600w\" sizes=\"(max-width: 1125px) 100vw, 1125px\" \/><\/figure><\/div>\n\n\n<figure class=\"wp-block-image size-large\"><img loading=\"lazy\" decoding=\"async\" width=\"1200\" height=\"320\" src=\"https:\/\/centcols.org\/backup\/wp-content\/uploads\/2023\/05\/DE-BW-Foret-Noire-Gengenbach-1200x320.jpeg\" alt=\"\" class=\"wp-image-73897\" srcset=\"https:\/\/centcols.org\/backup\/wp-content\/uploads\/2023\/05\/DE-BW-Foret-Noire-Gengenbach-1200x320.jpeg 1200w, https:\/\/centcols.org\/backup\/wp-content\/uploads\/2023\/05\/DE-BW-Foret-Noire-Gengenbach-500x133.jpeg 500w, https:\/\/centcols.org\/backup\/wp-content\/uploads\/2023\/05\/DE-BW-Foret-Noire-Gengenbach-768x205.jpeg 768w, https:\/\/centcols.org\/backup\/wp-content\/uploads\/2023\/05\/DE-BW-Foret-Noire-Gengenbach-1536x410.jpeg 1536w, https:\/\/centcols.org\/backup\/wp-content\/uploads\/2023\/05\/DE-BW-Foret-Noire-Gengenbach-2048x546.jpeg 2048w, https:\/\/centcols.org\/backup\/wp-content\/uploads\/2023\/05\/DE-BW-Foret-Noire-Gengenbach-600x160.jpeg 600w\" sizes=\"(max-width: 1200px) 100vw, 1200px\" \/><\/figure>\n\n\n\n<h2 class=\"wp-block-heading\">Description de l&#8217;auteur<\/h2>\n\n\n\n<p class=\"has-medium-font-size\"><span style=\"font-size: 20px; font-family: arial, helvetica, sans-serif;\"><strong>Auteur <\/strong>: Jean-Luc Ceccato<\/span><\/p>\n\n\n\n<p class=\"has-medium-font-size\"><span style=\"font-family: arial, helvetica, sans-serif;\"><span style=\"font-size: 20px;\"><strong>D\u00e9part <\/strong>: <\/span><\/span>A Gengenbach se garer le long de la Friedrichstrasse qui longe le chemin de fer au niveau de l\u2019\u00e9glise. Alt : 175 m<\/p>\n\n\n\n<p class=\"has-medium-font-size\"><strong>Parcours <\/strong>effectu\u00e9 le 11\/08\/2020<\/p>\n\n\n\n<p class=\"has-medium-font-size\"><strong>Descriptif touristique<\/strong><\/p>\n\n\n\n<p class=\"has-medium-font-size\">A mi-chemin du parcours entre le 25\u00e8me et 30\u00e8me km vous trouverez plusieurs chalets avec point de vue agr\u00e9able permettant de faire une belle pause casse-croute.<\/p>\n\n\n\n<p class=\"has-medium-font-size\">Passage \u00e0 proximit\u00e9 du ch\u00e2teau bien conserv\u00e9 d&#8217;Ortenberg<\/p>\n\n\n\n<p class=\"has-medium-font-size\"><strong>25 cols<\/strong><\/p>\n\n\n\n<p class=\"has-medium-font-size\">1 &#8211; Eck Kapelle &nbsp;&nbsp;&nbsp;&nbsp;&nbsp;&nbsp;&nbsp;&nbsp;&nbsp;&nbsp;&nbsp;&nbsp;&nbsp;&nbsp;&nbsp;&nbsp;&nbsp;&nbsp;&nbsp;&nbsp;&nbsp;&nbsp;&nbsp;&nbsp;&nbsp;&nbsp;&nbsp;&nbsp;&nbsp;&nbsp;&nbsp;&nbsp; <a href=\"https:\/\/centcols.org\/backup\/util\/geo\/visuGen.php?code=DE-BW-0235\" target=\"_blank\" rel=\"noopener\" title=\"\">DE-BW-0235<\/a><br>2 &#8211; Satteleck &nbsp;&nbsp;&nbsp;&nbsp;&nbsp;&nbsp;&nbsp;&nbsp;&nbsp;&nbsp;&nbsp;&nbsp;&nbsp;&nbsp;&nbsp;&nbsp;&nbsp;&nbsp;&nbsp;&nbsp;&nbsp;&nbsp;&nbsp;&nbsp;&nbsp;&nbsp;&nbsp;&nbsp;&nbsp;&nbsp;&nbsp;&nbsp;&nbsp;&nbsp;&nbsp;&nbsp;&nbsp; <a href=\"https:\/\/centcols.org\/backup\/util\/geo\/visuGen.php?code=DE-BW-0338\" target=\"_blank\" rel=\"noopener\" title=\"\">DE-BW-0338<\/a><br>3 &#8211; Pfaffenbacher Eck &nbsp;&nbsp;&nbsp;&nbsp;&nbsp;&nbsp;&nbsp;&nbsp;&nbsp;&nbsp;&nbsp;&nbsp;&nbsp;&nbsp;&nbsp;&nbsp;&nbsp;&nbsp;&nbsp;  <a href=\"https:\/\/centcols.org\/backup\/util\/geo\/visuGen.php?code=DE-BW-0543\" target=\"_blank\" rel=\"noopener\" title=\"\">DE-BW-0543<\/a><br>4 &#8211; Haseneck &nbsp;&nbsp;&nbsp;&nbsp;&nbsp;&nbsp;&nbsp;&nbsp;&nbsp;&nbsp;&nbsp;&nbsp;&nbsp;&nbsp;&nbsp;&nbsp;&nbsp;&nbsp;&nbsp;&nbsp;&nbsp;&nbsp;&nbsp;&nbsp;&nbsp;&nbsp;&nbsp;&nbsp;&nbsp;&nbsp;&nbsp;&nbsp;&nbsp;&nbsp;&nbsp;&nbsp; <a href=\"https:\/\/centcols.org\/backup\/util\/geo\/visuGen.php?code=DE-BW-0490\" target=\"_blank\" rel=\"noopener\" title=\"\">DE-BW-0490<\/a><br>5 &#8211; Schnaitberg Eck &nbsp;&nbsp;&nbsp;&nbsp;&nbsp;&nbsp;&nbsp;&nbsp;&nbsp;&nbsp;&nbsp;&nbsp;&nbsp;&nbsp;&nbsp;&nbsp;&nbsp;&nbsp;&nbsp;&nbsp;&nbsp;&nbsp;&nbsp;  <a href=\"https:\/\/centcols.org\/backup\/util\/geo\/visuGen.php?code=DE-BW-0565\" target=\"_blank\" rel=\"noopener\" title=\"\">DE-BW-0565<\/a><br>6 &#8211; Landgrabeneck &nbsp;&nbsp;&nbsp;&nbsp;&nbsp;&nbsp;&nbsp;&nbsp;&nbsp;&nbsp;&nbsp;&nbsp;&nbsp;&nbsp;&nbsp;&nbsp;&nbsp;&nbsp;&nbsp;&nbsp;&nbsp;&nbsp;&nbsp;&nbsp;  <a href=\"https:\/\/centcols.org\/backup\/util\/geo\/visuGen.php?code=DE-BW-0610a\" target=\"_blank\" rel=\"noopener\" title=\"\">DE-BW-0610a<\/a><br>7 &#8211; Kornebene &nbsp;&nbsp;&nbsp;&nbsp;&nbsp;&nbsp;&nbsp;&nbsp;&nbsp;&nbsp;&nbsp;&nbsp;&nbsp;&nbsp;&nbsp;&nbsp;&nbsp;&nbsp;&nbsp;&nbsp;&nbsp;&nbsp;&nbsp;&nbsp;&nbsp;&nbsp;&nbsp;&nbsp;&nbsp;&nbsp;&nbsp;&nbsp;&nbsp; <a href=\"https:\/\/centcols.org\/backup\/util\/geo\/visuGen.php?code=DE-BW-0632\" target=\"_blank\" rel=\"noopener\" title=\"\">DE-BW-0632<\/a><br>8 &#8211; Diebsebene &nbsp;&nbsp;&nbsp;&nbsp;&nbsp;&nbsp;&nbsp;&nbsp;&nbsp;&nbsp;&nbsp;&nbsp;&nbsp;&nbsp;&nbsp;&nbsp;&nbsp;&nbsp;&nbsp;&nbsp;&nbsp;&nbsp;&nbsp;&nbsp;&nbsp;&nbsp;&nbsp;&nbsp;&nbsp;&nbsp;&nbsp;&nbsp; <a href=\"https:\/\/centcols.org\/backup\/util\/geo\/visuGen.php?code=DE-BW-0641\" target=\"_blank\" rel=\"noopener\" title=\"\">DE-BW-0641<\/a><br>9 &#8211; Leimenlocher &nbsp;&nbsp;&nbsp;&nbsp;&nbsp;&nbsp;&nbsp;&nbsp;&nbsp;&nbsp;&nbsp;&nbsp;&nbsp;&nbsp;&nbsp;&nbsp;&nbsp;&nbsp;&nbsp;&nbsp;&nbsp;&nbsp;&nbsp;&nbsp;&nbsp;&nbsp;&nbsp;&nbsp; <a href=\"https:\/\/centcols.org\/backup\/util\/geo\/visuGen.php?code=DE-BW-0507\" target=\"_blank\" rel=\"noopener\" title=\"\">DE-BW-0507<\/a><br>10 &#8211; Holzeck &nbsp;&nbsp;&nbsp;&nbsp;&nbsp;&nbsp;&nbsp;&nbsp;&nbsp;&nbsp;&nbsp;&nbsp;&nbsp;&nbsp;&nbsp;&nbsp;&nbsp;&nbsp;&nbsp;&nbsp;&nbsp;&nbsp;&nbsp;&nbsp;&nbsp;&nbsp;&nbsp;&nbsp;&nbsp;&nbsp;&nbsp;&nbsp;&nbsp;&nbsp;&nbsp;&nbsp;&nbsp; <a href=\"https:\/\/centcols.org\/backup\/util\/geo\/visuGen.php?code=DE-BW-0610a\" target=\"_blank\" rel=\"noopener\" title=\"\">DE-BW-0610<\/a><br>11 &#8211; Strausebene&nbsp;&nbsp;&nbsp;&nbsp;&nbsp;&nbsp;&nbsp;&nbsp;&nbsp;&nbsp;&nbsp;&nbsp;&nbsp;&nbsp;&nbsp;&nbsp;&nbsp;&nbsp;&nbsp;&nbsp;&nbsp;&nbsp;&nbsp;&nbsp;&nbsp;&nbsp;  &nbsp;&nbsp; <a href=\"https:\/\/centcols.org\/backup\/util\/geo\/visuGen.php?code=DE-BW-0530a\" target=\"_blank\" rel=\"noopener\" title=\"\">DE-BW-0530a<\/a><br>12 &#8211; Spahneplatz &nbsp;&nbsp;&nbsp;&nbsp;&nbsp;&nbsp;&nbsp;&nbsp;&nbsp;&nbsp;&nbsp;&nbsp;&nbsp;&nbsp;&nbsp;&nbsp;&nbsp;&nbsp;&nbsp;&nbsp;&nbsp;&nbsp;&nbsp;&nbsp;&nbsp;&nbsp; &nbsp;&nbsp; <a href=\"https:\/\/centcols.org\/backup\/util\/geo\/visuGen.php?code=DE-BW-0637\" target=\"_blank\" rel=\"noopener\" title=\"\">DE-BW-0637<\/a><br>13 &#8211; Geisschleifsattel &nbsp;&nbsp;&nbsp;&nbsp;&nbsp;&nbsp;&nbsp;&nbsp;&nbsp;&nbsp;&nbsp;&nbsp;&nbsp;&nbsp;&nbsp;&nbsp;&nbsp;&nbsp;&nbsp;&nbsp;   <a href=\"https:\/\/centcols.org\/backup\/util\/geo\/visuGen.php?code=DE-BW-0840\" target=\"_blank\" rel=\"noopener\" title=\"\">DE-BW-0840<\/a><br>14 &#8211; Ofenloch &nbsp;&nbsp;&nbsp;&nbsp;&nbsp;&nbsp;&nbsp;&nbsp;&nbsp;&nbsp;&nbsp;&nbsp;&nbsp;&nbsp;&nbsp;&nbsp;&nbsp;&nbsp;&nbsp;&nbsp;&nbsp;&nbsp;&nbsp;&nbsp;&nbsp;&nbsp;&nbsp;&nbsp;&nbsp;&nbsp;&nbsp;&nbsp;  &nbsp; <a href=\"https:\/\/centcols.org\/backup\/util\/geo\/visuGen.php?code=DE-BW-0592\" target=\"_blank\" rel=\"noopener\" title=\"\">DE-BW-0592<\/a><br>15 &#8211; Christebene &nbsp;&nbsp;&nbsp;&nbsp;&nbsp;&nbsp;&nbsp;&nbsp;&nbsp;&nbsp;&nbsp;&nbsp;&nbsp;&nbsp;&nbsp;&nbsp;&nbsp;&nbsp;&nbsp;&nbsp;&nbsp;&nbsp;&nbsp;&nbsp;&nbsp;&nbsp;&nbsp;&nbsp;  <a href=\"https:\/\/centcols.org\/backup\/util\/geo\/visuGen.php?code=DE-BW-0554a\" target=\"_blank\" rel=\"noopener\" title=\"\">DE-BW-0554a<\/a><br>16 &#8211; Krebsenbacher Hohe &nbsp;&nbsp;&nbsp;&nbsp;&nbsp;&nbsp;&nbsp;&nbsp;&nbsp;&nbsp;&nbsp;  <a href=\"https:\/\/centcols.org\/backup\/util\/geo\/visuGen.php?code=DE-BW-0545\" target=\"_blank\" rel=\"noopener\" title=\"\">DE-BW-0545<\/a><br>17 &#8211; Matzebene &nbsp;&nbsp;&nbsp;&nbsp;&nbsp;&nbsp;&nbsp;&nbsp;&nbsp;&nbsp;&nbsp;&nbsp;&nbsp;&nbsp;&nbsp;&nbsp;&nbsp;&nbsp;&nbsp;&nbsp;&nbsp;&nbsp;&nbsp;&nbsp;&nbsp;&nbsp;&nbsp;&nbsp;&nbsp;&nbsp;&nbsp; <a href=\"https:\/\/centcols.org\/backup\/util\/geo\/visuGen.php?code=DE-BW-0510a\" target=\"_blank\" rel=\"noopener\" title=\"\">DE-BW-0510a<\/a><br>18 &#8211; Drei-Hofe Eck&nbsp;&nbsp;&nbsp;&nbsp;&nbsp;&nbsp;&nbsp;&nbsp;&nbsp;&nbsp;&nbsp;&nbsp;&nbsp;&nbsp;&nbsp;&nbsp;&nbsp;&nbsp;&nbsp;&nbsp;&nbsp;&nbsp;&nbsp;&nbsp;&nbsp;&nbsp; <a href=\"https:\/\/centcols.org\/backup\/util\/geo\/visuGen.php?code=DE-BW-0515\" target=\"_blank\" rel=\"noopener\" title=\"\">DE-BW-0515<\/a><br>19 &#8211; Rosteck &nbsp;&nbsp;&nbsp;&nbsp;&nbsp;&nbsp;&nbsp;&nbsp;&nbsp;&nbsp;&nbsp;&nbsp;&nbsp;&nbsp;&nbsp;&nbsp;&nbsp;&nbsp;&nbsp;&nbsp;&nbsp;&nbsp;&nbsp;&nbsp;&nbsp;&nbsp;&nbsp;&nbsp;&nbsp;&nbsp;&nbsp;&nbsp;&nbsp;&nbsp;&nbsp;&nbsp;&nbsp; <a href=\"https:\/\/centcols.org\/backup\/util\/geo\/visuGen.php?code=DE-BW-0554a\" target=\"_blank\" rel=\"noopener\" title=\"\">DE-BW-0554<\/a><br>20 &#8211; Brandeck Lindle &nbsp;&nbsp;&nbsp;&nbsp;&nbsp;&nbsp;&nbsp;&nbsp;&nbsp;&nbsp;&nbsp;&nbsp;&nbsp;&nbsp;&nbsp;&nbsp;&nbsp;&nbsp;&nbsp;&nbsp; <a href=\"https:\/\/centcols.org\/backup\/util\/geo\/visuGen.php?code=DE-BW-0495\" target=\"_blank\" rel=\"noopener\" title=\"\">DE-BW-0495<\/a><br>21 &#8211; Steineckle &nbsp;&nbsp;&nbsp;&nbsp;&nbsp;&nbsp;&nbsp;&nbsp;&nbsp;&nbsp;&nbsp;&nbsp;&nbsp;&nbsp;&nbsp;&nbsp;&nbsp;&nbsp;&nbsp;&nbsp;&nbsp;&nbsp;&nbsp;&nbsp;&nbsp;&nbsp;&nbsp;&nbsp;&nbsp;&nbsp;&nbsp;&nbsp; <a href=\"https:\/\/centcols.org\/backup\/util\/geo\/visuGen.php?code=DE-BW-0522\" target=\"_blank\" rel=\"noopener\" title=\"\">DE-BW-0522<\/a><br>22 &#8211; Fritscheneck &nbsp;&nbsp;&nbsp;&nbsp;&nbsp;&nbsp;&nbsp;&nbsp;&nbsp;&nbsp;&nbsp;&nbsp;&nbsp;&nbsp;&nbsp;&nbsp;&nbsp;&nbsp;&nbsp;&nbsp;&nbsp;&nbsp;&nbsp;&nbsp;&nbsp;&nbsp;&nbsp; <a href=\"https:\/\/centcols.org\/backup\/util\/geo\/visuGen.php?code=DE-BW-0546b\" target=\"_blank\" rel=\"noopener\" title=\"\">DE-BW-0546b<\/a><br>23 &#8211; Freudentaler Eck &nbsp;&nbsp;&nbsp;&nbsp;&nbsp;&nbsp;&nbsp;&nbsp;&nbsp;&nbsp;&nbsp;&nbsp;&nbsp;&nbsp;&nbsp;&nbsp;&nbsp;&nbsp; <a href=\"https:\/\/centcols.org\/backup\/util\/geo\/visuGen.php?code=DE-BW-0334\" target=\"_blank\" rel=\"noopener\" title=\"\">DE-BW-0334<\/a><br>24 &#8211; Langeck &nbsp;&nbsp;&nbsp;&nbsp;&nbsp;&nbsp;&nbsp;&nbsp;&nbsp;&nbsp;&nbsp;&nbsp;&nbsp;&nbsp;&nbsp;&nbsp;&nbsp;&nbsp;&nbsp;&nbsp;&nbsp;&nbsp;&nbsp;&nbsp;&nbsp;&nbsp;&nbsp;&nbsp;&nbsp;&nbsp;&nbsp;&nbsp;&nbsp;&nbsp;&nbsp; <a href=\"https:\/\/centcols.org\/backup\/util\/geo\/visuGen.php?code=DE-BW-0345a\" target=\"_blank\" rel=\"noopener\" title=\"\">DE-BW-0345a<\/a><br>25 &#8211; Schwandeck &nbsp;&nbsp;&nbsp;&nbsp;&nbsp;&nbsp;&nbsp;&nbsp;&nbsp;&nbsp;&nbsp;&nbsp;&nbsp;&nbsp;&nbsp;&nbsp;&nbsp;&nbsp;&nbsp;&nbsp;&nbsp;&nbsp;&nbsp;&nbsp;&nbsp;&nbsp;&nbsp; <a href=\"https:\/\/centcols.org\/backup\/util\/geo\/visuGen.php?code=DE-BW-0450\" target=\"_blank\" rel=\"noopener\" title=\"\">DE-BW-0450<\/a><\/p>\n\n\n\n<p class=\"has-medium-font-size\"><strong>Descriptif technique<\/strong><\/p>\n\n\n\n<p class=\"has-medium-font-size\">Ce parcours ne pr\u00e9sente pas de difficult\u00e9s. Il a \u00e9t\u00e9 effectu\u00e9 avec un VTT \u00e9quip\u00e9 de pneus Gravel de 40, sans aucun souci et par un ami en Gravel. C\u2019est un parcours d\u2019environ 90% de belles pistes roulantes et le reste sur routes asphalt\u00e9es.<\/p>\n\n\n\n<p class=\"has-medium-font-size\">Au col DE-BW-0507, il faut emprunter un petit sentier en poussage relativement facile sur environ 500m<\/p>\n\n\n\n<p class=\"has-medium-font-size\">Un peu avant le col DE-BW-0450 il y a \u00e9galement un petit poussage facile sur 200m<\/p>\n\n\n\n<p class=\"has-medium-font-size\">Comme la plupart des parcours en For\u00eat Noire, on est confront\u00e9 souvent \u00e0 des pentes assez raides<\/p>\n\n\n\n<p class=\"has-medium-font-size\"><strong>Lien openrunner, carte interactive, profil, trace gpx<\/strong> <br><a href=\"https:\/\/www.openrunner.com\/route-details\/16530937\" target=\"_blank\" rel=\"noopener\" title=\"\">https:\/\/www.openrunner.com\/route-details\/16530937<\/a><\/p>\n\n\n\n<p class=\"has-medium-font-size\"><strong>Mots cl\u00e9s<\/strong> : For\u00eat Noire, Gengenbach, centcols<\/p>\n\n\n\n<p class=\"has-medium-font-size\">Cet itin\u00e9raire est propos\u00e9 \u00e0 titre indicatif. L&#8217;auteur d\u00e9gage sa responsabilit\u00e9 et celle du Club des Cent Cols en vertu des impond\u00e9rables dus au cycliste lui-m\u00eame, au mat\u00e9riel utilis\u00e9 et tout ce qui concerne la route, ses abords et les autres utilisateurs de celle-ci.<\/p>\n\n\n\n<p class=\"has-medium-font-size\">Ici, une&nbsp;<a href=\"https:\/\/centcols.org\/backup\/liste-parcours-cent-cols-sur-or-2\/\" target=\"_blank\" rel=\"noreferrer noopener\">vue exhaustive des parcours membres<\/a>&nbsp;du Club des Cent Cols<\/p>\n\n\n\n<h2 class=\"kt-adv-heading73906_946c74-88 wp-block-kadence-advancedheading\" data-kb-block=\"kb-adv-heading73906_946c74-88\">Photos<\/h2>\n\n\n<div class=\"wp-block-image\">\n<figure class=\"aligncenter size-large\"><img loading=\"lazy\" decoding=\"async\" width=\"1000\" height=\"701\" src=\"https:\/\/centcols.org\/backup\/wp-content\/uploads\/2023\/05\/Chateau-Ortenberg.jpg\" alt=\"\" class=\"wp-image-73891\" srcset=\"https:\/\/centcols.org\/backup\/wp-content\/uploads\/2023\/05\/Chateau-Ortenberg.jpg 1000w, https:\/\/centcols.org\/backup\/wp-content\/uploads\/2023\/05\/Chateau-Ortenberg-500x351.jpg 500w, https:\/\/centcols.org\/backup\/wp-content\/uploads\/2023\/05\/Chateau-Ortenberg-768x538.jpg 768w, https:\/\/centcols.org\/backup\/wp-content\/uploads\/2023\/05\/Chateau-Ortenberg-600x421.jpg 600w\" sizes=\"(max-width: 1000px) 100vw, 1000px\" \/><figcaption class=\"wp-element-caption\"><strong>Le ch\u00e2teau d&#8217;Ortenberg<\/strong><\/figcaption><\/figure><\/div>\n\n<div class=\"wp-block-image\">\n<figure class=\"aligncenter size-large\"><img loading=\"lazy\" decoding=\"async\" width=\"1000\" height=\"700\" src=\"https:\/\/centcols.org\/backup\/wp-content\/uploads\/2023\/05\/2OIOlRXM53uWexncOcs4kTOjHlF.jpg\" alt=\"\" class=\"wp-image-73879\" srcset=\"https:\/\/centcols.org\/backup\/wp-content\/uploads\/2023\/05\/2OIOlRXM53uWexncOcs4kTOjHlF.jpg 1000w, https:\/\/centcols.org\/backup\/wp-content\/uploads\/2023\/05\/2OIOlRXM53uWexncOcs4kTOjHlF-500x350.jpg 500w, https:\/\/centcols.org\/backup\/wp-content\/uploads\/2023\/05\/2OIOlRXM53uWexncOcs4kTOjHlF-768x538.jpg 768w, https:\/\/centcols.org\/backup\/wp-content\/uploads\/2023\/05\/2OIOlRXM53uWexncOcs4kTOjHlF-600x420.jpg 600w\" sizes=\"(max-width: 1000px) 100vw, 1000px\" \/><\/figure><\/div>\n\n<div class=\"wp-block-image\">\n<figure class=\"aligncenter size-large\"><img loading=\"lazy\" decoding=\"async\" width=\"1000\" height=\"750\" src=\"https:\/\/centcols.org\/backup\/wp-content\/uploads\/2023\/05\/2OIOkaPXd4R88iQTT0HksKDvNTb.jpg\" alt=\"\" class=\"wp-image-73873\" srcset=\"https:\/\/centcols.org\/backup\/wp-content\/uploads\/2023\/05\/2OIOkaPXd4R88iQTT0HksKDvNTb.jpg 1000w, https:\/\/centcols.org\/backup\/wp-content\/uploads\/2023\/05\/2OIOkaPXd4R88iQTT0HksKDvNTb-500x375.jpg 500w, https:\/\/centcols.org\/backup\/wp-content\/uploads\/2023\/05\/2OIOkaPXd4R88iQTT0HksKDvNTb-768x576.jpg 768w, https:\/\/centcols.org\/backup\/wp-content\/uploads\/2023\/05\/2OIOkaPXd4R88iQTT0HksKDvNTb-600x450.jpg 600w\" sizes=\"(max-width: 1000px) 100vw, 1000px\" \/><\/figure><\/div>\n\n\n<p class=\"has-text-align-center\"><strong>Paysages de For\u00eat Noire<\/strong><\/p>\n\n\n<div class=\"wp-block-image\">\n<figure class=\"aligncenter size-large\"><img decoding=\"async\" src=\"https:\/\/centcols.org\/backup\/util\/geo\/visu\/DE\/img\/1093\/3101.jpg\" alt=\"\"\/><figcaption class=\"wp-element-caption\"><strong>Eck Kapelle&nbsp;<\/strong><\/figcaption><\/figure><\/div>\n\n<div class=\"wp-block-image\">\n<figure class=\"aligncenter size-large\"><img decoding=\"async\" src=\"https:\/\/centcols.org\/backup\/util\/geo\/visu\/DE\/img\/1094\/8801.jpg\" alt=\"\"\/><figcaption class=\"wp-element-caption\"><strong>Pfaffenbacher Eck&nbsp;<\/strong><\/figcaption><\/figure><\/div>\n\n<div class=\"wp-block-image\">\n<figure class=\"aligncenter size-large\"><img decoding=\"async\" src=\"https:\/\/centcols.org\/backup\/util\/geo\/visu\/DE\/img\/1094\/4600.jpg\" alt=\"\"\/><figcaption class=\"wp-element-caption\"><strong>Haseneck<\/strong><\/figcaption><\/figure><\/div>\n\n<div class=\"wp-block-image\">\n<figure class=\"aligncenter size-large\"><img decoding=\"async\" src=\"https:\/\/centcols.org\/backup\/util\/geo\/visu\/DE\/img\/1095\/0801.jpg\" alt=\"\"\/><figcaption class=\"wp-element-caption\"><strong>Schnaitberg Eck&nbsp;<\/strong><\/figcaption><\/figure><\/div>\n\n<div class=\"wp-block-image\">\n<figure class=\"aligncenter size-large\"><img decoding=\"async\" src=\"https:\/\/centcols.org\/backup\/util\/geo\/visu\/DE\/img\/1095\/6101.jpg\" alt=\"\"\/><figcaption class=\"wp-element-caption\">&nbsp;<strong>Kornebene<\/strong><\/figcaption><\/figure><\/div>\n\n<div class=\"wp-block-image\">\n<figure class=\"aligncenter size-large\"><img decoding=\"async\" src=\"https:\/\/centcols.org\/backup\/util\/geo\/visu\/DE\/img\/1095\/6901.jpg\" alt=\"\"\/><figcaption class=\"wp-element-caption\"><strong>Diebsebene<\/strong><\/figcaption><\/figure><\/div>\n\n<div class=\"wp-block-image\">\n<figure class=\"aligncenter size-large\"><img decoding=\"async\" src=\"https:\/\/centcols.org\/backup\/util\/geo\/visu\/DE\/img\/1094\/6101.jpg\" alt=\"\"\/><figcaption class=\"wp-element-caption\"><strong>Leimenlocher<\/strong><\/figcaption><\/figure><\/div>\n\n<div class=\"wp-block-image\">\n<figure class=\"aligncenter size-large\"><img decoding=\"async\" src=\"https:\/\/centcols.org\/backup\/util\/geo\/visu\/DE\/img\/1094\/7701.jpg\" alt=\"\"\/><figcaption class=\"wp-element-caption\"><strong>Strausebene<\/strong><\/figcaption><\/figure><\/div>\n\n<div class=\"wp-block-image\">\n<figure class=\"aligncenter size-large\"><img decoding=\"async\" src=\"https:\/\/centcols.org\/backup\/util\/geo\/visu\/DE\/img\/1095\/6501.jpg\" alt=\"\"\/><figcaption class=\"wp-element-caption\"><strong>Spahneplatz<\/strong><\/figcaption><\/figure><\/div>\n\n<div class=\"wp-block-image\">\n<figure class=\"aligncenter size-large\"><img decoding=\"async\" src=\"https:\/\/centcols.org\/backup\/util\/geo\/visu\/DE\/img\/1097\/1601.jpg\" alt=\"\"\/><figcaption class=\"wp-element-caption\"><strong>Geisschleifsattel&nbsp;<\/strong><\/figcaption><\/figure><\/div>\n\n<div class=\"wp-block-image\">\n<figure class=\"aligncenter size-large\"><img decoding=\"async\" src=\"https:\/\/centcols.org\/backup\/util\/geo\/visu\/DE\/img\/1095\/2901.jpg\" alt=\"\"\/><figcaption class=\"wp-element-caption\"><strong>Ofenloch<\/strong><\/figcaption><\/figure><\/div>\n\n<div class=\"wp-block-image\">\n<figure class=\"aligncenter size-large\"><img decoding=\"async\" src=\"https:\/\/centcols.org\/backup\/util\/geo\/visu\/DE\/img\/1095\/0200.jpg\" alt=\"\"\/><figcaption class=\"wp-element-caption\"><strong>Christebene&nbsp;<\/strong><\/figcaption><\/figure><\/div>\n\n<div class=\"wp-block-image\">\n<figure class=\"aligncenter size-large\"><img decoding=\"async\" src=\"https:\/\/centcols.org\/backup\/util\/geo\/visu\/DE\/img\/1094\/9001.jpg\" alt=\"\"\/><figcaption class=\"wp-element-caption\"><strong>Krebsenbacher Hohe<\/strong><\/figcaption><\/figure><\/div>\n\n<div class=\"wp-block-image\">\n<figure class=\"aligncenter size-large\"><img decoding=\"async\" src=\"https:\/\/centcols.org\/backup\/util\/geo\/visu\/DE\/img\/1094\/6501.jpg\" alt=\"\"\/><figcaption class=\"wp-element-caption\"><strong>Matzebene<\/strong><\/figcaption><\/figure><\/div>\n\n<div class=\"wp-block-image\">\n<figure class=\"aligncenter size-large\"><img decoding=\"async\" src=\"https:\/\/centcols.org\/backup\/util\/geo\/visu\/DE\/img\/1095\/0200.jpg\" alt=\"\"\/><figcaption class=\"wp-element-caption\"><strong>Rosteck<\/strong><\/figcaption><\/figure><\/div>\n\n<div class=\"wp-block-image\">\n<figure class=\"aligncenter size-large\"><img decoding=\"async\" src=\"https:\/\/centcols.org\/backup\/util\/geo\/visu\/DE\/img\/1094\/5401.jpg\" alt=\"\"\/><figcaption class=\"wp-element-caption\"><strong>Brandeck Lindle<\/strong><\/figcaption><\/figure><\/div>\n\n<div class=\"wp-block-image\">\n<figure class=\"aligncenter size-large\"><img decoding=\"async\" src=\"https:\/\/centcols.org\/backup\/util\/geo\/visu\/DE\/img\/1094\/7101.jpg\" alt=\"\"\/><figcaption class=\"wp-element-caption\">&nbsp;<strong>Steineckle<\/strong><\/figcaption><\/figure><\/div>\n\n<div class=\"wp-block-image\">\n<figure class=\"aligncenter size-large\"><img decoding=\"async\" src=\"https:\/\/centcols.org\/backup\/util\/geo\/visu\/DE\/img\/1094\/9401.jpg\" alt=\"\"\/><figcaption class=\"wp-element-caption\"><strong>Fritscheneck<\/strong><\/figcaption><\/figure><\/div>\n\n<div class=\"wp-block-image\">\n<figure class=\"aligncenter size-large\"><img decoding=\"async\" src=\"https:\/\/centcols.org\/backup\/util\/geo\/visu\/DE\/img\/1094\/1901.jpg\" alt=\"\"\/><figcaption class=\"wp-element-caption\"><strong>Schwandeck<\/strong><\/figcaption><\/figure><\/div>","protected":false},"excerpt":{"rendered":"<p>Description de l&#8217;auteur Auteur : Jean-Luc Ceccato D\u00e9part : A Gengenbach se garer le long de la Friedrichstrasse qui longe le chemin de fer au niveau de l\u2019\u00e9glise. Alt : 175 m Parcours effectu\u00e9 le 11\/08\/2020 Descriptif touristique A mi-chemin du parcours entre le 25\u00e8me et 30\u00e8me km vous trouverez plusieurs chalets avec point de [&hellip;]<\/p>\n","protected":false},"author":397,"featured_media":0,"comment_status":"closed","ping_status":"closed","sticky":false,"template":"","format":"standard","meta":{"_acf_changed":false,"ub_ctt_via":"","_monsterinsights_skip_tracking":false,"_monsterinsights_sitenote_active":false,"_monsterinsights_sitenote_note":"","_monsterinsights_sitenote_category":0,"footnotes":""},"categories":[601,600],"tags":[],"acf":[],"featured_image_urls":{"full":"","thumbnail":"","medium":"","medium_large":"","large":"","1536x1536":"","2048x2048":"","woocommerce_thumbnail":"","woocommerce_single":"","woocommerce_gallery_thumbnail":""},"post_excerpt_stackable":"<p>Description de l&#8217;auteur Auteur : Jean-Luc Ceccato D\u00e9part : A Gengenbach se garer le long de la Friedrichstrasse qui longe le chemin de fer au niveau de l\u2019\u00e9glise. Alt : 175 m Parcours effectu\u00e9 le 11\/08\/2020 Descriptif touristique A mi-chemin du parcours entre le 25\u00e8me et 30\u00e8me km vous trouverez plusieurs chalets avec point de vue agr\u00e9able permettant de faire une belle pause casse-croute. Passage \u00e0 proximit\u00e9 du ch\u00e2teau bien conserv\u00e9 d&#8217;Ortenberg 25 cols 1 &#8211; Eck Kapelle &nbsp;&nbsp;&nbsp;&nbsp;&nbsp;&nbsp;&nbsp;&nbsp;&nbsp;&nbsp;&nbsp;&nbsp;&nbsp;&nbsp;&nbsp;&nbsp;&nbsp;&nbsp;&nbsp;&nbsp;&nbsp;&nbsp;&nbsp;&nbsp;&nbsp;&nbsp;&nbsp;&nbsp;&nbsp;&nbsp;&nbsp;&nbsp; DE-BW-02352 &#8211; Satteleck &nbsp;&nbsp;&nbsp;&nbsp;&nbsp;&nbsp;&nbsp;&nbsp;&nbsp;&nbsp;&nbsp;&nbsp;&nbsp;&nbsp;&nbsp;&nbsp;&nbsp;&nbsp;&nbsp;&nbsp;&nbsp;&nbsp;&nbsp;&nbsp;&nbsp;&nbsp;&nbsp;&nbsp;&nbsp;&nbsp;&nbsp;&nbsp;&nbsp;&nbsp;&nbsp;&nbsp;&nbsp; DE-BW-03383 &#8211; Pfaffenbacher Eck &nbsp;&nbsp;&nbsp;&nbsp;&nbsp;&nbsp;&nbsp;&nbsp;&nbsp;&nbsp;&nbsp;&nbsp;&nbsp;&nbsp;&nbsp;&nbsp;&nbsp;&nbsp;&nbsp; DE-BW-05434 &#8211; Haseneck &nbsp;&nbsp;&nbsp;&nbsp;&nbsp;&nbsp;&nbsp;&nbsp;&nbsp;&nbsp;&nbsp;&nbsp;&nbsp;&nbsp;&nbsp;&nbsp;&nbsp;&nbsp;&nbsp;&nbsp;&nbsp;&nbsp;&nbsp;&nbsp;&nbsp;&nbsp;&nbsp;&nbsp;&nbsp;&nbsp;&nbsp;&nbsp;&nbsp;&nbsp;&nbsp;&nbsp; DE-BW-04905 &#8211; Schnaitberg Eck &nbsp;&nbsp;&nbsp;&nbsp;&nbsp;&nbsp;&nbsp;&nbsp;&nbsp;&nbsp;&nbsp;&nbsp;&nbsp;&nbsp;&nbsp;&nbsp;&nbsp;&nbsp;&nbsp;&nbsp;&nbsp;&nbsp;&nbsp; DE-BW-05656 &#8211; Landgrabeneck\u2026<\/p>\n","category_list":"<a href=\"https:\/\/centcols.org\/backup\/categorie\/parcours-des-membres\/parcours-allemagne\/\" rel=\"category tag\">Parcours Allemagne<\/a>, <a href=\"https:\/\/centcols.org\/backup\/categorie\/parcours-des-membres\/\" rel=\"category tag\">Parcours des membres<\/a>","author_info":{"display_name":"Denis Chouquet-Stringer","author_link":"https:\/\/centcols.org\/backup\/author\/6183\/"},"comments_num":"0 commentaire","featured_image_urls_v2":{"full":"","thumbnail":"","medium":"","medium_large":"","large":"","1536x1536":"","2048x2048":"","woocommerce_thumbnail":"","woocommerce_single":"","woocommerce_gallery_thumbnail":""},"post_excerpt_stackable_v2":"<p>Description de l&#8217;auteur Auteur : Jean-Luc Ceccato D\u00e9part : A Gengenbach se garer le long de la Friedrichstrasse qui longe le chemin de fer au niveau de l\u2019\u00e9glise. Alt : 175 m Parcours effectu\u00e9 le 11\/08\/2020 Descriptif touristique A mi-chemin du parcours entre le 25\u00e8me et 30\u00e8me km vous trouverez plusieurs chalets avec point de vue agr\u00e9able permettant de faire une belle pause casse-croute. Passage \u00e0 proximit\u00e9 du ch\u00e2teau bien conserv\u00e9 d&#8217;Ortenberg 25 cols 1 &#8211; Eck Kapelle &nbsp;&nbsp;&nbsp;&nbsp;&nbsp;&nbsp;&nbsp;&nbsp;&nbsp;&nbsp;&nbsp;&nbsp;&nbsp;&nbsp;&nbsp;&nbsp;&nbsp;&nbsp;&nbsp;&nbsp;&nbsp;&nbsp;&nbsp;&nbsp;&nbsp;&nbsp;&nbsp;&nbsp;&nbsp;&nbsp;&nbsp;&nbsp; DE-BW-02352 &#8211; Satteleck &nbsp;&nbsp;&nbsp;&nbsp;&nbsp;&nbsp;&nbsp;&nbsp;&nbsp;&nbsp;&nbsp;&nbsp;&nbsp;&nbsp;&nbsp;&nbsp;&nbsp;&nbsp;&nbsp;&nbsp;&nbsp;&nbsp;&nbsp;&nbsp;&nbsp;&nbsp;&nbsp;&nbsp;&nbsp;&nbsp;&nbsp;&nbsp;&nbsp;&nbsp;&nbsp;&nbsp;&nbsp; DE-BW-03383 &#8211; Pfaffenbacher Eck &nbsp;&nbsp;&nbsp;&nbsp;&nbsp;&nbsp;&nbsp;&nbsp;&nbsp;&nbsp;&nbsp;&nbsp;&nbsp;&nbsp;&nbsp;&nbsp;&nbsp;&nbsp;&nbsp; DE-BW-05434 &#8211; Haseneck &nbsp;&nbsp;&nbsp;&nbsp;&nbsp;&nbsp;&nbsp;&nbsp;&nbsp;&nbsp;&nbsp;&nbsp;&nbsp;&nbsp;&nbsp;&nbsp;&nbsp;&nbsp;&nbsp;&nbsp;&nbsp;&nbsp;&nbsp;&nbsp;&nbsp;&nbsp;&nbsp;&nbsp;&nbsp;&nbsp;&nbsp;&nbsp;&nbsp;&nbsp;&nbsp;&nbsp; DE-BW-04905 &#8211; Schnaitberg Eck &nbsp;&nbsp;&nbsp;&nbsp;&nbsp;&nbsp;&nbsp;&nbsp;&nbsp;&nbsp;&nbsp;&nbsp;&nbsp;&nbsp;&nbsp;&nbsp;&nbsp;&nbsp;&nbsp;&nbsp;&nbsp;&nbsp;&nbsp; DE-BW-05656 &#8211; Landgrabeneck\u2026<\/p>\n","category_list_v2":"<a href=\"https:\/\/centcols.org\/backup\/categorie\/parcours-des-membres\/parcours-allemagne\/\" rel=\"category tag\">Parcours Allemagne<\/a>, <a href=\"https:\/\/centcols.org\/backup\/categorie\/parcours-des-membres\/\" rel=\"category tag\">Parcours des membres<\/a>","author_info_v2":{"name":"Denis Chouquet-Stringer","url":"https:\/\/centcols.org\/backup\/author\/6183\/"},"comments_num_v2":"0 commentaire","featured_image_src":null,"_links":{"self":[{"href":"https:\/\/centcols.org\/backup\/wp-json\/wp\/v2\/posts\/73906"}],"collection":[{"href":"https:\/\/centcols.org\/backup\/wp-json\/wp\/v2\/posts"}],"about":[{"href":"https:\/\/centcols.org\/backup\/wp-json\/wp\/v2\/types\/post"}],"author":[{"embeddable":true,"href":"https:\/\/centcols.org\/backup\/wp-json\/wp\/v2\/users\/397"}],"replies":[{"embeddable":true,"href":"https:\/\/centcols.org\/backup\/wp-json\/wp\/v2\/comments?post=73906"}],"version-history":[{"count":0,"href":"https:\/\/centcols.org\/backup\/wp-json\/wp\/v2\/posts\/73906\/revisions"}],"wp:attachment":[{"href":"https:\/\/centcols.org\/backup\/wp-json\/wp\/v2\/media?parent=73906"}],"wp:term":[{"taxonomy":"category","embeddable":true,"href":"https:\/\/centcols.org\/backup\/wp-json\/wp\/v2\/categories?post=73906"},{"taxonomy":"post_tag","embeddable":true,"href":"https:\/\/centcols.org\/backup\/wp-json\/wp\/v2\/tags?post=73906"}],"curies":[{"name":"wp","href":"https:\/\/api.w.org\/{rel}","templated":true}]}}