{"id":73950,"date":"2023-08-16T14:43:12","date_gmt":"2023-08-16T12:43:12","guid":{"rendered":"https:\/\/centcols.org\/backup\/?page_id=73950"},"modified":"2023-11-17T20:39:21","modified_gmt":"2023-11-17T19:39:21","slug":"de-bw-gremmelsbach-foret-noire","status":"publish","type":"post","link":"https:\/\/centcols.org\/backup\/de-bw-gremmelsbach-foret-noire\/","title":{"rendered":"DE-BW For\u00eat Noire Gremmelsbach &#8211; Gravel 68 km, D+ 2020 m, 12 cols"},"content":{"rendered":"\n<figure class=\"wp-block-image\"><img loading=\"lazy\" decoding=\"async\" width=\"1126\" height=\"672\" src=\"https:\/\/centcols.org\/backup\/wp-content\/uploads\/2023\/05\/Capture-decran-2023-05-25-141927.jpg\" alt=\"\" class=\"wp-image-73936\" srcset=\"https:\/\/centcols.org\/backup\/wp-content\/uploads\/2023\/05\/Capture-decran-2023-05-25-141927.jpg 1126w, https:\/\/centcols.org\/backup\/wp-content\/uploads\/2023\/05\/Capture-decran-2023-05-25-141927-500x298.jpg 500w, https:\/\/centcols.org\/backup\/wp-content\/uploads\/2023\/05\/Capture-decran-2023-05-25-141927-768x458.jpg 768w, https:\/\/centcols.org\/backup\/wp-content\/uploads\/2023\/05\/Capture-decran-2023-05-25-141927-600x358.jpg 600w\" sizes=\"(max-width: 1126px) 100vw, 1126px\" \/><\/figure>\n\n\n\n<figure class=\"wp-block-image size-large\"><img loading=\"lazy\" decoding=\"async\" width=\"1200\" height=\"320\" src=\"https:\/\/centcols.org\/backup\/wp-content\/uploads\/2023\/05\/DE-BW-Foret-Noire-Gremmelsbach-1200x320.jpeg\" alt=\"\" class=\"wp-image-73942\" srcset=\"https:\/\/centcols.org\/backup\/wp-content\/uploads\/2023\/05\/DE-BW-Foret-Noire-Gremmelsbach-1200x320.jpeg 1200w, https:\/\/centcols.org\/backup\/wp-content\/uploads\/2023\/05\/DE-BW-Foret-Noire-Gremmelsbach-500x133.jpeg 500w, https:\/\/centcols.org\/backup\/wp-content\/uploads\/2023\/05\/DE-BW-Foret-Noire-Gremmelsbach-768x205.jpeg 768w, https:\/\/centcols.org\/backup\/wp-content\/uploads\/2023\/05\/DE-BW-Foret-Noire-Gremmelsbach-1536x410.jpeg 1536w, https:\/\/centcols.org\/backup\/wp-content\/uploads\/2023\/05\/DE-BW-Foret-Noire-Gremmelsbach-2048x546.jpeg 2048w, https:\/\/centcols.org\/backup\/wp-content\/uploads\/2023\/05\/DE-BW-Foret-Noire-Gremmelsbach-600x160.jpeg 600w\" sizes=\"(max-width: 1200px) 100vw, 1200px\" \/><\/figure>\n\n\n\n<h2 class=\"wp-block-heading\">Description de l&#8217;auteur<\/h2>\n\n\n\n<p class=\"has-medium-font-size\"><span style=\"font-size: 20px; font-family: arial, helvetica, sans-serif;\"><strong>Auteur <\/strong>: Jean-Luc Ceccato<\/span><\/p>\n\n\n\n<p class=\"has-medium-font-size\"><span style=\"font-family: arial, helvetica, sans-serif;\"><span style=\"font-size: 20px;\"><strong>D\u00e9part <\/strong>:&nbsp;<\/span><\/span>Petit parking \u00e0 gauche du carrefour entre la B33 et Untertal<\/p>\n\n\n\n<p class=\"has-medium-font-size\"><strong>Parcours <\/strong>effectu\u00e9 le 27\/07\/2022<\/p>\n\n\n\n<p class=\"has-medium-font-size\"><strong>Descriptif touristique<\/strong><\/p>\n\n\n\n<p class=\"has-medium-font-size\">Gremmelsbach est situ\u00e9e au c\u0153ur de la For\u00eat Noire, non loin de Triberg, capitale de la fabrication des c\u00e9l\u00e8bres &#8220;coucous&#8221;. Dans ces vall\u00e9es horlog\u00e8res, il y a des horloges partout !<\/p>\n\n\n\n<p class=\"has-medium-font-size\"><strong>12 cols<\/strong><\/p>\n\n\n\n<p class=\"has-medium-font-size\">1 &#8211; Dieterlebauernhohe &nbsp;&nbsp;&nbsp;&nbsp;&nbsp;&nbsp;&nbsp;&nbsp;&nbsp;&nbsp;&nbsp;&nbsp;&nbsp;&nbsp;&nbsp; <a href=\"https:\/\/centcols.org\/backup\/util\/geo\/visuGen.php?code=DE-BW-0850\" target=\"_blank\" rel=\"noopener\" title=\"\">DE-BW-0850<\/a><br>2 &#8211; Storeck&nbsp;&nbsp;&nbsp;&nbsp;&nbsp;&nbsp;&nbsp;&nbsp;&nbsp;&nbsp;&nbsp;&nbsp;&nbsp;&nbsp;&nbsp;&nbsp;&nbsp;&nbsp;&nbsp;&nbsp;&nbsp;&nbsp;&nbsp;&nbsp;&nbsp;&nbsp;&nbsp;&nbsp;&nbsp;&nbsp;&nbsp;&nbsp;&nbsp;&nbsp;&nbsp;&nbsp;&nbsp;&nbsp;&nbsp;&nbsp;<a href=\"https:\/\/centcols.org\/backup\/util\/geo\/visuGen.php?code=DE-BW-0822b\" target=\"_blank\" rel=\"noopener\" title=\"\"> DE-BW-0859a<\/a><br>3 &#8211; Immelsbacher Hohe &nbsp;&nbsp;&nbsp;&nbsp;&nbsp;&nbsp;&nbsp;&nbsp;&nbsp;&nbsp;&nbsp;&nbsp;&nbsp;&nbsp;&nbsp;  <a href=\"https:\/\/centcols.org\/backup\/util\/geo\/visuGen.php?code=DE-BW-0654\" target=\"_blank\" rel=\"noopener\" title=\"\">DE-BW-0654<\/a><br>4 &#8211; Windeck &nbsp;&nbsp;&nbsp;&nbsp;&nbsp;&nbsp;&nbsp;&nbsp;&nbsp;&nbsp;&nbsp;&nbsp;&nbsp;&nbsp;&nbsp;&nbsp;&nbsp;&nbsp;&nbsp;&nbsp;&nbsp;&nbsp;&nbsp;&nbsp;&nbsp;&nbsp;&nbsp;&nbsp;&nbsp;&nbsp;&nbsp;&nbsp;&nbsp;&nbsp;&nbsp;&nbsp;&nbsp; <a href=\"https:\/\/centcols.org\/backup\/util\/geo\/visuGen.php?code=DE-BW-0822b\" target=\"_blank\" rel=\"noopener\" title=\"\">DE-BW-0699<\/a><br>5 &#8211; Haseneckle&nbsp;&nbsp;&nbsp;&nbsp;&nbsp;&nbsp;&nbsp;&nbsp;&nbsp;&nbsp;&nbsp;&nbsp;&nbsp;&nbsp;&nbsp;&nbsp;&nbsp;&nbsp;&nbsp;&nbsp;&nbsp;&nbsp;&nbsp;&nbsp;&nbsp;&nbsp;&nbsp;&nbsp;&nbsp;&nbsp;&nbsp;&nbsp;  <a href=\"https:\/\/centcols.org\/backup\/util\/geo\/visuGen.php?code=DE-BW-0609a\" target=\"_blank\" rel=\"noopener\" title=\"\">DE-BW-0609a<\/a><br>6 &#8211; Benz Ebene &nbsp;&nbsp;&nbsp;&nbsp;&nbsp;&nbsp;&nbsp;&nbsp;&nbsp;&nbsp;&nbsp;&nbsp;&nbsp;&nbsp;&nbsp;&nbsp;&nbsp;&nbsp;&nbsp;&nbsp;&nbsp;&nbsp;&nbsp;&nbsp;&nbsp;&nbsp;&nbsp;&nbsp;&nbsp;&nbsp;&nbsp; <a href=\"https:\/\/centcols.org\/backup\/util\/geo\/visuGen.php?code=DE-BW-0822b\" target=\"_blank\" rel=\"noopener\" title=\"\">DE-BW-0891a<\/a><br>7 &#8211; Gersbacher Ecke &nbsp;&nbsp;&nbsp;&nbsp;&nbsp;&nbsp;&nbsp;&nbsp;&nbsp;&nbsp;&nbsp;&nbsp;&nbsp;&nbsp;&nbsp;&nbsp;&nbsp;&nbsp;&nbsp;&nbsp;&nbsp;  <a href=\"https:\/\/centcols.org\/backup\/util\/geo\/visuGen.php?code=DE-BW-0876\" target=\"_blank\" rel=\"noopener\" title=\"\">DE-BW-0876<\/a><br>8 &#8211; Auf der Ecke &nbsp;&nbsp;&nbsp;&nbsp;&nbsp;&nbsp;&nbsp;&nbsp;&nbsp;&nbsp;&nbsp;&nbsp;&nbsp;&nbsp;&nbsp;&nbsp;&nbsp;&nbsp;&nbsp;&nbsp;&nbsp;&nbsp;&nbsp;&nbsp;&nbsp;&nbsp;&nbsp;&nbsp;&nbsp; <a href=\"https:\/\/centcols.org\/backup\/util\/geo\/visuGen.php?code=DE-BW-0822b\" target=\"_blank\" rel=\"noopener\" title=\"\">DE-BW-0828<\/a><br>9 &#8211; Kornelishohe &nbsp;&nbsp;&nbsp;&nbsp;&nbsp;&nbsp;&nbsp;&nbsp;&nbsp;&nbsp;&nbsp;&nbsp;&nbsp;&nbsp;&nbsp;&nbsp;&nbsp;&nbsp;&nbsp;&nbsp;&nbsp;&nbsp;&nbsp;&nbsp;&nbsp;&nbsp;&nbsp;&nbsp; <a href=\"https:\/\/centcols.org\/backup\/util\/geo\/visuGen.php?code=DE-BW-0822b\" target=\"_blank\" rel=\"noopener\" title=\"\">DE-BW-0822b<\/a><br>10 &#8211; Tischneck &nbsp;&nbsp;&nbsp;&nbsp;&nbsp;&nbsp;&nbsp;&nbsp;&nbsp;&nbsp;&nbsp;&nbsp;&nbsp;&nbsp;&nbsp;&nbsp;&nbsp;&nbsp;&nbsp;&nbsp;&nbsp;&nbsp;&nbsp;&nbsp;&nbsp;&nbsp;&nbsp;&nbsp;&nbsp;&nbsp;&nbsp;&nbsp; <a href=\"https:\/\/centcols.org\/backup\/util\/geo\/visuGen.php?code=DE-BW-0706a\" target=\"_blank\" rel=\"noopener\" title=\"\">DE-BW-0706a<\/a><br>11 &#8211; Ecke&nbsp;&nbsp;&nbsp;&nbsp;&nbsp;&nbsp;&nbsp;&nbsp;&nbsp;&nbsp;&nbsp;&nbsp;&nbsp;&nbsp;&nbsp;&nbsp;&nbsp;&nbsp;&nbsp;&nbsp;&nbsp;&nbsp;&nbsp;&nbsp;&nbsp;&nbsp;&nbsp;&nbsp;&nbsp;&nbsp;&nbsp;&nbsp;&nbsp;&nbsp;&nbsp;&nbsp;&nbsp;&nbsp;&nbsp;&nbsp;&nbsp;&nbsp;&nbsp; <a href=\"https:\/\/centcols.org\/backup\/util\/geo\/visuGen.php?code=DE-BW-0884\" target=\"_blank\" rel=\"noopener\" title=\"\">DE-BW-0884<\/a><br>12 &#8211; Grundlehohe &nbsp;&nbsp;&nbsp;&nbsp;&nbsp;&nbsp;&nbsp;&nbsp;&nbsp;&nbsp;&nbsp;&nbsp;&nbsp;&nbsp;&nbsp;&nbsp;&nbsp;&nbsp;&nbsp;&nbsp;&nbsp;&nbsp;&nbsp;&nbsp;&nbsp;&nbsp; <a href=\"https:\/\/centcols.org\/backup\/util\/geo\/visuGen.php?code=DE-BW-0847b\" target=\"_blank\" rel=\"noopener\" title=\"\">DE-BW-0847b<\/a><\/p>\n\n\n\n<p class=\"has-medium-font-size\"><strong>Descriptif technique<\/strong><\/p>\n\n\n\n<p class=\"has-medium-font-size\">Ce parcours ne pr\u00e9sente pas de difficult\u00e9s, et a \u00e9t\u00e9 effectu\u00e9 avec un Gravel. L\u2019acc\u00e8s au col DE-BW-0609a n\u00e9cessite un petit poussage dans les herbes.<\/p>\n\n\n\n<p class=\"has-medium-font-size\">C\u2019est un parcours d\u2019environ 30 % de belles pistes roulantes et le reste sur routes asphalt\u00e9es<\/p>\n\n\n\n<p class=\"has-medium-font-size\"><strong>Lien openrunner, carte interactive, profil, trace gpx<\/strong> <a href=\"https:\/\/www.openrunner.com\/route-details\/16542046\" target=\"_blank\" rel=\"noopener\" title=\"\">https:\/\/www.openrunner.com\/route-details\/16542046<\/a><\/p>\n\n\n\n<p class=\"has-medium-font-size\"><strong>Mots cl\u00e9s<\/strong> : Foret Noire, Hornberg , centcols, Triberg, Gremmelsbach<\/p>\n\n\n\n<p class=\"has-medium-font-size\">Cet itin\u00e9raire est propos\u00e9 \u00e0 titre indicatif. L&#8217;auteur d\u00e9gage sa responsabilit\u00e9 et celle du Club des Cent Cols en vertu des impond\u00e9rables dus au cycliste lui-m\u00eame, au mat\u00e9riel utilis\u00e9 et tout ce qui concerne la route, ses abords et les autres utilisateurs de celle-ci.<\/p>\n\n\n\n<p class=\"has-medium-font-size\">Ici, une&nbsp;<a href=\"https:\/\/centcols.org\/backup\/liste-parcours-cent-cols-sur-or-2\/\" target=\"_blank\" rel=\"noreferrer noopener\">vue exhaustive des parcours membres<\/a>&nbsp;du Club des Cent Cols<\/p>\n\n\n\n<h2 class=\"kt-adv-heading73950_f733b4-b3 wp-block-kadence-advancedheading\" data-kb-block=\"kb-adv-heading73950_f733b4-b3\">Photos<\/h2>\n\n\n<div class=\"wp-block-image\">\n<figure class=\"aligncenter size-large\"><img loading=\"lazy\" decoding=\"async\" width=\"1000\" height=\"703\" src=\"https:\/\/centcols.org\/backup\/wp-content\/uploads\/2023\/05\/2OMWulbytZt4oV5qoDc6E5op72u-1.jpg\" alt=\"\" class=\"wp-image-73953\" srcset=\"https:\/\/centcols.org\/backup\/wp-content\/uploads\/2023\/05\/2OMWulbytZt4oV5qoDc6E5op72u-1.jpg 1000w, https:\/\/centcols.org\/backup\/wp-content\/uploads\/2023\/05\/2OMWulbytZt4oV5qoDc6E5op72u-1-500x352.jpg 500w, https:\/\/centcols.org\/backup\/wp-content\/uploads\/2023\/05\/2OMWulbytZt4oV5qoDc6E5op72u-1-768x540.jpg 768w, https:\/\/centcols.org\/backup\/wp-content\/uploads\/2023\/05\/2OMWulbytZt4oV5qoDc6E5op72u-1-600x422.jpg 600w\" sizes=\"(max-width: 1000px) 100vw, 1000px\" \/><figcaption class=\"wp-element-caption\"><strong>Untertal<\/strong><\/figcaption><\/figure><\/div>\n\n<div class=\"wp-block-image\">\n<figure class=\"aligncenter size-large\"><img loading=\"lazy\" decoding=\"async\" width=\"1000\" height=\"750\" src=\"https:\/\/centcols.org\/backup\/wp-content\/uploads\/2023\/05\/2OMWxYETIi678uP2yn1mKj7PBfS.jpg\" alt=\"\" class=\"wp-image-73924\" srcset=\"https:\/\/centcols.org\/backup\/wp-content\/uploads\/2023\/05\/2OMWxYETIi678uP2yn1mKj7PBfS.jpg 1000w, https:\/\/centcols.org\/backup\/wp-content\/uploads\/2023\/05\/2OMWxYETIi678uP2yn1mKj7PBfS-500x375.jpg 500w, https:\/\/centcols.org\/backup\/wp-content\/uploads\/2023\/05\/2OMWxYETIi678uP2yn1mKj7PBfS-768x576.jpg 768w, https:\/\/centcols.org\/backup\/wp-content\/uploads\/2023\/05\/2OMWxYETIi678uP2yn1mKj7PBfS-600x450.jpg 600w\" sizes=\"(max-width: 1000px) 100vw, 1000px\" \/><\/figure><\/div>\n\n\n<figure class=\"wp-block-image size-large\"><img loading=\"lazy\" decoding=\"async\" width=\"1000\" height=\"750\" src=\"https:\/\/centcols.org\/backup\/wp-content\/uploads\/2023\/05\/2OMWzOH9wxuBm2QBHHo1H2Gd4qH.jpg\" alt=\"\" class=\"wp-image-73930\" srcset=\"https:\/\/centcols.org\/backup\/wp-content\/uploads\/2023\/05\/2OMWzOH9wxuBm2QBHHo1H2Gd4qH.jpg 1000w, https:\/\/centcols.org\/backup\/wp-content\/uploads\/2023\/05\/2OMWzOH9wxuBm2QBHHo1H2Gd4qH-500x375.jpg 500w, https:\/\/centcols.org\/backup\/wp-content\/uploads\/2023\/05\/2OMWzOH9wxuBm2QBHHo1H2Gd4qH-768x576.jpg 768w, https:\/\/centcols.org\/backup\/wp-content\/uploads\/2023\/05\/2OMWzOH9wxuBm2QBHHo1H2Gd4qH-600x450.jpg 600w\" sizes=\"(max-width: 1000px) 100vw, 1000px\" \/><\/figure>\n\n\n<div class=\"wp-block-image\">\n<figure class=\"aligncenter size-large\"><img decoding=\"async\" src=\"https:\/\/centcols.org\/backup\/util\/geo\/visu\/DE\/img\/1097\/2701.jpg\" alt=\"\"\/><figcaption class=\"wp-element-caption\"><br><strong>Dieterlebauernhohe<\/strong><\/figcaption><\/figure><\/div>\n\n<div class=\"wp-block-image\">\n<figure class=\"aligncenter size-large\"><img decoding=\"async\" src=\"https:\/\/centcols.org\/backup\/util\/geo\/visu\/DE\/img\/1097\/4901.jpg\" alt=\"\"\/><figcaption class=\"wp-element-caption\"><strong>Benz Ebene<\/strong><\/figcaption><\/figure><\/div>","protected":false},"excerpt":{"rendered":"<p>Description de l&#8217;auteur Auteur : Jean-Luc Ceccato D\u00e9part :&nbsp;Petit parking \u00e0 gauche du carrefour entre la B33 et Untertal Parcours effectu\u00e9 le 27\/07\/2022 Descriptif touristique Gremmelsbach est situ\u00e9e au c\u0153ur de la For\u00eat Noire, non loin de Triberg, capitale de la fabrication des c\u00e9l\u00e8bres &#8220;coucous&#8221;. Dans ces vall\u00e9es horlog\u00e8res, il y a des horloges partout [&hellip;]<\/p>\n","protected":false},"author":397,"featured_media":0,"comment_status":"closed","ping_status":"closed","sticky":false,"template":"","format":"standard","meta":{"_acf_changed":false,"ub_ctt_via":"","_monsterinsights_skip_tracking":false,"_monsterinsights_sitenote_active":false,"_monsterinsights_sitenote_note":"","_monsterinsights_sitenote_category":0,"footnotes":""},"categories":[601,600],"tags":[],"acf":[],"featured_image_urls":{"full":"","thumbnail":"","medium":"","medium_large":"","large":"","1536x1536":"","2048x2048":"","woocommerce_thumbnail":"","woocommerce_single":"","woocommerce_gallery_thumbnail":""},"post_excerpt_stackable":"<p>Description de l&#8217;auteur Auteur : Jean-Luc Ceccato D\u00e9part :&nbsp;Petit parking \u00e0 gauche du carrefour entre la B33 et Untertal Parcours effectu\u00e9 le 27\/07\/2022 Descriptif touristique Gremmelsbach est situ\u00e9e au c\u0153ur de la For\u00eat Noire, non loin de Triberg, capitale de la fabrication des c\u00e9l\u00e8bres &#8220;coucous&#8221;. Dans ces vall\u00e9es horlog\u00e8res, il y a des horloges partout ! 12 cols 1 &#8211; Dieterlebauernhohe &nbsp;&nbsp;&nbsp;&nbsp;&nbsp;&nbsp;&nbsp;&nbsp;&nbsp;&nbsp;&nbsp;&nbsp;&nbsp;&nbsp;&nbsp; DE-BW-08502 &#8211; Storeck&nbsp;&nbsp;&nbsp;&nbsp;&nbsp;&nbsp;&nbsp;&nbsp;&nbsp;&nbsp;&nbsp;&nbsp;&nbsp;&nbsp;&nbsp;&nbsp;&nbsp;&nbsp;&nbsp;&nbsp;&nbsp;&nbsp;&nbsp;&nbsp;&nbsp;&nbsp;&nbsp;&nbsp;&nbsp;&nbsp;&nbsp;&nbsp;&nbsp;&nbsp;&nbsp;&nbsp;&nbsp;&nbsp;&nbsp;&nbsp; DE-BW-0859a3 &#8211; Immelsbacher Hohe &nbsp;&nbsp;&nbsp;&nbsp;&nbsp;&nbsp;&nbsp;&nbsp;&nbsp;&nbsp;&nbsp;&nbsp;&nbsp;&nbsp;&nbsp; DE-BW-06544 &#8211; Windeck &nbsp;&nbsp;&nbsp;&nbsp;&nbsp;&nbsp;&nbsp;&nbsp;&nbsp;&nbsp;&nbsp;&nbsp;&nbsp;&nbsp;&nbsp;&nbsp;&nbsp;&nbsp;&nbsp;&nbsp;&nbsp;&nbsp;&nbsp;&nbsp;&nbsp;&nbsp;&nbsp;&nbsp;&nbsp;&nbsp;&nbsp;&nbsp;&nbsp;&nbsp;&nbsp;&nbsp;&nbsp; DE-BW-06995 &#8211; Haseneckle&nbsp;&nbsp;&nbsp;&nbsp;&nbsp;&nbsp;&nbsp;&nbsp;&nbsp;&nbsp;&nbsp;&nbsp;&nbsp;&nbsp;&nbsp;&nbsp;&nbsp;&nbsp;&nbsp;&nbsp;&nbsp;&nbsp;&nbsp;&nbsp;&nbsp;&nbsp;&nbsp;&nbsp;&nbsp;&nbsp;&nbsp;&nbsp; DE-BW-0609a6 &#8211; Benz Ebene &nbsp;&nbsp;&nbsp;&nbsp;&nbsp;&nbsp;&nbsp;&nbsp;&nbsp;&nbsp;&nbsp;&nbsp;&nbsp;&nbsp;&nbsp;&nbsp;&nbsp;&nbsp;&nbsp;&nbsp;&nbsp;&nbsp;&nbsp;&nbsp;&nbsp;&nbsp;&nbsp;&nbsp;&nbsp;&nbsp;&nbsp; DE-BW-0891a7 &#8211; Gersbacher Ecke &nbsp;&nbsp;&nbsp;&nbsp;&nbsp;&nbsp;&nbsp;&nbsp;&nbsp;&nbsp;&nbsp;&nbsp;&nbsp;&nbsp;&nbsp;&nbsp;&nbsp;&nbsp;&nbsp;&nbsp;&nbsp; DE-BW-08768 &#8211; Auf der Ecke &nbsp;&nbsp;&nbsp;&nbsp;&nbsp;&nbsp;&nbsp;&nbsp;&nbsp;&nbsp;&nbsp;&nbsp;&nbsp;&nbsp;&nbsp;&nbsp;&nbsp;&nbsp;&nbsp;&nbsp;&nbsp;&nbsp;&nbsp;&nbsp;&nbsp;&nbsp;&nbsp;&nbsp;&nbsp; DE-BW-08289 &#8211; Kornelishohe &nbsp;&nbsp;&nbsp;&nbsp;&nbsp;&nbsp;&nbsp;&nbsp;&nbsp;&nbsp;&nbsp;&nbsp;&nbsp;&nbsp;&nbsp;&nbsp;&nbsp;&nbsp;&nbsp;&nbsp;&nbsp;&nbsp;&nbsp;&nbsp;&nbsp;&nbsp;&nbsp;&nbsp; DE-BW-0822b10 &#8211; Tischneck\u2026<\/p>\n","category_list":"<a href=\"https:\/\/centcols.org\/backup\/categorie\/parcours-des-membres\/parcours-allemagne\/\" rel=\"category tag\">Parcours Allemagne<\/a>, <a href=\"https:\/\/centcols.org\/backup\/categorie\/parcours-des-membres\/\" rel=\"category tag\">Parcours des membres<\/a>","author_info":{"display_name":"Denis Chouquet-Stringer","author_link":"https:\/\/centcols.org\/backup\/author\/6183\/"},"comments_num":"0 commentaire","featured_image_urls_v2":{"full":"","thumbnail":"","medium":"","medium_large":"","large":"","1536x1536":"","2048x2048":"","woocommerce_thumbnail":"","woocommerce_single":"","woocommerce_gallery_thumbnail":""},"post_excerpt_stackable_v2":"<p>Description de l&#8217;auteur Auteur : Jean-Luc Ceccato D\u00e9part :&nbsp;Petit parking \u00e0 gauche du carrefour entre la B33 et Untertal Parcours effectu\u00e9 le 27\/07\/2022 Descriptif touristique Gremmelsbach est situ\u00e9e au c\u0153ur de la For\u00eat Noire, non loin de Triberg, capitale de la fabrication des c\u00e9l\u00e8bres &#8220;coucous&#8221;. Dans ces vall\u00e9es horlog\u00e8res, il y a des horloges partout ! 12 cols 1 &#8211; Dieterlebauernhohe &nbsp;&nbsp;&nbsp;&nbsp;&nbsp;&nbsp;&nbsp;&nbsp;&nbsp;&nbsp;&nbsp;&nbsp;&nbsp;&nbsp;&nbsp; DE-BW-08502 &#8211; Storeck&nbsp;&nbsp;&nbsp;&nbsp;&nbsp;&nbsp;&nbsp;&nbsp;&nbsp;&nbsp;&nbsp;&nbsp;&nbsp;&nbsp;&nbsp;&nbsp;&nbsp;&nbsp;&nbsp;&nbsp;&nbsp;&nbsp;&nbsp;&nbsp;&nbsp;&nbsp;&nbsp;&nbsp;&nbsp;&nbsp;&nbsp;&nbsp;&nbsp;&nbsp;&nbsp;&nbsp;&nbsp;&nbsp;&nbsp;&nbsp; DE-BW-0859a3 &#8211; Immelsbacher Hohe &nbsp;&nbsp;&nbsp;&nbsp;&nbsp;&nbsp;&nbsp;&nbsp;&nbsp;&nbsp;&nbsp;&nbsp;&nbsp;&nbsp;&nbsp; DE-BW-06544 &#8211; Windeck &nbsp;&nbsp;&nbsp;&nbsp;&nbsp;&nbsp;&nbsp;&nbsp;&nbsp;&nbsp;&nbsp;&nbsp;&nbsp;&nbsp;&nbsp;&nbsp;&nbsp;&nbsp;&nbsp;&nbsp;&nbsp;&nbsp;&nbsp;&nbsp;&nbsp;&nbsp;&nbsp;&nbsp;&nbsp;&nbsp;&nbsp;&nbsp;&nbsp;&nbsp;&nbsp;&nbsp;&nbsp; DE-BW-06995 &#8211; Haseneckle&nbsp;&nbsp;&nbsp;&nbsp;&nbsp;&nbsp;&nbsp;&nbsp;&nbsp;&nbsp;&nbsp;&nbsp;&nbsp;&nbsp;&nbsp;&nbsp;&nbsp;&nbsp;&nbsp;&nbsp;&nbsp;&nbsp;&nbsp;&nbsp;&nbsp;&nbsp;&nbsp;&nbsp;&nbsp;&nbsp;&nbsp;&nbsp; DE-BW-0609a6 &#8211; Benz Ebene &nbsp;&nbsp;&nbsp;&nbsp;&nbsp;&nbsp;&nbsp;&nbsp;&nbsp;&nbsp;&nbsp;&nbsp;&nbsp;&nbsp;&nbsp;&nbsp;&nbsp;&nbsp;&nbsp;&nbsp;&nbsp;&nbsp;&nbsp;&nbsp;&nbsp;&nbsp;&nbsp;&nbsp;&nbsp;&nbsp;&nbsp; DE-BW-0891a7 &#8211; Gersbacher Ecke &nbsp;&nbsp;&nbsp;&nbsp;&nbsp;&nbsp;&nbsp;&nbsp;&nbsp;&nbsp;&nbsp;&nbsp;&nbsp;&nbsp;&nbsp;&nbsp;&nbsp;&nbsp;&nbsp;&nbsp;&nbsp; DE-BW-08768 &#8211; Auf der Ecke &nbsp;&nbsp;&nbsp;&nbsp;&nbsp;&nbsp;&nbsp;&nbsp;&nbsp;&nbsp;&nbsp;&nbsp;&nbsp;&nbsp;&nbsp;&nbsp;&nbsp;&nbsp;&nbsp;&nbsp;&nbsp;&nbsp;&nbsp;&nbsp;&nbsp;&nbsp;&nbsp;&nbsp;&nbsp; DE-BW-08289 &#8211; Kornelishohe &nbsp;&nbsp;&nbsp;&nbsp;&nbsp;&nbsp;&nbsp;&nbsp;&nbsp;&nbsp;&nbsp;&nbsp;&nbsp;&nbsp;&nbsp;&nbsp;&nbsp;&nbsp;&nbsp;&nbsp;&nbsp;&nbsp;&nbsp;&nbsp;&nbsp;&nbsp;&nbsp;&nbsp; DE-BW-0822b10 &#8211; Tischneck\u2026<\/p>\n","category_list_v2":"<a href=\"https:\/\/centcols.org\/backup\/categorie\/parcours-des-membres\/parcours-allemagne\/\" rel=\"category tag\">Parcours Allemagne<\/a>, <a href=\"https:\/\/centcols.org\/backup\/categorie\/parcours-des-membres\/\" rel=\"category tag\">Parcours des membres<\/a>","author_info_v2":{"name":"Denis Chouquet-Stringer","url":"https:\/\/centcols.org\/backup\/author\/6183\/"},"comments_num_v2":"0 commentaire","featured_image_src":null,"_links":{"self":[{"href":"https:\/\/centcols.org\/backup\/wp-json\/wp\/v2\/posts\/73950"}],"collection":[{"href":"https:\/\/centcols.org\/backup\/wp-json\/wp\/v2\/posts"}],"about":[{"href":"https:\/\/centcols.org\/backup\/wp-json\/wp\/v2\/types\/post"}],"author":[{"embeddable":true,"href":"https:\/\/centcols.org\/backup\/wp-json\/wp\/v2\/users\/397"}],"replies":[{"embeddable":true,"href":"https:\/\/centcols.org\/backup\/wp-json\/wp\/v2\/comments?post=73950"}],"version-history":[{"count":0,"href":"https:\/\/centcols.org\/backup\/wp-json\/wp\/v2\/posts\/73950\/revisions"}],"wp:attachment":[{"href":"https:\/\/centcols.org\/backup\/wp-json\/wp\/v2\/media?parent=73950"}],"wp:term":[{"taxonomy":"category","embeddable":true,"href":"https:\/\/centcols.org\/backup\/wp-json\/wp\/v2\/categories?post=73950"},{"taxonomy":"post_tag","embeddable":true,"href":"https:\/\/centcols.org\/backup\/wp-json\/wp\/v2\/tags?post=73950"}],"curies":[{"name":"wp","href":"https:\/\/api.w.org\/{rel}","templated":true}]}}