{"id":73992,"date":"2023-08-18T14:52:07","date_gmt":"2023-08-18T12:52:07","guid":{"rendered":"https:\/\/centcols.org\/backup\/?page_id=73992"},"modified":"2023-11-17T20:40:11","modified_gmt":"2023-11-17T19:40:11","slug":"de-bw-gernsbach-nord-foret-noire","status":"publish","type":"post","link":"https:\/\/centcols.org\/backup\/de-bw-gernsbach-nord-foret-noire\/","title":{"rendered":"DE-BW For\u00eat Noire Gernsbach Nord &#8211; Gravel 58 km, D+ 1830 m, 6 cols"},"content":{"rendered":"<div class=\"wp-block-image\">\n<figure class=\"aligncenter size-large is-resized\"><img loading=\"lazy\" decoding=\"async\" width=\"1125\" height=\"671\" src=\"https:\/\/centcols.org\/backup\/wp-content\/uploads\/2023\/05\/Capture-decran-2023-05-29-142834.jpg\" alt=\"\" class=\"wp-image-74000\" style=\"width:1112px;height:663px\" srcset=\"https:\/\/centcols.org\/backup\/wp-content\/uploads\/2023\/05\/Capture-decran-2023-05-29-142834.jpg 1125w, https:\/\/centcols.org\/backup\/wp-content\/uploads\/2023\/05\/Capture-decran-2023-05-29-142834-500x298.jpg 500w, https:\/\/centcols.org\/backup\/wp-content\/uploads\/2023\/05\/Capture-decran-2023-05-29-142834-768x458.jpg 768w, https:\/\/centcols.org\/backup\/wp-content\/uploads\/2023\/05\/Capture-decran-2023-05-29-142834-600x358.jpg 600w\" sizes=\"(max-width: 1125px) 100vw, 1125px\" \/><\/figure><\/div>\n\n\n<figure class=\"wp-block-image size-large\"><img loading=\"lazy\" decoding=\"async\" width=\"1200\" height=\"320\" src=\"https:\/\/centcols.org\/backup\/wp-content\/uploads\/2023\/05\/DE-BW-Foret-Noire-Gernsbach-nord-1200x320.jpeg\" alt=\"\" class=\"wp-image-74006\" srcset=\"https:\/\/centcols.org\/backup\/wp-content\/uploads\/2023\/05\/DE-BW-Foret-Noire-Gernsbach-nord-1200x320.jpeg 1200w, https:\/\/centcols.org\/backup\/wp-content\/uploads\/2023\/05\/DE-BW-Foret-Noire-Gernsbach-nord-500x133.jpeg 500w, https:\/\/centcols.org\/backup\/wp-content\/uploads\/2023\/05\/DE-BW-Foret-Noire-Gernsbach-nord-768x205.jpeg 768w, https:\/\/centcols.org\/backup\/wp-content\/uploads\/2023\/05\/DE-BW-Foret-Noire-Gernsbach-nord-1536x410.jpeg 1536w, https:\/\/centcols.org\/backup\/wp-content\/uploads\/2023\/05\/DE-BW-Foret-Noire-Gernsbach-nord-2048x546.jpeg 2048w, https:\/\/centcols.org\/backup\/wp-content\/uploads\/2023\/05\/DE-BW-Foret-Noire-Gernsbach-nord-600x160.jpeg 600w\" sizes=\"(max-width: 1200px) 100vw, 1200px\" \/><\/figure>\n\n\n\n<h2 class=\"wp-block-heading\">Description de l&#8217;auteur<\/h2>\n\n\n\n<p class=\"has-medium-font-size\"><span style=\"font-size: 20px; font-family: arial, helvetica, sans-serif;\"><strong>Auteur <\/strong>: Jean-Luc Ceccato<\/span><\/p>\n\n\n\n<p class=\"has-medium-font-size\"><span style=\"font-family: arial, helvetica, sans-serif;\"><span style=\"font-size: 20px;\"><strong>D\u00e9part <\/strong>: <\/span><\/span>Gernsbach au carrefour de la Waldbachstrasse et Schlosstrasse, pr\u00e8s du pont sur la Murg. Alt : 170 m<\/p>\n\n\n\n<p class=\"has-medium-font-size\"><strong>Parcours <\/strong>effectu\u00e9 en 2021<\/p>\n\n\n\n<p class=\"has-medium-font-size\"><strong>Descriptif touristique<\/strong><\/p>\n\n\n\n<p class=\"has-medium-font-size\">Ce parcours se trouve dans le Parc Naturel de la For\u00eat Noire, partie nord. C&#8217;est une garantie de nature pr\u00e9serv\u00e9e des espaces prot\u00e9g\u00e9s.. L&#8217;architecture des maisons anciennes et traditionnelles est absolument \u00e0 d\u00e9couvrir. Quelques villages typiques et fleuris sont travers\u00e9s.<\/p>\n\n\n\n<p class=\"has-medium-font-size\"><strong>6 cols<\/strong><\/p>\n\n\n\n<p class=\"has-medium-font-size\">1 &#8211; Wolfschlucht &nbsp;&nbsp;&nbsp;&nbsp;&nbsp;&nbsp;   <a href=\"https:\/\/centcols.org\/backup\/util\/geo\/visu.php?code=DE-BW-0381a\" target=\"_blank\" rel=\"noopener\" title=\"\">DE-BW-0381a<\/a><br>2 &#8211; Selbacher Hohe &nbsp;   <a href=\"https:\/\/centcols.org\/backup\/util\/geo\/visu.php?code=DE-BW-0221\" target=\"_blank\" rel=\"noopener\" title=\"\">DE-BW-0221<\/a><br>3 &#8211; Haubensattel &nbsp;&nbsp;&nbsp;&nbsp;&nbsp;   <a href=\"https:\/\/centcols.org\/backup\/util\/geo\/visu.php?code=DE-BW-0385a\" target=\"_blank\" rel=\"noopener\" title=\"\">DE-BW-0385a<\/a><br>4 &#8211; Monchkopfsattel <a href=\"https:\/\/centcols.org\/backup\/util\/geo\/visu.php?code=DE-BW-0526\" target=\"_blank\" rel=\"noopener\" title=\"\">  DE-BW-0526<\/a><br>5 &#8211; Dreieck &nbsp;&nbsp;&nbsp;&nbsp;&nbsp;&nbsp;&nbsp;&nbsp;&nbsp;&nbsp;&nbsp;&nbsp;&nbsp;&nbsp;&nbsp;&nbsp;&nbsp;  <a href=\"https:\/\/centcols.org\/backup\/util\/geo\/visu.php?code=DE-BW-0469\" target=\"_blank\" rel=\"noopener\" title=\"\">DE-BW 0469<\/a><br>6 &#8211; Hohe &nbsp;&nbsp;&nbsp;&nbsp;&nbsp;&nbsp;&nbsp;&nbsp;&nbsp;&nbsp;&nbsp;&nbsp;&nbsp;&nbsp;&nbsp;&nbsp;&nbsp;&nbsp;&nbsp;&nbsp;&nbsp;&nbsp; <a href=\"https:\/\/centcols.org\/backup\/util\/geo\/visu.php?code=DE-BW-0352\" target=\"_blank\" rel=\"noopener\" title=\"\">DE-BW-0352<\/a><br>6 &#8211; Schwarzmissattel&nbsp; <a href=\"https:\/\/centcols.org\/backup\/util\/geo\/visu.php?code=DE-BW-0934\" target=\"_blank\" rel=\"noopener\" title=\"\">DE-BW-0934<\/a><\/p>\n\n\n\n<p class=\"has-medium-font-size\"><strong>Descriptif technique<\/strong><\/p>\n\n\n\n<p class=\"has-medium-font-size\">Attention, ce circuit et un autre circuit (<a href=\"https:\/\/centcols.org\/backup\/de-bw-gernsbach-sud\/\" target=\"_blank\" rel=\"noopener\" title=\"\">DE-BW Gernsbach Sud<\/a>) sont des parties d&#8217;un autre parcours nomm\u00e9 <a href=\"https:\/\/centcols.org\/backup\/de-bw-gaggenau\/\" target=\"_blank\" rel=\"noopener\" title=\"\">DE-BW- Gaggenau<\/a><\/p>\n\n\n\n<p class=\"has-medium-font-size\">Ce parcours ne pr\u00e9sente pas de difficult\u00e9, mais avec du d\u00e9nivel\u00e9 et a \u00e9t\u00e9 effectu\u00e9 avec un Gravel sans aucun souci.<\/p>\n\n\n\n<p class=\"has-medium-font-size\">C\u2019est un parcours d\u2019environ 80% sur routes asphalt\u00e9es et le reste sur de belles pistes.<\/p>\n\n\n\n<p class=\"has-medium-font-size\"><strong>Lien openrunner, carte interactive, profil, trace gpx<\/strong> <a href=\"https:\/\/www.openrunner.com\/route-details\/16500344\" target=\"_blank\" rel=\"noopener\" title=\"\">https:\/\/www.openrunner.com\/route-details\/16500344<\/a><\/p>\n\n\n\n<p class=\"has-medium-font-size\"><strong>Mots cl\u00e9s<\/strong> : Foret Noire, Gernsbach, centcols,<\/p>\n\n\n\n<p class=\"has-medium-font-size\">Cet itin\u00e9raire est propos\u00e9 \u00e0 titre indicatif. L&#8217;auteur d\u00e9gage sa responsabilit\u00e9 et celle du Club des Cent Cols en vertu des impond\u00e9rables dus au cycliste lui-m\u00eame, au mat\u00e9riel utilis\u00e9 et tout ce qui concerne la route, ses abords et les autres utilisateurs de celle-ci.<\/p>\n\n\n\n<p class=\"has-medium-font-size\">Ici, une&nbsp;<a href=\"https:\/\/centcols.org\/backup\/liste-parcours-cent-cols-sur-or-2\/\" target=\"_blank\" rel=\"noreferrer noopener\">vue exhaustive des parcours membres<\/a>&nbsp;du Club des Cent Cols<\/p>\n\n\n\n<h2 class=\"kt-adv-heading73992_930bd0-e2 wp-block-kadence-advancedheading\" data-kb-block=\"kb-adv-heading73992_930bd0-e2\">Photos<\/h2>\n\n\n<div class=\"wp-block-image\">\n<figure class=\"aligncenter size-large is-resized\"><img loading=\"lazy\" decoding=\"async\" width=\"548\" height=\"318\" src=\"https:\/\/centcols.org\/backup\/wp-content\/uploads\/2023\/05\/2O5ubZzObwKO5scH68DRuRwik7F.jpg\" alt=\"\" class=\"wp-image-74012\" style=\"width:946px;height:549px\" srcset=\"https:\/\/centcols.org\/backup\/wp-content\/uploads\/2023\/05\/2O5ubZzObwKO5scH68DRuRwik7F.jpg 548w, https:\/\/centcols.org\/backup\/wp-content\/uploads\/2023\/05\/2O5ubZzObwKO5scH68DRuRwik7F-500x290.jpg 500w\" sizes=\"(max-width: 548px) 100vw, 548px\" \/><\/figure><\/div>\n\n<div class=\"wp-block-image\">\n<figure class=\"aligncenter size-large is-resized\"><img loading=\"lazy\" decoding=\"async\" width=\"548\" height=\"318\" src=\"https:\/\/centcols.org\/backup\/wp-content\/uploads\/2023\/05\/2O5uf0napkjbwx3LvtNdtehgdci.jpg\" alt=\"\" class=\"wp-image-73994\" style=\"width:942px;height:547px\" srcset=\"https:\/\/centcols.org\/backup\/wp-content\/uploads\/2023\/05\/2O5uf0napkjbwx3LvtNdtehgdci.jpg 548w, https:\/\/centcols.org\/backup\/wp-content\/uploads\/2023\/05\/2O5uf0napkjbwx3LvtNdtehgdci-500x290.jpg 500w\" sizes=\"(max-width: 548px) 100vw, 548px\" \/><\/figure><\/div>\n\n\n<figure class=\"wp-block-image size-large\"><img decoding=\"async\" src=\"https:\/\/centcols.org\/backup\/util\/geo\/visu\/DE\/img\/1093\/3001.jpg\" alt=\"\"\/><figcaption class=\"wp-element-caption\"><strong>Selbacher H\u00f6he<\/strong><\/figcaption><\/figure>\n\n\n<div class=\"wp-block-image\">\n<figure class=\"aligncenter size-large\"><img decoding=\"async\" src=\"https:\/\/centcols.org\/backup\/util\/geo\/visu\/DE\/img\/1094\/7501.jpg\" alt=\"\"\/><figcaption class=\"wp-element-caption\"><strong>M\u00f6nchkopfsattel<\/strong><\/figcaption><\/figure><\/div>","protected":false},"excerpt":{"rendered":"<p>Description de l&#8217;auteur Auteur : Jean-Luc Ceccato D\u00e9part : Gernsbach au carrefour de la Waldbachstrasse et Schlosstrasse, pr\u00e8s du pont sur la Murg. Alt : 170 m Parcours effectu\u00e9 en 2021 Descriptif touristique Ce parcours se trouve dans le Parc Naturel de la For\u00eat Noire, partie nord. C&#8217;est une garantie de nature pr\u00e9serv\u00e9e des espaces [&hellip;]<\/p>\n","protected":false},"author":397,"featured_media":0,"comment_status":"closed","ping_status":"closed","sticky":false,"template":"","format":"standard","meta":{"_acf_changed":false,"ub_ctt_via":"","_monsterinsights_skip_tracking":false,"_monsterinsights_sitenote_active":false,"_monsterinsights_sitenote_note":"","_monsterinsights_sitenote_category":0,"footnotes":""},"categories":[601,600],"tags":[],"acf":[],"featured_image_urls":{"full":"","thumbnail":"","medium":"","medium_large":"","large":"","1536x1536":"","2048x2048":"","woocommerce_thumbnail":"","woocommerce_single":"","woocommerce_gallery_thumbnail":""},"post_excerpt_stackable":"<p>Description de l&#8217;auteur Auteur : Jean-Luc Ceccato D\u00e9part : Gernsbach au carrefour de la Waldbachstrasse et Schlosstrasse, pr\u00e8s du pont sur la Murg. Alt : 170 m Parcours effectu\u00e9 en 2021 Descriptif touristique Ce parcours se trouve dans le Parc Naturel de la For\u00eat Noire, partie nord. C&#8217;est une garantie de nature pr\u00e9serv\u00e9e des espaces prot\u00e9g\u00e9s.. L&#8217;architecture des maisons anciennes et traditionnelles est absolument \u00e0 d\u00e9couvrir. Quelques villages typiques et fleuris sont travers\u00e9s. 6 cols 1 &#8211; Wolfschlucht &nbsp;&nbsp;&nbsp;&nbsp;&nbsp;&nbsp; DE-BW-0381a2 &#8211; Selbacher Hohe &nbsp; DE-BW-02213 &#8211; Haubensattel &nbsp;&nbsp;&nbsp;&nbsp;&nbsp; DE-BW-0385a4 &#8211; Monchkopfsattel DE-BW-05265 &#8211; Dreieck &nbsp;&nbsp;&nbsp;&nbsp;&nbsp;&nbsp;&nbsp;&nbsp;&nbsp;&nbsp;&nbsp;&nbsp;&nbsp;&nbsp;&nbsp;&nbsp;&nbsp; DE-BW 04696 &#8211; Hohe &nbsp;&nbsp;&nbsp;&nbsp;&nbsp;&nbsp;&nbsp;&nbsp;&nbsp;&nbsp;&nbsp;&nbsp;&nbsp;&nbsp;&nbsp;&nbsp;&nbsp;&nbsp;&nbsp;&nbsp;&nbsp;&nbsp;\u2026<\/p>\n","category_list":"<a href=\"https:\/\/centcols.org\/backup\/categorie\/parcours-des-membres\/parcours-allemagne\/\" rel=\"category tag\">Parcours Allemagne<\/a>, <a href=\"https:\/\/centcols.org\/backup\/categorie\/parcours-des-membres\/\" rel=\"category tag\">Parcours des membres<\/a>","author_info":{"display_name":"Denis Chouquet-Stringer","author_link":"https:\/\/centcols.org\/backup\/author\/6183\/"},"comments_num":"0 commentaire","featured_image_urls_v2":{"full":"","thumbnail":"","medium":"","medium_large":"","large":"","1536x1536":"","2048x2048":"","woocommerce_thumbnail":"","woocommerce_single":"","woocommerce_gallery_thumbnail":""},"post_excerpt_stackable_v2":"<p>Description de l&#8217;auteur Auteur : Jean-Luc Ceccato D\u00e9part : Gernsbach au carrefour de la Waldbachstrasse et Schlosstrasse, pr\u00e8s du pont sur la Murg. Alt : 170 m Parcours effectu\u00e9 en 2021 Descriptif touristique Ce parcours se trouve dans le Parc Naturel de la For\u00eat Noire, partie nord. C&#8217;est une garantie de nature pr\u00e9serv\u00e9e des espaces prot\u00e9g\u00e9s.. L&#8217;architecture des maisons anciennes et traditionnelles est absolument \u00e0 d\u00e9couvrir. Quelques villages typiques et fleuris sont travers\u00e9s. 6 cols 1 &#8211; Wolfschlucht &nbsp;&nbsp;&nbsp;&nbsp;&nbsp;&nbsp; DE-BW-0381a2 &#8211; Selbacher Hohe &nbsp; DE-BW-02213 &#8211; Haubensattel &nbsp;&nbsp;&nbsp;&nbsp;&nbsp; DE-BW-0385a4 &#8211; Monchkopfsattel DE-BW-05265 &#8211; Dreieck &nbsp;&nbsp;&nbsp;&nbsp;&nbsp;&nbsp;&nbsp;&nbsp;&nbsp;&nbsp;&nbsp;&nbsp;&nbsp;&nbsp;&nbsp;&nbsp;&nbsp; DE-BW 04696 &#8211; Hohe &nbsp;&nbsp;&nbsp;&nbsp;&nbsp;&nbsp;&nbsp;&nbsp;&nbsp;&nbsp;&nbsp;&nbsp;&nbsp;&nbsp;&nbsp;&nbsp;&nbsp;&nbsp;&nbsp;&nbsp;&nbsp;&nbsp;\u2026<\/p>\n","category_list_v2":"<a href=\"https:\/\/centcols.org\/backup\/categorie\/parcours-des-membres\/parcours-allemagne\/\" rel=\"category tag\">Parcours Allemagne<\/a>, <a href=\"https:\/\/centcols.org\/backup\/categorie\/parcours-des-membres\/\" rel=\"category tag\">Parcours des membres<\/a>","author_info_v2":{"name":"Denis Chouquet-Stringer","url":"https:\/\/centcols.org\/backup\/author\/6183\/"},"comments_num_v2":"0 commentaire","featured_image_src":null,"_links":{"self":[{"href":"https:\/\/centcols.org\/backup\/wp-json\/wp\/v2\/posts\/73992"}],"collection":[{"href":"https:\/\/centcols.org\/backup\/wp-json\/wp\/v2\/posts"}],"about":[{"href":"https:\/\/centcols.org\/backup\/wp-json\/wp\/v2\/types\/post"}],"author":[{"embeddable":true,"href":"https:\/\/centcols.org\/backup\/wp-json\/wp\/v2\/users\/397"}],"replies":[{"embeddable":true,"href":"https:\/\/centcols.org\/backup\/wp-json\/wp\/v2\/comments?post=73992"}],"version-history":[{"count":0,"href":"https:\/\/centcols.org\/backup\/wp-json\/wp\/v2\/posts\/73992\/revisions"}],"wp:attachment":[{"href":"https:\/\/centcols.org\/backup\/wp-json\/wp\/v2\/media?parent=73992"}],"wp:term":[{"taxonomy":"category","embeddable":true,"href":"https:\/\/centcols.org\/backup\/wp-json\/wp\/v2\/categories?post=73992"},{"taxonomy":"post_tag","embeddable":true,"href":"https:\/\/centcols.org\/backup\/wp-json\/wp\/v2\/tags?post=73992"}],"curies":[{"name":"wp","href":"https:\/\/api.w.org\/{rel}","templated":true}]}}